{"id":4185,"date":"2023-03-10T15:18:21","date_gmt":"2023-03-10T15:18:21","guid":{"rendered":"https:\/\/cauceecologico.org\/?p=4185"},"modified":"2023-03-10T15:26:38","modified_gmt":"2023-03-10T15:26:38","slug":"documento-sobre-contaminacion-del-rio-parana","status":"publish","type":"post","link":"https:\/\/cauceecologico.org\/?p=4185","title":{"rendered":"Documento sobre contaminaci\u00f3n del r\u00edo Paran\u00e1"},"content":{"rendered":"<p>En el marco de los\u00a0<strong>Encuentros de Territorialidad<\/strong> del programa Humedales Sin Fronteras, organizaciones, activistas e investigadores trabajamos en un <span style=\"color: #3366ff;\"><a style=\"color: #3366ff;\" href=\"https:\/\/cauceecologico.org\/wp-content\/uploads\/2023\/01\/que-pasa-con-el-rio.pdf\">documento<\/a><\/span> sobre la contaminaci\u00f3n como amenaza a la libertad de los r\u00edos y nos propusimos visibilizar algunas problem\u00e1ticas que profundizan la crisis del Paran\u00e1, como la hidrov\u00eda Paraguay-Paran\u00e1, los incendios de humedales, los residuos s\u00f3lidos urbanos y la invasi\u00f3n de especies.<\/p>\n<p>Este material cuenta con acciones realizadas de la sociedad civil para avanzar en la protecci\u00f3n del r\u00edo y las solicitudes de acceso a la informaci\u00f3n presentadas sobre efluentes industriales, efluentes urbanos y micropl\u00e1sticos presentes en las aguas tanto a los gobiernos de la provincia de Santa Fe y Entre R\u00edos como a las municipalidades de las ciudades de Rosario y Paran\u00e1.<\/p>\n<p>Este informe contin\u00faa el trabajo colectivo iniciado el a\u00f1o pasado en el que se abord\u00f3 la <span style=\"color: #3366ff;\"><a style=\"color: #3366ff;\" href=\"https:\/\/cauceecologico.org\/?p=3750\">bajante extraordinaria del r\u00edo y la depredaci\u00f3n de peces<\/a> <\/span>y se proponer ser una herramienta para la transformaci\u00f3n en la gobernanza de los territorios, con participaci\u00f3n de las comunidades que los habitan y protegen.<\/p>\n<p>Ver conversatorio relacionado:<\/p>\n<p><iframe loading=\"lazy\" title=\"YouTube video player\" src=\"https:\/\/www.youtube.com\/embed\/qbO_Btp8Ylc\" width=\"560\" height=\"315\" frameborder=\"0\" allowfullscreen=\"allowfullscreen\"><\/iframe><\/p>\n<p>&nbsp;<\/p>\n<p><a href=\"https:\/\/cauceecologico.org\/wp-content\/uploads\/2023\/01\/que-pasa-con-el-rio.pdf\"><img loading=\"lazy\" decoding=\"async\" class=\"alignnone wp-image-4204\" src=\"http:\/\/cauceecologico.org\/wp-content\/uploads\/2023\/03\/que-pasa-con-el-rio-1-1_page-0001.jpg\" alt=\"\" width=\"500\" height=\"707\" \/><\/a><\/p>\n","protected":false},"excerpt":{"rendered":"<p>En el marco de los\u00a0Encuentros de Territorialidad del programa Humedales Sin Fronteras, organizaciones, activistas e investigadores trabajamos en un documento sobre la contaminaci\u00f3n como amenaza a la libertad de los r\u00edos y nos propusimos visibilizar algunas problem\u00e1ticas que profundizan la crisis del Paran\u00e1, como la hidrov\u00eda Paraguay-Paran\u00e1, los incendios de humedales, los residuos s\u00f3lidos urbanos [&hellip;]<\/p>\n","protected":false},"author":2,"featured_media":4083,"comment_status":"open","ping_status":"open","sticky":false,"template":"","format":"standard","meta":{"om_disable_all_campaigns":false,"_monsterinsights_skip_tracking":false,"amp_status":"","footnotes":""},"categories":[3,5,112],"tags":[],"class_list":["post-4185","post","type-post","status-publish","format-standard","has-post-thumbnail","hentry","category-documentos","category-noticias","category-rios-libres"],"aioseo_notices":[],"aioseo_head":"\n\t\t<!-- All in One SEO 4.9.10 - aioseo.com -->\n\t<meta name=\"description\" content=\"En el marco de los Encuentros de Territorialidad del programa Humedales Sin Fronteras, organizaciones, activistas e investigadores trabajamos en un documento sobre la contaminaci\u00f3n como amenaza a la libertad de los r\u00edos y nos propusimos visibilizar algunas problem\u00e1ticas que profundizan la crisis del Paran\u00e1, como la hidrov\u00eda Paraguay-Paran\u00e1, los incendios de humedales, los residuos s\u00f3lidos urbanos\" \/>\n\t<meta name=\"robots\" content=\"max-image-preview:large\" \/>\n\t<meta name=\"author\" content=\"Ana Lucia Vergara\"\/>\n\t<link rel=\"canonical\" href=\"https:\/\/cauceecologico.org\/?p=4185\" \/>\n\t<meta name=\"generator\" content=\"All in One SEO (AIOSEO) 4.9.10\" \/>\n\t\t<meta property=\"og:locale\" content=\"es_ES\" \/>\n\t\t<meta property=\"og:site_name\" content=\"CAUCE - Cultura Ambiental - Causa Ecologista\" \/>\n\t\t<meta property=\"og:type\" content=\"article\" \/>\n\t\t<meta property=\"og:title\" content=\"Documento sobre contaminaci\u00f3n del r\u00edo Paran\u00e1 - CAUCE\" \/>\n\t\t<meta property=\"og:description\" content=\"En el marco de los Encuentros de Territorialidad del programa Humedales Sin Fronteras, organizaciones, activistas e investigadores trabajamos en un documento sobre la contaminaci\u00f3n como amenaza a la libertad de los r\u00edos y nos propusimos visibilizar algunas problem\u00e1ticas que profundizan la crisis del Paran\u00e1, como la hidrov\u00eda Paraguay-Paran\u00e1, los incendios de humedales, los residuos s\u00f3lidos urbanos\" \/>\n\t\t<meta property=\"og:url\" content=\"https:\/\/cauceecologico.org\/?p=4185\" \/>\n\t\t<meta property=\"article:published_time\" content=\"2023-03-10T15:18:21+00:00\" \/>\n\t\t<meta property=\"article:modified_time\" content=\"2023-03-10T15:26:38+00:00\" \/>\n\t\t<meta name=\"twitter:card\" content=\"summary_large_image\" \/>\n\t\t<meta name=\"twitter:title\" content=\"Documento sobre contaminaci\u00f3n del r\u00edo Paran\u00e1 - CAUCE\" \/>\n\t\t<meta name=\"twitter:description\" content=\"En el marco de los Encuentros de Territorialidad del programa Humedales Sin Fronteras, organizaciones, activistas e investigadores trabajamos en un documento sobre la contaminaci\u00f3n como amenaza a la libertad de los r\u00edos y nos propusimos visibilizar algunas problem\u00e1ticas que profundizan la crisis del Paran\u00e1, como la hidrov\u00eda Paraguay-Paran\u00e1, los incendios de humedales, los residuos s\u00f3lidos urbanos\" \/>\n\t\t<script type=\"application\/ld+json\" class=\"aioseo-schema\">\n\t\t\t{\"@context\":\"https:\\\/\\\/schema.org\",\"@graph\":[{\"@type\":\"BlogPosting\",\"@id\":\"https:\\\/\\\/cauceecologico.org\\\/?p=4185#blogposting\",\"name\":\"Documento sobre contaminaci\\u00f3n del r\\u00edo Paran\\u00e1 - CAUCE\",\"headline\":\"Documento sobre contaminaci\\u00f3n del r\\u00edo Paran\\u00e1\",\"author\":{\"@id\":\"https:\\\/\\\/cauceecologico.org\\\/?author=2#author\"},\"publisher\":{\"@id\":\"https:\\\/\\\/cauceecologico.org\\\/#organization\"},\"image\":{\"@type\":\"ImageObject\",\"url\":\"https:\\\/\\\/cauceecologico.org\\\/wp-content\\\/uploads\\\/2022\\\/12\\\/Lalalala-144.jpg\",\"width\":6000,\"height\":4000},\"datePublished\":\"2023-03-10T15:18:21+00:00\",\"dateModified\":\"2023-03-10T15:26:38+00:00\",\"inLanguage\":\"es-ES\",\"mainEntityOfPage\":{\"@id\":\"https:\\\/\\\/cauceecologico.org\\\/?p=4185#webpage\"},\"isPartOf\":{\"@id\":\"https:\\\/\\\/cauceecologico.org\\\/?p=4185#webpage\"},\"articleSection\":\"Documentos, Noticias, R\\u00edos libres\"},{\"@type\":\"BreadcrumbList\",\"@id\":\"https:\\\/\\\/cauceecologico.org\\\/?p=4185#breadcrumblist\",\"itemListElement\":[{\"@type\":\"ListItem\",\"@id\":\"https:\\\/\\\/cauceecologico.org#listItem\",\"position\":1,\"name\":\"Home\",\"item\":\"https:\\\/\\\/cauceecologico.org\",\"nextItem\":{\"@type\":\"ListItem\",\"@id\":\"https:\\\/\\\/cauceecologico.org\\\/?cat=3#listItem\",\"name\":\"Documentos\"}},{\"@type\":\"ListItem\",\"@id\":\"https:\\\/\\\/cauceecologico.org\\\/?cat=3#listItem\",\"position\":2,\"name\":\"Documentos\",\"item\":\"https:\\\/\\\/cauceecologico.org\\\/?cat=3\",\"nextItem\":{\"@type\":\"ListItem\",\"@id\":\"https:\\\/\\\/cauceecologico.org\\\/?p=4185#listItem\",\"name\":\"Documento sobre contaminaci\\u00f3n del r\\u00edo Paran\\u00e1\"},\"previousItem\":{\"@type\":\"ListItem\",\"@id\":\"https:\\\/\\\/cauceecologico.org#listItem\",\"name\":\"Home\"}},{\"@type\":\"ListItem\",\"@id\":\"https:\\\/\\\/cauceecologico.org\\\/?p=4185#listItem\",\"position\":3,\"name\":\"Documento sobre contaminaci\\u00f3n del r\\u00edo Paran\\u00e1\",\"previousItem\":{\"@type\":\"ListItem\",\"@id\":\"https:\\\/\\\/cauceecologico.org\\\/?cat=3#listItem\",\"name\":\"Documentos\"}}]},{\"@type\":\"Organization\",\"@id\":\"https:\\\/\\\/cauceecologico.org\\\/#organization\",\"name\":\"CAUCE\",\"description\":\"Cultura Ambiental - Causa Ecologista\",\"url\":\"https:\\\/\\\/cauceecologico.org\\\/\"},{\"@type\":\"Person\",\"@id\":\"https:\\\/\\\/cauceecologico.org\\\/?author=2#author\",\"url\":\"https:\\\/\\\/cauceecologico.org\\\/?author=2\",\"name\":\"Ana Lucia Vergara\",\"image\":{\"@type\":\"ImageObject\",\"@id\":\"https:\\\/\\\/cauceecologico.org\\\/?p=4185#authorImage\",\"url\":\"https:\\\/\\\/secure.gravatar.com\\\/avatar\\\/e8720df08f5c466573fb9f3d6cec14bcac9a305e2049123e58e6bc9c03f3a77b?s=96&d=mm&r=g\",\"width\":96,\"height\":96,\"caption\":\"Ana Lucia Vergara\"}},{\"@type\":\"WebPage\",\"@id\":\"https:\\\/\\\/cauceecologico.org\\\/?p=4185#webpage\",\"url\":\"https:\\\/\\\/cauceecologico.org\\\/?p=4185\",\"name\":\"Documento sobre contaminaci\\u00f3n del r\\u00edo Paran\\u00e1 - CAUCE\",\"description\":\"En el marco de los Encuentros de Territorialidad del programa Humedales Sin Fronteras, organizaciones, activistas e investigadores trabajamos en un documento sobre la contaminaci\\u00f3n como amenaza a la libertad de los r\\u00edos y nos propusimos visibilizar algunas problem\\u00e1ticas que profundizan la crisis del Paran\\u00e1, como la hidrov\\u00eda Paraguay-Paran\\u00e1, los incendios de humedales, los residuos s\\u00f3lidos urbanos\",\"inLanguage\":\"es-ES\",\"isPartOf\":{\"@id\":\"https:\\\/\\\/cauceecologico.org\\\/#website\"},\"breadcrumb\":{\"@id\":\"https:\\\/\\\/cauceecologico.org\\\/?p=4185#breadcrumblist\"},\"author\":{\"@id\":\"https:\\\/\\\/cauceecologico.org\\\/?author=2#author\"},\"creator\":{\"@id\":\"https:\\\/\\\/cauceecologico.org\\\/?author=2#author\"},\"image\":{\"@type\":\"ImageObject\",\"url\":\"https:\\\/\\\/cauceecologico.org\\\/wp-content\\\/uploads\\\/2022\\\/12\\\/Lalalala-144.jpg\",\"@id\":\"https:\\\/\\\/cauceecologico.org\\\/?p=4185\\\/#mainImage\",\"width\":6000,\"height\":4000},\"primaryImageOfPage\":{\"@id\":\"https:\\\/\\\/cauceecologico.org\\\/?p=4185#mainImage\"},\"datePublished\":\"2023-03-10T15:18:21+00:00\",\"dateModified\":\"2023-03-10T15:26:38+00:00\"},{\"@type\":\"WebSite\",\"@id\":\"https:\\\/\\\/cauceecologico.org\\\/#website\",\"url\":\"https:\\\/\\\/cauceecologico.org\\\/\",\"name\":\"CAUCE\",\"description\":\"Cultura Ambiental - Causa Ecologista\",\"inLanguage\":\"es-ES\",\"publisher\":{\"@id\":\"https:\\\/\\\/cauceecologico.org\\\/#organization\"}}]}\n\t\t<\/script>\n\t\t<!-- All in One SEO -->\n\n","aioseo_head_json":{"title":"Documento sobre contaminaci\u00f3n del r\u00edo Paran\u00e1 - CAUCE","description":"En el marco de los Encuentros de Territorialidad del programa Humedales Sin Fronteras, organizaciones, activistas e investigadores trabajamos en un documento sobre la contaminaci\u00f3n como amenaza a la libertad de los r\u00edos y nos propusimos visibilizar algunas problem\u00e1ticas que profundizan la crisis del Paran\u00e1, como la hidrov\u00eda Paraguay-Paran\u00e1, los incendios de humedales, los residuos s\u00f3lidos urbanos","canonical_url":"https:\/\/cauceecologico.org\/?p=4185","robots":"max-image-preview:large","keywords":"","webmasterTools":{"miscellaneous":""},"schema":{"@context":"https:\/\/schema.org","@graph":[{"@type":"BlogPosting","@id":"https:\/\/cauceecologico.org\/?p=4185#blogposting","name":"Documento sobre contaminaci\u00f3n del r\u00edo Paran\u00e1 - CAUCE","headline":"Documento sobre contaminaci\u00f3n del r\u00edo Paran\u00e1","author":{"@id":"https:\/\/cauceecologico.org\/?author=2#author"},"publisher":{"@id":"https:\/\/cauceecologico.org\/#organization"},"image":{"@type":"ImageObject","url":"https:\/\/cauceecologico.org\/wp-content\/uploads\/2022\/12\/Lalalala-144.jpg","width":6000,"height":4000},"datePublished":"2023-03-10T15:18:21+00:00","dateModified":"2023-03-10T15:26:38+00:00","inLanguage":"es-ES","mainEntityOfPage":{"@id":"https:\/\/cauceecologico.org\/?p=4185#webpage"},"isPartOf":{"@id":"https:\/\/cauceecologico.org\/?p=4185#webpage"},"articleSection":"Documentos, Noticias, R\u00edos libres"},{"@type":"BreadcrumbList","@id":"https:\/\/cauceecologico.org\/?p=4185#breadcrumblist","itemListElement":[{"@type":"ListItem","@id":"https:\/\/cauceecologico.org#listItem","position":1,"name":"Home","item":"https:\/\/cauceecologico.org","nextItem":{"@type":"ListItem","@id":"https:\/\/cauceecologico.org\/?cat=3#listItem","name":"Documentos"}},{"@type":"ListItem","@id":"https:\/\/cauceecologico.org\/?cat=3#listItem","position":2,"name":"Documentos","item":"https:\/\/cauceecologico.org\/?cat=3","nextItem":{"@type":"ListItem","@id":"https:\/\/cauceecologico.org\/?p=4185#listItem","name":"Documento sobre contaminaci\u00f3n del r\u00edo Paran\u00e1"},"previousItem":{"@type":"ListItem","@id":"https:\/\/cauceecologico.org#listItem","name":"Home"}},{"@type":"ListItem","@id":"https:\/\/cauceecologico.org\/?p=4185#listItem","position":3,"name":"Documento sobre contaminaci\u00f3n del r\u00edo Paran\u00e1","previousItem":{"@type":"ListItem","@id":"https:\/\/cauceecologico.org\/?cat=3#listItem","name":"Documentos"}}]},{"@type":"Organization","@id":"https:\/\/cauceecologico.org\/#organization","name":"CAUCE","description":"Cultura Ambiental - Causa Ecologista","url":"https:\/\/cauceecologico.org\/"},{"@type":"Person","@id":"https:\/\/cauceecologico.org\/?author=2#author","url":"https:\/\/cauceecologico.org\/?author=2","name":"Ana Lucia Vergara","image":{"@type":"ImageObject","@id":"https:\/\/cauceecologico.org\/?p=4185#authorImage","url":"https:\/\/secure.gravatar.com\/avatar\/e8720df08f5c466573fb9f3d6cec14bcac9a305e2049123e58e6bc9c03f3a77b?s=96&d=mm&r=g","width":96,"height":96,"caption":"Ana Lucia Vergara"}},{"@type":"WebPage","@id":"https:\/\/cauceecologico.org\/?p=4185#webpage","url":"https:\/\/cauceecologico.org\/?p=4185","name":"Documento sobre contaminaci\u00f3n del r\u00edo Paran\u00e1 - CAUCE","description":"En el marco de los Encuentros de Territorialidad del programa Humedales Sin Fronteras, organizaciones, activistas e investigadores trabajamos en un documento sobre la contaminaci\u00f3n como amenaza a la libertad de los r\u00edos y nos propusimos visibilizar algunas problem\u00e1ticas que profundizan la crisis del Paran\u00e1, como la hidrov\u00eda Paraguay-Paran\u00e1, los incendios de humedales, los residuos s\u00f3lidos urbanos","inLanguage":"es-ES","isPartOf":{"@id":"https:\/\/cauceecologico.org\/#website"},"breadcrumb":{"@id":"https:\/\/cauceecologico.org\/?p=4185#breadcrumblist"},"author":{"@id":"https:\/\/cauceecologico.org\/?author=2#author"},"creator":{"@id":"https:\/\/cauceecologico.org\/?author=2#author"},"image":{"@type":"ImageObject","url":"https:\/\/cauceecologico.org\/wp-content\/uploads\/2022\/12\/Lalalala-144.jpg","@id":"https:\/\/cauceecologico.org\/?p=4185\/#mainImage","width":6000,"height":4000},"primaryImageOfPage":{"@id":"https:\/\/cauceecologico.org\/?p=4185#mainImage"},"datePublished":"2023-03-10T15:18:21+00:00","dateModified":"2023-03-10T15:26:38+00:00"},{"@type":"WebSite","@id":"https:\/\/cauceecologico.org\/#website","url":"https:\/\/cauceecologico.org\/","name":"CAUCE","description":"Cultura Ambiental - Causa Ecologista","inLanguage":"es-ES","publisher":{"@id":"https:\/\/cauceecologico.org\/#organization"}}]},"og:locale":"es_ES","og:site_name":"CAUCE - Cultura Ambiental - Causa Ecologista","og:type":"article","og:title":"Documento sobre contaminaci\u00f3n del r\u00edo Paran\u00e1 - CAUCE","og:description":"En el marco de los Encuentros de Territorialidad del programa Humedales Sin Fronteras, organizaciones, activistas e investigadores trabajamos en un documento sobre la contaminaci\u00f3n como amenaza a la libertad de los r\u00edos y nos propusimos visibilizar algunas problem\u00e1ticas que profundizan la crisis del Paran\u00e1, como la hidrov\u00eda Paraguay-Paran\u00e1, los incendios de humedales, los residuos s\u00f3lidos urbanos","og:url":"https:\/\/cauceecologico.org\/?p=4185","article:published_time":"2023-03-10T15:18:21+00:00","article:modified_time":"2023-03-10T15:26:38+00:00","twitter:card":"summary_large_image","twitter:title":"Documento sobre contaminaci\u00f3n del r\u00edo Paran\u00e1 - CAUCE","twitter:description":"En el marco de los Encuentros de Territorialidad del programa Humedales Sin Fronteras, organizaciones, activistas e investigadores trabajamos en un documento sobre la contaminaci\u00f3n como amenaza a la libertad de los r\u00edos y nos propusimos visibilizar algunas problem\u00e1ticas que profundizan la crisis del Paran\u00e1, como la hidrov\u00eda Paraguay-Paran\u00e1, los incendios de humedales, los residuos s\u00f3lidos urbanos"},"aioseo_meta_data":{"post_id":"4185","title":null,"description":null,"keywords":null,"keyphrases":null,"primary_term":null,"canonical_url":null,"og_title":null,"og_description":null,"og_object_type":"default","og_image_type":"default","og_image_url":null,"og_image_width":null,"og_image_height":null,"og_image_custom_url":null,"og_image_custom_fields":null,"og_video":null,"og_custom_url":null,"og_article_section":null,"og_article_tags":null,"twitter_use_og":false,"twitter_card":"default","twitter_image_type":"default","twitter_image_url":null,"twitter_image_custom_url":null,"twitter_image_custom_fields":null,"twitter_title":null,"twitter_description":null,"schema":{"blockGraphs":[],"customGraphs":[],"default":{"data":{"Article":[],"Course":[],"Dataset":[],"FAQPage":[],"Movie":[],"Person":[],"Product":[],"ProductReview":[],"Car":[],"Recipe":[],"Service":[],"SoftwareApplication":[],"WebPage":[]},"graphName":"","isEnabled":true},"graphs":[]},"schema_type":"default","schema_type_options":null,"pillar_content":false,"robots_default":true,"robots_noindex":false,"robots_noarchive":false,"robots_nosnippet":false,"robots_nofollow":false,"robots_noimageindex":false,"robots_noodp":false,"robots_notranslate":false,"robots_max_snippet":null,"robots_max_videopreview":null,"robots_max_imagepreview":"large","priority":null,"frequency":null,"local_seo":null,"limit_modified_date":false,"created":"2023-03-16 21:35:27","updated":"2026-07-28 01:49:44","ai":null,"breadcrumb_settings":null,"seo_analyzer_scan_date":null},"aioseo_breadcrumb":"<div class=\"aioseo-breadcrumbs\"><span class=\"aioseo-breadcrumb\">\n\t\t\t<a href=\"https:\/\/cauceecologico.org\" title=\"Home\">Home<\/a>\n\t\t<\/span><span class=\"aioseo-breadcrumb-separator\">&raquo;<\/span><span class=\"aioseo-breadcrumb\">\n\t\t\t<a href=\"https:\/\/cauceecologico.org\/?cat=3\" title=\"Documentos\">Documentos<\/a>\n\t\t<\/span><span class=\"aioseo-breadcrumb-separator\">&raquo;<\/span><span class=\"aioseo-breadcrumb\">\n\t\t\tDocumento sobre contaminaci\u00f3n del r\u00edo Paran\u00e1\n\t\t<\/span><\/div>","aioseo_breadcrumb_json":[{"label":"Home","link":"https:\/\/cauceecologico.org"},{"label":"Documentos","link":"https:\/\/cauceecologico.org\/?cat=3"},{"label":"Documento sobre contaminaci\u00f3n del r\u00edo Paran\u00e1","link":"https:\/\/cauceecologico.org\/?p=4185"}],"_links":{"self":[{"href":"https:\/\/cauceecologico.org\/index.php?rest_route=\/wp\/v2\/posts\/4185","targetHints":{"allow":["GET"]}}],"collection":[{"href":"https:\/\/cauceecologico.org\/index.php?rest_route=\/wp\/v2\/posts"}],"about":[{"href":"https:\/\/cauceecologico.org\/index.php?rest_route=\/wp\/v2\/types\/post"}],"author":[{"embeddable":true,"href":"https:\/\/cauceecologico.org\/index.php?rest_route=\/wp\/v2\/users\/2"}],"replies":[{"embeddable":true,"href":"https:\/\/cauceecologico.org\/index.php?rest_route=%2Fwp%2Fv2%2Fcomments&post=4185"}],"version-history":[{"count":3,"href":"https:\/\/cauceecologico.org\/index.php?rest_route=\/wp\/v2\/posts\/4185\/revisions"}],"predecessor-version":[{"id":4206,"href":"https:\/\/cauceecologico.org\/index.php?rest_route=\/wp\/v2\/posts\/4185\/revisions\/4206"}],"wp:featuredmedia":[{"embeddable":true,"href":"https:\/\/cauceecologico.org\/index.php?rest_route=\/wp\/v2\/media\/4083"}],"wp:attachment":[{"href":"https:\/\/cauceecologico.org\/index.php?rest_route=%2Fwp%2Fv2%2Fmedia&parent=4185"}],"wp:term":[{"taxonomy":"category","embeddable":true,"href":"https:\/\/cauceecologico.org\/index.php?rest_route=%2Fwp%2Fv2%2Fcategories&post=4185"},{"taxonomy":"post_tag","embeddable":true,"href":"https:\/\/cauceecologico.org\/index.php?rest_route=%2Fwp%2Fv2%2Ftags&post=4185"}],"curies":[{"name":"wp","href":"https:\/\/api.w.org\/{rel}","templated":true}]}}