{"id":4195,"date":"2023-03-10T12:40:22","date_gmt":"2023-03-10T12:40:22","guid":{"rendered":"https:\/\/cauceecologico.org\/?p=4195"},"modified":"2023-08-11T15:52:18","modified_gmt":"2023-08-11T15:52:18","slug":"mujeres-para-la-restauracion-de-humedales","status":"publish","type":"post","link":"https:\/\/cauceecologico.org\/?p=4195","title":{"rendered":"Mujeres para la restauraci\u00f3n de humedales"},"content":{"rendered":"<p><span style=\"font-weight: 400;\">Fundaci\u00f3n CAUCE: Cultura Ambiental &#8211; Causa Ecologista y un grupo de mujeres de Cuidadores de la Casa Com\u00fan (Paran\u00e1), bajo la coordinaci\u00f3n de Fundaci\u00f3n Ambiente y Recursos Naturales (FARN), participan como sitio piloto del proyecto <span style=\"color: #3366ff;\"><a style=\"color: #3366ff;\" href=\"https:\/\/www.women4biodiversity.org\/our-work\/pilot-restoration-sites\/\">Women4Biodiversity<\/a><\/span>: construir resiliencia y tejer enfoques sensibles al g\u00e9nero para la gobernanza de la biodiversidad. El mismo tiene como objetivo fortalecer los enfoques de restauraci\u00f3n de ecosistemas, desde una mirada con perspectiva de g\u00e9nero, para integrarlos en los objetivos nacionales y compromisos internacionales a trav\u00e9s de la investigaci\u00f3n y documentaci\u00f3n de la restauraci\u00f3n de ecosistemas liderada por mujeres en sitios piloto en Asia, \u00c1frica y Am\u00e9rica Latina.\u00a0<\/span><\/p>\n<p><span style=\"font-weight: 400;\"><a href=\"https:\/\/www.women4biodiversity.org\/\"><img loading=\"lazy\" decoding=\"async\" class=\"wp-image-4208 alignleft\" src=\"http:\/\/cauceecologico.org\/wp-content\/uploads\/2023\/03\/kR7pnw7nT4qPm5ltPPoJ_4Til3X8bsM0FGURY.png\" alt=\"\" width=\"192\" height=\"192\" srcset=\"https:\/\/cauceecologico.org\/wp-content\/uploads\/2023\/03\/kR7pnw7nT4qPm5ltPPoJ_4Til3X8bsM0FGURY.png 600w, https:\/\/cauceecologico.org\/wp-content\/uploads\/2023\/03\/kR7pnw7nT4qPm5ltPPoJ_4Til3X8bsM0FGURY-300x300.png 300w, https:\/\/cauceecologico.org\/wp-content\/uploads\/2023\/03\/kR7pnw7nT4qPm5ltPPoJ_4Til3X8bsM0FGURY-150x150.png 150w, https:\/\/cauceecologico.org\/wp-content\/uploads\/2023\/03\/kR7pnw7nT4qPm5ltPPoJ_4Til3X8bsM0FGURY-80x80.png 80w\" sizes=\"auto, (max-width: 192px) 100vw, 192px\" \/><\/a>El proyecto tiene una duraci\u00f3n de tres a\u00f1os y se seleccionaron 5 sitios pilotos a nivel mundial, ubicados en los pa\u00edses de Argentina, Islas Salom\u00f3n, Camer\u00fan, Kenia y Costa Rica. La ciudad de Paran\u00e1, Entre R\u00edos, fue seleccionada como experiencia para nuestro pa\u00eds.\u00a0<\/span><\/p>\n<p><span style=\"font-weight: 400;\">Su financiamiento proviene de la Agencia Sueca de Cooperaci\u00f3n Internacional para el Desarrollo (ASDI) y es administrado por la Universidad de Estocolmo, a trav\u00e9s de su \u00e1rea especializada en biodiversidad, Swedbio.<\/span><\/p>\n<p>&nbsp;<\/p>\n<p>&nbsp;<\/p>\n<p><b><i>Fortalecer la restauraci\u00f3n de los humedales del Paran\u00e1<\/i><\/b><\/p>\n<p><span style=\"font-weight: 400;\">Fundaci\u00f3n CAUCE junto a mujeres de la organizaci\u00f3n Cuidadores de la Casa Com\u00fan (Paran\u00e1) llevan adelante este proyecto con el objetivo de fortalecer el trabajo en la restauraci\u00f3n del paisaje de los humedales de la zona oeste de la ciudad de Paran\u00e1 y contribuir al reconocimiento de las mujeres como agentes de cambio. A trav\u00e9s de la reforestaci\u00f3n del espacio con flora nativa, busca inspirar a otras personas a trabajar en la restauraci\u00f3n del ecosistema.\u00a0<\/span><\/p>\n<p><span style=\"font-weight: 400;\">Para ello se propone:\u00a0<\/span><\/p>\n<ul>\n<li style=\"font-weight: 400;\" aria-level=\"1\"><span style=\"font-weight: 400;\">Generar instancias de formaci\u00f3n para las mujeres en el reconocimiento de la flora nativa, la erradicaci\u00f3n de especies ex\u00f3ticas y la producci\u00f3n de plantas nativas en vivero.\u00a0<\/span><\/li>\n<li style=\"font-weight: 400;\" aria-level=\"1\"><span style=\"font-weight: 400;\">Ofrecer herramientas para analizar y reconocer las iniciativas del gobierno local de biodiversidad que necesitan enfoque de g\u00e9nero y promoci\u00f3n para su transformaci\u00f3n.<\/span><\/li>\n<li style=\"font-weight: 400;\" aria-level=\"1\"><span style=\"font-weight: 400;\">\u00a0Asegurar que su experiencia en la restauraci\u00f3n del paisaje de los humedales, desde un enfoque de derechos humanos e igualdad, tenga visibilidad en las redes sociales y sea ense\u00f1ada en las escuelas locales.<\/span><\/li>\n<\/ul>\n\n\t\t<style type=\"text\/css\">\n\t\t\t#gallery-1 {\n\t\t\t\tmargin: auto;\n\t\t\t}\n\t\t\t#gallery-1 .gallery-item {\n\t\t\t\tfloat: left;\n\t\t\t\tmargin-top: 10px;\n\t\t\t\ttext-align: center;\n\t\t\t\twidth: 25%;\n\t\t\t}\n\t\t\t#gallery-1 img {\n\t\t\t\tborder: 2px solid #cfcfcf;\n\t\t\t}\n\t\t\t#gallery-1 .gallery-caption {\n\t\t\t\tmargin-left: 0;\n\t\t\t}\n\t\t\t\/* see gallery_shortcode() in wp-includes\/media.php *\/\n\t\t<\/style>\n\t\t<div id='gallery-1' class='gallery galleryid-4195 gallery-columns-4 gallery-size-large'><dl class='gallery-item'>\n\t\t\t<dt class='gallery-icon landscape'>\n\t\t\t\t<a href='https:\/\/cauceecologico.org\/?attachment_id=4197'><img loading=\"lazy\" decoding=\"async\" width=\"740\" height=\"555\" src=\"https:\/\/cauceecologico.org\/wp-content\/uploads\/2023\/03\/00.37.45.jpeg\" class=\"attachment-large size-large\" alt=\"\" \/><\/a>\n\t\t\t<\/dt><\/dl><dl class='gallery-item'>\n\t\t\t<dt class='gallery-icon landscape'>\n\t\t\t\t<a href='https:\/\/cauceecologico.org\/?attachment_id=4200'><img loading=\"lazy\" decoding=\"async\" width=\"740\" height=\"555\" src=\"https:\/\/cauceecologico.org\/wp-content\/uploads\/2023\/03\/tareas-de-limpieza-sendero-2.jpeg\" class=\"attachment-large size-large\" alt=\"\" \/><\/a>\n\t\t\t<\/dt><\/dl><dl class='gallery-item'>\n\t\t\t<dt class='gallery-icon landscape'>\n\t\t\t\t<a href='https:\/\/cauceecologico.org\/?attachment_id=4198'><img loading=\"lazy\" decoding=\"async\" width=\"740\" height=\"555\" src=\"https:\/\/cauceecologico.org\/wp-content\/uploads\/2023\/03\/00.37.46.jpeg\" class=\"attachment-large size-large\" alt=\"\" \/><\/a>\n\t\t\t<\/dt><\/dl><dl class='gallery-item'>\n\t\t\t<dt class='gallery-icon landscape'>\n\t\t\t\t<a href='https:\/\/cauceecologico.org\/?attachment_id=4199'><img loading=\"lazy\" decoding=\"async\" width=\"740\" height=\"555\" src=\"https:\/\/cauceecologico.org\/wp-content\/uploads\/2023\/03\/recorrido-2.jpg\" class=\"attachment-large size-large\" alt=\"\" \/><\/a>\n\t\t\t<\/dt><\/dl><br style=\"clear: both\" \/>\n\t\t<\/div>\n\n<p>&nbsp;<\/p>\n<p>En el marco de este proyecto, y con la asesor\u00eda de la licenciada en Biolog\u00eda<span style=\"font-weight: 400;\"> Griselda Urich y el licenciado Lucas Cid, se realiz\u00f3 un informe descriptivo sobre la zona. Leelo <span style=\"color: #3366ff;\"><a style=\"color: #3366ff;\" href=\"https:\/\/cauceecologico.org\/wp-content\/uploads\/2023\/03\/humedales-del-oeste.pdf\">ac\u00e1.<\/a><\/span>\u00a0<\/span><\/p>\n<p><a href=\"https:\/\/cauceecologico.org\/wp-content\/uploads\/2023\/03\/humedales-del-oeste.pdf\"><img loading=\"lazy\" decoding=\"async\" class=\"alignnone wp-image-4385\" src=\"http:\/\/cauceecologico.org\/wp-content\/uploads\/2023\/03\/humedales-del-oeste_pages-to-jpg-0001.jpg\" alt=\"\" width=\"1500\" height=\"2121\" \/><\/a><\/p>\n<p>&nbsp;<\/p>\n<p>10\/03\/23<\/p>\n","protected":false},"excerpt":{"rendered":"<p>Fundaci\u00f3n CAUCE: Cultura Ambiental &#8211; Causa Ecologista y un grupo de mujeres de Cuidadores de la Casa Com\u00fan (Paran\u00e1), bajo la coordinaci\u00f3n de Fundaci\u00f3n Ambiente y Recursos Naturales (FARN), participan como sitio piloto del proyecto Women4Biodiversity: construir resiliencia y tejer enfoques sensibles al g\u00e9nero para la gobernanza de la biodiversidad. El mismo tiene como objetivo [&hellip;]<\/p>\n","protected":false},"author":2,"featured_media":4199,"comment_status":"open","ping_status":"open","sticky":false,"template":"","format":"standard","meta":{"om_disable_all_campaigns":false,"_monsterinsights_skip_tracking":false,"amp_status":"","footnotes":""},"categories":[276],"tags":[],"class_list":["post-4195","post","type-post","status-publish","format-standard","has-post-thumbnail","hentry","category-delta"],"aioseo_notices":[],"aioseo_head":"\n\t\t<!-- All in One SEO 4.9.10 - aioseo.com -->\n\t<meta name=\"description\" content=\"Fundaci\u00f3n CAUCE: Cultura Ambiental - Causa Ecologista y un grupo de mujeres de Cuidadores de la Casa Com\u00fan (Paran\u00e1), bajo la coordinaci\u00f3n de Fundaci\u00f3n Ambiente y Recursos Naturales (FARN), participan como sitio piloto del proyecto Women4Biodiversity: construir resiliencia y tejer enfoques sensibles al g\u00e9nero para la gobernanza de la biodiversidad. El mismo tiene como objetivo\" \/>\n\t<meta name=\"robots\" content=\"max-image-preview:large\" \/>\n\t<meta name=\"author\" content=\"Ana Lucia Vergara\"\/>\n\t<link rel=\"canonical\" href=\"https:\/\/cauceecologico.org\/?p=4195\" \/>\n\t<meta name=\"generator\" content=\"All in One SEO (AIOSEO) 4.9.10\" \/>\n\t\t<meta property=\"og:locale\" content=\"es_ES\" \/>\n\t\t<meta property=\"og:site_name\" content=\"CAUCE - Cultura Ambiental - Causa Ecologista\" \/>\n\t\t<meta property=\"og:type\" content=\"article\" \/>\n\t\t<meta property=\"og:title\" content=\"Mujeres para la restauraci\u00f3n de humedales - CAUCE\" \/>\n\t\t<meta property=\"og:description\" content=\"Fundaci\u00f3n CAUCE: Cultura Ambiental - Causa Ecologista y un grupo de mujeres de Cuidadores de la Casa Com\u00fan (Paran\u00e1), bajo la coordinaci\u00f3n de Fundaci\u00f3n Ambiente y Recursos Naturales (FARN), participan como sitio piloto del proyecto Women4Biodiversity: construir resiliencia y tejer enfoques sensibles al g\u00e9nero para la gobernanza de la biodiversidad. El mismo tiene como objetivo\" \/>\n\t\t<meta property=\"og:url\" content=\"https:\/\/cauceecologico.org\/?p=4195\" \/>\n\t\t<meta property=\"article:published_time\" content=\"2023-03-10T12:40:22+00:00\" \/>\n\t\t<meta property=\"article:modified_time\" content=\"2023-08-11T15:52:18+00:00\" \/>\n\t\t<meta name=\"twitter:card\" content=\"summary_large_image\" \/>\n\t\t<meta name=\"twitter:title\" content=\"Mujeres para la restauraci\u00f3n de humedales - CAUCE\" \/>\n\t\t<meta name=\"twitter:description\" content=\"Fundaci\u00f3n CAUCE: Cultura Ambiental - Causa Ecologista y un grupo de mujeres de Cuidadores de la Casa Com\u00fan (Paran\u00e1), bajo la coordinaci\u00f3n de Fundaci\u00f3n Ambiente y Recursos Naturales (FARN), participan como sitio piloto del proyecto Women4Biodiversity: construir resiliencia y tejer enfoques sensibles al g\u00e9nero para la gobernanza de la biodiversidad. El mismo tiene como objetivo\" \/>\n\t\t<script type=\"application\/ld+json\" class=\"aioseo-schema\">\n\t\t\t{\"@context\":\"https:\\\/\\\/schema.org\",\"@graph\":[{\"@type\":\"BlogPosting\",\"@id\":\"https:\\\/\\\/cauceecologico.org\\\/?p=4195#blogposting\",\"name\":\"Mujeres para la restauraci\\u00f3n de humedales - CAUCE\",\"headline\":\"Mujeres para la restauraci\\u00f3n de humedales\",\"author\":{\"@id\":\"https:\\\/\\\/cauceecologico.org\\\/?author=2#author\"},\"publisher\":{\"@id\":\"https:\\\/\\\/cauceecologico.org\\\/#organization\"},\"image\":{\"@type\":\"ImageObject\",\"url\":\"https:\\\/\\\/cauceecologico.org\\\/wp-content\\\/uploads\\\/2023\\\/03\\\/recorrido-2.jpg\",\"width\":1040,\"height\":780},\"datePublished\":\"2023-03-10T12:40:22+00:00\",\"dateModified\":\"2023-08-11T15:52:18+00:00\",\"inLanguage\":\"es-ES\",\"mainEntityOfPage\":{\"@id\":\"https:\\\/\\\/cauceecologico.org\\\/?p=4195#webpage\"},\"isPartOf\":{\"@id\":\"https:\\\/\\\/cauceecologico.org\\\/?p=4195#webpage\"},\"articleSection\":\"Delta\"},{\"@type\":\"BreadcrumbList\",\"@id\":\"https:\\\/\\\/cauceecologico.org\\\/?p=4195#breadcrumblist\",\"itemListElement\":[{\"@type\":\"ListItem\",\"@id\":\"https:\\\/\\\/cauceecologico.org#listItem\",\"position\":1,\"name\":\"Home\",\"item\":\"https:\\\/\\\/cauceecologico.org\",\"nextItem\":{\"@type\":\"ListItem\",\"@id\":\"https:\\\/\\\/cauceecologico.org\\\/?cat=276#listItem\",\"name\":\"Delta\"}},{\"@type\":\"ListItem\",\"@id\":\"https:\\\/\\\/cauceecologico.org\\\/?cat=276#listItem\",\"position\":2,\"name\":\"Delta\",\"item\":\"https:\\\/\\\/cauceecologico.org\\\/?cat=276\",\"nextItem\":{\"@type\":\"ListItem\",\"@id\":\"https:\\\/\\\/cauceecologico.org\\\/?p=4195#listItem\",\"name\":\"Mujeres para la restauraci\\u00f3n de humedales\"},\"previousItem\":{\"@type\":\"ListItem\",\"@id\":\"https:\\\/\\\/cauceecologico.org#listItem\",\"name\":\"Home\"}},{\"@type\":\"ListItem\",\"@id\":\"https:\\\/\\\/cauceecologico.org\\\/?p=4195#listItem\",\"position\":3,\"name\":\"Mujeres para la restauraci\\u00f3n de humedales\",\"previousItem\":{\"@type\":\"ListItem\",\"@id\":\"https:\\\/\\\/cauceecologico.org\\\/?cat=276#listItem\",\"name\":\"Delta\"}}]},{\"@type\":\"Organization\",\"@id\":\"https:\\\/\\\/cauceecologico.org\\\/#organization\",\"name\":\"CAUCE\",\"description\":\"Cultura Ambiental - Causa Ecologista\",\"url\":\"https:\\\/\\\/cauceecologico.org\\\/\"},{\"@type\":\"Person\",\"@id\":\"https:\\\/\\\/cauceecologico.org\\\/?author=2#author\",\"url\":\"https:\\\/\\\/cauceecologico.org\\\/?author=2\",\"name\":\"Ana Lucia Vergara\",\"image\":{\"@type\":\"ImageObject\",\"@id\":\"https:\\\/\\\/cauceecologico.org\\\/?p=4195#authorImage\",\"url\":\"https:\\\/\\\/secure.gravatar.com\\\/avatar\\\/e8720df08f5c466573fb9f3d6cec14bcac9a305e2049123e58e6bc9c03f3a77b?s=96&d=mm&r=g\",\"width\":96,\"height\":96,\"caption\":\"Ana Lucia Vergara\"}},{\"@type\":\"WebPage\",\"@id\":\"https:\\\/\\\/cauceecologico.org\\\/?p=4195#webpage\",\"url\":\"https:\\\/\\\/cauceecologico.org\\\/?p=4195\",\"name\":\"Mujeres para la restauraci\\u00f3n de humedales - CAUCE\",\"description\":\"Fundaci\\u00f3n CAUCE: Cultura Ambiental - Causa Ecologista y un grupo de mujeres de Cuidadores de la Casa Com\\u00fan (Paran\\u00e1), bajo la coordinaci\\u00f3n de Fundaci\\u00f3n Ambiente y Recursos Naturales (FARN), participan como sitio piloto del proyecto Women4Biodiversity: construir resiliencia y tejer enfoques sensibles al g\\u00e9nero para la gobernanza de la biodiversidad. El mismo tiene como objetivo\",\"inLanguage\":\"es-ES\",\"isPartOf\":{\"@id\":\"https:\\\/\\\/cauceecologico.org\\\/#website\"},\"breadcrumb\":{\"@id\":\"https:\\\/\\\/cauceecologico.org\\\/?p=4195#breadcrumblist\"},\"author\":{\"@id\":\"https:\\\/\\\/cauceecologico.org\\\/?author=2#author\"},\"creator\":{\"@id\":\"https:\\\/\\\/cauceecologico.org\\\/?author=2#author\"},\"image\":{\"@type\":\"ImageObject\",\"url\":\"https:\\\/\\\/cauceecologico.org\\\/wp-content\\\/uploads\\\/2023\\\/03\\\/recorrido-2.jpg\",\"@id\":\"https:\\\/\\\/cauceecologico.org\\\/?p=4195\\\/#mainImage\",\"width\":1040,\"height\":780},\"primaryImageOfPage\":{\"@id\":\"https:\\\/\\\/cauceecologico.org\\\/?p=4195#mainImage\"},\"datePublished\":\"2023-03-10T12:40:22+00:00\",\"dateModified\":\"2023-08-11T15:52:18+00:00\"},{\"@type\":\"WebSite\",\"@id\":\"https:\\\/\\\/cauceecologico.org\\\/#website\",\"url\":\"https:\\\/\\\/cauceecologico.org\\\/\",\"name\":\"CAUCE\",\"description\":\"Cultura Ambiental - Causa Ecologista\",\"inLanguage\":\"es-ES\",\"publisher\":{\"@id\":\"https:\\\/\\\/cauceecologico.org\\\/#organization\"}}]}\n\t\t<\/script>\n\t\t<!-- All in One SEO -->\n\n","aioseo_head_json":{"title":"Mujeres para la restauraci\u00f3n de humedales - CAUCE","description":"Fundaci\u00f3n CAUCE: Cultura Ambiental - Causa Ecologista y un grupo de mujeres de Cuidadores de la Casa Com\u00fan (Paran\u00e1), bajo la coordinaci\u00f3n de Fundaci\u00f3n Ambiente y Recursos Naturales (FARN), participan como sitio piloto del proyecto Women4Biodiversity: construir resiliencia y tejer enfoques sensibles al g\u00e9nero para la gobernanza de la biodiversidad. El mismo tiene como objetivo","canonical_url":"https:\/\/cauceecologico.org\/?p=4195","robots":"max-image-preview:large","keywords":"","webmasterTools":{"miscellaneous":""},"schema":{"@context":"https:\/\/schema.org","@graph":[{"@type":"BlogPosting","@id":"https:\/\/cauceecologico.org\/?p=4195#blogposting","name":"Mujeres para la restauraci\u00f3n de humedales - CAUCE","headline":"Mujeres para la restauraci\u00f3n de humedales","author":{"@id":"https:\/\/cauceecologico.org\/?author=2#author"},"publisher":{"@id":"https:\/\/cauceecologico.org\/#organization"},"image":{"@type":"ImageObject","url":"https:\/\/cauceecologico.org\/wp-content\/uploads\/2023\/03\/recorrido-2.jpg","width":1040,"height":780},"datePublished":"2023-03-10T12:40:22+00:00","dateModified":"2023-08-11T15:52:18+00:00","inLanguage":"es-ES","mainEntityOfPage":{"@id":"https:\/\/cauceecologico.org\/?p=4195#webpage"},"isPartOf":{"@id":"https:\/\/cauceecologico.org\/?p=4195#webpage"},"articleSection":"Delta"},{"@type":"BreadcrumbList","@id":"https:\/\/cauceecologico.org\/?p=4195#breadcrumblist","itemListElement":[{"@type":"ListItem","@id":"https:\/\/cauceecologico.org#listItem","position":1,"name":"Home","item":"https:\/\/cauceecologico.org","nextItem":{"@type":"ListItem","@id":"https:\/\/cauceecologico.org\/?cat=276#listItem","name":"Delta"}},{"@type":"ListItem","@id":"https:\/\/cauceecologico.org\/?cat=276#listItem","position":2,"name":"Delta","item":"https:\/\/cauceecologico.org\/?cat=276","nextItem":{"@type":"ListItem","@id":"https:\/\/cauceecologico.org\/?p=4195#listItem","name":"Mujeres para la restauraci\u00f3n de humedales"},"previousItem":{"@type":"ListItem","@id":"https:\/\/cauceecologico.org#listItem","name":"Home"}},{"@type":"ListItem","@id":"https:\/\/cauceecologico.org\/?p=4195#listItem","position":3,"name":"Mujeres para la restauraci\u00f3n de humedales","previousItem":{"@type":"ListItem","@id":"https:\/\/cauceecologico.org\/?cat=276#listItem","name":"Delta"}}]},{"@type":"Organization","@id":"https:\/\/cauceecologico.org\/#organization","name":"CAUCE","description":"Cultura Ambiental - Causa Ecologista","url":"https:\/\/cauceecologico.org\/"},{"@type":"Person","@id":"https:\/\/cauceecologico.org\/?author=2#author","url":"https:\/\/cauceecologico.org\/?author=2","name":"Ana Lucia Vergara","image":{"@type":"ImageObject","@id":"https:\/\/cauceecologico.org\/?p=4195#authorImage","url":"https:\/\/secure.gravatar.com\/avatar\/e8720df08f5c466573fb9f3d6cec14bcac9a305e2049123e58e6bc9c03f3a77b?s=96&d=mm&r=g","width":96,"height":96,"caption":"Ana Lucia Vergara"}},{"@type":"WebPage","@id":"https:\/\/cauceecologico.org\/?p=4195#webpage","url":"https:\/\/cauceecologico.org\/?p=4195","name":"Mujeres para la restauraci\u00f3n de humedales - CAUCE","description":"Fundaci\u00f3n CAUCE: Cultura Ambiental - Causa Ecologista y un grupo de mujeres de Cuidadores de la Casa Com\u00fan (Paran\u00e1), bajo la coordinaci\u00f3n de Fundaci\u00f3n Ambiente y Recursos Naturales (FARN), participan como sitio piloto del proyecto Women4Biodiversity: construir resiliencia y tejer enfoques sensibles al g\u00e9nero para la gobernanza de la biodiversidad. El mismo tiene como objetivo","inLanguage":"es-ES","isPartOf":{"@id":"https:\/\/cauceecologico.org\/#website"},"breadcrumb":{"@id":"https:\/\/cauceecologico.org\/?p=4195#breadcrumblist"},"author":{"@id":"https:\/\/cauceecologico.org\/?author=2#author"},"creator":{"@id":"https:\/\/cauceecologico.org\/?author=2#author"},"image":{"@type":"ImageObject","url":"https:\/\/cauceecologico.org\/wp-content\/uploads\/2023\/03\/recorrido-2.jpg","@id":"https:\/\/cauceecologico.org\/?p=4195\/#mainImage","width":1040,"height":780},"primaryImageOfPage":{"@id":"https:\/\/cauceecologico.org\/?p=4195#mainImage"},"datePublished":"2023-03-10T12:40:22+00:00","dateModified":"2023-08-11T15:52:18+00:00"},{"@type":"WebSite","@id":"https:\/\/cauceecologico.org\/#website","url":"https:\/\/cauceecologico.org\/","name":"CAUCE","description":"Cultura Ambiental - Causa Ecologista","inLanguage":"es-ES","publisher":{"@id":"https:\/\/cauceecologico.org\/#organization"}}]},"og:locale":"es_ES","og:site_name":"CAUCE - Cultura Ambiental - Causa Ecologista","og:type":"article","og:title":"Mujeres para la restauraci\u00f3n de humedales - CAUCE","og:description":"Fundaci\u00f3n CAUCE: Cultura Ambiental - Causa Ecologista y un grupo de mujeres de Cuidadores de la Casa Com\u00fan (Paran\u00e1), bajo la coordinaci\u00f3n de Fundaci\u00f3n Ambiente y Recursos Naturales (FARN), participan como sitio piloto del proyecto Women4Biodiversity: construir resiliencia y tejer enfoques sensibles al g\u00e9nero para la gobernanza de la biodiversidad. El mismo tiene como objetivo","og:url":"https:\/\/cauceecologico.org\/?p=4195","article:published_time":"2023-03-10T12:40:22+00:00","article:modified_time":"2023-08-11T15:52:18+00:00","twitter:card":"summary_large_image","twitter:title":"Mujeres para la restauraci\u00f3n de humedales - CAUCE","twitter:description":"Fundaci\u00f3n CAUCE: Cultura Ambiental - Causa Ecologista y un grupo de mujeres de Cuidadores de la Casa Com\u00fan (Paran\u00e1), bajo la coordinaci\u00f3n de Fundaci\u00f3n Ambiente y Recursos Naturales (FARN), participan como sitio piloto del proyecto Women4Biodiversity: construir resiliencia y tejer enfoques sensibles al g\u00e9nero para la gobernanza de la biodiversidad. El mismo tiene como objetivo"},"aioseo_meta_data":{"post_id":"4195","title":null,"description":null,"keywords":[],"keyphrases":{"focus":{"keyphrase":"","score":0,"analysis":{"keyphraseInTitle":{"score":0,"maxScore":9,"error":1}}},"additional":[]},"primary_term":null,"canonical_url":null,"og_title":null,"og_description":null,"og_object_type":"default","og_image_type":"default","og_image_url":null,"og_image_width":null,"og_image_height":null,"og_image_custom_url":null,"og_image_custom_fields":null,"og_video":"","og_custom_url":null,"og_article_section":null,"og_article_tags":[],"twitter_use_og":false,"twitter_card":"default","twitter_image_type":"default","twitter_image_url":null,"twitter_image_custom_url":null,"twitter_image_custom_fields":null,"twitter_title":null,"twitter_description":null,"schema":{"blockGraphs":[],"customGraphs":[],"default":{"data":{"Article":[],"Course":[],"Dataset":[],"FAQPage":[],"Movie":[],"Person":[],"Product":[],"ProductReview":[],"Car":[],"Recipe":[],"Service":[],"SoftwareApplication":[],"WebPage":[]},"graphName":"","isEnabled":true},"graphs":[]},"schema_type":"default","schema_type_options":null,"pillar_content":false,"robots_default":true,"robots_noindex":false,"robots_noarchive":false,"robots_nosnippet":false,"robots_nofollow":false,"robots_noimageindex":false,"robots_noodp":false,"robots_notranslate":false,"robots_max_snippet":"-1","robots_max_videopreview":"-1","robots_max_imagepreview":"large","priority":0,"frequency":"default","local_seo":null,"limit_modified_date":false,"created":"2023-03-16 21:33:16","updated":"2026-07-28 01:49:44","ai":null,"breadcrumb_settings":null,"seo_analyzer_scan_date":null},"aioseo_breadcrumb":"<div class=\"aioseo-breadcrumbs\"><span class=\"aioseo-breadcrumb\">\n\t\t\t<a href=\"https:\/\/cauceecologico.org\" title=\"Home\">Home<\/a>\n\t\t<\/span><span class=\"aioseo-breadcrumb-separator\">&raquo;<\/span><span class=\"aioseo-breadcrumb\">\n\t\t\t<a href=\"https:\/\/cauceecologico.org\/?cat=276\" title=\"Delta\">Delta<\/a>\n\t\t<\/span><span class=\"aioseo-breadcrumb-separator\">&raquo;<\/span><span class=\"aioseo-breadcrumb\">\n\t\t\tMujeres para la restauraci\u00f3n de humedales\n\t\t<\/span><\/div>","aioseo_breadcrumb_json":[{"label":"Home","link":"https:\/\/cauceecologico.org"},{"label":"Delta","link":"https:\/\/cauceecologico.org\/?cat=276"},{"label":"Mujeres para la restauraci\u00f3n de humedales","link":"https:\/\/cauceecologico.org\/?p=4195"}],"_links":{"self":[{"href":"https:\/\/cauceecologico.org\/index.php?rest_route=\/wp\/v2\/posts\/4195","targetHints":{"allow":["GET"]}}],"collection":[{"href":"https:\/\/cauceecologico.org\/index.php?rest_route=\/wp\/v2\/posts"}],"about":[{"href":"https:\/\/cauceecologico.org\/index.php?rest_route=\/wp\/v2\/types\/post"}],"author":[{"embeddable":true,"href":"https:\/\/cauceecologico.org\/index.php?rest_route=\/wp\/v2\/users\/2"}],"replies":[{"embeddable":true,"href":"https:\/\/cauceecologico.org\/index.php?rest_route=%2Fwp%2Fv2%2Fcomments&post=4195"}],"version-history":[{"count":10,"href":"https:\/\/cauceecologico.org\/index.php?rest_route=\/wp\/v2\/posts\/4195\/revisions"}],"predecessor-version":[{"id":4387,"href":"https:\/\/cauceecologico.org\/index.php?rest_route=\/wp\/v2\/posts\/4195\/revisions\/4387"}],"wp:featuredmedia":[{"embeddable":true,"href":"https:\/\/cauceecologico.org\/index.php?rest_route=\/wp\/v2\/media\/4199"}],"wp:attachment":[{"href":"https:\/\/cauceecologico.org\/index.php?rest_route=%2Fwp%2Fv2%2Fmedia&parent=4195"}],"wp:term":[{"taxonomy":"category","embeddable":true,"href":"https:\/\/cauceecologico.org\/index.php?rest_route=%2Fwp%2Fv2%2Fcategories&post=4195"},{"taxonomy":"post_tag","embeddable":true,"href":"https:\/\/cauceecologico.org\/index.php?rest_route=%2Fwp%2Fv2%2Ftags&post=4195"}],"curies":[{"name":"wp","href":"https:\/\/api.w.org\/{rel}","templated":true}]}}