{"id":4230,"date":"2023-04-17T23:29:25","date_gmt":"2023-04-17T23:29:25","guid":{"rendered":"https:\/\/cauceecologico.org\/?p=4230"},"modified":"2023-04-17T23:29:25","modified_gmt":"2023-04-17T23:29:25","slug":"carta-de-organizaciones-a-la-cepal-por-la-participacion-en-la-cop2","status":"publish","type":"post","link":"https:\/\/cauceecologico.org\/?p=4230","title":{"rendered":"Carta de organizaciones a la CEPAL por la participaci\u00f3n en la COP2"},"content":{"rendered":"<p>Organizaciones de la sociedad civil involucradas en el proceso del Acuerdo de Escaz\u00fa, enviamos una carta a la Secretaria del Acuerdo de Escaz\u00fa, para solicitar medidas para asegurar la participaci\u00f3n efectiva de personas y grupos en situaci\u00f3n de vulnerabilidad. Manifestamos nuestra preocupaci\u00f3n ante las limitantes que han sucedido, desde adelantar la fecha de inscripci\u00f3n al evento y cuestiones de espacio que fueron admitidas por la propia Secretar\u00eda de la CEPAL. Expresamos que es fundamental que se respete el esp\u00edritu mismo de este Acuerdo que busca asegurar el derecho de acceso a la participaci\u00f3n de personas y colectivos.<\/p>\n<p><a href=\"http:\/\/cauceecologico.org\/wp-content\/uploads\/2023\/04\/Carta-para-CEPAL-por-2da-COP-OSC.pdf\">Carta para CEPAL por 2da COP &#8211; OSC<\/a><\/p>\n","protected":false},"excerpt":{"rendered":"<p>Organizaciones de la sociedad civil involucradas en el proceso del Acuerdo de Escaz\u00fa, enviamos una carta a la Secretaria del Acuerdo de Escaz\u00fa, para solicitar medidas para asegurar la participaci\u00f3n efectiva de personas y grupos en situaci\u00f3n de vulnerabilidad. Manifestamos nuestra preocupaci\u00f3n ante las limitantes que han sucedido, desde adelantar la fecha de inscripci\u00f3n al [&hellip;]<\/p>\n","protected":false},"author":2,"featured_media":3305,"comment_status":"open","ping_status":"open","sticky":false,"template":"","format":"standard","meta":{"om_disable_all_campaigns":false,"_monsterinsights_skip_tracking":false,"amp_status":"","footnotes":""},"categories":[111,5],"tags":[],"class_list":["post-4230","post","type-post","status-publish","format-standard","has-post-thumbnail","hentry","category-info-publica","category-noticias"],"aioseo_notices":[],"aioseo_head":"\n\t\t<!-- All in One SEO 4.9.10 - aioseo.com -->\n\t<meta name=\"description\" content=\"Organizaciones de la sociedad civil involucradas en el proceso del Acuerdo de Escaz\u00fa, enviamos una carta a la Secretaria del Acuerdo de Escaz\u00fa, para solicitar medidas para asegurar la participaci\u00f3n efectiva de personas y grupos en situaci\u00f3n de vulnerabilidad. Manifestamos nuestra preocupaci\u00f3n ante las limitantes que han sucedido, desde adelantar la fecha de inscripci\u00f3n al\" \/>\n\t<meta name=\"robots\" content=\"max-image-preview:large\" \/>\n\t<meta name=\"author\" content=\"Ana Lucia Vergara\"\/>\n\t<link rel=\"canonical\" href=\"https:\/\/cauceecologico.org\/?p=4230\" \/>\n\t<meta name=\"generator\" content=\"All in One SEO (AIOSEO) 4.9.10\" \/>\n\t\t<meta property=\"og:locale\" content=\"es_ES\" \/>\n\t\t<meta property=\"og:site_name\" content=\"CAUCE - Cultura Ambiental - Causa Ecologista\" \/>\n\t\t<meta property=\"og:type\" content=\"article\" \/>\n\t\t<meta property=\"og:title\" content=\"Carta de organizaciones a la CEPAL por la participaci\u00f3n en la COP2 - CAUCE\" \/>\n\t\t<meta property=\"og:description\" content=\"Organizaciones de la sociedad civil involucradas en el proceso del Acuerdo de Escaz\u00fa, enviamos una carta a la Secretaria del Acuerdo de Escaz\u00fa, para solicitar medidas para asegurar la participaci\u00f3n efectiva de personas y grupos en situaci\u00f3n de vulnerabilidad. Manifestamos nuestra preocupaci\u00f3n ante las limitantes que han sucedido, desde adelantar la fecha de inscripci\u00f3n al\" \/>\n\t\t<meta property=\"og:url\" content=\"https:\/\/cauceecologico.org\/?p=4230\" \/>\n\t\t<meta property=\"article:published_time\" content=\"2023-04-17T23:29:25+00:00\" \/>\n\t\t<meta property=\"article:modified_time\" content=\"2023-04-17T23:29:25+00:00\" \/>\n\t\t<meta name=\"twitter:card\" content=\"summary_large_image\" \/>\n\t\t<meta name=\"twitter:title\" content=\"Carta de organizaciones a la CEPAL por la participaci\u00f3n en la COP2 - CAUCE\" \/>\n\t\t<meta name=\"twitter:description\" content=\"Organizaciones de la sociedad civil involucradas en el proceso del Acuerdo de Escaz\u00fa, enviamos una carta a la Secretaria del Acuerdo de Escaz\u00fa, para solicitar medidas para asegurar la participaci\u00f3n efectiva de personas y grupos en situaci\u00f3n de vulnerabilidad. Manifestamos nuestra preocupaci\u00f3n ante las limitantes que han sucedido, desde adelantar la fecha de inscripci\u00f3n al\" \/>\n\t\t<script type=\"application\/ld+json\" class=\"aioseo-schema\">\n\t\t\t{\"@context\":\"https:\\\/\\\/schema.org\",\"@graph\":[{\"@type\":\"BlogPosting\",\"@id\":\"https:\\\/\\\/cauceecologico.org\\\/?p=4230#blogposting\",\"name\":\"Carta de organizaciones a la CEPAL por la participaci\\u00f3n en la COP2 - CAUCE\",\"headline\":\"Carta de organizaciones a la CEPAL por la participaci\\u00f3n en la COP2\",\"author\":{\"@id\":\"https:\\\/\\\/cauceecologico.org\\\/?author=2#author\"},\"publisher\":{\"@id\":\"https:\\\/\\\/cauceecologico.org\\\/#organization\"},\"image\":{\"@type\":\"ImageObject\",\"url\":\"https:\\\/\\\/cauceecologico.org\\\/wp-content\\\/uploads\\\/2021\\\/12\\\/democracia-latam-1024x692-1.jpg\",\"width\":1024,\"height\":692},\"datePublished\":\"2023-04-17T23:29:25+00:00\",\"dateModified\":\"2023-04-17T23:29:25+00:00\",\"inLanguage\":\"es-ES\",\"mainEntityOfPage\":{\"@id\":\"https:\\\/\\\/cauceecologico.org\\\/?p=4230#webpage\"},\"isPartOf\":{\"@id\":\"https:\\\/\\\/cauceecologico.org\\\/?p=4230#webpage\"},\"articleSection\":\"informaci\\u00f3n p\\u00fablica, Noticias\"},{\"@type\":\"BreadcrumbList\",\"@id\":\"https:\\\/\\\/cauceecologico.org\\\/?p=4230#breadcrumblist\",\"itemListElement\":[{\"@type\":\"ListItem\",\"@id\":\"https:\\\/\\\/cauceecologico.org#listItem\",\"position\":1,\"name\":\"Home\",\"item\":\"https:\\\/\\\/cauceecologico.org\",\"nextItem\":{\"@type\":\"ListItem\",\"@id\":\"https:\\\/\\\/cauceecologico.org\\\/?cat=5#listItem\",\"name\":\"Noticias\"}},{\"@type\":\"ListItem\",\"@id\":\"https:\\\/\\\/cauceecologico.org\\\/?cat=5#listItem\",\"position\":2,\"name\":\"Noticias\",\"item\":\"https:\\\/\\\/cauceecologico.org\\\/?cat=5\",\"nextItem\":{\"@type\":\"ListItem\",\"@id\":\"https:\\\/\\\/cauceecologico.org\\\/?p=4230#listItem\",\"name\":\"Carta de organizaciones a la CEPAL por la participaci\\u00f3n en la COP2\"},\"previousItem\":{\"@type\":\"ListItem\",\"@id\":\"https:\\\/\\\/cauceecologico.org#listItem\",\"name\":\"Home\"}},{\"@type\":\"ListItem\",\"@id\":\"https:\\\/\\\/cauceecologico.org\\\/?p=4230#listItem\",\"position\":3,\"name\":\"Carta de organizaciones a la CEPAL por la participaci\\u00f3n en la COP2\",\"previousItem\":{\"@type\":\"ListItem\",\"@id\":\"https:\\\/\\\/cauceecologico.org\\\/?cat=5#listItem\",\"name\":\"Noticias\"}}]},{\"@type\":\"Organization\",\"@id\":\"https:\\\/\\\/cauceecologico.org\\\/#organization\",\"name\":\"CAUCE\",\"description\":\"Cultura Ambiental - Causa Ecologista\",\"url\":\"https:\\\/\\\/cauceecologico.org\\\/\"},{\"@type\":\"Person\",\"@id\":\"https:\\\/\\\/cauceecologico.org\\\/?author=2#author\",\"url\":\"https:\\\/\\\/cauceecologico.org\\\/?author=2\",\"name\":\"Ana Lucia Vergara\",\"image\":{\"@type\":\"ImageObject\",\"@id\":\"https:\\\/\\\/cauceecologico.org\\\/?p=4230#authorImage\",\"url\":\"https:\\\/\\\/secure.gravatar.com\\\/avatar\\\/e8720df08f5c466573fb9f3d6cec14bcac9a305e2049123e58e6bc9c03f3a77b?s=96&d=mm&r=g\",\"width\":96,\"height\":96,\"caption\":\"Ana Lucia Vergara\"}},{\"@type\":\"WebPage\",\"@id\":\"https:\\\/\\\/cauceecologico.org\\\/?p=4230#webpage\",\"url\":\"https:\\\/\\\/cauceecologico.org\\\/?p=4230\",\"name\":\"Carta de organizaciones a la CEPAL por la participaci\\u00f3n en la COP2 - CAUCE\",\"description\":\"Organizaciones de la sociedad civil involucradas en el proceso del Acuerdo de Escaz\\u00fa, enviamos una carta a la Secretaria del Acuerdo de Escaz\\u00fa, para solicitar medidas para asegurar la participaci\\u00f3n efectiva de personas y grupos en situaci\\u00f3n de vulnerabilidad. Manifestamos nuestra preocupaci\\u00f3n ante las limitantes que han sucedido, desde adelantar la fecha de inscripci\\u00f3n al\",\"inLanguage\":\"es-ES\",\"isPartOf\":{\"@id\":\"https:\\\/\\\/cauceecologico.org\\\/#website\"},\"breadcrumb\":{\"@id\":\"https:\\\/\\\/cauceecologico.org\\\/?p=4230#breadcrumblist\"},\"author\":{\"@id\":\"https:\\\/\\\/cauceecologico.org\\\/?author=2#author\"},\"creator\":{\"@id\":\"https:\\\/\\\/cauceecologico.org\\\/?author=2#author\"},\"image\":{\"@type\":\"ImageObject\",\"url\":\"https:\\\/\\\/cauceecologico.org\\\/wp-content\\\/uploads\\\/2021\\\/12\\\/democracia-latam-1024x692-1.jpg\",\"@id\":\"https:\\\/\\\/cauceecologico.org\\\/?p=4230\\\/#mainImage\",\"width\":1024,\"height\":692},\"primaryImageOfPage\":{\"@id\":\"https:\\\/\\\/cauceecologico.org\\\/?p=4230#mainImage\"},\"datePublished\":\"2023-04-17T23:29:25+00:00\",\"dateModified\":\"2023-04-17T23:29:25+00:00\"},{\"@type\":\"WebSite\",\"@id\":\"https:\\\/\\\/cauceecologico.org\\\/#website\",\"url\":\"https:\\\/\\\/cauceecologico.org\\\/\",\"name\":\"CAUCE\",\"description\":\"Cultura Ambiental - Causa Ecologista\",\"inLanguage\":\"es-ES\",\"publisher\":{\"@id\":\"https:\\\/\\\/cauceecologico.org\\\/#organization\"}}]}\n\t\t<\/script>\n\t\t<!-- All in One SEO -->\n\n","aioseo_head_json":{"title":"Carta de organizaciones a la CEPAL por la participaci\u00f3n en la COP2 - CAUCE","description":"Organizaciones de la sociedad civil involucradas en el proceso del Acuerdo de Escaz\u00fa, enviamos una carta a la Secretaria del Acuerdo de Escaz\u00fa, para solicitar medidas para asegurar la participaci\u00f3n efectiva de personas y grupos en situaci\u00f3n de vulnerabilidad. Manifestamos nuestra preocupaci\u00f3n ante las limitantes que han sucedido, desde adelantar la fecha de inscripci\u00f3n al","canonical_url":"https:\/\/cauceecologico.org\/?p=4230","robots":"max-image-preview:large","keywords":"","webmasterTools":{"miscellaneous":""},"schema":{"@context":"https:\/\/schema.org","@graph":[{"@type":"BlogPosting","@id":"https:\/\/cauceecologico.org\/?p=4230#blogposting","name":"Carta de organizaciones a la CEPAL por la participaci\u00f3n en la COP2 - CAUCE","headline":"Carta de organizaciones a la CEPAL por la participaci\u00f3n en la COP2","author":{"@id":"https:\/\/cauceecologico.org\/?author=2#author"},"publisher":{"@id":"https:\/\/cauceecologico.org\/#organization"},"image":{"@type":"ImageObject","url":"https:\/\/cauceecologico.org\/wp-content\/uploads\/2021\/12\/democracia-latam-1024x692-1.jpg","width":1024,"height":692},"datePublished":"2023-04-17T23:29:25+00:00","dateModified":"2023-04-17T23:29:25+00:00","inLanguage":"es-ES","mainEntityOfPage":{"@id":"https:\/\/cauceecologico.org\/?p=4230#webpage"},"isPartOf":{"@id":"https:\/\/cauceecologico.org\/?p=4230#webpage"},"articleSection":"informaci\u00f3n p\u00fablica, Noticias"},{"@type":"BreadcrumbList","@id":"https:\/\/cauceecologico.org\/?p=4230#breadcrumblist","itemListElement":[{"@type":"ListItem","@id":"https:\/\/cauceecologico.org#listItem","position":1,"name":"Home","item":"https:\/\/cauceecologico.org","nextItem":{"@type":"ListItem","@id":"https:\/\/cauceecologico.org\/?cat=5#listItem","name":"Noticias"}},{"@type":"ListItem","@id":"https:\/\/cauceecologico.org\/?cat=5#listItem","position":2,"name":"Noticias","item":"https:\/\/cauceecologico.org\/?cat=5","nextItem":{"@type":"ListItem","@id":"https:\/\/cauceecologico.org\/?p=4230#listItem","name":"Carta de organizaciones a la CEPAL por la participaci\u00f3n en la COP2"},"previousItem":{"@type":"ListItem","@id":"https:\/\/cauceecologico.org#listItem","name":"Home"}},{"@type":"ListItem","@id":"https:\/\/cauceecologico.org\/?p=4230#listItem","position":3,"name":"Carta de organizaciones a la CEPAL por la participaci\u00f3n en la COP2","previousItem":{"@type":"ListItem","@id":"https:\/\/cauceecologico.org\/?cat=5#listItem","name":"Noticias"}}]},{"@type":"Organization","@id":"https:\/\/cauceecologico.org\/#organization","name":"CAUCE","description":"Cultura Ambiental - Causa Ecologista","url":"https:\/\/cauceecologico.org\/"},{"@type":"Person","@id":"https:\/\/cauceecologico.org\/?author=2#author","url":"https:\/\/cauceecologico.org\/?author=2","name":"Ana Lucia Vergara","image":{"@type":"ImageObject","@id":"https:\/\/cauceecologico.org\/?p=4230#authorImage","url":"https:\/\/secure.gravatar.com\/avatar\/e8720df08f5c466573fb9f3d6cec14bcac9a305e2049123e58e6bc9c03f3a77b?s=96&d=mm&r=g","width":96,"height":96,"caption":"Ana Lucia Vergara"}},{"@type":"WebPage","@id":"https:\/\/cauceecologico.org\/?p=4230#webpage","url":"https:\/\/cauceecologico.org\/?p=4230","name":"Carta de organizaciones a la CEPAL por la participaci\u00f3n en la COP2 - CAUCE","description":"Organizaciones de la sociedad civil involucradas en el proceso del Acuerdo de Escaz\u00fa, enviamos una carta a la Secretaria del Acuerdo de Escaz\u00fa, para solicitar medidas para asegurar la participaci\u00f3n efectiva de personas y grupos en situaci\u00f3n de vulnerabilidad. Manifestamos nuestra preocupaci\u00f3n ante las limitantes que han sucedido, desde adelantar la fecha de inscripci\u00f3n al","inLanguage":"es-ES","isPartOf":{"@id":"https:\/\/cauceecologico.org\/#website"},"breadcrumb":{"@id":"https:\/\/cauceecologico.org\/?p=4230#breadcrumblist"},"author":{"@id":"https:\/\/cauceecologico.org\/?author=2#author"},"creator":{"@id":"https:\/\/cauceecologico.org\/?author=2#author"},"image":{"@type":"ImageObject","url":"https:\/\/cauceecologico.org\/wp-content\/uploads\/2021\/12\/democracia-latam-1024x692-1.jpg","@id":"https:\/\/cauceecologico.org\/?p=4230\/#mainImage","width":1024,"height":692},"primaryImageOfPage":{"@id":"https:\/\/cauceecologico.org\/?p=4230#mainImage"},"datePublished":"2023-04-17T23:29:25+00:00","dateModified":"2023-04-17T23:29:25+00:00"},{"@type":"WebSite","@id":"https:\/\/cauceecologico.org\/#website","url":"https:\/\/cauceecologico.org\/","name":"CAUCE","description":"Cultura Ambiental - Causa Ecologista","inLanguage":"es-ES","publisher":{"@id":"https:\/\/cauceecologico.org\/#organization"}}]},"og:locale":"es_ES","og:site_name":"CAUCE - Cultura Ambiental - Causa Ecologista","og:type":"article","og:title":"Carta de organizaciones a la CEPAL por la participaci\u00f3n en la COP2 - CAUCE","og:description":"Organizaciones de la sociedad civil involucradas en el proceso del Acuerdo de Escaz\u00fa, enviamos una carta a la Secretaria del Acuerdo de Escaz\u00fa, para solicitar medidas para asegurar la participaci\u00f3n efectiva de personas y grupos en situaci\u00f3n de vulnerabilidad. Manifestamos nuestra preocupaci\u00f3n ante las limitantes que han sucedido, desde adelantar la fecha de inscripci\u00f3n al","og:url":"https:\/\/cauceecologico.org\/?p=4230","article:published_time":"2023-04-17T23:29:25+00:00","article:modified_time":"2023-04-17T23:29:25+00:00","twitter:card":"summary_large_image","twitter:title":"Carta de organizaciones a la CEPAL por la participaci\u00f3n en la COP2 - CAUCE","twitter:description":"Organizaciones de la sociedad civil involucradas en el proceso del Acuerdo de Escaz\u00fa, enviamos una carta a la Secretaria del Acuerdo de Escaz\u00fa, para solicitar medidas para asegurar la participaci\u00f3n efectiva de personas y grupos en situaci\u00f3n de vulnerabilidad. Manifestamos nuestra preocupaci\u00f3n ante las limitantes que han sucedido, desde adelantar la fecha de inscripci\u00f3n al"},"aioseo_meta_data":{"post_id":"4230","title":null,"description":null,"keywords":[],"keyphrases":{"focus":{"keyphrase":"","score":0,"analysis":{"keyphraseInTitle":{"score":0,"maxScore":9,"error":1}}},"additional":[]},"primary_term":null,"canonical_url":null,"og_title":null,"og_description":null,"og_object_type":"default","og_image_type":"default","og_image_url":null,"og_image_width":null,"og_image_height":null,"og_image_custom_url":null,"og_image_custom_fields":null,"og_video":"","og_custom_url":null,"og_article_section":null,"og_article_tags":[],"twitter_use_og":false,"twitter_card":"default","twitter_image_type":"default","twitter_image_url":null,"twitter_image_custom_url":null,"twitter_image_custom_fields":null,"twitter_title":null,"twitter_description":null,"schema":{"blockGraphs":[],"customGraphs":[],"default":{"data":{"Article":[],"Course":[],"Dataset":[],"FAQPage":[],"Movie":[],"Person":[],"Product":[],"ProductReview":[],"Car":[],"Recipe":[],"Service":[],"SoftwareApplication":[],"WebPage":[]},"graphName":"BlogPosting","isEnabled":true},"graphs":[]},"schema_type":"default","schema_type_options":null,"pillar_content":false,"robots_default":true,"robots_noindex":false,"robots_noarchive":false,"robots_nosnippet":false,"robots_nofollow":false,"robots_noimageindex":false,"robots_noodp":false,"robots_notranslate":false,"robots_max_snippet":"-1","robots_max_videopreview":"-1","robots_max_imagepreview":"large","priority":null,"frequency":"default","local_seo":null,"limit_modified_date":false,"created":"2023-04-17 23:29:25","updated":"2026-07-28 01:49:44","ai":null,"breadcrumb_settings":null,"seo_analyzer_scan_date":null},"aioseo_breadcrumb":"<div class=\"aioseo-breadcrumbs\"><span class=\"aioseo-breadcrumb\">\n\t\t\t<a href=\"https:\/\/cauceecologico.org\" title=\"Home\">Home<\/a>\n\t\t<\/span><span class=\"aioseo-breadcrumb-separator\">&raquo;<\/span><span class=\"aioseo-breadcrumb\">\n\t\t\t<a href=\"https:\/\/cauceecologico.org\/?cat=5\" title=\"Noticias\">Noticias<\/a>\n\t\t<\/span><span class=\"aioseo-breadcrumb-separator\">&raquo;<\/span><span class=\"aioseo-breadcrumb\">\n\t\t\tCarta de organizaciones a la CEPAL por la participaci\u00f3n en la COP2\n\t\t<\/span><\/div>","aioseo_breadcrumb_json":[{"label":"Home","link":"https:\/\/cauceecologico.org"},{"label":"Noticias","link":"https:\/\/cauceecologico.org\/?cat=5"},{"label":"Carta de organizaciones a la CEPAL por la participaci\u00f3n en la COP2","link":"https:\/\/cauceecologico.org\/?p=4230"}],"_links":{"self":[{"href":"https:\/\/cauceecologico.org\/index.php?rest_route=\/wp\/v2\/posts\/4230","targetHints":{"allow":["GET"]}}],"collection":[{"href":"https:\/\/cauceecologico.org\/index.php?rest_route=\/wp\/v2\/posts"}],"about":[{"href":"https:\/\/cauceecologico.org\/index.php?rest_route=\/wp\/v2\/types\/post"}],"author":[{"embeddable":true,"href":"https:\/\/cauceecologico.org\/index.php?rest_route=\/wp\/v2\/users\/2"}],"replies":[{"embeddable":true,"href":"https:\/\/cauceecologico.org\/index.php?rest_route=%2Fwp%2Fv2%2Fcomments&post=4230"}],"version-history":[{"count":1,"href":"https:\/\/cauceecologico.org\/index.php?rest_route=\/wp\/v2\/posts\/4230\/revisions"}],"predecessor-version":[{"id":4232,"href":"https:\/\/cauceecologico.org\/index.php?rest_route=\/wp\/v2\/posts\/4230\/revisions\/4232"}],"wp:featuredmedia":[{"embeddable":true,"href":"https:\/\/cauceecologico.org\/index.php?rest_route=\/wp\/v2\/media\/3305"}],"wp:attachment":[{"href":"https:\/\/cauceecologico.org\/index.php?rest_route=%2Fwp%2Fv2%2Fmedia&parent=4230"}],"wp:term":[{"taxonomy":"category","embeddable":true,"href":"https:\/\/cauceecologico.org\/index.php?rest_route=%2Fwp%2Fv2%2Fcategories&post=4230"},{"taxonomy":"post_tag","embeddable":true,"href":"https:\/\/cauceecologico.org\/index.php?rest_route=%2Fwp%2Fv2%2Ftags&post=4230"}],"curies":[{"name":"wp","href":"https:\/\/api.w.org\/{rel}","templated":true}]}}