{"id":4236,"date":"2023-04-18T15:24:19","date_gmt":"2023-04-18T15:24:19","guid":{"rendered":"https:\/\/cauceecologico.org\/?p=4236"},"modified":"2023-04-28T14:24:01","modified_gmt":"2023-04-28T14:24:01","slug":"cauce-invita-a-una-ronda-de-charla-sobre-salud-integral-y-ambiente","status":"publish","type":"post","link":"https:\/\/cauceecologico.org\/?p=4236","title":{"rendered":"Otra ronda: charla sobre salud integral y ambiente"},"content":{"rendered":"<p><span style=\"font-weight: 400;\">En el mes de la salud, Fundaci\u00f3n CAUCE invita a participar de \u201cOtra ronda\u201d, una reuni\u00f3n de tres mujeres que, desde diferentes disciplinas, compartir\u00e1n sus perspectivas para adquirir y promover pr\u00e1cticas de salud integral, respetuosas con otros seres vivos y el ambiente. Se trata de la m\u00e9dica Florencia Ariza; la emprendedora y herbolaria Mar\u00eda Guadalupe Canto y la nutricionista Glenda Mangia.<\/span><\/p>\n<p><span style=\"font-weight: 400;\">El jueves 20 de abril a partir de las 18:00, en una charla en el bar Cantinero Entrerriano (Laurencena 375, Paran\u00e1), las invitadas conversar\u00e1n sobre plantas medicinales en tratamientos m\u00e9dicos, salud de la piel a partir de plantas, nutrici\u00f3n a base de alimentos de origen vegetal y de producci\u00f3n sin qu\u00edmicos.\u00a0<\/span><\/p>\n<p><span style=\"font-weight: 400;\">La actividad est\u00e1 organizada en el marco del trabajo que CAUCE realiza en torno a la divulgaci\u00f3n de informaci\u00f3n sobre alimentaci\u00f3n y nutrici\u00f3n, desde una perspectiva de derechos, sostenibilidad ambiental y soberan\u00eda. La licenciada en Nutrici\u00f3n Glenda Mangia, integrante de la Fundaci\u00f3n, ha desarrollado con este objetivo dos documentos de inter\u00e9s que pueden descargarse libremente: <\/span><a href=\"https:\/\/cauceecologico.org\/wp-content\/uploads\/2022\/07\/Alimentacion-sana-segura-y-soberana-final.pdf\"><i><span style=\"font-weight: 400;\">Alimentaci\u00f3n sana, segura y soberana<\/span><\/i><\/a><span style=\"font-weight: 400;\"> y <\/span><a href=\"https:\/\/cauceecologico.org\/wp-content\/uploads\/2023\/01\/guiadeestrategias.pdf\"><i><span style=\"font-weight: 400;\">Gu\u00eda de estrategias para una alimentaci\u00f3n sostenible<\/span><\/i><\/a><span style=\"font-weight: 400;\">.<\/span><\/p>\n<p><span style=\"font-weight: 400;\">\u00abEn cada elecci\u00f3n alimentaria se ponen en juego un entramado de acciones que tienen un impacto social, pol\u00edtico, econ\u00f3mico y ambiental y es por esto que el acto de comer y cocinar conlleva una responsabilidad colectiva que va de la tierra al plato\u00bb, advierte el \u00faltimo material publicado. En este sentido, la apuesta ser\u00e1 ampliar la charla hacia el campo de los productos que elegimos para nuestro cuidado e higiene personal; as\u00ed como la manera en que entendemos la salud y la medicina.\u00a0<\/span><\/p>\n<p>&nbsp;<\/p>\n","protected":false},"excerpt":{"rendered":"<p>En el mes de la salud, Fundaci\u00f3n CAUCE invita a participar de \u201cOtra ronda\u201d, una reuni\u00f3n de tres mujeres que, desde diferentes disciplinas, compartir\u00e1n sus perspectivas para adquirir y promover pr\u00e1cticas de salud integral, respetuosas con otros seres vivos y el ambiente. Se trata de la m\u00e9dica Florencia Ariza; la emprendedora y herbolaria Mar\u00eda Guadalupe [&hellip;]<\/p>\n","protected":false},"author":2,"featured_media":3407,"comment_status":"open","ping_status":"open","sticky":false,"template":"","format":"standard","meta":{"om_disable_all_campaigns":false,"_monsterinsights_skip_tracking":false,"amp_status":"","footnotes":""},"categories":[274,5],"tags":[],"class_list":["post-4236","post","type-post","status-publish","format-standard","has-post-thumbnail","hentry","category-agroecologia","category-noticias"],"aioseo_notices":[],"aioseo_head":"\n\t\t<!-- All in One SEO 4.9.10 - aioseo.com -->\n\t<meta name=\"description\" content=\"En el mes de la salud, Fundaci\u00f3n CAUCE invita a participar de \u201cOtra ronda\u201d, una reuni\u00f3n de tres mujeres que, desde diferentes disciplinas, compartir\u00e1n sus perspectivas para adquirir y promover pr\u00e1cticas de salud integral, respetuosas con otros seres vivos y el ambiente. Se trata de la m\u00e9dica Florencia Ariza; la emprendedora y herbolaria Mar\u00eda Guadalupe\" \/>\n\t<meta name=\"robots\" content=\"max-image-preview:large\" \/>\n\t<meta name=\"author\" content=\"Ana Lucia Vergara\"\/>\n\t<link rel=\"canonical\" href=\"https:\/\/cauceecologico.org\/?p=4236\" \/>\n\t<meta name=\"generator\" content=\"All in One SEO (AIOSEO) 4.9.10\" \/>\n\t\t<meta property=\"og:locale\" content=\"es_ES\" \/>\n\t\t<meta property=\"og:site_name\" content=\"CAUCE - Cultura Ambiental - Causa Ecologista\" \/>\n\t\t<meta property=\"og:type\" content=\"article\" \/>\n\t\t<meta property=\"og:title\" content=\"Otra ronda: charla sobre salud integral y ambiente - CAUCE\" \/>\n\t\t<meta property=\"og:description\" content=\"En el mes de la salud, Fundaci\u00f3n CAUCE invita a participar de \u201cOtra ronda\u201d, una reuni\u00f3n de tres mujeres que, desde diferentes disciplinas, compartir\u00e1n sus perspectivas para adquirir y promover pr\u00e1cticas de salud integral, respetuosas con otros seres vivos y el ambiente. Se trata de la m\u00e9dica Florencia Ariza; la emprendedora y herbolaria Mar\u00eda Guadalupe\" \/>\n\t\t<meta property=\"og:url\" content=\"https:\/\/cauceecologico.org\/?p=4236\" \/>\n\t\t<meta property=\"article:published_time\" content=\"2023-04-18T15:24:19+00:00\" \/>\n\t\t<meta property=\"article:modified_time\" content=\"2023-04-28T14:24:01+00:00\" \/>\n\t\t<meta name=\"twitter:card\" content=\"summary_large_image\" \/>\n\t\t<meta name=\"twitter:title\" content=\"Otra ronda: charla sobre salud integral y ambiente - CAUCE\" \/>\n\t\t<meta name=\"twitter:description\" content=\"En el mes de la salud, Fundaci\u00f3n CAUCE invita a participar de \u201cOtra ronda\u201d, una reuni\u00f3n de tres mujeres que, desde diferentes disciplinas, compartir\u00e1n sus perspectivas para adquirir y promover pr\u00e1cticas de salud integral, respetuosas con otros seres vivos y el ambiente. Se trata de la m\u00e9dica Florencia Ariza; la emprendedora y herbolaria Mar\u00eda Guadalupe\" \/>\n\t\t<script type=\"application\/ld+json\" class=\"aioseo-schema\">\n\t\t\t{\"@context\":\"https:\\\/\\\/schema.org\",\"@graph\":[{\"@type\":\"BlogPosting\",\"@id\":\"https:\\\/\\\/cauceecologico.org\\\/?p=4236#blogposting\",\"name\":\"Otra ronda: charla sobre salud integral y ambiente - CAUCE\",\"headline\":\"Otra ronda: charla sobre salud integral y ambiente\",\"author\":{\"@id\":\"https:\\\/\\\/cauceecologico.org\\\/?author=2#author\"},\"publisher\":{\"@id\":\"https:\\\/\\\/cauceecologico.org\\\/#organization\"},\"image\":{\"@type\":\"ImageObject\",\"url\":\"https:\\\/\\\/cauceecologico.org\\\/wp-content\\\/uploads\\\/2022\\\/01\\\/52_VillaUrquiza-scaled.jpg\",\"width\":2560,\"height\":1709},\"datePublished\":\"2023-04-18T15:24:19+00:00\",\"dateModified\":\"2023-04-28T14:24:01+00:00\",\"inLanguage\":\"es-ES\",\"mainEntityOfPage\":{\"@id\":\"https:\\\/\\\/cauceecologico.org\\\/?p=4236#webpage\"},\"isPartOf\":{\"@id\":\"https:\\\/\\\/cauceecologico.org\\\/?p=4236#webpage\"},\"articleSection\":\"Agroecolog\\u00eda, Noticias\"},{\"@type\":\"BreadcrumbList\",\"@id\":\"https:\\\/\\\/cauceecologico.org\\\/?p=4236#breadcrumblist\",\"itemListElement\":[{\"@type\":\"ListItem\",\"@id\":\"https:\\\/\\\/cauceecologico.org#listItem\",\"position\":1,\"name\":\"Home\",\"item\":\"https:\\\/\\\/cauceecologico.org\",\"nextItem\":{\"@type\":\"ListItem\",\"@id\":\"https:\\\/\\\/cauceecologico.org\\\/?cat=5#listItem\",\"name\":\"Noticias\"}},{\"@type\":\"ListItem\",\"@id\":\"https:\\\/\\\/cauceecologico.org\\\/?cat=5#listItem\",\"position\":2,\"name\":\"Noticias\",\"item\":\"https:\\\/\\\/cauceecologico.org\\\/?cat=5\",\"nextItem\":{\"@type\":\"ListItem\",\"@id\":\"https:\\\/\\\/cauceecologico.org\\\/?p=4236#listItem\",\"name\":\"Otra ronda: charla sobre salud integral y ambiente\"},\"previousItem\":{\"@type\":\"ListItem\",\"@id\":\"https:\\\/\\\/cauceecologico.org#listItem\",\"name\":\"Home\"}},{\"@type\":\"ListItem\",\"@id\":\"https:\\\/\\\/cauceecologico.org\\\/?p=4236#listItem\",\"position\":3,\"name\":\"Otra ronda: charla sobre salud integral y ambiente\",\"previousItem\":{\"@type\":\"ListItem\",\"@id\":\"https:\\\/\\\/cauceecologico.org\\\/?cat=5#listItem\",\"name\":\"Noticias\"}}]},{\"@type\":\"Organization\",\"@id\":\"https:\\\/\\\/cauceecologico.org\\\/#organization\",\"name\":\"CAUCE\",\"description\":\"Cultura Ambiental - Causa Ecologista\",\"url\":\"https:\\\/\\\/cauceecologico.org\\\/\"},{\"@type\":\"Person\",\"@id\":\"https:\\\/\\\/cauceecologico.org\\\/?author=2#author\",\"url\":\"https:\\\/\\\/cauceecologico.org\\\/?author=2\",\"name\":\"Ana Lucia Vergara\",\"image\":{\"@type\":\"ImageObject\",\"@id\":\"https:\\\/\\\/cauceecologico.org\\\/?p=4236#authorImage\",\"url\":\"https:\\\/\\\/secure.gravatar.com\\\/avatar\\\/e8720df08f5c466573fb9f3d6cec14bcac9a305e2049123e58e6bc9c03f3a77b?s=96&d=mm&r=g\",\"width\":96,\"height\":96,\"caption\":\"Ana Lucia Vergara\"}},{\"@type\":\"WebPage\",\"@id\":\"https:\\\/\\\/cauceecologico.org\\\/?p=4236#webpage\",\"url\":\"https:\\\/\\\/cauceecologico.org\\\/?p=4236\",\"name\":\"Otra ronda: charla sobre salud integral y ambiente - CAUCE\",\"description\":\"En el mes de la salud, Fundaci\\u00f3n CAUCE invita a participar de \\u201cOtra ronda\\u201d, una reuni\\u00f3n de tres mujeres que, desde diferentes disciplinas, compartir\\u00e1n sus perspectivas para adquirir y promover pr\\u00e1cticas de salud integral, respetuosas con otros seres vivos y el ambiente. Se trata de la m\\u00e9dica Florencia Ariza; la emprendedora y herbolaria Mar\\u00eda Guadalupe\",\"inLanguage\":\"es-ES\",\"isPartOf\":{\"@id\":\"https:\\\/\\\/cauceecologico.org\\\/#website\"},\"breadcrumb\":{\"@id\":\"https:\\\/\\\/cauceecologico.org\\\/?p=4236#breadcrumblist\"},\"author\":{\"@id\":\"https:\\\/\\\/cauceecologico.org\\\/?author=2#author\"},\"creator\":{\"@id\":\"https:\\\/\\\/cauceecologico.org\\\/?author=2#author\"},\"image\":{\"@type\":\"ImageObject\",\"url\":\"https:\\\/\\\/cauceecologico.org\\\/wp-content\\\/uploads\\\/2022\\\/01\\\/52_VillaUrquiza-scaled.jpg\",\"@id\":\"https:\\\/\\\/cauceecologico.org\\\/?p=4236\\\/#mainImage\",\"width\":2560,\"height\":1709},\"primaryImageOfPage\":{\"@id\":\"https:\\\/\\\/cauceecologico.org\\\/?p=4236#mainImage\"},\"datePublished\":\"2023-04-18T15:24:19+00:00\",\"dateModified\":\"2023-04-28T14:24:01+00:00\"},{\"@type\":\"WebSite\",\"@id\":\"https:\\\/\\\/cauceecologico.org\\\/#website\",\"url\":\"https:\\\/\\\/cauceecologico.org\\\/\",\"name\":\"CAUCE\",\"description\":\"Cultura Ambiental - Causa Ecologista\",\"inLanguage\":\"es-ES\",\"publisher\":{\"@id\":\"https:\\\/\\\/cauceecologico.org\\\/#organization\"}}]}\n\t\t<\/script>\n\t\t<!-- All in One SEO -->\n\n","aioseo_head_json":{"title":"Otra ronda: charla sobre salud integral y ambiente - CAUCE","description":"En el mes de la salud, Fundaci\u00f3n CAUCE invita a participar de \u201cOtra ronda\u201d, una reuni\u00f3n de tres mujeres que, desde diferentes disciplinas, compartir\u00e1n sus perspectivas para adquirir y promover pr\u00e1cticas de salud integral, respetuosas con otros seres vivos y el ambiente. Se trata de la m\u00e9dica Florencia Ariza; la emprendedora y herbolaria Mar\u00eda Guadalupe","canonical_url":"https:\/\/cauceecologico.org\/?p=4236","robots":"max-image-preview:large","keywords":"","webmasterTools":{"miscellaneous":""},"schema":{"@context":"https:\/\/schema.org","@graph":[{"@type":"BlogPosting","@id":"https:\/\/cauceecologico.org\/?p=4236#blogposting","name":"Otra ronda: charla sobre salud integral y ambiente - CAUCE","headline":"Otra ronda: charla sobre salud integral y ambiente","author":{"@id":"https:\/\/cauceecologico.org\/?author=2#author"},"publisher":{"@id":"https:\/\/cauceecologico.org\/#organization"},"image":{"@type":"ImageObject","url":"https:\/\/cauceecologico.org\/wp-content\/uploads\/2022\/01\/52_VillaUrquiza-scaled.jpg","width":2560,"height":1709},"datePublished":"2023-04-18T15:24:19+00:00","dateModified":"2023-04-28T14:24:01+00:00","inLanguage":"es-ES","mainEntityOfPage":{"@id":"https:\/\/cauceecologico.org\/?p=4236#webpage"},"isPartOf":{"@id":"https:\/\/cauceecologico.org\/?p=4236#webpage"},"articleSection":"Agroecolog\u00eda, Noticias"},{"@type":"BreadcrumbList","@id":"https:\/\/cauceecologico.org\/?p=4236#breadcrumblist","itemListElement":[{"@type":"ListItem","@id":"https:\/\/cauceecologico.org#listItem","position":1,"name":"Home","item":"https:\/\/cauceecologico.org","nextItem":{"@type":"ListItem","@id":"https:\/\/cauceecologico.org\/?cat=5#listItem","name":"Noticias"}},{"@type":"ListItem","@id":"https:\/\/cauceecologico.org\/?cat=5#listItem","position":2,"name":"Noticias","item":"https:\/\/cauceecologico.org\/?cat=5","nextItem":{"@type":"ListItem","@id":"https:\/\/cauceecologico.org\/?p=4236#listItem","name":"Otra ronda: charla sobre salud integral y ambiente"},"previousItem":{"@type":"ListItem","@id":"https:\/\/cauceecologico.org#listItem","name":"Home"}},{"@type":"ListItem","@id":"https:\/\/cauceecologico.org\/?p=4236#listItem","position":3,"name":"Otra ronda: charla sobre salud integral y ambiente","previousItem":{"@type":"ListItem","@id":"https:\/\/cauceecologico.org\/?cat=5#listItem","name":"Noticias"}}]},{"@type":"Organization","@id":"https:\/\/cauceecologico.org\/#organization","name":"CAUCE","description":"Cultura Ambiental - Causa Ecologista","url":"https:\/\/cauceecologico.org\/"},{"@type":"Person","@id":"https:\/\/cauceecologico.org\/?author=2#author","url":"https:\/\/cauceecologico.org\/?author=2","name":"Ana Lucia Vergara","image":{"@type":"ImageObject","@id":"https:\/\/cauceecologico.org\/?p=4236#authorImage","url":"https:\/\/secure.gravatar.com\/avatar\/e8720df08f5c466573fb9f3d6cec14bcac9a305e2049123e58e6bc9c03f3a77b?s=96&d=mm&r=g","width":96,"height":96,"caption":"Ana Lucia Vergara"}},{"@type":"WebPage","@id":"https:\/\/cauceecologico.org\/?p=4236#webpage","url":"https:\/\/cauceecologico.org\/?p=4236","name":"Otra ronda: charla sobre salud integral y ambiente - CAUCE","description":"En el mes de la salud, Fundaci\u00f3n CAUCE invita a participar de \u201cOtra ronda\u201d, una reuni\u00f3n de tres mujeres que, desde diferentes disciplinas, compartir\u00e1n sus perspectivas para adquirir y promover pr\u00e1cticas de salud integral, respetuosas con otros seres vivos y el ambiente. Se trata de la m\u00e9dica Florencia Ariza; la emprendedora y herbolaria Mar\u00eda Guadalupe","inLanguage":"es-ES","isPartOf":{"@id":"https:\/\/cauceecologico.org\/#website"},"breadcrumb":{"@id":"https:\/\/cauceecologico.org\/?p=4236#breadcrumblist"},"author":{"@id":"https:\/\/cauceecologico.org\/?author=2#author"},"creator":{"@id":"https:\/\/cauceecologico.org\/?author=2#author"},"image":{"@type":"ImageObject","url":"https:\/\/cauceecologico.org\/wp-content\/uploads\/2022\/01\/52_VillaUrquiza-scaled.jpg","@id":"https:\/\/cauceecologico.org\/?p=4236\/#mainImage","width":2560,"height":1709},"primaryImageOfPage":{"@id":"https:\/\/cauceecologico.org\/?p=4236#mainImage"},"datePublished":"2023-04-18T15:24:19+00:00","dateModified":"2023-04-28T14:24:01+00:00"},{"@type":"WebSite","@id":"https:\/\/cauceecologico.org\/#website","url":"https:\/\/cauceecologico.org\/","name":"CAUCE","description":"Cultura Ambiental - Causa Ecologista","inLanguage":"es-ES","publisher":{"@id":"https:\/\/cauceecologico.org\/#organization"}}]},"og:locale":"es_ES","og:site_name":"CAUCE - Cultura Ambiental - Causa Ecologista","og:type":"article","og:title":"Otra ronda: charla sobre salud integral y ambiente - CAUCE","og:description":"En el mes de la salud, Fundaci\u00f3n CAUCE invita a participar de \u201cOtra ronda\u201d, una reuni\u00f3n de tres mujeres que, desde diferentes disciplinas, compartir\u00e1n sus perspectivas para adquirir y promover pr\u00e1cticas de salud integral, respetuosas con otros seres vivos y el ambiente. Se trata de la m\u00e9dica Florencia Ariza; la emprendedora y herbolaria Mar\u00eda Guadalupe","og:url":"https:\/\/cauceecologico.org\/?p=4236","article:published_time":"2023-04-18T15:24:19+00:00","article:modified_time":"2023-04-28T14:24:01+00:00","twitter:card":"summary_large_image","twitter:title":"Otra ronda: charla sobre salud integral y ambiente - CAUCE","twitter:description":"En el mes de la salud, Fundaci\u00f3n CAUCE invita a participar de \u201cOtra ronda\u201d, una reuni\u00f3n de tres mujeres que, desde diferentes disciplinas, compartir\u00e1n sus perspectivas para adquirir y promover pr\u00e1cticas de salud integral, respetuosas con otros seres vivos y el ambiente. Se trata de la m\u00e9dica Florencia Ariza; la emprendedora y herbolaria Mar\u00eda Guadalupe"},"aioseo_meta_data":{"post_id":"4236","title":null,"description":null,"keywords":[],"keyphrases":{"focus":{"keyphrase":"","score":0,"analysis":{"keyphraseInTitle":{"score":0,"maxScore":9,"error":1}}},"additional":[]},"primary_term":null,"canonical_url":null,"og_title":null,"og_description":null,"og_object_type":"default","og_image_type":"default","og_image_url":null,"og_image_width":null,"og_image_height":null,"og_image_custom_url":null,"og_image_custom_fields":null,"og_video":"","og_custom_url":null,"og_article_section":null,"og_article_tags":[],"twitter_use_og":false,"twitter_card":"default","twitter_image_type":"default","twitter_image_url":null,"twitter_image_custom_url":null,"twitter_image_custom_fields":null,"twitter_title":null,"twitter_description":null,"schema":{"blockGraphs":[],"customGraphs":[],"default":{"data":{"Article":[],"Course":[],"Dataset":[],"FAQPage":[],"Movie":[],"Person":[],"Product":[],"ProductReview":[],"Car":[],"Recipe":[],"Service":[],"SoftwareApplication":[],"WebPage":[]},"graphName":"BlogPosting","isEnabled":true},"graphs":[]},"schema_type":"default","schema_type_options":null,"pillar_content":false,"robots_default":true,"robots_noindex":false,"robots_noarchive":false,"robots_nosnippet":false,"robots_nofollow":false,"robots_noimageindex":false,"robots_noodp":false,"robots_notranslate":false,"robots_max_snippet":"-1","robots_max_videopreview":"-1","robots_max_imagepreview":"large","priority":null,"frequency":"default","local_seo":null,"limit_modified_date":false,"created":"2023-04-18 15:24:19","updated":"2026-07-28 01:49:44","ai":null,"breadcrumb_settings":null,"seo_analyzer_scan_date":null},"aioseo_breadcrumb":"<div class=\"aioseo-breadcrumbs\"><span class=\"aioseo-breadcrumb\">\n\t\t\t<a href=\"https:\/\/cauceecologico.org\" title=\"Home\">Home<\/a>\n\t\t<\/span><span class=\"aioseo-breadcrumb-separator\">&raquo;<\/span><span class=\"aioseo-breadcrumb\">\n\t\t\t<a href=\"https:\/\/cauceecologico.org\/?cat=5\" title=\"Noticias\">Noticias<\/a>\n\t\t<\/span><span class=\"aioseo-breadcrumb-separator\">&raquo;<\/span><span class=\"aioseo-breadcrumb\">\n\t\t\tOtra ronda: charla sobre salud integral y ambiente\n\t\t<\/span><\/div>","aioseo_breadcrumb_json":[{"label":"Home","link":"https:\/\/cauceecologico.org"},{"label":"Noticias","link":"https:\/\/cauceecologico.org\/?cat=5"},{"label":"Otra ronda: charla sobre salud integral y ambiente","link":"https:\/\/cauceecologico.org\/?p=4236"}],"_links":{"self":[{"href":"https:\/\/cauceecologico.org\/index.php?rest_route=\/wp\/v2\/posts\/4236","targetHints":{"allow":["GET"]}}],"collection":[{"href":"https:\/\/cauceecologico.org\/index.php?rest_route=\/wp\/v2\/posts"}],"about":[{"href":"https:\/\/cauceecologico.org\/index.php?rest_route=\/wp\/v2\/types\/post"}],"author":[{"embeddable":true,"href":"https:\/\/cauceecologico.org\/index.php?rest_route=\/wp\/v2\/users\/2"}],"replies":[{"embeddable":true,"href":"https:\/\/cauceecologico.org\/index.php?rest_route=%2Fwp%2Fv2%2Fcomments&post=4236"}],"version-history":[{"count":4,"href":"https:\/\/cauceecologico.org\/index.php?rest_route=\/wp\/v2\/posts\/4236\/revisions"}],"predecessor-version":[{"id":4265,"href":"https:\/\/cauceecologico.org\/index.php?rest_route=\/wp\/v2\/posts\/4236\/revisions\/4265"}],"wp:featuredmedia":[{"embeddable":true,"href":"https:\/\/cauceecologico.org\/index.php?rest_route=\/wp\/v2\/media\/3407"}],"wp:attachment":[{"href":"https:\/\/cauceecologico.org\/index.php?rest_route=%2Fwp%2Fv2%2Fmedia&parent=4236"}],"wp:term":[{"taxonomy":"category","embeddable":true,"href":"https:\/\/cauceecologico.org\/index.php?rest_route=%2Fwp%2Fv2%2Fcategories&post=4236"},{"taxonomy":"post_tag","embeddable":true,"href":"https:\/\/cauceecologico.org\/index.php?rest_route=%2Fwp%2Fv2%2Ftags&post=4236"}],"curies":[{"name":"wp","href":"https:\/\/api.w.org\/{rel}","templated":true}]}}