{"id":4252,"date":"2023-04-25T15:04:04","date_gmt":"2023-04-25T15:04:04","guid":{"rendered":"https:\/\/cauceecologico.org\/?p=4252"},"modified":"2023-04-25T15:11:03","modified_gmt":"2023-04-25T15:11:03","slug":"arenas-siliceas-solicitamos-informacion-a-las-secretarias-de-mineria-y-ambiente-de-la-provincia","status":"publish","type":"post","link":"https:\/\/cauceecologico.org\/?p=4252","title":{"rendered":"Arenas sil\u00edceas: solicitamos informaci\u00f3n a las secretarias de miner\u00eda y ambiente de la provincia"},"content":{"rendered":"<p><span style=\"font-weight: 400;\">En el marco del monitoreo y seguimiento que realizamos sobre la <\/span>extracci\u00f3n y comercializaci\u00f3n de arenas sil\u00edceas en nuestra provincia<b>, <\/b>Fundaci\u00f3n CAUCE present\u00f3 solicitudes de acceso a la informaci\u00f3n p\u00fablica ambiental ante el secretario de Miner\u00eda, Dr. Jos\u00e9 Mar\u00eda Leiva Ch\u00e1vez, y la secretaria de ambiente, Ing. Mar\u00eda Daniela Garc\u00eda.<\/p>\n<p>Las solicitudes, presentadas el 19 de abril, requieren informaci\u00f3n sobre:<\/p>\n<ol>\n<li>La lista de las empresas o particulares que se dediquen a la extracci\u00f3n de arenas sil\u00edceas en la provincia, sea de cantera o de lecho de curso de agua (comprendiendo r\u00edos, riachos y arroyos), su ubicaci\u00f3n georreferenciada y el estado de sus Certificados de Aptitud Ambiental.\u00a0 <span style=\"font-weight: 400;\">Para el caso de extracci\u00f3n de arenas en R\u00edos,\u00a0 se pidi\u00f3 a la SAER que indique la cantidad de toneladas que se encuentra extrayendo seg\u00fan sus registros.<\/span><\/li>\n<li>N\u00f3mina de las plantas que se dediquen al procesamiento de arenas, indicando su ubicaci\u00f3n geo-referenciada y si cuentan con el Certificado de Aptitud Ambiental (detallando vigencia y fechas de otorgamiento).<\/li>\n<li><span style=\"font-weight: 400;\">Listado de empresas o particulares que est\u00e9n tramitando el Certificado de Aptitud Ambiental para la realizaci\u00f3n de esta actividad, as\u00ed como aquellos\/as que est\u00e9n en proceso de renovaci\u00f3n de los mismos, indicando expresamente el d\u00eda\/mes\/a\u00f1o de su vencimiento.\u00a0<\/span><\/li>\n<\/ol>\n<p><span style=\"font-weight: 400;\">Asimismo, se solicit\u00f3 <\/span><b>copias<\/b><span style=\"font-weight: 400;\"> de documentos pertinentes.\u00a0<\/span><\/p>\n","protected":false},"excerpt":{"rendered":"<p>En el marco del monitoreo y seguimiento que realizamos sobre la extracci\u00f3n y comercializaci\u00f3n de arenas sil\u00edceas en nuestra provincia, Fundaci\u00f3n CAUCE present\u00f3 solicitudes de acceso a la informaci\u00f3n p\u00fablica ambiental ante el secretario de Miner\u00eda, Dr. Jos\u00e9 Mar\u00eda Leiva Ch\u00e1vez, y la secretaria de ambiente, Ing. Mar\u00eda Daniela Garc\u00eda. Las solicitudes, presentadas el 19 [&hellip;]<\/p>\n","protected":false},"author":2,"featured_media":4123,"comment_status":"open","ping_status":"open","sticky":false,"template":"","format":"standard","meta":{"om_disable_all_campaigns":false,"_monsterinsights_skip_tracking":false,"amp_status":"","footnotes":""},"categories":[277,276,111,5],"tags":[],"class_list":["post-4252","post","type-post","status-publish","format-standard","has-post-thumbnail","hentry","category-acciones-de-monitoreo","category-delta","category-info-publica","category-noticias"],"aioseo_notices":[],"aioseo_head":"\n\t\t<!-- All in One SEO 4.9.10 - aioseo.com -->\n\t<meta name=\"description\" content=\"En el marco del monitoreo y seguimiento que realizamos sobre la extracci\u00f3n y comercializaci\u00f3n de arenas sil\u00edceas en nuestra provincia, Fundaci\u00f3n CAUCE present\u00f3 solicitudes de acceso a la informaci\u00f3n p\u00fablica ambiental ante el secretario de Miner\u00eda, Dr. Jos\u00e9 Mar\u00eda Leiva Ch\u00e1vez, y la secretaria de ambiente, Ing. Mar\u00eda Daniela Garc\u00eda. Las solicitudes, presentadas el 19\" \/>\n\t<meta name=\"robots\" content=\"max-image-preview:large\" \/>\n\t<meta name=\"author\" content=\"Ana Lucia Vergara\"\/>\n\t<link rel=\"canonical\" href=\"https:\/\/cauceecologico.org\/?p=4252\" \/>\n\t<meta name=\"generator\" content=\"All in One SEO (AIOSEO) 4.9.10\" \/>\n\t\t<meta property=\"og:locale\" content=\"es_ES\" \/>\n\t\t<meta property=\"og:site_name\" content=\"CAUCE - Cultura Ambiental - Causa Ecologista\" \/>\n\t\t<meta property=\"og:type\" content=\"article\" \/>\n\t\t<meta property=\"og:title\" content=\"Arenas sil\u00edceas: solicitamos informaci\u00f3n a las secretarias de miner\u00eda y ambiente de la provincia - CAUCE\" \/>\n\t\t<meta property=\"og:description\" content=\"En el marco del monitoreo y seguimiento que realizamos sobre la extracci\u00f3n y comercializaci\u00f3n de arenas sil\u00edceas en nuestra provincia, Fundaci\u00f3n CAUCE present\u00f3 solicitudes de acceso a la informaci\u00f3n p\u00fablica ambiental ante el secretario de Miner\u00eda, Dr. Jos\u00e9 Mar\u00eda Leiva Ch\u00e1vez, y la secretaria de ambiente, Ing. Mar\u00eda Daniela Garc\u00eda. Las solicitudes, presentadas el 19\" \/>\n\t\t<meta property=\"og:url\" content=\"https:\/\/cauceecologico.org\/?p=4252\" \/>\n\t\t<meta property=\"article:published_time\" content=\"2023-04-25T15:04:04+00:00\" \/>\n\t\t<meta property=\"article:modified_time\" content=\"2023-04-25T15:11:03+00:00\" \/>\n\t\t<meta name=\"twitter:card\" content=\"summary_large_image\" \/>\n\t\t<meta name=\"twitter:title\" content=\"Arenas sil\u00edceas: solicitamos informaci\u00f3n a las secretarias de miner\u00eda y ambiente de la provincia - CAUCE\" \/>\n\t\t<meta name=\"twitter:description\" content=\"En el marco del monitoreo y seguimiento que realizamos sobre la extracci\u00f3n y comercializaci\u00f3n de arenas sil\u00edceas en nuestra provincia, Fundaci\u00f3n CAUCE present\u00f3 solicitudes de acceso a la informaci\u00f3n p\u00fablica ambiental ante el secretario de Miner\u00eda, Dr. Jos\u00e9 Mar\u00eda Leiva Ch\u00e1vez, y la secretaria de ambiente, Ing. Mar\u00eda Daniela Garc\u00eda. Las solicitudes, presentadas el 19\" \/>\n\t\t<script type=\"application\/ld+json\" class=\"aioseo-schema\">\n\t\t\t{\"@context\":\"https:\\\/\\\/schema.org\",\"@graph\":[{\"@type\":\"BlogPosting\",\"@id\":\"https:\\\/\\\/cauceecologico.org\\\/?p=4252#blogposting\",\"name\":\"Arenas sil\\u00edceas: solicitamos informaci\\u00f3n a las secretarias de miner\\u00eda y ambiente de la provincia - CAUCE\",\"headline\":\"Arenas sil\\u00edceas: solicitamos informaci\\u00f3n a las secretarias de miner\\u00eda y ambiente de la provincia\",\"author\":{\"@id\":\"https:\\\/\\\/cauceecologico.org\\\/?author=2#author\"},\"publisher\":{\"@id\":\"https:\\\/\\\/cauceecologico.org\\\/#organization\"},\"image\":{\"@type\":\"ImageObject\",\"url\":\"https:\\\/\\\/cauceecologico.org\\\/wp-content\\\/uploads\\\/2023\\\/01\\\/Screen-Shot-2020-07-02-at-19.15.16.png\",\"width\":1121,\"height\":626},\"datePublished\":\"2023-04-25T15:04:04+00:00\",\"dateModified\":\"2023-04-25T15:11:03+00:00\",\"inLanguage\":\"es-ES\",\"mainEntityOfPage\":{\"@id\":\"https:\\\/\\\/cauceecologico.org\\\/?p=4252#webpage\"},\"isPartOf\":{\"@id\":\"https:\\\/\\\/cauceecologico.org\\\/?p=4252#webpage\"},\"articleSection\":\"Acciones de monitoreo, Delta, informaci\\u00f3n p\\u00fablica, Noticias\"},{\"@type\":\"BreadcrumbList\",\"@id\":\"https:\\\/\\\/cauceecologico.org\\\/?p=4252#breadcrumblist\",\"itemListElement\":[{\"@type\":\"ListItem\",\"@id\":\"https:\\\/\\\/cauceecologico.org#listItem\",\"position\":1,\"name\":\"Home\",\"item\":\"https:\\\/\\\/cauceecologico.org\",\"nextItem\":{\"@type\":\"ListItem\",\"@id\":\"https:\\\/\\\/cauceecologico.org\\\/?cat=5#listItem\",\"name\":\"Noticias\"}},{\"@type\":\"ListItem\",\"@id\":\"https:\\\/\\\/cauceecologico.org\\\/?cat=5#listItem\",\"position\":2,\"name\":\"Noticias\",\"item\":\"https:\\\/\\\/cauceecologico.org\\\/?cat=5\",\"nextItem\":{\"@type\":\"ListItem\",\"@id\":\"https:\\\/\\\/cauceecologico.org\\\/?p=4252#listItem\",\"name\":\"Arenas sil\\u00edceas: solicitamos informaci\\u00f3n a las secretarias de miner\\u00eda y ambiente de la provincia\"},\"previousItem\":{\"@type\":\"ListItem\",\"@id\":\"https:\\\/\\\/cauceecologico.org#listItem\",\"name\":\"Home\"}},{\"@type\":\"ListItem\",\"@id\":\"https:\\\/\\\/cauceecologico.org\\\/?p=4252#listItem\",\"position\":3,\"name\":\"Arenas sil\\u00edceas: solicitamos informaci\\u00f3n a las secretarias de miner\\u00eda y ambiente de la provincia\",\"previousItem\":{\"@type\":\"ListItem\",\"@id\":\"https:\\\/\\\/cauceecologico.org\\\/?cat=5#listItem\",\"name\":\"Noticias\"}}]},{\"@type\":\"Organization\",\"@id\":\"https:\\\/\\\/cauceecologico.org\\\/#organization\",\"name\":\"CAUCE\",\"description\":\"Cultura Ambiental - Causa Ecologista\",\"url\":\"https:\\\/\\\/cauceecologico.org\\\/\"},{\"@type\":\"Person\",\"@id\":\"https:\\\/\\\/cauceecologico.org\\\/?author=2#author\",\"url\":\"https:\\\/\\\/cauceecologico.org\\\/?author=2\",\"name\":\"Ana Lucia Vergara\",\"image\":{\"@type\":\"ImageObject\",\"@id\":\"https:\\\/\\\/cauceecologico.org\\\/?p=4252#authorImage\",\"url\":\"https:\\\/\\\/secure.gravatar.com\\\/avatar\\\/e8720df08f5c466573fb9f3d6cec14bcac9a305e2049123e58e6bc9c03f3a77b?s=96&d=mm&r=g\",\"width\":96,\"height\":96,\"caption\":\"Ana Lucia Vergara\"}},{\"@type\":\"WebPage\",\"@id\":\"https:\\\/\\\/cauceecologico.org\\\/?p=4252#webpage\",\"url\":\"https:\\\/\\\/cauceecologico.org\\\/?p=4252\",\"name\":\"Arenas sil\\u00edceas: solicitamos informaci\\u00f3n a las secretarias de miner\\u00eda y ambiente de la provincia - CAUCE\",\"description\":\"En el marco del monitoreo y seguimiento que realizamos sobre la extracci\\u00f3n y comercializaci\\u00f3n de arenas sil\\u00edceas en nuestra provincia, Fundaci\\u00f3n CAUCE present\\u00f3 solicitudes de acceso a la informaci\\u00f3n p\\u00fablica ambiental ante el secretario de Miner\\u00eda, Dr. Jos\\u00e9 Mar\\u00eda Leiva Ch\\u00e1vez, y la secretaria de ambiente, Ing. Mar\\u00eda Daniela Garc\\u00eda. Las solicitudes, presentadas el 19\",\"inLanguage\":\"es-ES\",\"isPartOf\":{\"@id\":\"https:\\\/\\\/cauceecologico.org\\\/#website\"},\"breadcrumb\":{\"@id\":\"https:\\\/\\\/cauceecologico.org\\\/?p=4252#breadcrumblist\"},\"author\":{\"@id\":\"https:\\\/\\\/cauceecologico.org\\\/?author=2#author\"},\"creator\":{\"@id\":\"https:\\\/\\\/cauceecologico.org\\\/?author=2#author\"},\"image\":{\"@type\":\"ImageObject\",\"url\":\"https:\\\/\\\/cauceecologico.org\\\/wp-content\\\/uploads\\\/2023\\\/01\\\/Screen-Shot-2020-07-02-at-19.15.16.png\",\"@id\":\"https:\\\/\\\/cauceecologico.org\\\/?p=4252\\\/#mainImage\",\"width\":1121,\"height\":626},\"primaryImageOfPage\":{\"@id\":\"https:\\\/\\\/cauceecologico.org\\\/?p=4252#mainImage\"},\"datePublished\":\"2023-04-25T15:04:04+00:00\",\"dateModified\":\"2023-04-25T15:11:03+00:00\"},{\"@type\":\"WebSite\",\"@id\":\"https:\\\/\\\/cauceecologico.org\\\/#website\",\"url\":\"https:\\\/\\\/cauceecologico.org\\\/\",\"name\":\"CAUCE\",\"description\":\"Cultura Ambiental - Causa Ecologista\",\"inLanguage\":\"es-ES\",\"publisher\":{\"@id\":\"https:\\\/\\\/cauceecologico.org\\\/#organization\"}}]}\n\t\t<\/script>\n\t\t<!-- All in One SEO -->\n\n","aioseo_head_json":{"title":"Arenas sil\u00edceas: solicitamos informaci\u00f3n a las secretarias de miner\u00eda y ambiente de la provincia - CAUCE","description":"En el marco del monitoreo y seguimiento que realizamos sobre la extracci\u00f3n y comercializaci\u00f3n de arenas sil\u00edceas en nuestra provincia, Fundaci\u00f3n CAUCE present\u00f3 solicitudes de acceso a la informaci\u00f3n p\u00fablica ambiental ante el secretario de Miner\u00eda, Dr. Jos\u00e9 Mar\u00eda Leiva Ch\u00e1vez, y la secretaria de ambiente, Ing. Mar\u00eda Daniela Garc\u00eda. Las solicitudes, presentadas el 19","canonical_url":"https:\/\/cauceecologico.org\/?p=4252","robots":"max-image-preview:large","keywords":"","webmasterTools":{"miscellaneous":""},"schema":{"@context":"https:\/\/schema.org","@graph":[{"@type":"BlogPosting","@id":"https:\/\/cauceecologico.org\/?p=4252#blogposting","name":"Arenas sil\u00edceas: solicitamos informaci\u00f3n a las secretarias de miner\u00eda y ambiente de la provincia - CAUCE","headline":"Arenas sil\u00edceas: solicitamos informaci\u00f3n a las secretarias de miner\u00eda y ambiente de la provincia","author":{"@id":"https:\/\/cauceecologico.org\/?author=2#author"},"publisher":{"@id":"https:\/\/cauceecologico.org\/#organization"},"image":{"@type":"ImageObject","url":"https:\/\/cauceecologico.org\/wp-content\/uploads\/2023\/01\/Screen-Shot-2020-07-02-at-19.15.16.png","width":1121,"height":626},"datePublished":"2023-04-25T15:04:04+00:00","dateModified":"2023-04-25T15:11:03+00:00","inLanguage":"es-ES","mainEntityOfPage":{"@id":"https:\/\/cauceecologico.org\/?p=4252#webpage"},"isPartOf":{"@id":"https:\/\/cauceecologico.org\/?p=4252#webpage"},"articleSection":"Acciones de monitoreo, Delta, informaci\u00f3n p\u00fablica, Noticias"},{"@type":"BreadcrumbList","@id":"https:\/\/cauceecologico.org\/?p=4252#breadcrumblist","itemListElement":[{"@type":"ListItem","@id":"https:\/\/cauceecologico.org#listItem","position":1,"name":"Home","item":"https:\/\/cauceecologico.org","nextItem":{"@type":"ListItem","@id":"https:\/\/cauceecologico.org\/?cat=5#listItem","name":"Noticias"}},{"@type":"ListItem","@id":"https:\/\/cauceecologico.org\/?cat=5#listItem","position":2,"name":"Noticias","item":"https:\/\/cauceecologico.org\/?cat=5","nextItem":{"@type":"ListItem","@id":"https:\/\/cauceecologico.org\/?p=4252#listItem","name":"Arenas sil\u00edceas: solicitamos informaci\u00f3n a las secretarias de miner\u00eda y ambiente de la provincia"},"previousItem":{"@type":"ListItem","@id":"https:\/\/cauceecologico.org#listItem","name":"Home"}},{"@type":"ListItem","@id":"https:\/\/cauceecologico.org\/?p=4252#listItem","position":3,"name":"Arenas sil\u00edceas: solicitamos informaci\u00f3n a las secretarias de miner\u00eda y ambiente de la provincia","previousItem":{"@type":"ListItem","@id":"https:\/\/cauceecologico.org\/?cat=5#listItem","name":"Noticias"}}]},{"@type":"Organization","@id":"https:\/\/cauceecologico.org\/#organization","name":"CAUCE","description":"Cultura Ambiental - Causa Ecologista","url":"https:\/\/cauceecologico.org\/"},{"@type":"Person","@id":"https:\/\/cauceecologico.org\/?author=2#author","url":"https:\/\/cauceecologico.org\/?author=2","name":"Ana Lucia Vergara","image":{"@type":"ImageObject","@id":"https:\/\/cauceecologico.org\/?p=4252#authorImage","url":"https:\/\/secure.gravatar.com\/avatar\/e8720df08f5c466573fb9f3d6cec14bcac9a305e2049123e58e6bc9c03f3a77b?s=96&d=mm&r=g","width":96,"height":96,"caption":"Ana Lucia Vergara"}},{"@type":"WebPage","@id":"https:\/\/cauceecologico.org\/?p=4252#webpage","url":"https:\/\/cauceecologico.org\/?p=4252","name":"Arenas sil\u00edceas: solicitamos informaci\u00f3n a las secretarias de miner\u00eda y ambiente de la provincia - CAUCE","description":"En el marco del monitoreo y seguimiento que realizamos sobre la extracci\u00f3n y comercializaci\u00f3n de arenas sil\u00edceas en nuestra provincia, Fundaci\u00f3n CAUCE present\u00f3 solicitudes de acceso a la informaci\u00f3n p\u00fablica ambiental ante el secretario de Miner\u00eda, Dr. Jos\u00e9 Mar\u00eda Leiva Ch\u00e1vez, y la secretaria de ambiente, Ing. Mar\u00eda Daniela Garc\u00eda. Las solicitudes, presentadas el 19","inLanguage":"es-ES","isPartOf":{"@id":"https:\/\/cauceecologico.org\/#website"},"breadcrumb":{"@id":"https:\/\/cauceecologico.org\/?p=4252#breadcrumblist"},"author":{"@id":"https:\/\/cauceecologico.org\/?author=2#author"},"creator":{"@id":"https:\/\/cauceecologico.org\/?author=2#author"},"image":{"@type":"ImageObject","url":"https:\/\/cauceecologico.org\/wp-content\/uploads\/2023\/01\/Screen-Shot-2020-07-02-at-19.15.16.png","@id":"https:\/\/cauceecologico.org\/?p=4252\/#mainImage","width":1121,"height":626},"primaryImageOfPage":{"@id":"https:\/\/cauceecologico.org\/?p=4252#mainImage"},"datePublished":"2023-04-25T15:04:04+00:00","dateModified":"2023-04-25T15:11:03+00:00"},{"@type":"WebSite","@id":"https:\/\/cauceecologico.org\/#website","url":"https:\/\/cauceecologico.org\/","name":"CAUCE","description":"Cultura Ambiental - Causa Ecologista","inLanguage":"es-ES","publisher":{"@id":"https:\/\/cauceecologico.org\/#organization"}}]},"og:locale":"es_ES","og:site_name":"CAUCE - Cultura Ambiental - Causa Ecologista","og:type":"article","og:title":"Arenas sil\u00edceas: solicitamos informaci\u00f3n a las secretarias de miner\u00eda y ambiente de la provincia - CAUCE","og:description":"En el marco del monitoreo y seguimiento que realizamos sobre la extracci\u00f3n y comercializaci\u00f3n de arenas sil\u00edceas en nuestra provincia, Fundaci\u00f3n CAUCE present\u00f3 solicitudes de acceso a la informaci\u00f3n p\u00fablica ambiental ante el secretario de Miner\u00eda, Dr. Jos\u00e9 Mar\u00eda Leiva Ch\u00e1vez, y la secretaria de ambiente, Ing. Mar\u00eda Daniela Garc\u00eda. Las solicitudes, presentadas el 19","og:url":"https:\/\/cauceecologico.org\/?p=4252","article:published_time":"2023-04-25T15:04:04+00:00","article:modified_time":"2023-04-25T15:11:03+00:00","twitter:card":"summary_large_image","twitter:title":"Arenas sil\u00edceas: solicitamos informaci\u00f3n a las secretarias de miner\u00eda y ambiente de la provincia - CAUCE","twitter:description":"En el marco del monitoreo y seguimiento que realizamos sobre la extracci\u00f3n y comercializaci\u00f3n de arenas sil\u00edceas en nuestra provincia, Fundaci\u00f3n CAUCE present\u00f3 solicitudes de acceso a la informaci\u00f3n p\u00fablica ambiental ante el secretario de Miner\u00eda, Dr. Jos\u00e9 Mar\u00eda Leiva Ch\u00e1vez, y la secretaria de ambiente, Ing. Mar\u00eda Daniela Garc\u00eda. Las solicitudes, presentadas el 19"},"aioseo_meta_data":{"post_id":"4252","title":null,"description":null,"keywords":[],"keyphrases":{"focus":{"keyphrase":"","score":0,"analysis":{"keyphraseInTitle":{"score":0,"maxScore":9,"error":1}}},"additional":[]},"primary_term":null,"canonical_url":null,"og_title":null,"og_description":null,"og_object_type":"default","og_image_type":"default","og_image_url":null,"og_image_width":null,"og_image_height":null,"og_image_custom_url":null,"og_image_custom_fields":null,"og_video":"","og_custom_url":null,"og_article_section":null,"og_article_tags":[],"twitter_use_og":false,"twitter_card":"default","twitter_image_type":"default","twitter_image_url":null,"twitter_image_custom_url":null,"twitter_image_custom_fields":null,"twitter_title":null,"twitter_description":null,"schema":{"blockGraphs":[],"customGraphs":[],"default":{"data":{"Article":[],"Course":[],"Dataset":[],"FAQPage":[],"Movie":[],"Person":[],"Product":[],"ProductReview":[],"Car":[],"Recipe":[],"Service":[],"SoftwareApplication":[],"WebPage":[]},"graphName":"BlogPosting","isEnabled":true},"graphs":[]},"schema_type":"default","schema_type_options":null,"pillar_content":false,"robots_default":true,"robots_noindex":false,"robots_noarchive":false,"robots_nosnippet":false,"robots_nofollow":false,"robots_noimageindex":false,"robots_noodp":false,"robots_notranslate":false,"robots_max_snippet":"-1","robots_max_videopreview":"-1","robots_max_imagepreview":"large","priority":null,"frequency":"default","local_seo":null,"limit_modified_date":false,"created":"2023-04-25 14:26:50","updated":"2026-07-28 01:49:44","ai":null,"breadcrumb_settings":null,"seo_analyzer_scan_date":null},"aioseo_breadcrumb":"<div class=\"aioseo-breadcrumbs\"><span class=\"aioseo-breadcrumb\">\n\t\t\t<a href=\"https:\/\/cauceecologico.org\" title=\"Home\">Home<\/a>\n\t\t<\/span><span class=\"aioseo-breadcrumb-separator\">&raquo;<\/span><span class=\"aioseo-breadcrumb\">\n\t\t\t<a href=\"https:\/\/cauceecologico.org\/?cat=5\" title=\"Noticias\">Noticias<\/a>\n\t\t<\/span><span class=\"aioseo-breadcrumb-separator\">&raquo;<\/span><span class=\"aioseo-breadcrumb\">\n\t\t\tArenas sil\u00edceas: solicitamos informaci\u00f3n a las secretarias de miner\u00eda y ambiente de la provincia\n\t\t<\/span><\/div>","aioseo_breadcrumb_json":[{"label":"Home","link":"https:\/\/cauceecologico.org"},{"label":"Noticias","link":"https:\/\/cauceecologico.org\/?cat=5"},{"label":"Arenas sil\u00edceas: solicitamos informaci\u00f3n a las secretarias de miner\u00eda y ambiente de la provincia","link":"https:\/\/cauceecologico.org\/?p=4252"}],"_links":{"self":[{"href":"https:\/\/cauceecologico.org\/index.php?rest_route=\/wp\/v2\/posts\/4252","targetHints":{"allow":["GET"]}}],"collection":[{"href":"https:\/\/cauceecologico.org\/index.php?rest_route=\/wp\/v2\/posts"}],"about":[{"href":"https:\/\/cauceecologico.org\/index.php?rest_route=\/wp\/v2\/types\/post"}],"author":[{"embeddable":true,"href":"https:\/\/cauceecologico.org\/index.php?rest_route=\/wp\/v2\/users\/2"}],"replies":[{"embeddable":true,"href":"https:\/\/cauceecologico.org\/index.php?rest_route=%2Fwp%2Fv2%2Fcomments&post=4252"}],"version-history":[{"count":4,"href":"https:\/\/cauceecologico.org\/index.php?rest_route=\/wp\/v2\/posts\/4252\/revisions"}],"predecessor-version":[{"id":4256,"href":"https:\/\/cauceecologico.org\/index.php?rest_route=\/wp\/v2\/posts\/4252\/revisions\/4256"}],"wp:featuredmedia":[{"embeddable":true,"href":"https:\/\/cauceecologico.org\/index.php?rest_route=\/wp\/v2\/media\/4123"}],"wp:attachment":[{"href":"https:\/\/cauceecologico.org\/index.php?rest_route=%2Fwp%2Fv2%2Fmedia&parent=4252"}],"wp:term":[{"taxonomy":"category","embeddable":true,"href":"https:\/\/cauceecologico.org\/index.php?rest_route=%2Fwp%2Fv2%2Fcategories&post=4252"},{"taxonomy":"post_tag","embeddable":true,"href":"https:\/\/cauceecologico.org\/index.php?rest_route=%2Fwp%2Fv2%2Ftags&post=4252"}],"curies":[{"name":"wp","href":"https:\/\/api.w.org\/{rel}","templated":true}]}}