{"id":4329,"date":"2023-06-27T14:05:09","date_gmt":"2023-06-27T14:05:09","guid":{"rendered":"https:\/\/cauceecologico.org\/?p=4329"},"modified":"2023-06-27T14:05:09","modified_gmt":"2023-06-27T14:05:09","slug":"arenas-siliceas-nueva-solicitud-de-informacion-a-ater","status":"publish","type":"post","link":"https:\/\/cauceecologico.org\/?p=4329","title":{"rendered":"Arenas sil\u00edceas: nueva solicitud de informaci\u00f3n a ATER"},"content":{"rendered":"<p><span style=\"font-weight: 400;\">En el marco del proceso de seguimiento y monitoreo sobre la <\/span><b>extracci\u00f3n y comercializaci\u00f3n de arenas sil\u00edceas<\/b><span style=\"font-weight: 400;\"> en Entre R\u00edos, Fundaci\u00f3n CAUCE present\u00f3 una solicitud de acceso a la informaci\u00f3n p\u00fablica ambiental ante el director ejecutivo de la Administradora Tributaria de Entre R\u00edos, Germ\u00e1n Gran\u00e9.\u00a0<\/span><\/p>\n<p>En la SAIPA, presentada el 22 de junio, se pidi\u00f3 conocer:<\/p>\n<ul>\n<li><span style=\"font-weight: 400;\">las recaudaciones anuales en conceptos de derechos de extracci\u00f3n de arenas sil\u00edceas fijados por la ley impositiva, desde 2017 a la fecha, indicando cantidad de toneladas del mineral por a\u00f1o y la recaudaci\u00f3n correspondiente<\/span><\/li>\n<li>las recaudaciones anuales del Fondo Minero de Entre R\u00edos -previsto en la Ley 10.158-, que ha percibido la ATER como organismo de recaudaci\u00f3n, desde 2017 a la fecha, indicando cantidad de toneladas del mineral por a\u00f1o y la recaudaci\u00f3n correspondiente<\/li>\n<li>las personas humanas o jur\u00eddicas que se dedican espec\u00edficamente a la <b>extracci\u00f3n de arenas sil\u00edceas<\/b> en la provincia, que han abonado los respectivos derechos de extracci\u00f3n, desde 2017 a la fecha<\/li>\n<li>el tipo y procedimiento de control que efect\u00faa la ATER, a los efectos de verificar la veracidad de los datos que las empresas que extraen arenas sil\u00edceas en la provincia declaran en las planillas que remiten a la Direcci\u00f3n de Miner\u00eda, y que sirven como base para establecer el monto del tributo. Y en su caso, indique si se ha realizado alguna sanci\u00f3n a los infractores o se han llevado a cabo procesos penales en su contra.<\/li>\n<\/ul>\n<p><strong>Relacionada:<\/strong><\/p>\n<p class=\"mvp-post-title left entry-title\"><em><strong><span style=\"color: #3366ff;\"><a style=\"color: #3366ff;\" href=\"https:\/\/cauceecologico.org\/?p=3929\">-Documento: Arenas para el fracking. La extracci\u00f3n del nuevo oro en Entre R\u00edos<\/a><\/span><\/strong><\/em><\/p>\n<p style=\"text-align: right;\">27\/06\/23<\/p>\n","protected":false},"excerpt":{"rendered":"<p>En el marco del proceso de seguimiento y monitoreo sobre la extracci\u00f3n y comercializaci\u00f3n de arenas sil\u00edceas en Entre R\u00edos, Fundaci\u00f3n CAUCE present\u00f3 una solicitud de acceso a la informaci\u00f3n p\u00fablica ambiental ante el director ejecutivo de la Administradora Tributaria de Entre R\u00edos, Germ\u00e1n Gran\u00e9.\u00a0 En la SAIPA, presentada el 22 de junio, se pidi\u00f3 [&hellip;]<\/p>\n","protected":false},"author":2,"featured_media":4123,"comment_status":"open","ping_status":"open","sticky":false,"template":"","format":"standard","meta":{"om_disable_all_campaigns":false,"_monsterinsights_skip_tracking":false,"amp_status":"","footnotes":""},"categories":[277,111,5,1],"tags":[],"class_list":["post-4329","post","type-post","status-publish","format-standard","has-post-thumbnail","hentry","category-acciones-de-monitoreo","category-info-publica","category-noticias","category-uncategorized"],"aioseo_notices":[],"aioseo_head":"\n\t\t<!-- All in One SEO 4.9.10 - aioseo.com -->\n\t<meta name=\"description\" content=\"En el marco del proceso de seguimiento y monitoreo sobre la extracci\u00f3n y comercializaci\u00f3n de arenas sil\u00edceas en Entre R\u00edos, Fundaci\u00f3n CAUCE present\u00f3 una solicitud de acceso a la informaci\u00f3n p\u00fablica ambiental ante el director ejecutivo de la Administradora Tributaria de Entre R\u00edos, Germ\u00e1n Gran\u00e9. En la SAIPA, presentada el 22 de junio, se pidi\u00f3\" \/>\n\t<meta name=\"robots\" content=\"max-image-preview:large\" \/>\n\t<meta name=\"author\" content=\"Ana Lucia Vergara\"\/>\n\t<link rel=\"canonical\" href=\"https:\/\/cauceecologico.org\/?p=4329\" \/>\n\t<meta name=\"generator\" content=\"All in One SEO (AIOSEO) 4.9.10\" \/>\n\t\t<meta property=\"og:locale\" content=\"es_ES\" \/>\n\t\t<meta property=\"og:site_name\" content=\"CAUCE - Cultura Ambiental - Causa Ecologista\" \/>\n\t\t<meta property=\"og:type\" content=\"article\" \/>\n\t\t<meta property=\"og:title\" content=\"Arenas sil\u00edceas: nueva solicitud de informaci\u00f3n a ATER - CAUCE\" \/>\n\t\t<meta property=\"og:description\" content=\"En el marco del proceso de seguimiento y monitoreo sobre la extracci\u00f3n y comercializaci\u00f3n de arenas sil\u00edceas en Entre R\u00edos, Fundaci\u00f3n CAUCE present\u00f3 una solicitud de acceso a la informaci\u00f3n p\u00fablica ambiental ante el director ejecutivo de la Administradora Tributaria de Entre R\u00edos, Germ\u00e1n Gran\u00e9. En la SAIPA, presentada el 22 de junio, se pidi\u00f3\" \/>\n\t\t<meta property=\"og:url\" content=\"https:\/\/cauceecologico.org\/?p=4329\" \/>\n\t\t<meta property=\"article:published_time\" content=\"2023-06-27T14:05:09+00:00\" \/>\n\t\t<meta property=\"article:modified_time\" content=\"2023-06-27T14:05:09+00:00\" \/>\n\t\t<meta name=\"twitter:card\" content=\"summary_large_image\" \/>\n\t\t<meta name=\"twitter:title\" content=\"Arenas sil\u00edceas: nueva solicitud de informaci\u00f3n a ATER - CAUCE\" \/>\n\t\t<meta name=\"twitter:description\" content=\"En el marco del proceso de seguimiento y monitoreo sobre la extracci\u00f3n y comercializaci\u00f3n de arenas sil\u00edceas en Entre R\u00edos, Fundaci\u00f3n CAUCE present\u00f3 una solicitud de acceso a la informaci\u00f3n p\u00fablica ambiental ante el director ejecutivo de la Administradora Tributaria de Entre R\u00edos, Germ\u00e1n Gran\u00e9. En la SAIPA, presentada el 22 de junio, se pidi\u00f3\" \/>\n\t\t<script type=\"application\/ld+json\" class=\"aioseo-schema\">\n\t\t\t{\"@context\":\"https:\\\/\\\/schema.org\",\"@graph\":[{\"@type\":\"BlogPosting\",\"@id\":\"https:\\\/\\\/cauceecologico.org\\\/?p=4329#blogposting\",\"name\":\"Arenas sil\\u00edceas: nueva solicitud de informaci\\u00f3n a ATER - CAUCE\",\"headline\":\"Arenas sil\\u00edceas: nueva solicitud de informaci\\u00f3n a ATER\",\"author\":{\"@id\":\"https:\\\/\\\/cauceecologico.org\\\/?author=2#author\"},\"publisher\":{\"@id\":\"https:\\\/\\\/cauceecologico.org\\\/#organization\"},\"image\":{\"@type\":\"ImageObject\",\"url\":\"https:\\\/\\\/cauceecologico.org\\\/wp-content\\\/uploads\\\/2023\\\/01\\\/Screen-Shot-2020-07-02-at-19.15.16.png\",\"width\":1121,\"height\":626},\"datePublished\":\"2023-06-27T14:05:09+00:00\",\"dateModified\":\"2023-06-27T14:05:09+00:00\",\"inLanguage\":\"es-ES\",\"mainEntityOfPage\":{\"@id\":\"https:\\\/\\\/cauceecologico.org\\\/?p=4329#webpage\"},\"isPartOf\":{\"@id\":\"https:\\\/\\\/cauceecologico.org\\\/?p=4329#webpage\"},\"articleSection\":\"Acciones de monitoreo, informaci\\u00f3n p\\u00fablica, Noticias, Uncategorized\"},{\"@type\":\"BreadcrumbList\",\"@id\":\"https:\\\/\\\/cauceecologico.org\\\/?p=4329#breadcrumblist\",\"itemListElement\":[{\"@type\":\"ListItem\",\"@id\":\"https:\\\/\\\/cauceecologico.org#listItem\",\"position\":1,\"name\":\"Home\",\"item\":\"https:\\\/\\\/cauceecologico.org\",\"nextItem\":{\"@type\":\"ListItem\",\"@id\":\"https:\\\/\\\/cauceecologico.org\\\/?cat=1#listItem\",\"name\":\"Uncategorized\"}},{\"@type\":\"ListItem\",\"@id\":\"https:\\\/\\\/cauceecologico.org\\\/?cat=1#listItem\",\"position\":2,\"name\":\"Uncategorized\",\"item\":\"https:\\\/\\\/cauceecologico.org\\\/?cat=1\",\"nextItem\":{\"@type\":\"ListItem\",\"@id\":\"https:\\\/\\\/cauceecologico.org\\\/?p=4329#listItem\",\"name\":\"Arenas sil\\u00edceas: nueva solicitud de informaci\\u00f3n a ATER\"},\"previousItem\":{\"@type\":\"ListItem\",\"@id\":\"https:\\\/\\\/cauceecologico.org#listItem\",\"name\":\"Home\"}},{\"@type\":\"ListItem\",\"@id\":\"https:\\\/\\\/cauceecologico.org\\\/?p=4329#listItem\",\"position\":3,\"name\":\"Arenas sil\\u00edceas: nueva solicitud de informaci\\u00f3n a ATER\",\"previousItem\":{\"@type\":\"ListItem\",\"@id\":\"https:\\\/\\\/cauceecologico.org\\\/?cat=1#listItem\",\"name\":\"Uncategorized\"}}]},{\"@type\":\"Organization\",\"@id\":\"https:\\\/\\\/cauceecologico.org\\\/#organization\",\"name\":\"CAUCE\",\"description\":\"Cultura Ambiental - Causa Ecologista\",\"url\":\"https:\\\/\\\/cauceecologico.org\\\/\"},{\"@type\":\"Person\",\"@id\":\"https:\\\/\\\/cauceecologico.org\\\/?author=2#author\",\"url\":\"https:\\\/\\\/cauceecologico.org\\\/?author=2\",\"name\":\"Ana Lucia Vergara\",\"image\":{\"@type\":\"ImageObject\",\"@id\":\"https:\\\/\\\/cauceecologico.org\\\/?p=4329#authorImage\",\"url\":\"https:\\\/\\\/secure.gravatar.com\\\/avatar\\\/e8720df08f5c466573fb9f3d6cec14bcac9a305e2049123e58e6bc9c03f3a77b?s=96&d=mm&r=g\",\"width\":96,\"height\":96,\"caption\":\"Ana Lucia Vergara\"}},{\"@type\":\"WebPage\",\"@id\":\"https:\\\/\\\/cauceecologico.org\\\/?p=4329#webpage\",\"url\":\"https:\\\/\\\/cauceecologico.org\\\/?p=4329\",\"name\":\"Arenas sil\\u00edceas: nueva solicitud de informaci\\u00f3n a ATER - CAUCE\",\"description\":\"En el marco del proceso de seguimiento y monitoreo sobre la extracci\\u00f3n y comercializaci\\u00f3n de arenas sil\\u00edceas en Entre R\\u00edos, Fundaci\\u00f3n CAUCE present\\u00f3 una solicitud de acceso a la informaci\\u00f3n p\\u00fablica ambiental ante el director ejecutivo de la Administradora Tributaria de Entre R\\u00edos, Germ\\u00e1n Gran\\u00e9. En la SAIPA, presentada el 22 de junio, se pidi\\u00f3\",\"inLanguage\":\"es-ES\",\"isPartOf\":{\"@id\":\"https:\\\/\\\/cauceecologico.org\\\/#website\"},\"breadcrumb\":{\"@id\":\"https:\\\/\\\/cauceecologico.org\\\/?p=4329#breadcrumblist\"},\"author\":{\"@id\":\"https:\\\/\\\/cauceecologico.org\\\/?author=2#author\"},\"creator\":{\"@id\":\"https:\\\/\\\/cauceecologico.org\\\/?author=2#author\"},\"image\":{\"@type\":\"ImageObject\",\"url\":\"https:\\\/\\\/cauceecologico.org\\\/wp-content\\\/uploads\\\/2023\\\/01\\\/Screen-Shot-2020-07-02-at-19.15.16.png\",\"@id\":\"https:\\\/\\\/cauceecologico.org\\\/?p=4329\\\/#mainImage\",\"width\":1121,\"height\":626},\"primaryImageOfPage\":{\"@id\":\"https:\\\/\\\/cauceecologico.org\\\/?p=4329#mainImage\"},\"datePublished\":\"2023-06-27T14:05:09+00:00\",\"dateModified\":\"2023-06-27T14:05:09+00:00\"},{\"@type\":\"WebSite\",\"@id\":\"https:\\\/\\\/cauceecologico.org\\\/#website\",\"url\":\"https:\\\/\\\/cauceecologico.org\\\/\",\"name\":\"CAUCE\",\"description\":\"Cultura Ambiental - Causa Ecologista\",\"inLanguage\":\"es-ES\",\"publisher\":{\"@id\":\"https:\\\/\\\/cauceecologico.org\\\/#organization\"}}]}\n\t\t<\/script>\n\t\t<!-- All in One SEO -->\n\n","aioseo_head_json":{"title":"Arenas sil\u00edceas: nueva solicitud de informaci\u00f3n a ATER - CAUCE","description":"En el marco del proceso de seguimiento y monitoreo sobre la extracci\u00f3n y comercializaci\u00f3n de arenas sil\u00edceas en Entre R\u00edos, Fundaci\u00f3n CAUCE present\u00f3 una solicitud de acceso a la informaci\u00f3n p\u00fablica ambiental ante el director ejecutivo de la Administradora Tributaria de Entre R\u00edos, Germ\u00e1n Gran\u00e9. En la SAIPA, presentada el 22 de junio, se pidi\u00f3","canonical_url":"https:\/\/cauceecologico.org\/?p=4329","robots":"max-image-preview:large","keywords":"","webmasterTools":{"miscellaneous":""},"schema":{"@context":"https:\/\/schema.org","@graph":[{"@type":"BlogPosting","@id":"https:\/\/cauceecologico.org\/?p=4329#blogposting","name":"Arenas sil\u00edceas: nueva solicitud de informaci\u00f3n a ATER - CAUCE","headline":"Arenas sil\u00edceas: nueva solicitud de informaci\u00f3n a ATER","author":{"@id":"https:\/\/cauceecologico.org\/?author=2#author"},"publisher":{"@id":"https:\/\/cauceecologico.org\/#organization"},"image":{"@type":"ImageObject","url":"https:\/\/cauceecologico.org\/wp-content\/uploads\/2023\/01\/Screen-Shot-2020-07-02-at-19.15.16.png","width":1121,"height":626},"datePublished":"2023-06-27T14:05:09+00:00","dateModified":"2023-06-27T14:05:09+00:00","inLanguage":"es-ES","mainEntityOfPage":{"@id":"https:\/\/cauceecologico.org\/?p=4329#webpage"},"isPartOf":{"@id":"https:\/\/cauceecologico.org\/?p=4329#webpage"},"articleSection":"Acciones de monitoreo, informaci\u00f3n p\u00fablica, Noticias, Uncategorized"},{"@type":"BreadcrumbList","@id":"https:\/\/cauceecologico.org\/?p=4329#breadcrumblist","itemListElement":[{"@type":"ListItem","@id":"https:\/\/cauceecologico.org#listItem","position":1,"name":"Home","item":"https:\/\/cauceecologico.org","nextItem":{"@type":"ListItem","@id":"https:\/\/cauceecologico.org\/?cat=1#listItem","name":"Uncategorized"}},{"@type":"ListItem","@id":"https:\/\/cauceecologico.org\/?cat=1#listItem","position":2,"name":"Uncategorized","item":"https:\/\/cauceecologico.org\/?cat=1","nextItem":{"@type":"ListItem","@id":"https:\/\/cauceecologico.org\/?p=4329#listItem","name":"Arenas sil\u00edceas: nueva solicitud de informaci\u00f3n a ATER"},"previousItem":{"@type":"ListItem","@id":"https:\/\/cauceecologico.org#listItem","name":"Home"}},{"@type":"ListItem","@id":"https:\/\/cauceecologico.org\/?p=4329#listItem","position":3,"name":"Arenas sil\u00edceas: nueva solicitud de informaci\u00f3n a ATER","previousItem":{"@type":"ListItem","@id":"https:\/\/cauceecologico.org\/?cat=1#listItem","name":"Uncategorized"}}]},{"@type":"Organization","@id":"https:\/\/cauceecologico.org\/#organization","name":"CAUCE","description":"Cultura Ambiental - Causa Ecologista","url":"https:\/\/cauceecologico.org\/"},{"@type":"Person","@id":"https:\/\/cauceecologico.org\/?author=2#author","url":"https:\/\/cauceecologico.org\/?author=2","name":"Ana Lucia Vergara","image":{"@type":"ImageObject","@id":"https:\/\/cauceecologico.org\/?p=4329#authorImage","url":"https:\/\/secure.gravatar.com\/avatar\/e8720df08f5c466573fb9f3d6cec14bcac9a305e2049123e58e6bc9c03f3a77b?s=96&d=mm&r=g","width":96,"height":96,"caption":"Ana Lucia Vergara"}},{"@type":"WebPage","@id":"https:\/\/cauceecologico.org\/?p=4329#webpage","url":"https:\/\/cauceecologico.org\/?p=4329","name":"Arenas sil\u00edceas: nueva solicitud de informaci\u00f3n a ATER - CAUCE","description":"En el marco del proceso de seguimiento y monitoreo sobre la extracci\u00f3n y comercializaci\u00f3n de arenas sil\u00edceas en Entre R\u00edos, Fundaci\u00f3n CAUCE present\u00f3 una solicitud de acceso a la informaci\u00f3n p\u00fablica ambiental ante el director ejecutivo de la Administradora Tributaria de Entre R\u00edos, Germ\u00e1n Gran\u00e9. En la SAIPA, presentada el 22 de junio, se pidi\u00f3","inLanguage":"es-ES","isPartOf":{"@id":"https:\/\/cauceecologico.org\/#website"},"breadcrumb":{"@id":"https:\/\/cauceecologico.org\/?p=4329#breadcrumblist"},"author":{"@id":"https:\/\/cauceecologico.org\/?author=2#author"},"creator":{"@id":"https:\/\/cauceecologico.org\/?author=2#author"},"image":{"@type":"ImageObject","url":"https:\/\/cauceecologico.org\/wp-content\/uploads\/2023\/01\/Screen-Shot-2020-07-02-at-19.15.16.png","@id":"https:\/\/cauceecologico.org\/?p=4329\/#mainImage","width":1121,"height":626},"primaryImageOfPage":{"@id":"https:\/\/cauceecologico.org\/?p=4329#mainImage"},"datePublished":"2023-06-27T14:05:09+00:00","dateModified":"2023-06-27T14:05:09+00:00"},{"@type":"WebSite","@id":"https:\/\/cauceecologico.org\/#website","url":"https:\/\/cauceecologico.org\/","name":"CAUCE","description":"Cultura Ambiental - Causa Ecologista","inLanguage":"es-ES","publisher":{"@id":"https:\/\/cauceecologico.org\/#organization"}}]},"og:locale":"es_ES","og:site_name":"CAUCE - Cultura Ambiental - Causa Ecologista","og:type":"article","og:title":"Arenas sil\u00edceas: nueva solicitud de informaci\u00f3n a ATER - CAUCE","og:description":"En el marco del proceso de seguimiento y monitoreo sobre la extracci\u00f3n y comercializaci\u00f3n de arenas sil\u00edceas en Entre R\u00edos, Fundaci\u00f3n CAUCE present\u00f3 una solicitud de acceso a la informaci\u00f3n p\u00fablica ambiental ante el director ejecutivo de la Administradora Tributaria de Entre R\u00edos, Germ\u00e1n Gran\u00e9. En la SAIPA, presentada el 22 de junio, se pidi\u00f3","og:url":"https:\/\/cauceecologico.org\/?p=4329","article:published_time":"2023-06-27T14:05:09+00:00","article:modified_time":"2023-06-27T14:05:09+00:00","twitter:card":"summary_large_image","twitter:title":"Arenas sil\u00edceas: nueva solicitud de informaci\u00f3n a ATER - CAUCE","twitter:description":"En el marco del proceso de seguimiento y monitoreo sobre la extracci\u00f3n y comercializaci\u00f3n de arenas sil\u00edceas en Entre R\u00edos, Fundaci\u00f3n CAUCE present\u00f3 una solicitud de acceso a la informaci\u00f3n p\u00fablica ambiental ante el director ejecutivo de la Administradora Tributaria de Entre R\u00edos, Germ\u00e1n Gran\u00e9. En la SAIPA, presentada el 22 de junio, se pidi\u00f3"},"aioseo_meta_data":{"post_id":"4329","title":null,"description":null,"keywords":[],"keyphrases":{"focus":{"keyphrase":"","score":0,"analysis":{"keyphraseInTitle":{"score":0,"maxScore":9,"error":1}}},"additional":[]},"primary_term":null,"canonical_url":null,"og_title":null,"og_description":null,"og_object_type":"default","og_image_type":"default","og_image_url":null,"og_image_width":null,"og_image_height":null,"og_image_custom_url":null,"og_image_custom_fields":null,"og_video":"","og_custom_url":null,"og_article_section":null,"og_article_tags":[],"twitter_use_og":false,"twitter_card":"default","twitter_image_type":"default","twitter_image_url":null,"twitter_image_custom_url":null,"twitter_image_custom_fields":null,"twitter_title":null,"twitter_description":null,"schema":{"blockGraphs":[],"customGraphs":[],"default":{"data":{"Article":[],"Course":[],"Dataset":[],"FAQPage":[],"Movie":[],"Person":[],"Product":[],"ProductReview":[],"Car":[],"Recipe":[],"Service":[],"SoftwareApplication":[],"WebPage":[]},"graphName":"","isEnabled":true},"graphs":[]},"schema_type":"default","schema_type_options":null,"pillar_content":false,"robots_default":true,"robots_noindex":false,"robots_noarchive":false,"robots_nosnippet":false,"robots_nofollow":false,"robots_noimageindex":false,"robots_noodp":false,"robots_notranslate":false,"robots_max_snippet":"-1","robots_max_videopreview":"-1","robots_max_imagepreview":"large","priority":0,"frequency":"default","local_seo":null,"limit_modified_date":false,"created":"2023-06-27 14:03:46","updated":"2026-07-28 01:53:00","ai":null,"breadcrumb_settings":null,"seo_analyzer_scan_date":null},"aioseo_breadcrumb":"<div class=\"aioseo-breadcrumbs\"><span class=\"aioseo-breadcrumb\">\n\t\t\t<a href=\"https:\/\/cauceecologico.org\" title=\"Home\">Home<\/a>\n\t\t<\/span><span class=\"aioseo-breadcrumb-separator\">&raquo;<\/span><span class=\"aioseo-breadcrumb\">\n\t\t\t<a href=\"https:\/\/cauceecologico.org\/?cat=1\" title=\"Uncategorized\">Uncategorized<\/a>\n\t\t<\/span><span class=\"aioseo-breadcrumb-separator\">&raquo;<\/span><span class=\"aioseo-breadcrumb\">\n\t\t\tArenas sil\u00edceas: nueva solicitud de informaci\u00f3n a ATER\n\t\t<\/span><\/div>","aioseo_breadcrumb_json":[{"label":"Home","link":"https:\/\/cauceecologico.org"},{"label":"Uncategorized","link":"https:\/\/cauceecologico.org\/?cat=1"},{"label":"Arenas sil\u00edceas: nueva solicitud de informaci\u00f3n a ATER","link":"https:\/\/cauceecologico.org\/?p=4329"}],"_links":{"self":[{"href":"https:\/\/cauceecologico.org\/index.php?rest_route=\/wp\/v2\/posts\/4329","targetHints":{"allow":["GET"]}}],"collection":[{"href":"https:\/\/cauceecologico.org\/index.php?rest_route=\/wp\/v2\/posts"}],"about":[{"href":"https:\/\/cauceecologico.org\/index.php?rest_route=\/wp\/v2\/types\/post"}],"author":[{"embeddable":true,"href":"https:\/\/cauceecologico.org\/index.php?rest_route=\/wp\/v2\/users\/2"}],"replies":[{"embeddable":true,"href":"https:\/\/cauceecologico.org\/index.php?rest_route=%2Fwp%2Fv2%2Fcomments&post=4329"}],"version-history":[{"count":2,"href":"https:\/\/cauceecologico.org\/index.php?rest_route=\/wp\/v2\/posts\/4329\/revisions"}],"predecessor-version":[{"id":4331,"href":"https:\/\/cauceecologico.org\/index.php?rest_route=\/wp\/v2\/posts\/4329\/revisions\/4331"}],"wp:featuredmedia":[{"embeddable":true,"href":"https:\/\/cauceecologico.org\/index.php?rest_route=\/wp\/v2\/media\/4123"}],"wp:attachment":[{"href":"https:\/\/cauceecologico.org\/index.php?rest_route=%2Fwp%2Fv2%2Fmedia&parent=4329"}],"wp:term":[{"taxonomy":"category","embeddable":true,"href":"https:\/\/cauceecologico.org\/index.php?rest_route=%2Fwp%2Fv2%2Fcategories&post=4329"},{"taxonomy":"post_tag","embeddable":true,"href":"https:\/\/cauceecologico.org\/index.php?rest_route=%2Fwp%2Fv2%2Ftags&post=4329"}],"curies":[{"name":"wp","href":"https:\/\/api.w.org\/{rel}","templated":true}]}}