{"id":4346,"date":"2023-07-07T15:03:26","date_gmt":"2023-07-07T15:03:26","guid":{"rendered":"https:\/\/cauceecologico.org\/?p=4346"},"modified":"2025-03-17T15:54:05","modified_gmt":"2025-03-17T15:54:05","slug":"publicacion-especial-sobre-las-cuencas-hidrograficas-de-parana","status":"publish","type":"post","link":"https:\/\/cauceecologico.org\/?p=4346","title":{"rendered":"Publicaci\u00f3n especial sobre las cuencas hidrogr\u00e1ficas de Paran\u00e1"},"content":{"rendered":"<p><strong>\u201cCuencas hidrogr\u00e1ficas de Paran\u00e1. Actualidad, problem\u00e1ticas y recomendaciones\u201d es la nueva publicaci\u00f3n de Fundaci\u00f3n CAUCE, una investigaci\u00f3n y an\u00e1lisis completo desde miradas interdisciplinarias<\/strong><\/p>\n<p>&nbsp;<\/p>\n<p>A pocos d\u00edas de un nuevo aniversario de Paran\u00e1, desde Fundaci\u00f3n CAUCE: Cultura Ambiental &#8211; Causa Ecologista invitamos a la comunidad a conocer una parte absolutamente propia y singular del territorio paranaense: sus arroyos.<\/p>\n<p>Desde las miradas de la ingenier\u00eda ambiental, las ciencias biol\u00f3gicas, la antropolog\u00eda y el derecho ambiental, investigamos desde hace tres a\u00f1os la situaci\u00f3n de las cuencas que atraviesan la ciudad. Finalmente, lanzamos una nueva publicaci\u00f3n especial, titulada <span style=\"color: #3366ff;\"><a style=\"color: #3366ff;\" href=\"http:\/\/cauceecologico.org\/wp-content\/uploads\/2023\/07\/CUENCAS-fotosnuevas.pdf\"><strong>\u201cCuencas hidrogr\u00e1ficas de Paran\u00e1. Actualidad, problem\u00e1ticas y recomendaciones\u201d<\/strong><\/a><\/span>.<\/p>\n<p>En este material, de acceso libre, describimos los principales impactos de la actividad humana sobre los r\u00edos y arroyos urbanos, detallamos las normativas jur\u00eddicas para su cuidado y los planes de sostenibilidad financiados y (no) aplicados a ellos, damos cuenta de su situaci\u00f3n actual ambiental y social y compartimos informaci\u00f3n relevante sobre los estudios ambientales realizados.<\/p>\n<p>En l\u00edneas generales, podemos decir que nuestros arroyos sufren el llamado <em>s\u00edndrome del r\u00edo urbano<\/em>, un t\u00e9rmino que describe la degradaci\u00f3n ecol\u00f3gica observada en r\u00edos y arroyos que atraviesan urbanizaciones.<\/p>\n<p>Estas alteraciones ambientales no s\u00f3lo ponen en peligro la diversidad biol\u00f3gica, sino tambi\u00e9n la diversidad cultural propia de cada cuenca y sus pobladores. En nuestra ciudad \u2013como en otras cuyos r\u00edos urbanos padecen problem\u00e1ticas similares\u2013 <strong>prima una percepci\u00f3n de que los arroyos son ambientes deteriorados, marginales, contaminados y peligrosos<\/strong>. Esta situaci\u00f3n genera sociedades desapegadas con el cuidado de los arroyos. Por eso, la restauraci\u00f3n y revitalizaci\u00f3n de las cuencas son acciones que, adem\u00e1s de repercutir favorablemente en los ecosistemas, podr\u00edan cambiar nuestra cultura fluvial.<\/p>\n<p><a href=\"https:\/\/cauceecologico.org\/wp-content\/uploads\/2023\/07\/CUENCAS-fotosnuevas.pdf\" target=\"_blank\" rel=\"noopener\"><img loading=\"lazy\" decoding=\"async\" class=\"alignnone wp-image-5015 size-full\" src=\"http:\/\/cauceecologico.org\/wp-content\/uploads\/2023\/07\/Captura-de-pantalla-2024-07-03-a-las-17.14.00.png\" alt=\"\" width=\"634\" height=\"889\" srcset=\"https:\/\/cauceecologico.org\/wp-content\/uploads\/2023\/07\/Captura-de-pantalla-2024-07-03-a-las-17.14.00.png 634w, https:\/\/cauceecologico.org\/wp-content\/uploads\/2023\/07\/Captura-de-pantalla-2024-07-03-a-las-17.14.00-214x300.png 214w\" sizes=\"auto, (max-width: 634px) 100vw, 634px\" \/><\/a><\/p>\n<p>Hasta ahora, la \u00fanica respuesta de los gobiernos a las m\u00faltiples problem\u00e1ticas que existen en torno a los arroyos, ha sido el entubamiento y\/o la utilizaci\u00f3n de hormig\u00f3n para su canalizaci\u00f3n a cielo abierto. Estas estrategias son contrapuestas a la anhelada revitalizaci\u00f3n de los ecosistemas: <strong>el impacto ambiental negativo de la canalizaci\u00f3n o entubamiento de r\u00edos y arroyos est\u00e1 actualmente fuera de toda discusi\u00f3n en todo el mundo<\/strong>.<\/p>\n<p>Como contrapartida, proponemos distintos an\u00e1lisis y recomendaciones, en base a informaci\u00f3n y fuentes de calidad. La perspectiva de la cultura fluvial sugiere abordar la degradaci\u00f3n desde dos enfoques al mismo tiempo: uno cient\u00edfico-t\u00e9cnico y uno emp\u00e1tico-emocional. La l\u00ednea de trabajo de Fundaci\u00f3n CAUCE en la que se inscribe esta nueva publicaci\u00f3n, busca aportar herramientas a la ciudadan\u00eda desde este compromiso.<\/p>\n<h5>&#x27a1; <strong><span style=\"color: #3366ff;\"><a style=\"color: #3366ff;\" href=\"http:\/\/cauceecologico.org\/wp-content\/uploads\/2023\/07\/CUENCAS-fotosnuevas.pdf\" target=\"_blank\" rel=\"noopener\">Acced\u00e9 a la publicaci\u00f3n<\/a><\/span><\/strong><\/h5>\n<h5><\/h5>\n<h5><b>Cita sugerida<\/b><\/h5>\n<p><span style=\"font-weight: 400;\">CAUCE: Cultura Ambiental &#8211; Causa Ecologista (2023). <\/span><i><span style=\"font-weight: 400;\">Cuencas hidrogr\u00e1ficas de Paran\u00e1. Actualidad, problem\u00e1ticas y recomendaciones<\/span><\/i><i><span style=\"font-weight: 400;\">. <\/span><\/i><span style=\"font-weight: 400;\">Paran\u00e1, Entre R\u00edos.\u00a0<\/span><\/p>\n<p><strong>Equipo de trabajo:<\/strong><\/p>\n<p>Erika Agustina Comar: Ingeniera Ambiental (FICH-UNL).<\/p>\n<p>Jos\u00e9 Carlos Mar\u00eda Rojas: Bioingeniero (Facultad de Ingenier\u00eda-UNER).<\/p>\n<p>Mart\u00edn Blettler: Licenciado (FHUC-UNL), Magister (UEM, Brasil) y Doctor en Cs Biol\u00f3gicas (FIQ-UNL).<\/p>\n<p>Joel de Souza: Contador P\u00fablico Nacional (UNER). Diplomado en Gesti\u00f3n de Proyectos (UTN, Buenos Aires).<\/p>\n<p>Valeria Enderle: Abogada (UNL). Magister en Derecho Ambiental y Urbanismo (Universit\u00e9 de Limoges, Francia). Especialista en Derecho Ambiental y Tutela del Patrimonio Cultural (UNL).<\/p>\n<p>Dise\u00f1o editorial: Mariano Sanguinetti<\/p>\n<p><span style=\"font-weight: 400;\">Fecha de publicaci\u00f3n: Mayo de 2023<\/span><\/p>\n<h5>&#x1f517; <strong>Materiales relacionados: <span style=\"color: #3366ff;\"><a style=\"color: #3366ff;\" href=\"https:\/\/cauceecologico.org\/?p=3970\">El agua insiste<\/a><\/span> | \u00daltima acci\u00f3n de monitoreo: <span style=\"color: #3366ff;\"><a style=\"color: #3366ff;\" href=\"https:\/\/cauceecologico.org\/?p=4335\">Parque Industrial: solicitamos informaci\u00f3n ante la Secretar\u00eda de Ambiente<\/a><\/span>\u00a0<\/strong><\/h5>\n<p><iframe loading=\"lazy\" title=\"YouTube video player\" src=\"https:\/\/www.youtube.com\/embed\/videoseries?list=PLgkpJEv-jfJJcpPqzddIyaQHZ4CxiDiW1\" width=\"560\" height=\"315\" frameborder=\"0\" allowfullscreen=\"allowfullscreen\"><\/iframe><\/p>\n","protected":false},"excerpt":{"rendered":"<p>\u201cCuencas hidrogr\u00e1ficas de Paran\u00e1. Actualidad, problem\u00e1ticas y recomendaciones\u201d es la nueva publicaci\u00f3n de Fundaci\u00f3n CAUCE, una investigaci\u00f3n y an\u00e1lisis completo desde miradas interdisciplinarias &nbsp; A pocos d\u00edas de un nuevo aniversario de Paran\u00e1, desde Fundaci\u00f3n CAUCE: Cultura Ambiental &#8211; Causa Ecologista invitamos a la comunidad a conocer una parte absolutamente propia y singular del territorio [&hellip;]<\/p>\n","protected":false},"author":5,"featured_media":4399,"comment_status":"open","ping_status":"open","sticky":false,"template":"","format":"standard","meta":{"om_disable_all_campaigns":false,"_monsterinsights_skip_tracking":false,"amp_status":"","footnotes":""},"categories":[6,3,5],"tags":[],"class_list":["post-4346","post","type-post","status-publish","format-standard","has-post-thumbnail","hentry","category-destacados","category-documentos","category-noticias"],"aioseo_notices":[],"aioseo_head":"\n\t\t<!-- All in One SEO 4.9.10 - aioseo.com -->\n\t<meta name=\"description\" content=\"\u201cCuencas hidrogr\u00e1ficas de Paran\u00e1. Actualidad, problem\u00e1ticas y recomendaciones\u201d es la nueva publicaci\u00f3n de Fundaci\u00f3n CAUCE, una investigaci\u00f3n y an\u00e1lisis completo desde miradas interdisciplinarias A pocos d\u00edas de un nuevo aniversario de Paran\u00e1, desde Fundaci\u00f3n CAUCE: Cultura Ambiental - Causa Ecologista invitamos a la comunidad a conocer una parte absolutamente propia y singular del territorio\" \/>\n\t<meta name=\"robots\" content=\"max-image-preview:large\" \/>\n\t<meta name=\"author\" content=\"Rocio Fernadez Dobal\"\/>\n\t<link rel=\"canonical\" href=\"https:\/\/cauceecologico.org\/?p=4346\" \/>\n\t<meta name=\"generator\" content=\"All in One SEO (AIOSEO) 4.9.10\" \/>\n\t\t<meta property=\"og:locale\" content=\"es_ES\" \/>\n\t\t<meta property=\"og:site_name\" content=\"CAUCE - Cultura Ambiental - Causa Ecologista\" \/>\n\t\t<meta property=\"og:type\" content=\"article\" \/>\n\t\t<meta property=\"og:title\" content=\"Publicaci\u00f3n especial sobre las cuencas hidrogr\u00e1ficas de Paran\u00e1 - CAUCE\" \/>\n\t\t<meta property=\"og:description\" content=\"\u201cCuencas hidrogr\u00e1ficas de Paran\u00e1. Actualidad, problem\u00e1ticas y recomendaciones\u201d es la nueva publicaci\u00f3n de Fundaci\u00f3n CAUCE, una investigaci\u00f3n y an\u00e1lisis completo desde miradas interdisciplinarias A pocos d\u00edas de un nuevo aniversario de Paran\u00e1, desde Fundaci\u00f3n CAUCE: Cultura Ambiental - Causa Ecologista invitamos a la comunidad a conocer una parte absolutamente propia y singular del territorio\" \/>\n\t\t<meta property=\"og:url\" content=\"https:\/\/cauceecologico.org\/?p=4346\" \/>\n\t\t<meta property=\"article:published_time\" content=\"2023-07-07T15:03:26+00:00\" \/>\n\t\t<meta property=\"article:modified_time\" content=\"2025-03-17T15:54:05+00:00\" \/>\n\t\t<meta name=\"twitter:card\" content=\"summary_large_image\" \/>\n\t\t<meta name=\"twitter:title\" content=\"Publicaci\u00f3n especial sobre las cuencas hidrogr\u00e1ficas de Paran\u00e1 - CAUCE\" \/>\n\t\t<meta name=\"twitter:description\" content=\"\u201cCuencas hidrogr\u00e1ficas de Paran\u00e1. Actualidad, problem\u00e1ticas y recomendaciones\u201d es la nueva publicaci\u00f3n de Fundaci\u00f3n CAUCE, una investigaci\u00f3n y an\u00e1lisis completo desde miradas interdisciplinarias A pocos d\u00edas de un nuevo aniversario de Paran\u00e1, desde Fundaci\u00f3n CAUCE: Cultura Ambiental - Causa Ecologista invitamos a la comunidad a conocer una parte absolutamente propia y singular del territorio\" \/>\n\t\t<script type=\"application\/ld+json\" class=\"aioseo-schema\">\n\t\t\t{\"@context\":\"https:\\\/\\\/schema.org\",\"@graph\":[{\"@type\":\"BlogPosting\",\"@id\":\"https:\\\/\\\/cauceecologico.org\\\/?p=4346#blogposting\",\"name\":\"Publicaci\\u00f3n especial sobre las cuencas hidrogr\\u00e1ficas de Paran\\u00e1 - CAUCE\",\"headline\":\"Publicaci\\u00f3n especial sobre las cuencas hidrogr\\u00e1ficas de Paran\\u00e1\",\"author\":{\"@id\":\"https:\\\/\\\/cauceecologico.org\\\/?author=5#author\"},\"publisher\":{\"@id\":\"https:\\\/\\\/cauceecologico.org\\\/#organization\"},\"image\":{\"@type\":\"ImageObject\",\"url\":\"https:\\\/\\\/cauceecologico.org\\\/wp-content\\\/uploads\\\/2023\\\/07\\\/FOTO-6.png\",\"width\":1920,\"height\":1080},\"datePublished\":\"2023-07-07T15:03:26+00:00\",\"dateModified\":\"2025-03-17T15:54:05+00:00\",\"inLanguage\":\"es-ES\",\"mainEntityOfPage\":{\"@id\":\"https:\\\/\\\/cauceecologico.org\\\/?p=4346#webpage\"},\"isPartOf\":{\"@id\":\"https:\\\/\\\/cauceecologico.org\\\/?p=4346#webpage\"},\"articleSection\":\"Destacados, Documentos, Noticias\"},{\"@type\":\"BreadcrumbList\",\"@id\":\"https:\\\/\\\/cauceecologico.org\\\/?p=4346#breadcrumblist\",\"itemListElement\":[{\"@type\":\"ListItem\",\"@id\":\"https:\\\/\\\/cauceecologico.org#listItem\",\"position\":1,\"name\":\"Home\",\"item\":\"https:\\\/\\\/cauceecologico.org\",\"nextItem\":{\"@type\":\"ListItem\",\"@id\":\"https:\\\/\\\/cauceecologico.org\\\/?cat=3#listItem\",\"name\":\"Documentos\"}},{\"@type\":\"ListItem\",\"@id\":\"https:\\\/\\\/cauceecologico.org\\\/?cat=3#listItem\",\"position\":2,\"name\":\"Documentos\",\"item\":\"https:\\\/\\\/cauceecologico.org\\\/?cat=3\",\"nextItem\":{\"@type\":\"ListItem\",\"@id\":\"https:\\\/\\\/cauceecologico.org\\\/?p=4346#listItem\",\"name\":\"Publicaci\\u00f3n especial sobre las cuencas hidrogr\\u00e1ficas de Paran\\u00e1\"},\"previousItem\":{\"@type\":\"ListItem\",\"@id\":\"https:\\\/\\\/cauceecologico.org#listItem\",\"name\":\"Home\"}},{\"@type\":\"ListItem\",\"@id\":\"https:\\\/\\\/cauceecologico.org\\\/?p=4346#listItem\",\"position\":3,\"name\":\"Publicaci\\u00f3n especial sobre las cuencas hidrogr\\u00e1ficas de Paran\\u00e1\",\"previousItem\":{\"@type\":\"ListItem\",\"@id\":\"https:\\\/\\\/cauceecologico.org\\\/?cat=3#listItem\",\"name\":\"Documentos\"}}]},{\"@type\":\"Organization\",\"@id\":\"https:\\\/\\\/cauceecologico.org\\\/#organization\",\"name\":\"CAUCE\",\"description\":\"Cultura Ambiental - Causa Ecologista\",\"url\":\"https:\\\/\\\/cauceecologico.org\\\/\"},{\"@type\":\"Person\",\"@id\":\"https:\\\/\\\/cauceecologico.org\\\/?author=5#author\",\"url\":\"https:\\\/\\\/cauceecologico.org\\\/?author=5\",\"name\":\"Rocio Fernadez Dobal\",\"image\":{\"@type\":\"ImageObject\",\"@id\":\"https:\\\/\\\/cauceecologico.org\\\/?p=4346#authorImage\",\"url\":\"https:\\\/\\\/secure.gravatar.com\\\/avatar\\\/0e12a66c907f8480df050de074b5b58070b1d7ad51f067e186cffc71e35dfa04?s=96&d=mm&r=g\",\"width\":96,\"height\":96,\"caption\":\"Rocio Fernadez Dobal\"}},{\"@type\":\"WebPage\",\"@id\":\"https:\\\/\\\/cauceecologico.org\\\/?p=4346#webpage\",\"url\":\"https:\\\/\\\/cauceecologico.org\\\/?p=4346\",\"name\":\"Publicaci\\u00f3n especial sobre las cuencas hidrogr\\u00e1ficas de Paran\\u00e1 - CAUCE\",\"description\":\"\\u201cCuencas hidrogr\\u00e1ficas de Paran\\u00e1. Actualidad, problem\\u00e1ticas y recomendaciones\\u201d es la nueva publicaci\\u00f3n de Fundaci\\u00f3n CAUCE, una investigaci\\u00f3n y an\\u00e1lisis completo desde miradas interdisciplinarias A pocos d\\u00edas de un nuevo aniversario de Paran\\u00e1, desde Fundaci\\u00f3n CAUCE: Cultura Ambiental - Causa Ecologista invitamos a la comunidad a conocer una parte absolutamente propia y singular del territorio\",\"inLanguage\":\"es-ES\",\"isPartOf\":{\"@id\":\"https:\\\/\\\/cauceecologico.org\\\/#website\"},\"breadcrumb\":{\"@id\":\"https:\\\/\\\/cauceecologico.org\\\/?p=4346#breadcrumblist\"},\"author\":{\"@id\":\"https:\\\/\\\/cauceecologico.org\\\/?author=5#author\"},\"creator\":{\"@id\":\"https:\\\/\\\/cauceecologico.org\\\/?author=5#author\"},\"image\":{\"@type\":\"ImageObject\",\"url\":\"https:\\\/\\\/cauceecologico.org\\\/wp-content\\\/uploads\\\/2023\\\/07\\\/FOTO-6.png\",\"@id\":\"https:\\\/\\\/cauceecologico.org\\\/?p=4346\\\/#mainImage\",\"width\":1920,\"height\":1080},\"primaryImageOfPage\":{\"@id\":\"https:\\\/\\\/cauceecologico.org\\\/?p=4346#mainImage\"},\"datePublished\":\"2023-07-07T15:03:26+00:00\",\"dateModified\":\"2025-03-17T15:54:05+00:00\"},{\"@type\":\"WebSite\",\"@id\":\"https:\\\/\\\/cauceecologico.org\\\/#website\",\"url\":\"https:\\\/\\\/cauceecologico.org\\\/\",\"name\":\"CAUCE\",\"description\":\"Cultura Ambiental - Causa Ecologista\",\"inLanguage\":\"es-ES\",\"publisher\":{\"@id\":\"https:\\\/\\\/cauceecologico.org\\\/#organization\"}}]}\n\t\t<\/script>\n\t\t<!-- All in One SEO -->\n\n","aioseo_head_json":{"title":"Publicaci\u00f3n especial sobre las cuencas hidrogr\u00e1ficas de Paran\u00e1 - CAUCE","description":"\u201cCuencas hidrogr\u00e1ficas de Paran\u00e1. Actualidad, problem\u00e1ticas y recomendaciones\u201d es la nueva publicaci\u00f3n de Fundaci\u00f3n CAUCE, una investigaci\u00f3n y an\u00e1lisis completo desde miradas interdisciplinarias A pocos d\u00edas de un nuevo aniversario de Paran\u00e1, desde Fundaci\u00f3n CAUCE: Cultura Ambiental - Causa Ecologista invitamos a la comunidad a conocer una parte absolutamente propia y singular del territorio","canonical_url":"https:\/\/cauceecologico.org\/?p=4346","robots":"max-image-preview:large","keywords":"","webmasterTools":{"miscellaneous":""},"schema":{"@context":"https:\/\/schema.org","@graph":[{"@type":"BlogPosting","@id":"https:\/\/cauceecologico.org\/?p=4346#blogposting","name":"Publicaci\u00f3n especial sobre las cuencas hidrogr\u00e1ficas de Paran\u00e1 - CAUCE","headline":"Publicaci\u00f3n especial sobre las cuencas hidrogr\u00e1ficas de Paran\u00e1","author":{"@id":"https:\/\/cauceecologico.org\/?author=5#author"},"publisher":{"@id":"https:\/\/cauceecologico.org\/#organization"},"image":{"@type":"ImageObject","url":"https:\/\/cauceecologico.org\/wp-content\/uploads\/2023\/07\/FOTO-6.png","width":1920,"height":1080},"datePublished":"2023-07-07T15:03:26+00:00","dateModified":"2025-03-17T15:54:05+00:00","inLanguage":"es-ES","mainEntityOfPage":{"@id":"https:\/\/cauceecologico.org\/?p=4346#webpage"},"isPartOf":{"@id":"https:\/\/cauceecologico.org\/?p=4346#webpage"},"articleSection":"Destacados, Documentos, Noticias"},{"@type":"BreadcrumbList","@id":"https:\/\/cauceecologico.org\/?p=4346#breadcrumblist","itemListElement":[{"@type":"ListItem","@id":"https:\/\/cauceecologico.org#listItem","position":1,"name":"Home","item":"https:\/\/cauceecologico.org","nextItem":{"@type":"ListItem","@id":"https:\/\/cauceecologico.org\/?cat=3#listItem","name":"Documentos"}},{"@type":"ListItem","@id":"https:\/\/cauceecologico.org\/?cat=3#listItem","position":2,"name":"Documentos","item":"https:\/\/cauceecologico.org\/?cat=3","nextItem":{"@type":"ListItem","@id":"https:\/\/cauceecologico.org\/?p=4346#listItem","name":"Publicaci\u00f3n especial sobre las cuencas hidrogr\u00e1ficas de Paran\u00e1"},"previousItem":{"@type":"ListItem","@id":"https:\/\/cauceecologico.org#listItem","name":"Home"}},{"@type":"ListItem","@id":"https:\/\/cauceecologico.org\/?p=4346#listItem","position":3,"name":"Publicaci\u00f3n especial sobre las cuencas hidrogr\u00e1ficas de Paran\u00e1","previousItem":{"@type":"ListItem","@id":"https:\/\/cauceecologico.org\/?cat=3#listItem","name":"Documentos"}}]},{"@type":"Organization","@id":"https:\/\/cauceecologico.org\/#organization","name":"CAUCE","description":"Cultura Ambiental - Causa Ecologista","url":"https:\/\/cauceecologico.org\/"},{"@type":"Person","@id":"https:\/\/cauceecologico.org\/?author=5#author","url":"https:\/\/cauceecologico.org\/?author=5","name":"Rocio Fernadez Dobal","image":{"@type":"ImageObject","@id":"https:\/\/cauceecologico.org\/?p=4346#authorImage","url":"https:\/\/secure.gravatar.com\/avatar\/0e12a66c907f8480df050de074b5b58070b1d7ad51f067e186cffc71e35dfa04?s=96&d=mm&r=g","width":96,"height":96,"caption":"Rocio Fernadez Dobal"}},{"@type":"WebPage","@id":"https:\/\/cauceecologico.org\/?p=4346#webpage","url":"https:\/\/cauceecologico.org\/?p=4346","name":"Publicaci\u00f3n especial sobre las cuencas hidrogr\u00e1ficas de Paran\u00e1 - CAUCE","description":"\u201cCuencas hidrogr\u00e1ficas de Paran\u00e1. Actualidad, problem\u00e1ticas y recomendaciones\u201d es la nueva publicaci\u00f3n de Fundaci\u00f3n CAUCE, una investigaci\u00f3n y an\u00e1lisis completo desde miradas interdisciplinarias A pocos d\u00edas de un nuevo aniversario de Paran\u00e1, desde Fundaci\u00f3n CAUCE: Cultura Ambiental - Causa Ecologista invitamos a la comunidad a conocer una parte absolutamente propia y singular del territorio","inLanguage":"es-ES","isPartOf":{"@id":"https:\/\/cauceecologico.org\/#website"},"breadcrumb":{"@id":"https:\/\/cauceecologico.org\/?p=4346#breadcrumblist"},"author":{"@id":"https:\/\/cauceecologico.org\/?author=5#author"},"creator":{"@id":"https:\/\/cauceecologico.org\/?author=5#author"},"image":{"@type":"ImageObject","url":"https:\/\/cauceecologico.org\/wp-content\/uploads\/2023\/07\/FOTO-6.png","@id":"https:\/\/cauceecologico.org\/?p=4346\/#mainImage","width":1920,"height":1080},"primaryImageOfPage":{"@id":"https:\/\/cauceecologico.org\/?p=4346#mainImage"},"datePublished":"2023-07-07T15:03:26+00:00","dateModified":"2025-03-17T15:54:05+00:00"},{"@type":"WebSite","@id":"https:\/\/cauceecologico.org\/#website","url":"https:\/\/cauceecologico.org\/","name":"CAUCE","description":"Cultura Ambiental - Causa Ecologista","inLanguage":"es-ES","publisher":{"@id":"https:\/\/cauceecologico.org\/#organization"}}]},"og:locale":"es_ES","og:site_name":"CAUCE - Cultura Ambiental - Causa Ecologista","og:type":"article","og:title":"Publicaci\u00f3n especial sobre las cuencas hidrogr\u00e1ficas de Paran\u00e1 - CAUCE","og:description":"\u201cCuencas hidrogr\u00e1ficas de Paran\u00e1. Actualidad, problem\u00e1ticas y recomendaciones\u201d es la nueva publicaci\u00f3n de Fundaci\u00f3n CAUCE, una investigaci\u00f3n y an\u00e1lisis completo desde miradas interdisciplinarias A pocos d\u00edas de un nuevo aniversario de Paran\u00e1, desde Fundaci\u00f3n CAUCE: Cultura Ambiental - Causa Ecologista invitamos a la comunidad a conocer una parte absolutamente propia y singular del territorio","og:url":"https:\/\/cauceecologico.org\/?p=4346","article:published_time":"2023-07-07T15:03:26+00:00","article:modified_time":"2025-03-17T15:54:05+00:00","twitter:card":"summary_large_image","twitter:title":"Publicaci\u00f3n especial sobre las cuencas hidrogr\u00e1ficas de Paran\u00e1 - CAUCE","twitter:description":"\u201cCuencas hidrogr\u00e1ficas de Paran\u00e1. Actualidad, problem\u00e1ticas y recomendaciones\u201d es la nueva publicaci\u00f3n de Fundaci\u00f3n CAUCE, una investigaci\u00f3n y an\u00e1lisis completo desde miradas interdisciplinarias A pocos d\u00edas de un nuevo aniversario de Paran\u00e1, desde Fundaci\u00f3n CAUCE: Cultura Ambiental - Causa Ecologista invitamos a la comunidad a conocer una parte absolutamente propia y singular del territorio"},"aioseo_meta_data":{"post_id":"4346","title":null,"description":null,"keywords":[],"keyphrases":{"focus":{"keyphrase":"","score":0,"analysis":{"keyphraseInTitle":{"score":0,"maxScore":9,"error":1}}},"additional":[]},"primary_term":null,"canonical_url":null,"og_title":null,"og_description":null,"og_object_type":"default","og_image_type":"default","og_image_url":null,"og_image_width":null,"og_image_height":null,"og_image_custom_url":null,"og_image_custom_fields":null,"og_video":"","og_custom_url":null,"og_article_section":null,"og_article_tags":[],"twitter_use_og":false,"twitter_card":"default","twitter_image_type":"default","twitter_image_url":null,"twitter_image_custom_url":null,"twitter_image_custom_fields":null,"twitter_title":null,"twitter_description":null,"schema":{"blockGraphs":[],"customGraphs":[],"default":{"data":{"Article":[],"Course":[],"Dataset":[],"FAQPage":[],"Movie":[],"Person":[],"Product":[],"ProductReview":[],"Car":[],"Recipe":[],"Service":[],"SoftwareApplication":[],"WebPage":[]},"graphName":"","isEnabled":true},"graphs":[]},"schema_type":"default","schema_type_options":null,"pillar_content":false,"robots_default":true,"robots_noindex":false,"robots_noarchive":false,"robots_nosnippet":false,"robots_nofollow":false,"robots_noimageindex":false,"robots_noodp":false,"robots_notranslate":false,"robots_max_snippet":"-1","robots_max_videopreview":"-1","robots_max_imagepreview":"large","priority":0,"frequency":"default","local_seo":null,"limit_modified_date":false,"created":"2023-07-07 14:45:22","updated":"2026-07-28 01:53:00","ai":null,"breadcrumb_settings":null,"seo_analyzer_scan_date":null},"aioseo_breadcrumb":"<div class=\"aioseo-breadcrumbs\"><span class=\"aioseo-breadcrumb\">\n\t\t\t<a href=\"https:\/\/cauceecologico.org\" title=\"Home\">Home<\/a>\n\t\t<\/span><span class=\"aioseo-breadcrumb-separator\">&raquo;<\/span><span class=\"aioseo-breadcrumb\">\n\t\t\t<a href=\"https:\/\/cauceecologico.org\/?cat=3\" title=\"Documentos\">Documentos<\/a>\n\t\t<\/span><span class=\"aioseo-breadcrumb-separator\">&raquo;<\/span><span class=\"aioseo-breadcrumb\">\n\t\t\tPublicaci\u00f3n especial sobre las cuencas hidrogr\u00e1ficas de Paran\u00e1\n\t\t<\/span><\/div>","aioseo_breadcrumb_json":[{"label":"Home","link":"https:\/\/cauceecologico.org"},{"label":"Documentos","link":"https:\/\/cauceecologico.org\/?cat=3"},{"label":"Publicaci\u00f3n especial sobre las cuencas hidrogr\u00e1ficas de Paran\u00e1","link":"https:\/\/cauceecologico.org\/?p=4346"}],"_links":{"self":[{"href":"https:\/\/cauceecologico.org\/index.php?rest_route=\/wp\/v2\/posts\/4346","targetHints":{"allow":["GET"]}}],"collection":[{"href":"https:\/\/cauceecologico.org\/index.php?rest_route=\/wp\/v2\/posts"}],"about":[{"href":"https:\/\/cauceecologico.org\/index.php?rest_route=\/wp\/v2\/types\/post"}],"author":[{"embeddable":true,"href":"https:\/\/cauceecologico.org\/index.php?rest_route=\/wp\/v2\/users\/5"}],"replies":[{"embeddable":true,"href":"https:\/\/cauceecologico.org\/index.php?rest_route=%2Fwp%2Fv2%2Fcomments&post=4346"}],"version-history":[{"count":13,"href":"https:\/\/cauceecologico.org\/index.php?rest_route=\/wp\/v2\/posts\/4346\/revisions"}],"predecessor-version":[{"id":5348,"href":"https:\/\/cauceecologico.org\/index.php?rest_route=\/wp\/v2\/posts\/4346\/revisions\/5348"}],"wp:featuredmedia":[{"embeddable":true,"href":"https:\/\/cauceecologico.org\/index.php?rest_route=\/wp\/v2\/media\/4399"}],"wp:attachment":[{"href":"https:\/\/cauceecologico.org\/index.php?rest_route=%2Fwp%2Fv2%2Fmedia&parent=4346"}],"wp:term":[{"taxonomy":"category","embeddable":true,"href":"https:\/\/cauceecologico.org\/index.php?rest_route=%2Fwp%2Fv2%2Fcategories&post=4346"},{"taxonomy":"post_tag","embeddable":true,"href":"https:\/\/cauceecologico.org\/index.php?rest_route=%2Fwp%2Fv2%2Ftags&post=4346"}],"curies":[{"name":"wp","href":"https:\/\/api.w.org\/{rel}","templated":true}]}}