{"id":4361,"date":"2023-07-10T03:08:53","date_gmt":"2023-07-10T03:08:53","guid":{"rendered":"https:\/\/cauceecologico.org\/?p=4361"},"modified":"2023-07-10T03:15:01","modified_gmt":"2023-07-10T03:15:01","slug":"arenas-siliceas-nueva-resolucion-de-la-jueza","status":"publish","type":"post","link":"https:\/\/cauceecologico.org\/?p=4361","title":{"rendered":"Arenas sil\u00edceas: nueva resoluci\u00f3n de la jueza"},"content":{"rendered":"<p>En el marco del amparo ambiental interpuesto por Fundaci\u00f3n CAUCE y AGMER contra el gobierno de la provincia de Entre R\u00edos, la Municipalidad de Ibicuy y la empresa YPF S.A., la jueza Mar\u00eda Valentina Ram\u00edrez Amable solicit\u00f3 informaci\u00f3n al Estado Provincial sobre la situaci\u00f3n del Estudio de Impacto Ambiental acumulativo ordenado y el mecanismo mediante el cual se dar\u00e1 participaci\u00f3n ciudadana sobre sus resultados. Tambi\u00e9n se requiri\u00f3 conocer el estado de cumplimiento de la medida cautelar, dictada el 3o de enero y confirmada por el Superior Tribunal de Justicia de la Provincia el 1\u00b0de marzo, que proh\u00edbe la instalaci\u00f3n de emprendimientos de canteras y\/o plantas de lavado de arenas sil\u00edceas en la zona afectada en el Delta entrerriano.<\/p>\n<p>La resoluci\u00f3n, firmada el viernes 7 de julio por la jueza de la C\u00e1mara II, Sala III de Apelaci\u00f3n Civil y Comercial de Paran\u00e1, impuso:<\/p>\n<p>1: Tener por cumplimentadas las obligaciones impuestas a la codemandada YPF SA en la <span style=\"color: #3366ff;\"><a style=\"color: #3366ff;\" href=\"https:\/\/cauceecologico.org\/?p=3670\">sentencia del 22\/10\/2021<\/a><\/span>.<br \/>\n2: Requerir al Estado Provincial, en el plazo de 10 d\u00edas h\u00e1biles de notificado, informe circunstanciado respecto de:<br \/>\nI) Etapas realizadas y\/o finalizadas del EIA acumulativo ordenado en las presentes. En caso de restar etapas por cumplir, indique las fecha probable de finalizaci\u00f3n, con presentaci\u00f3n de cronograma actualizado.<br \/>\nII) En el supuesto de haberse finalizado y presentado el EIA acumulativo ordenado, indique fecha de finalizaci\u00f3n, acompa\u00f1ando sus conclusiones.<br \/>\nIII) Forma y fecha en la que se dar\u00e1 a conocer el EIA acumulativo; si el mismo ha sido o ser\u00e1 publicado y por qu\u00e9 medio.<br \/>\nIV) Mecanismo mediante el cual se dar\u00e1 la debida participaci\u00f3n ciudadana respecto de los resultados del EIA acumulativo en el territorio afectado y para la ciudadan\u00eda entrerriana en general.<br \/>\nV) Informe respecto del estado de cumplimiento de la <span style=\"color: #3366ff;\"><a style=\"color: #3366ff;\" href=\"https:\/\/cauceecologico.org\/?p=4121\">resoluci\u00f3n del 30\/01\/2023<\/a><\/span>, confirmada por el Superior Tribunal de Justicia de la Provincia el <span style=\"color: #3366ff;\"><a style=\"color: #3366ff;\" href=\"https:\/\/cauceecologico.org\/?p=4186\">01\/03\/2023.<\/a><\/span><\/p>\n<h4><strong><span style=\"color: #3366ff;\"><a style=\"color: #3366ff;\" href=\"http:\/\/cauceecologico.org\/wp-content\/uploads\/2023\/07\/Jueza-ordena-SAER-informe-sobre-EIAA.pdf\">Leer resoluci\u00f3n completa.<\/a><\/span><\/strong><\/h4>\n<p>Relacionadas:<\/p>\n<ul>\n<li><span style=\"color: #3366ff;\"><a style=\"color: #3366ff;\" href=\"https:\/\/cauceecologico.org\/?p=4329\">Arenas sil\u00edceas: nueva solicitud de informaci\u00f3n a ATER<\/a><\/span><\/li>\n<li><span style=\"color: #3366ff;\"><a style=\"color: #3366ff;\" href=\"https:\/\/cauceecologico.org\/?p=4252\">Arenas sil\u00edceas: solicitamos informaci\u00f3n a las secretarias de miner\u00eda y ambiente de la provincia<\/a><\/span><\/li>\n<li><span style=\"color: #3366ff;\"><a style=\"color: #3366ff;\" href=\"https:\/\/cauceecologico.org\/?p=3929\">Documento: Arenas para el fracking. La extracci\u00f3n del nuevo oro en Entre R\u00edos<\/a><\/span><\/li>\n<li><span style=\"color: #3366ff;\"><a style=\"color: #3366ff;\" href=\"https:\/\/cauceecologico.org\/?p=3833\">El gobierno de Entre R\u00edos no puede autorizar canteras ni plantas de lavado de arenas sil\u00edceas en Ibicuy<\/a><\/span><\/li>\n<\/ul>\n<p style=\"text-align: right;\">07\/07\/2023<\/p>\n","protected":false},"excerpt":{"rendered":"<p>En el marco del amparo ambiental interpuesto por Fundaci\u00f3n CAUCE y AGMER contra el gobierno de la provincia de Entre R\u00edos, la Municipalidad de Ibicuy y la empresa YPF S.A., la jueza Mar\u00eda Valentina Ram\u00edrez Amable solicit\u00f3 informaci\u00f3n al Estado Provincial sobre la situaci\u00f3n del Estudio de Impacto Ambiental acumulativo ordenado y el mecanismo mediante [&hellip;]<\/p>\n","protected":false},"author":2,"featured_media":4123,"comment_status":"open","ping_status":"open","sticky":false,"template":"","format":"standard","meta":{"om_disable_all_campaigns":false,"_monsterinsights_skip_tracking":false,"amp_status":"","footnotes":""},"categories":[277,276,5],"tags":[],"class_list":["post-4361","post","type-post","status-publish","format-standard","has-post-thumbnail","hentry","category-acciones-de-monitoreo","category-delta","category-noticias"],"aioseo_notices":[],"aioseo_head":"\n\t\t<!-- All in One SEO 4.9.10 - aioseo.com -->\n\t<meta name=\"description\" content=\"En el marco del amparo ambiental interpuesto por Fundaci\u00f3n CAUCE y AGMER contra el gobierno de la provincia de Entre R\u00edos, la Municipalidad de Ibicuy y la empresa YPF S.A., la jueza Mar\u00eda Valentina Ram\u00edrez Amable solicit\u00f3 informaci\u00f3n al Estado Provincial sobre la situaci\u00f3n del Estudio de Impacto Ambiental acumulativo ordenado y el mecanismo mediante\" \/>\n\t<meta name=\"robots\" content=\"max-image-preview:large\" \/>\n\t<meta name=\"author\" content=\"Ana Lucia Vergara\"\/>\n\t<link rel=\"canonical\" href=\"https:\/\/cauceecologico.org\/?p=4361\" \/>\n\t<meta name=\"generator\" content=\"All in One SEO (AIOSEO) 4.9.10\" \/>\n\t\t<meta property=\"og:locale\" content=\"es_ES\" \/>\n\t\t<meta property=\"og:site_name\" content=\"CAUCE - Cultura Ambiental - Causa Ecologista\" \/>\n\t\t<meta property=\"og:type\" content=\"article\" \/>\n\t\t<meta property=\"og:title\" content=\"Arenas sil\u00edceas: nueva resoluci\u00f3n de la jueza - CAUCE\" \/>\n\t\t<meta property=\"og:description\" content=\"En el marco del amparo ambiental interpuesto por Fundaci\u00f3n CAUCE y AGMER contra el gobierno de la provincia de Entre R\u00edos, la Municipalidad de Ibicuy y la empresa YPF S.A., la jueza Mar\u00eda Valentina Ram\u00edrez Amable solicit\u00f3 informaci\u00f3n al Estado Provincial sobre la situaci\u00f3n del Estudio de Impacto Ambiental acumulativo ordenado y el mecanismo mediante\" \/>\n\t\t<meta property=\"og:url\" content=\"https:\/\/cauceecologico.org\/?p=4361\" \/>\n\t\t<meta property=\"article:published_time\" content=\"2023-07-10T03:08:53+00:00\" \/>\n\t\t<meta property=\"article:modified_time\" content=\"2023-07-10T03:15:01+00:00\" \/>\n\t\t<meta name=\"twitter:card\" content=\"summary_large_image\" \/>\n\t\t<meta name=\"twitter:title\" content=\"Arenas sil\u00edceas: nueva resoluci\u00f3n de la jueza - CAUCE\" \/>\n\t\t<meta name=\"twitter:description\" content=\"En el marco del amparo ambiental interpuesto por Fundaci\u00f3n CAUCE y AGMER contra el gobierno de la provincia de Entre R\u00edos, la Municipalidad de Ibicuy y la empresa YPF S.A., la jueza Mar\u00eda Valentina Ram\u00edrez Amable solicit\u00f3 informaci\u00f3n al Estado Provincial sobre la situaci\u00f3n del Estudio de Impacto Ambiental acumulativo ordenado y el mecanismo mediante\" \/>\n\t\t<script type=\"application\/ld+json\" class=\"aioseo-schema\">\n\t\t\t{\"@context\":\"https:\\\/\\\/schema.org\",\"@graph\":[{\"@type\":\"BlogPosting\",\"@id\":\"https:\\\/\\\/cauceecologico.org\\\/?p=4361#blogposting\",\"name\":\"Arenas sil\\u00edceas: nueva resoluci\\u00f3n de la jueza - CAUCE\",\"headline\":\"Arenas sil\\u00edceas: nueva resoluci\\u00f3n de la jueza\",\"author\":{\"@id\":\"https:\\\/\\\/cauceecologico.org\\\/?author=2#author\"},\"publisher\":{\"@id\":\"https:\\\/\\\/cauceecologico.org\\\/#organization\"},\"image\":{\"@type\":\"ImageObject\",\"url\":\"https:\\\/\\\/cauceecologico.org\\\/wp-content\\\/uploads\\\/2023\\\/01\\\/Screen-Shot-2020-07-02-at-19.15.16.png\",\"width\":1121,\"height\":626},\"datePublished\":\"2023-07-10T03:08:53+00:00\",\"dateModified\":\"2023-07-10T03:15:01+00:00\",\"inLanguage\":\"es-ES\",\"mainEntityOfPage\":{\"@id\":\"https:\\\/\\\/cauceecologico.org\\\/?p=4361#webpage\"},\"isPartOf\":{\"@id\":\"https:\\\/\\\/cauceecologico.org\\\/?p=4361#webpage\"},\"articleSection\":\"Acciones de monitoreo, Delta, Noticias\"},{\"@type\":\"BreadcrumbList\",\"@id\":\"https:\\\/\\\/cauceecologico.org\\\/?p=4361#breadcrumblist\",\"itemListElement\":[{\"@type\":\"ListItem\",\"@id\":\"https:\\\/\\\/cauceecologico.org#listItem\",\"position\":1,\"name\":\"Home\",\"item\":\"https:\\\/\\\/cauceecologico.org\",\"nextItem\":{\"@type\":\"ListItem\",\"@id\":\"https:\\\/\\\/cauceecologico.org\\\/?cat=5#listItem\",\"name\":\"Noticias\"}},{\"@type\":\"ListItem\",\"@id\":\"https:\\\/\\\/cauceecologico.org\\\/?cat=5#listItem\",\"position\":2,\"name\":\"Noticias\",\"item\":\"https:\\\/\\\/cauceecologico.org\\\/?cat=5\",\"nextItem\":{\"@type\":\"ListItem\",\"@id\":\"https:\\\/\\\/cauceecologico.org\\\/?p=4361#listItem\",\"name\":\"Arenas sil\\u00edceas: nueva resoluci\\u00f3n de la jueza\"},\"previousItem\":{\"@type\":\"ListItem\",\"@id\":\"https:\\\/\\\/cauceecologico.org#listItem\",\"name\":\"Home\"}},{\"@type\":\"ListItem\",\"@id\":\"https:\\\/\\\/cauceecologico.org\\\/?p=4361#listItem\",\"position\":3,\"name\":\"Arenas sil\\u00edceas: nueva resoluci\\u00f3n de la jueza\",\"previousItem\":{\"@type\":\"ListItem\",\"@id\":\"https:\\\/\\\/cauceecologico.org\\\/?cat=5#listItem\",\"name\":\"Noticias\"}}]},{\"@type\":\"Organization\",\"@id\":\"https:\\\/\\\/cauceecologico.org\\\/#organization\",\"name\":\"CAUCE\",\"description\":\"Cultura Ambiental - Causa Ecologista\",\"url\":\"https:\\\/\\\/cauceecologico.org\\\/\"},{\"@type\":\"Person\",\"@id\":\"https:\\\/\\\/cauceecologico.org\\\/?author=2#author\",\"url\":\"https:\\\/\\\/cauceecologico.org\\\/?author=2\",\"name\":\"Ana Lucia Vergara\",\"image\":{\"@type\":\"ImageObject\",\"@id\":\"https:\\\/\\\/cauceecologico.org\\\/?p=4361#authorImage\",\"url\":\"https:\\\/\\\/secure.gravatar.com\\\/avatar\\\/e8720df08f5c466573fb9f3d6cec14bcac9a305e2049123e58e6bc9c03f3a77b?s=96&d=mm&r=g\",\"width\":96,\"height\":96,\"caption\":\"Ana Lucia Vergara\"}},{\"@type\":\"WebPage\",\"@id\":\"https:\\\/\\\/cauceecologico.org\\\/?p=4361#webpage\",\"url\":\"https:\\\/\\\/cauceecologico.org\\\/?p=4361\",\"name\":\"Arenas sil\\u00edceas: nueva resoluci\\u00f3n de la jueza - CAUCE\",\"description\":\"En el marco del amparo ambiental interpuesto por Fundaci\\u00f3n CAUCE y AGMER contra el gobierno de la provincia de Entre R\\u00edos, la Municipalidad de Ibicuy y la empresa YPF S.A., la jueza Mar\\u00eda Valentina Ram\\u00edrez Amable solicit\\u00f3 informaci\\u00f3n al Estado Provincial sobre la situaci\\u00f3n del Estudio de Impacto Ambiental acumulativo ordenado y el mecanismo mediante\",\"inLanguage\":\"es-ES\",\"isPartOf\":{\"@id\":\"https:\\\/\\\/cauceecologico.org\\\/#website\"},\"breadcrumb\":{\"@id\":\"https:\\\/\\\/cauceecologico.org\\\/?p=4361#breadcrumblist\"},\"author\":{\"@id\":\"https:\\\/\\\/cauceecologico.org\\\/?author=2#author\"},\"creator\":{\"@id\":\"https:\\\/\\\/cauceecologico.org\\\/?author=2#author\"},\"image\":{\"@type\":\"ImageObject\",\"url\":\"https:\\\/\\\/cauceecologico.org\\\/wp-content\\\/uploads\\\/2023\\\/01\\\/Screen-Shot-2020-07-02-at-19.15.16.png\",\"@id\":\"https:\\\/\\\/cauceecologico.org\\\/?p=4361\\\/#mainImage\",\"width\":1121,\"height\":626},\"primaryImageOfPage\":{\"@id\":\"https:\\\/\\\/cauceecologico.org\\\/?p=4361#mainImage\"},\"datePublished\":\"2023-07-10T03:08:53+00:00\",\"dateModified\":\"2023-07-10T03:15:01+00:00\"},{\"@type\":\"WebSite\",\"@id\":\"https:\\\/\\\/cauceecologico.org\\\/#website\",\"url\":\"https:\\\/\\\/cauceecologico.org\\\/\",\"name\":\"CAUCE\",\"description\":\"Cultura Ambiental - Causa Ecologista\",\"inLanguage\":\"es-ES\",\"publisher\":{\"@id\":\"https:\\\/\\\/cauceecologico.org\\\/#organization\"}}]}\n\t\t<\/script>\n\t\t<!-- All in One SEO -->\n\n","aioseo_head_json":{"title":"Arenas sil\u00edceas: nueva resoluci\u00f3n de la jueza - CAUCE","description":"En el marco del amparo ambiental interpuesto por Fundaci\u00f3n CAUCE y AGMER contra el gobierno de la provincia de Entre R\u00edos, la Municipalidad de Ibicuy y la empresa YPF S.A., la jueza Mar\u00eda Valentina Ram\u00edrez Amable solicit\u00f3 informaci\u00f3n al Estado Provincial sobre la situaci\u00f3n del Estudio de Impacto Ambiental acumulativo ordenado y el mecanismo mediante","canonical_url":"https:\/\/cauceecologico.org\/?p=4361","robots":"max-image-preview:large","keywords":"","webmasterTools":{"miscellaneous":""},"schema":{"@context":"https:\/\/schema.org","@graph":[{"@type":"BlogPosting","@id":"https:\/\/cauceecologico.org\/?p=4361#blogposting","name":"Arenas sil\u00edceas: nueva resoluci\u00f3n de la jueza - CAUCE","headline":"Arenas sil\u00edceas: nueva resoluci\u00f3n de la jueza","author":{"@id":"https:\/\/cauceecologico.org\/?author=2#author"},"publisher":{"@id":"https:\/\/cauceecologico.org\/#organization"},"image":{"@type":"ImageObject","url":"https:\/\/cauceecologico.org\/wp-content\/uploads\/2023\/01\/Screen-Shot-2020-07-02-at-19.15.16.png","width":1121,"height":626},"datePublished":"2023-07-10T03:08:53+00:00","dateModified":"2023-07-10T03:15:01+00:00","inLanguage":"es-ES","mainEntityOfPage":{"@id":"https:\/\/cauceecologico.org\/?p=4361#webpage"},"isPartOf":{"@id":"https:\/\/cauceecologico.org\/?p=4361#webpage"},"articleSection":"Acciones de monitoreo, Delta, Noticias"},{"@type":"BreadcrumbList","@id":"https:\/\/cauceecologico.org\/?p=4361#breadcrumblist","itemListElement":[{"@type":"ListItem","@id":"https:\/\/cauceecologico.org#listItem","position":1,"name":"Home","item":"https:\/\/cauceecologico.org","nextItem":{"@type":"ListItem","@id":"https:\/\/cauceecologico.org\/?cat=5#listItem","name":"Noticias"}},{"@type":"ListItem","@id":"https:\/\/cauceecologico.org\/?cat=5#listItem","position":2,"name":"Noticias","item":"https:\/\/cauceecologico.org\/?cat=5","nextItem":{"@type":"ListItem","@id":"https:\/\/cauceecologico.org\/?p=4361#listItem","name":"Arenas sil\u00edceas: nueva resoluci\u00f3n de la jueza"},"previousItem":{"@type":"ListItem","@id":"https:\/\/cauceecologico.org#listItem","name":"Home"}},{"@type":"ListItem","@id":"https:\/\/cauceecologico.org\/?p=4361#listItem","position":3,"name":"Arenas sil\u00edceas: nueva resoluci\u00f3n de la jueza","previousItem":{"@type":"ListItem","@id":"https:\/\/cauceecologico.org\/?cat=5#listItem","name":"Noticias"}}]},{"@type":"Organization","@id":"https:\/\/cauceecologico.org\/#organization","name":"CAUCE","description":"Cultura Ambiental - Causa Ecologista","url":"https:\/\/cauceecologico.org\/"},{"@type":"Person","@id":"https:\/\/cauceecologico.org\/?author=2#author","url":"https:\/\/cauceecologico.org\/?author=2","name":"Ana Lucia Vergara","image":{"@type":"ImageObject","@id":"https:\/\/cauceecologico.org\/?p=4361#authorImage","url":"https:\/\/secure.gravatar.com\/avatar\/e8720df08f5c466573fb9f3d6cec14bcac9a305e2049123e58e6bc9c03f3a77b?s=96&d=mm&r=g","width":96,"height":96,"caption":"Ana Lucia Vergara"}},{"@type":"WebPage","@id":"https:\/\/cauceecologico.org\/?p=4361#webpage","url":"https:\/\/cauceecologico.org\/?p=4361","name":"Arenas sil\u00edceas: nueva resoluci\u00f3n de la jueza - CAUCE","description":"En el marco del amparo ambiental interpuesto por Fundaci\u00f3n CAUCE y AGMER contra el gobierno de la provincia de Entre R\u00edos, la Municipalidad de Ibicuy y la empresa YPF S.A., la jueza Mar\u00eda Valentina Ram\u00edrez Amable solicit\u00f3 informaci\u00f3n al Estado Provincial sobre la situaci\u00f3n del Estudio de Impacto Ambiental acumulativo ordenado y el mecanismo mediante","inLanguage":"es-ES","isPartOf":{"@id":"https:\/\/cauceecologico.org\/#website"},"breadcrumb":{"@id":"https:\/\/cauceecologico.org\/?p=4361#breadcrumblist"},"author":{"@id":"https:\/\/cauceecologico.org\/?author=2#author"},"creator":{"@id":"https:\/\/cauceecologico.org\/?author=2#author"},"image":{"@type":"ImageObject","url":"https:\/\/cauceecologico.org\/wp-content\/uploads\/2023\/01\/Screen-Shot-2020-07-02-at-19.15.16.png","@id":"https:\/\/cauceecologico.org\/?p=4361\/#mainImage","width":1121,"height":626},"primaryImageOfPage":{"@id":"https:\/\/cauceecologico.org\/?p=4361#mainImage"},"datePublished":"2023-07-10T03:08:53+00:00","dateModified":"2023-07-10T03:15:01+00:00"},{"@type":"WebSite","@id":"https:\/\/cauceecologico.org\/#website","url":"https:\/\/cauceecologico.org\/","name":"CAUCE","description":"Cultura Ambiental - Causa Ecologista","inLanguage":"es-ES","publisher":{"@id":"https:\/\/cauceecologico.org\/#organization"}}]},"og:locale":"es_ES","og:site_name":"CAUCE - Cultura Ambiental - Causa Ecologista","og:type":"article","og:title":"Arenas sil\u00edceas: nueva resoluci\u00f3n de la jueza - CAUCE","og:description":"En el marco del amparo ambiental interpuesto por Fundaci\u00f3n CAUCE y AGMER contra el gobierno de la provincia de Entre R\u00edos, la Municipalidad de Ibicuy y la empresa YPF S.A., la jueza Mar\u00eda Valentina Ram\u00edrez Amable solicit\u00f3 informaci\u00f3n al Estado Provincial sobre la situaci\u00f3n del Estudio de Impacto Ambiental acumulativo ordenado y el mecanismo mediante","og:url":"https:\/\/cauceecologico.org\/?p=4361","article:published_time":"2023-07-10T03:08:53+00:00","article:modified_time":"2023-07-10T03:15:01+00:00","twitter:card":"summary_large_image","twitter:title":"Arenas sil\u00edceas: nueva resoluci\u00f3n de la jueza - CAUCE","twitter:description":"En el marco del amparo ambiental interpuesto por Fundaci\u00f3n CAUCE y AGMER contra el gobierno de la provincia de Entre R\u00edos, la Municipalidad de Ibicuy y la empresa YPF S.A., la jueza Mar\u00eda Valentina Ram\u00edrez Amable solicit\u00f3 informaci\u00f3n al Estado Provincial sobre la situaci\u00f3n del Estudio de Impacto Ambiental acumulativo ordenado y el mecanismo mediante"},"aioseo_meta_data":{"post_id":"4361","title":null,"description":null,"keywords":[],"keyphrases":{"focus":{"keyphrase":"","score":0,"analysis":{"keyphraseInTitle":{"score":0,"maxScore":9,"error":1}}},"additional":[]},"primary_term":null,"canonical_url":null,"og_title":null,"og_description":null,"og_object_type":"default","og_image_type":"default","og_image_url":null,"og_image_width":null,"og_image_height":null,"og_image_custom_url":null,"og_image_custom_fields":null,"og_video":"","og_custom_url":null,"og_article_section":null,"og_article_tags":[],"twitter_use_og":false,"twitter_card":"default","twitter_image_type":"default","twitter_image_url":null,"twitter_image_custom_url":null,"twitter_image_custom_fields":null,"twitter_title":null,"twitter_description":null,"schema":{"blockGraphs":[],"customGraphs":[],"default":{"data":{"Article":[],"Course":[],"Dataset":[],"FAQPage":[],"Movie":[],"Person":[],"Product":[],"ProductReview":[],"Car":[],"Recipe":[],"Service":[],"SoftwareApplication":[],"WebPage":[]},"graphName":"","isEnabled":true},"graphs":[]},"schema_type":"default","schema_type_options":null,"pillar_content":false,"robots_default":true,"robots_noindex":false,"robots_noarchive":false,"robots_nosnippet":false,"robots_nofollow":false,"robots_noimageindex":false,"robots_noodp":false,"robots_notranslate":false,"robots_max_snippet":"-1","robots_max_videopreview":"-1","robots_max_imagepreview":"large","priority":0,"frequency":"default","local_seo":null,"limit_modified_date":false,"created":"2023-07-10 03:08:53","updated":"2026-07-28 01:53:00","ai":null,"breadcrumb_settings":null,"seo_analyzer_scan_date":null},"aioseo_breadcrumb":"<div class=\"aioseo-breadcrumbs\"><span class=\"aioseo-breadcrumb\">\n\t\t\t<a href=\"https:\/\/cauceecologico.org\" title=\"Home\">Home<\/a>\n\t\t<\/span><span class=\"aioseo-breadcrumb-separator\">&raquo;<\/span><span class=\"aioseo-breadcrumb\">\n\t\t\t<a href=\"https:\/\/cauceecologico.org\/?cat=5\" title=\"Noticias\">Noticias<\/a>\n\t\t<\/span><span class=\"aioseo-breadcrumb-separator\">&raquo;<\/span><span class=\"aioseo-breadcrumb\">\n\t\t\tArenas sil\u00edceas: nueva resoluci\u00f3n de la jueza\n\t\t<\/span><\/div>","aioseo_breadcrumb_json":[{"label":"Home","link":"https:\/\/cauceecologico.org"},{"label":"Noticias","link":"https:\/\/cauceecologico.org\/?cat=5"},{"label":"Arenas sil\u00edceas: nueva resoluci\u00f3n de la jueza","link":"https:\/\/cauceecologico.org\/?p=4361"}],"_links":{"self":[{"href":"https:\/\/cauceecologico.org\/index.php?rest_route=\/wp\/v2\/posts\/4361","targetHints":{"allow":["GET"]}}],"collection":[{"href":"https:\/\/cauceecologico.org\/index.php?rest_route=\/wp\/v2\/posts"}],"about":[{"href":"https:\/\/cauceecologico.org\/index.php?rest_route=\/wp\/v2\/types\/post"}],"author":[{"embeddable":true,"href":"https:\/\/cauceecologico.org\/index.php?rest_route=\/wp\/v2\/users\/2"}],"replies":[{"embeddable":true,"href":"https:\/\/cauceecologico.org\/index.php?rest_route=%2Fwp%2Fv2%2Fcomments&post=4361"}],"version-history":[{"count":3,"href":"https:\/\/cauceecologico.org\/index.php?rest_route=\/wp\/v2\/posts\/4361\/revisions"}],"predecessor-version":[{"id":4367,"href":"https:\/\/cauceecologico.org\/index.php?rest_route=\/wp\/v2\/posts\/4361\/revisions\/4367"}],"wp:featuredmedia":[{"embeddable":true,"href":"https:\/\/cauceecologico.org\/index.php?rest_route=\/wp\/v2\/media\/4123"}],"wp:attachment":[{"href":"https:\/\/cauceecologico.org\/index.php?rest_route=%2Fwp%2Fv2%2Fmedia&parent=4361"}],"wp:term":[{"taxonomy":"category","embeddable":true,"href":"https:\/\/cauceecologico.org\/index.php?rest_route=%2Fwp%2Fv2%2Fcategories&post=4361"},{"taxonomy":"post_tag","embeddable":true,"href":"https:\/\/cauceecologico.org\/index.php?rest_route=%2Fwp%2Fv2%2Ftags&post=4361"}],"curies":[{"name":"wp","href":"https:\/\/api.w.org\/{rel}","templated":true}]}}