{"id":4368,"date":"2023-07-10T03:45:09","date_gmt":"2023-07-10T03:45:09","guid":{"rendered":"https:\/\/cauceecologico.org\/?p=4368"},"modified":"2023-07-10T03:45:09","modified_gmt":"2023-07-10T03:45:09","slug":"contaminacion-del-rio-cauce-interpuso-un-amparo-por-acceso-a-la-informacion","status":"publish","type":"post","link":"https:\/\/cauceecologico.org\/?p=4368","title":{"rendered":"Contaminaci\u00f3n del r\u00edo: CAUCE interpuso un amparo por acceso a la informaci\u00f3n"},"content":{"rendered":"<p>En el marco del monitoreo y seguimiento que realizamos como organizaci\u00f3n de la sociedad civil sobre la contaminaci\u00f3n del r\u00edo Paran\u00e1, Fundaci\u00f3n CAUCE: Cultura Ambiental &#8211; Causa Ecologista interpuso una acci\u00f3n de amparo por acceso a la informaci\u00f3n p\u00fablica ante la falta de respuesta, en tiempo y forma, de la Municipalidad a la solicitud de informaci\u00f3n sobre el tratamiento de los efluentes cloacales en la ciudad.<\/p>\n<p>En el escrito, presentado el viernes 7 de julio, detallamos la <span style=\"color: #3366ff;\"><a style=\"color: #3366ff;\" href=\"https:\/\/cauceecologico.org\/?p=4257\">informaci\u00f3n solicitada el 19 de abril<\/a><\/span> al presidente municipal, Cr. Ad\u00e1n H. Bahl, destacamos que el plazo de la ley est\u00e1 ampliamente cumplido y solicitamos que se ordene al municipio que cumpla con su deber de brindar informaci\u00f3n p\u00fablica ambiental.<\/p>\n<p>En la misma requerimos informaci\u00f3n sobre:<\/p>\n<ol>\n<li aria-level=\"1\">Cantidad de viviendas y porcentaje de la poblaci\u00f3n total -en la jurisdicci\u00f3n a cargo- que se encuentra conectada a la red cloacal.<\/li>\n<li aria-level=\"1\">Sistema de tratamiento de los efluentes cloacales que adopta la jurisdicci\u00f3n. Espec\u00edficamente, indique c\u00f3mo se arrojan los mismos, en qu\u00e9 sitio y a d\u00f3nde.<\/li>\n<li aria-level=\"1\">Cantidad de plantas de tratamiento de l\u00edquidos o efluentes cloacales con las que cuenta, detallando ubicaci\u00f3n, capacidad y zona de influencia que tiene.<\/li>\n<li aria-level=\"1\">Si se encuentran en etapa de planificaci\u00f3n o estudio de instalaci\u00f3n nuevas plantas de tratamiento de efluentes cloacales, especificando zonas y capacidades de las mismas.<\/li>\n<li aria-level=\"1\">Si se han realizado estudios en el agua de red p\u00fablica para determinar la existencia de alg\u00fan contaminante\/s y la forma en que se ha definido tratarlo.<\/li>\n<li aria-level=\"1\">Indique si como consecuencia del contacto con aguas contaminadas por efluentes cloacales\/napas contaminadas se han detectado enfermedades en ni\u00f1os\/adultos que podr\u00edan estar asociadas en las distintas instituciones de salud que operan en la jurisdicci\u00f3n a su cargo. En caso afirmativo, especifique qu\u00e9 patolog\u00edas han aparecido y en qu\u00e9 zonas urbanas preponderantemente.<\/li>\n<\/ol>\n<p>Asimismo, se solicit\u00f3 al presidente municipal que aporte copias de la documental requerida en los puntos precedentes.<\/p>\n<p>Desde la Fundaci\u00f3n se se\u00f1al\u00f3 que Municipalidad de Paran\u00e1 impide el libre e irrestricto acceso a la informaci\u00f3n ambiental, que tiene en su poder y se apunt\u00f3 a que la solicitud deb\u00eda ser respondida el 5 de junio, como plazo m\u00e1ximo.<\/p>\n<p style=\"text-align: right;\">07\/07\/2023<\/p>\n","protected":false},"excerpt":{"rendered":"<p>En el marco del monitoreo y seguimiento que realizamos como organizaci\u00f3n de la sociedad civil sobre la contaminaci\u00f3n del r\u00edo Paran\u00e1, Fundaci\u00f3n CAUCE: Cultura Ambiental &#8211; Causa Ecologista interpuso una acci\u00f3n de amparo por acceso a la informaci\u00f3n p\u00fablica ante la falta de respuesta, en tiempo y forma, de la Municipalidad a la solicitud de [&hellip;]<\/p>\n","protected":false},"author":2,"featured_media":4010,"comment_status":"open","ping_status":"open","sticky":false,"template":"","format":"standard","meta":{"om_disable_all_campaigns":false,"_monsterinsights_skip_tracking":false,"amp_status":"","footnotes":""},"categories":[277,5,112],"tags":[],"class_list":["post-4368","post","type-post","status-publish","format-standard","has-post-thumbnail","hentry","category-acciones-de-monitoreo","category-noticias","category-rios-libres"],"aioseo_notices":[],"aioseo_head":"\n\t\t<!-- All in One SEO 4.9.10 - aioseo.com -->\n\t<meta name=\"description\" content=\"En el marco del monitoreo y seguimiento que realizamos como organizaci\u00f3n de la sociedad civil sobre la contaminaci\u00f3n del r\u00edo Paran\u00e1, Fundaci\u00f3n CAUCE: Cultura Ambiental - Causa Ecologista interpuso una acci\u00f3n de amparo por acceso a la informaci\u00f3n p\u00fablica ante la falta de respuesta, en tiempo y forma, de la Municipalidad a la solicitud de\" \/>\n\t<meta name=\"robots\" content=\"max-image-preview:large\" \/>\n\t<meta name=\"author\" content=\"Ana Lucia Vergara\"\/>\n\t<link rel=\"canonical\" href=\"https:\/\/cauceecologico.org\/?p=4368\" \/>\n\t<meta name=\"generator\" content=\"All in One SEO (AIOSEO) 4.9.10\" \/>\n\t\t<meta property=\"og:locale\" content=\"es_ES\" \/>\n\t\t<meta property=\"og:site_name\" content=\"CAUCE - Cultura Ambiental - Causa Ecologista\" \/>\n\t\t<meta property=\"og:type\" content=\"article\" \/>\n\t\t<meta property=\"og:title\" content=\"Contaminaci\u00f3n del r\u00edo: CAUCE interpuso un amparo por acceso a la informaci\u00f3n - CAUCE\" \/>\n\t\t<meta property=\"og:description\" content=\"En el marco del monitoreo y seguimiento que realizamos como organizaci\u00f3n de la sociedad civil sobre la contaminaci\u00f3n del r\u00edo Paran\u00e1, Fundaci\u00f3n CAUCE: Cultura Ambiental - Causa Ecologista interpuso una acci\u00f3n de amparo por acceso a la informaci\u00f3n p\u00fablica ante la falta de respuesta, en tiempo y forma, de la Municipalidad a la solicitud de\" \/>\n\t\t<meta property=\"og:url\" content=\"https:\/\/cauceecologico.org\/?p=4368\" \/>\n\t\t<meta property=\"article:published_time\" content=\"2023-07-10T03:45:09+00:00\" \/>\n\t\t<meta property=\"article:modified_time\" content=\"2023-07-10T03:45:09+00:00\" \/>\n\t\t<meta name=\"twitter:card\" content=\"summary_large_image\" \/>\n\t\t<meta name=\"twitter:title\" content=\"Contaminaci\u00f3n del r\u00edo: CAUCE interpuso un amparo por acceso a la informaci\u00f3n - CAUCE\" \/>\n\t\t<meta name=\"twitter:description\" content=\"En el marco del monitoreo y seguimiento que realizamos como organizaci\u00f3n de la sociedad civil sobre la contaminaci\u00f3n del r\u00edo Paran\u00e1, Fundaci\u00f3n CAUCE: Cultura Ambiental - Causa Ecologista interpuso una acci\u00f3n de amparo por acceso a la informaci\u00f3n p\u00fablica ante la falta de respuesta, en tiempo y forma, de la Municipalidad a la solicitud de\" \/>\n\t\t<script type=\"application\/ld+json\" class=\"aioseo-schema\">\n\t\t\t{\"@context\":\"https:\\\/\\\/schema.org\",\"@graph\":[{\"@type\":\"BlogPosting\",\"@id\":\"https:\\\/\\\/cauceecologico.org\\\/?p=4368#blogposting\",\"name\":\"Contaminaci\\u00f3n del r\\u00edo: CAUCE interpuso un amparo por acceso a la informaci\\u00f3n - CAUCE\",\"headline\":\"Contaminaci\\u00f3n del r\\u00edo: CAUCE interpuso un amparo por acceso a la informaci\\u00f3n\",\"author\":{\"@id\":\"https:\\\/\\\/cauceecologico.org\\\/?author=2#author\"},\"publisher\":{\"@id\":\"https:\\\/\\\/cauceecologico.org\\\/#organization\"},\"image\":{\"@type\":\"ImageObject\",\"url\":\"https:\\\/\\\/cauceecologico.org\\\/wp-content\\\/uploads\\\/2022\\\/12\\\/arroyos.png\",\"width\":1000,\"height\":563},\"datePublished\":\"2023-07-10T03:45:09+00:00\",\"dateModified\":\"2023-07-10T03:45:09+00:00\",\"inLanguage\":\"es-ES\",\"mainEntityOfPage\":{\"@id\":\"https:\\\/\\\/cauceecologico.org\\\/?p=4368#webpage\"},\"isPartOf\":{\"@id\":\"https:\\\/\\\/cauceecologico.org\\\/?p=4368#webpage\"},\"articleSection\":\"Acciones de monitoreo, Noticias, R\\u00edos libres\"},{\"@type\":\"BreadcrumbList\",\"@id\":\"https:\\\/\\\/cauceecologico.org\\\/?p=4368#breadcrumblist\",\"itemListElement\":[{\"@type\":\"ListItem\",\"@id\":\"https:\\\/\\\/cauceecologico.org#listItem\",\"position\":1,\"name\":\"Home\",\"item\":\"https:\\\/\\\/cauceecologico.org\",\"nextItem\":{\"@type\":\"ListItem\",\"@id\":\"https:\\\/\\\/cauceecologico.org\\\/?cat=5#listItem\",\"name\":\"Noticias\"}},{\"@type\":\"ListItem\",\"@id\":\"https:\\\/\\\/cauceecologico.org\\\/?cat=5#listItem\",\"position\":2,\"name\":\"Noticias\",\"item\":\"https:\\\/\\\/cauceecologico.org\\\/?cat=5\",\"nextItem\":{\"@type\":\"ListItem\",\"@id\":\"https:\\\/\\\/cauceecologico.org\\\/?p=4368#listItem\",\"name\":\"Contaminaci\\u00f3n del r\\u00edo: CAUCE interpuso un amparo por acceso a la informaci\\u00f3n\"},\"previousItem\":{\"@type\":\"ListItem\",\"@id\":\"https:\\\/\\\/cauceecologico.org#listItem\",\"name\":\"Home\"}},{\"@type\":\"ListItem\",\"@id\":\"https:\\\/\\\/cauceecologico.org\\\/?p=4368#listItem\",\"position\":3,\"name\":\"Contaminaci\\u00f3n del r\\u00edo: CAUCE interpuso un amparo por acceso a la informaci\\u00f3n\",\"previousItem\":{\"@type\":\"ListItem\",\"@id\":\"https:\\\/\\\/cauceecologico.org\\\/?cat=5#listItem\",\"name\":\"Noticias\"}}]},{\"@type\":\"Organization\",\"@id\":\"https:\\\/\\\/cauceecologico.org\\\/#organization\",\"name\":\"CAUCE\",\"description\":\"Cultura Ambiental - Causa Ecologista\",\"url\":\"https:\\\/\\\/cauceecologico.org\\\/\"},{\"@type\":\"Person\",\"@id\":\"https:\\\/\\\/cauceecologico.org\\\/?author=2#author\",\"url\":\"https:\\\/\\\/cauceecologico.org\\\/?author=2\",\"name\":\"Ana Lucia Vergara\",\"image\":{\"@type\":\"ImageObject\",\"@id\":\"https:\\\/\\\/cauceecologico.org\\\/?p=4368#authorImage\",\"url\":\"https:\\\/\\\/secure.gravatar.com\\\/avatar\\\/e8720df08f5c466573fb9f3d6cec14bcac9a305e2049123e58e6bc9c03f3a77b?s=96&d=mm&r=g\",\"width\":96,\"height\":96,\"caption\":\"Ana Lucia Vergara\"}},{\"@type\":\"WebPage\",\"@id\":\"https:\\\/\\\/cauceecologico.org\\\/?p=4368#webpage\",\"url\":\"https:\\\/\\\/cauceecologico.org\\\/?p=4368\",\"name\":\"Contaminaci\\u00f3n del r\\u00edo: CAUCE interpuso un amparo por acceso a la informaci\\u00f3n - CAUCE\",\"description\":\"En el marco del monitoreo y seguimiento que realizamos como organizaci\\u00f3n de la sociedad civil sobre la contaminaci\\u00f3n del r\\u00edo Paran\\u00e1, Fundaci\\u00f3n CAUCE: Cultura Ambiental - Causa Ecologista interpuso una acci\\u00f3n de amparo por acceso a la informaci\\u00f3n p\\u00fablica ante la falta de respuesta, en tiempo y forma, de la Municipalidad a la solicitud de\",\"inLanguage\":\"es-ES\",\"isPartOf\":{\"@id\":\"https:\\\/\\\/cauceecologico.org\\\/#website\"},\"breadcrumb\":{\"@id\":\"https:\\\/\\\/cauceecologico.org\\\/?p=4368#breadcrumblist\"},\"author\":{\"@id\":\"https:\\\/\\\/cauceecologico.org\\\/?author=2#author\"},\"creator\":{\"@id\":\"https:\\\/\\\/cauceecologico.org\\\/?author=2#author\"},\"image\":{\"@type\":\"ImageObject\",\"url\":\"https:\\\/\\\/cauceecologico.org\\\/wp-content\\\/uploads\\\/2022\\\/12\\\/arroyos.png\",\"@id\":\"https:\\\/\\\/cauceecologico.org\\\/?p=4368\\\/#mainImage\",\"width\":1000,\"height\":563},\"primaryImageOfPage\":{\"@id\":\"https:\\\/\\\/cauceecologico.org\\\/?p=4368#mainImage\"},\"datePublished\":\"2023-07-10T03:45:09+00:00\",\"dateModified\":\"2023-07-10T03:45:09+00:00\"},{\"@type\":\"WebSite\",\"@id\":\"https:\\\/\\\/cauceecologico.org\\\/#website\",\"url\":\"https:\\\/\\\/cauceecologico.org\\\/\",\"name\":\"CAUCE\",\"description\":\"Cultura Ambiental - Causa Ecologista\",\"inLanguage\":\"es-ES\",\"publisher\":{\"@id\":\"https:\\\/\\\/cauceecologico.org\\\/#organization\"}}]}\n\t\t<\/script>\n\t\t<!-- All in One SEO -->\n\n","aioseo_head_json":{"title":"Contaminaci\u00f3n del r\u00edo: CAUCE interpuso un amparo por acceso a la informaci\u00f3n - CAUCE","description":"En el marco del monitoreo y seguimiento que realizamos como organizaci\u00f3n de la sociedad civil sobre la contaminaci\u00f3n del r\u00edo Paran\u00e1, Fundaci\u00f3n CAUCE: Cultura Ambiental - Causa Ecologista interpuso una acci\u00f3n de amparo por acceso a la informaci\u00f3n p\u00fablica ante la falta de respuesta, en tiempo y forma, de la Municipalidad a la solicitud de","canonical_url":"https:\/\/cauceecologico.org\/?p=4368","robots":"max-image-preview:large","keywords":"","webmasterTools":{"miscellaneous":""},"schema":{"@context":"https:\/\/schema.org","@graph":[{"@type":"BlogPosting","@id":"https:\/\/cauceecologico.org\/?p=4368#blogposting","name":"Contaminaci\u00f3n del r\u00edo: CAUCE interpuso un amparo por acceso a la informaci\u00f3n - CAUCE","headline":"Contaminaci\u00f3n del r\u00edo: CAUCE interpuso un amparo por acceso a la informaci\u00f3n","author":{"@id":"https:\/\/cauceecologico.org\/?author=2#author"},"publisher":{"@id":"https:\/\/cauceecologico.org\/#organization"},"image":{"@type":"ImageObject","url":"https:\/\/cauceecologico.org\/wp-content\/uploads\/2022\/12\/arroyos.png","width":1000,"height":563},"datePublished":"2023-07-10T03:45:09+00:00","dateModified":"2023-07-10T03:45:09+00:00","inLanguage":"es-ES","mainEntityOfPage":{"@id":"https:\/\/cauceecologico.org\/?p=4368#webpage"},"isPartOf":{"@id":"https:\/\/cauceecologico.org\/?p=4368#webpage"},"articleSection":"Acciones de monitoreo, Noticias, R\u00edos libres"},{"@type":"BreadcrumbList","@id":"https:\/\/cauceecologico.org\/?p=4368#breadcrumblist","itemListElement":[{"@type":"ListItem","@id":"https:\/\/cauceecologico.org#listItem","position":1,"name":"Home","item":"https:\/\/cauceecologico.org","nextItem":{"@type":"ListItem","@id":"https:\/\/cauceecologico.org\/?cat=5#listItem","name":"Noticias"}},{"@type":"ListItem","@id":"https:\/\/cauceecologico.org\/?cat=5#listItem","position":2,"name":"Noticias","item":"https:\/\/cauceecologico.org\/?cat=5","nextItem":{"@type":"ListItem","@id":"https:\/\/cauceecologico.org\/?p=4368#listItem","name":"Contaminaci\u00f3n del r\u00edo: CAUCE interpuso un amparo por acceso a la informaci\u00f3n"},"previousItem":{"@type":"ListItem","@id":"https:\/\/cauceecologico.org#listItem","name":"Home"}},{"@type":"ListItem","@id":"https:\/\/cauceecologico.org\/?p=4368#listItem","position":3,"name":"Contaminaci\u00f3n del r\u00edo: CAUCE interpuso un amparo por acceso a la informaci\u00f3n","previousItem":{"@type":"ListItem","@id":"https:\/\/cauceecologico.org\/?cat=5#listItem","name":"Noticias"}}]},{"@type":"Organization","@id":"https:\/\/cauceecologico.org\/#organization","name":"CAUCE","description":"Cultura Ambiental - Causa Ecologista","url":"https:\/\/cauceecologico.org\/"},{"@type":"Person","@id":"https:\/\/cauceecologico.org\/?author=2#author","url":"https:\/\/cauceecologico.org\/?author=2","name":"Ana Lucia Vergara","image":{"@type":"ImageObject","@id":"https:\/\/cauceecologico.org\/?p=4368#authorImage","url":"https:\/\/secure.gravatar.com\/avatar\/e8720df08f5c466573fb9f3d6cec14bcac9a305e2049123e58e6bc9c03f3a77b?s=96&d=mm&r=g","width":96,"height":96,"caption":"Ana Lucia Vergara"}},{"@type":"WebPage","@id":"https:\/\/cauceecologico.org\/?p=4368#webpage","url":"https:\/\/cauceecologico.org\/?p=4368","name":"Contaminaci\u00f3n del r\u00edo: CAUCE interpuso un amparo por acceso a la informaci\u00f3n - CAUCE","description":"En el marco del monitoreo y seguimiento que realizamos como organizaci\u00f3n de la sociedad civil sobre la contaminaci\u00f3n del r\u00edo Paran\u00e1, Fundaci\u00f3n CAUCE: Cultura Ambiental - Causa Ecologista interpuso una acci\u00f3n de amparo por acceso a la informaci\u00f3n p\u00fablica ante la falta de respuesta, en tiempo y forma, de la Municipalidad a la solicitud de","inLanguage":"es-ES","isPartOf":{"@id":"https:\/\/cauceecologico.org\/#website"},"breadcrumb":{"@id":"https:\/\/cauceecologico.org\/?p=4368#breadcrumblist"},"author":{"@id":"https:\/\/cauceecologico.org\/?author=2#author"},"creator":{"@id":"https:\/\/cauceecologico.org\/?author=2#author"},"image":{"@type":"ImageObject","url":"https:\/\/cauceecologico.org\/wp-content\/uploads\/2022\/12\/arroyos.png","@id":"https:\/\/cauceecologico.org\/?p=4368\/#mainImage","width":1000,"height":563},"primaryImageOfPage":{"@id":"https:\/\/cauceecologico.org\/?p=4368#mainImage"},"datePublished":"2023-07-10T03:45:09+00:00","dateModified":"2023-07-10T03:45:09+00:00"},{"@type":"WebSite","@id":"https:\/\/cauceecologico.org\/#website","url":"https:\/\/cauceecologico.org\/","name":"CAUCE","description":"Cultura Ambiental - Causa Ecologista","inLanguage":"es-ES","publisher":{"@id":"https:\/\/cauceecologico.org\/#organization"}}]},"og:locale":"es_ES","og:site_name":"CAUCE - Cultura Ambiental - Causa Ecologista","og:type":"article","og:title":"Contaminaci\u00f3n del r\u00edo: CAUCE interpuso un amparo por acceso a la informaci\u00f3n - CAUCE","og:description":"En el marco del monitoreo y seguimiento que realizamos como organizaci\u00f3n de la sociedad civil sobre la contaminaci\u00f3n del r\u00edo Paran\u00e1, Fundaci\u00f3n CAUCE: Cultura Ambiental - Causa Ecologista interpuso una acci\u00f3n de amparo por acceso a la informaci\u00f3n p\u00fablica ante la falta de respuesta, en tiempo y forma, de la Municipalidad a la solicitud de","og:url":"https:\/\/cauceecologico.org\/?p=4368","article:published_time":"2023-07-10T03:45:09+00:00","article:modified_time":"2023-07-10T03:45:09+00:00","twitter:card":"summary_large_image","twitter:title":"Contaminaci\u00f3n del r\u00edo: CAUCE interpuso un amparo por acceso a la informaci\u00f3n - CAUCE","twitter:description":"En el marco del monitoreo y seguimiento que realizamos como organizaci\u00f3n de la sociedad civil sobre la contaminaci\u00f3n del r\u00edo Paran\u00e1, Fundaci\u00f3n CAUCE: Cultura Ambiental - Causa Ecologista interpuso una acci\u00f3n de amparo por acceso a la informaci\u00f3n p\u00fablica ante la falta de respuesta, en tiempo y forma, de la Municipalidad a la solicitud de"},"aioseo_meta_data":{"post_id":"4368","title":null,"description":null,"keywords":[],"keyphrases":{"focus":{"keyphrase":"","score":0,"analysis":{"keyphraseInTitle":{"score":0,"maxScore":9,"error":1}}},"additional":[]},"primary_term":null,"canonical_url":null,"og_title":null,"og_description":null,"og_object_type":"default","og_image_type":"default","og_image_url":null,"og_image_width":null,"og_image_height":null,"og_image_custom_url":null,"og_image_custom_fields":null,"og_video":"","og_custom_url":null,"og_article_section":null,"og_article_tags":[],"twitter_use_og":false,"twitter_card":"default","twitter_image_type":"default","twitter_image_url":null,"twitter_image_custom_url":null,"twitter_image_custom_fields":null,"twitter_title":null,"twitter_description":null,"schema":{"blockGraphs":[],"customGraphs":[],"default":{"data":{"Article":[],"Course":[],"Dataset":[],"FAQPage":[],"Movie":[],"Person":[],"Product":[],"ProductReview":[],"Car":[],"Recipe":[],"Service":[],"SoftwareApplication":[],"WebPage":[]},"graphName":"","isEnabled":true},"graphs":[]},"schema_type":"default","schema_type_options":null,"pillar_content":false,"robots_default":true,"robots_noindex":false,"robots_noarchive":false,"robots_nosnippet":false,"robots_nofollow":false,"robots_noimageindex":false,"robots_noodp":false,"robots_notranslate":false,"robots_max_snippet":"-1","robots_max_videopreview":"-1","robots_max_imagepreview":"large","priority":0,"frequency":"default","local_seo":null,"limit_modified_date":false,"created":"2023-07-10 03:45:09","updated":"2026-07-28 01:53:00","ai":null,"breadcrumb_settings":null,"seo_analyzer_scan_date":null},"aioseo_breadcrumb":"<div class=\"aioseo-breadcrumbs\"><span class=\"aioseo-breadcrumb\">\n\t\t\t<a href=\"https:\/\/cauceecologico.org\" title=\"Home\">Home<\/a>\n\t\t<\/span><span class=\"aioseo-breadcrumb-separator\">&raquo;<\/span><span class=\"aioseo-breadcrumb\">\n\t\t\t<a href=\"https:\/\/cauceecologico.org\/?cat=5\" title=\"Noticias\">Noticias<\/a>\n\t\t<\/span><span class=\"aioseo-breadcrumb-separator\">&raquo;<\/span><span class=\"aioseo-breadcrumb\">\n\t\t\tContaminaci\u00f3n del r\u00edo: CAUCE interpuso un amparo por acceso a la informaci\u00f3n\n\t\t<\/span><\/div>","aioseo_breadcrumb_json":[{"label":"Home","link":"https:\/\/cauceecologico.org"},{"label":"Noticias","link":"https:\/\/cauceecologico.org\/?cat=5"},{"label":"Contaminaci\u00f3n del r\u00edo: CAUCE interpuso un amparo por acceso a la informaci\u00f3n","link":"https:\/\/cauceecologico.org\/?p=4368"}],"_links":{"self":[{"href":"https:\/\/cauceecologico.org\/index.php?rest_route=\/wp\/v2\/posts\/4368","targetHints":{"allow":["GET"]}}],"collection":[{"href":"https:\/\/cauceecologico.org\/index.php?rest_route=\/wp\/v2\/posts"}],"about":[{"href":"https:\/\/cauceecologico.org\/index.php?rest_route=\/wp\/v2\/types\/post"}],"author":[{"embeddable":true,"href":"https:\/\/cauceecologico.org\/index.php?rest_route=\/wp\/v2\/users\/2"}],"replies":[{"embeddable":true,"href":"https:\/\/cauceecologico.org\/index.php?rest_route=%2Fwp%2Fv2%2Fcomments&post=4368"}],"version-history":[{"count":1,"href":"https:\/\/cauceecologico.org\/index.php?rest_route=\/wp\/v2\/posts\/4368\/revisions"}],"predecessor-version":[{"id":4369,"href":"https:\/\/cauceecologico.org\/index.php?rest_route=\/wp\/v2\/posts\/4368\/revisions\/4369"}],"wp:featuredmedia":[{"embeddable":true,"href":"https:\/\/cauceecologico.org\/index.php?rest_route=\/wp\/v2\/media\/4010"}],"wp:attachment":[{"href":"https:\/\/cauceecologico.org\/index.php?rest_route=%2Fwp%2Fv2%2Fmedia&parent=4368"}],"wp:term":[{"taxonomy":"category","embeddable":true,"href":"https:\/\/cauceecologico.org\/index.php?rest_route=%2Fwp%2Fv2%2Fcategories&post=4368"},{"taxonomy":"post_tag","embeddable":true,"href":"https:\/\/cauceecologico.org\/index.php?rest_route=%2Fwp%2Fv2%2Ftags&post=4368"}],"curies":[{"name":"wp","href":"https:\/\/api.w.org\/{rel}","templated":true}]}}