{"id":4440,"date":"2023-09-01T16:08:44","date_gmt":"2023-09-01T16:08:44","guid":{"rendered":"https:\/\/cauceecologico.org\/?p=4440"},"modified":"2023-09-01T16:14:35","modified_gmt":"2023-09-01T16:14:35","slug":"ii-jornadas-sobre-la-actualidad-de-la-hidrovia-paraguay-parana","status":"publish","type":"post","link":"https:\/\/cauceecologico.org\/?p=4440","title":{"rendered":"II Jornadas sobre la actualidad de la Hidrov\u00eda Paraguay &#8211; Paran\u00e1"},"content":{"rendered":"<p><strong>Ser\u00e1n el pr\u00f3ximo 8 de septiembre en la Facultad de Ciencias Econ\u00f3micas &#8211; UNER<\/strong><\/p>\n<p>En continuidad con el encuentro desarrollado en Rosario en 2022, Fundaci\u00f3n CAUCE y Taller Ecologista invitan a participar de una nueva jornada para compartir informaci\u00f3n actualizada del proyecto Hidrov\u00eda Paraguay-Paran\u00e1 y sus impactos ambientales. Ser\u00e1 el viernes 8 de septiembre de 16:00 a 20:00 en el Aula B08 de la Facultad de Ciencias Econ\u00f3micas (Urquiza 552, Paran\u00e1, Entre R\u00edos).<\/p>\n<p>&#x1f517; <span style=\"color: #3366ff;\"><strong><a style=\"color: #3366ff;\" href=\"https:\/\/docs.google.com\/forms\/d\/e\/1FAIpQLSdT-77vGYEzQDo1ULpvbzLsKJsDtOj7ZU6GH8aQ996wY5QVPQ\/viewform\">Inscripciones abiertas<\/a><\/strong><\/span><\/p>\n<p>&nbsp;<\/p>\n<p><img loading=\"lazy\" decoding=\"async\" class=\"alignleft size-full wp-image-4441\" src=\"http:\/\/cauceecologico.org\/wp-content\/uploads\/2023\/09\/WhatsApp-Image-2023-08-31-at-15.22.00.jpeg\" alt=\"\" width=\"1080\" height=\"1080\" \/><\/p>\n<p>&nbsp;<\/p>\n<p>&nbsp;<\/p>\n<h5><strong>Contexto y trabajo en la regi\u00f3n<\/strong><\/h5>\n<p>En el marco del programa Humedales Sin Fronteras, Fundaci\u00f3n CAUCE: Cultura Ambiental \u2013 Causa Ecologista (Paran\u00e1, Entre R\u00edos), Taller Ecologista (Rosario) y otras organizaciones pertenecientes a pa\u00edses de la Cuenca del Plata, llevamos adelante un trabajo de estudio y an\u00e1lisis de los impactos y efectos que la Hidrov\u00eda Paraguay \u2013 Paran\u00e1 tiene sobre el ambiente y las comunidades de los territorios, como tambi\u00e9n de las actividades de las empresas agroexportadoras y de otros rubros que esta infraestructura soporta y promueve.<\/p>\n<p>&nbsp;<\/p>\n<p><strong>Material relacionado:<\/strong><\/p>\n<p><strong><a href=\"https:\/\/cauceecologico.org\/wp-content\/uploads\/2020\/07\/CauceHPP-2.pdf\" target=\"_blank\" rel=\"noopener\"><img decoding=\"async\" class=\"emoji\" role=\"img\" draggable=\"false\" src=\"https:\/\/s.w.org\/images\/core\/emoji\/14.0.0\/svg\/1f517.svg\" alt=\"&#x1f517;\" \/><\/a> <span style=\"color: #3366ff;\"><a style=\"color: #3366ff;\" href=\"https:\/\/cauceecologico.org\/?p=4389\">Posiciones e intereses de actores p\u00fablicos y privados sobre la Hidrov\u00eda<\/a><\/span><\/strong><\/p>\n<p><strong><a href=\"https:\/\/cauceecologico.org\/wp-content\/uploads\/2020\/07\/CauceHPP-2.pdf\" target=\"_blank\" rel=\"noopener\"><img decoding=\"async\" class=\"emoji\" role=\"img\" draggable=\"false\" src=\"https:\/\/s.w.org\/images\/core\/emoji\/14.0.0\/svg\/1f517.svg\" alt=\"&#x1f517;\" \/><\/a> <span style=\"color: #3366ff;\"><a style=\"color: #3366ff;\" href=\"https:\/\/cauceecologico.org\/?p=4028\">Nuevos materiales sobre Hidrov\u00eda Paraguay \u2013 Paran\u00e1<\/a><\/span><\/strong><\/p>\n<p><strong><a href=\"https:\/\/cauceecologico.org\/wp-content\/uploads\/2020\/07\/CauceHPP-2.pdf\" target=\"_blank\" rel=\"noopener\"><img decoding=\"async\" class=\"emoji\" role=\"img\" draggable=\"false\" src=\"https:\/\/s.w.org\/images\/core\/emoji\/14.0.0\/svg\/1f517.svg\" alt=\"&#x1f517;\" \/><\/a><span style=\"color: #3366ff;\"><a style=\"color: #3366ff;\" href=\"https:\/\/cauceecologico.org\/?p=3480\">\u00a1Alerta Hidrov\u00eda! Campa\u00f1a y materiales sobre sus impactos en nuestros r\u00edos y territorios<\/a><\/span><\/strong><\/p>\n<p>&nbsp;<\/p>\n","protected":false},"excerpt":{"rendered":"<p>Ser\u00e1n el pr\u00f3ximo 8 de septiembre en la Facultad de Ciencias Econ\u00f3micas &#8211; UNER En continuidad con el encuentro desarrollado en Rosario en 2022, Fundaci\u00f3n CAUCE y Taller Ecologista invitan a participar de una nueva jornada para compartir informaci\u00f3n actualizada del proyecto Hidrov\u00eda Paraguay-Paran\u00e1 y sus impactos ambientales. Ser\u00e1 el viernes 8 de septiembre de [&hellip;]<\/p>\n","protected":false},"author":5,"featured_media":1669,"comment_status":"open","ping_status":"open","sticky":false,"template":"","format":"standard","meta":{"om_disable_all_campaigns":false,"_monsterinsights_skip_tracking":false,"amp_status":"","footnotes":""},"categories":[275,5],"tags":[],"class_list":["post-4440","post","type-post","status-publish","format-standard","has-post-thumbnail","hentry","category-hidrovia-parana-paraguay-hpp","category-noticias"],"aioseo_notices":[],"aioseo_head":"\n\t\t<!-- All in One SEO 4.9.10 - aioseo.com -->\n\t<meta name=\"description\" content=\"Ser\u00e1n el pr\u00f3ximo 8 de septiembre en la Facultad de Ciencias Econ\u00f3micas - UNER En continuidad con el encuentro desarrollado en Rosario en 2022, Fundaci\u00f3n CAUCE y Taller Ecologista invitan a participar de una nueva jornada para compartir informaci\u00f3n actualizada del proyecto Hidrov\u00eda Paraguay-Paran\u00e1 y sus impactos ambientales. Ser\u00e1 el viernes 8 de septiembre de\" \/>\n\t<meta name=\"robots\" content=\"max-image-preview:large\" \/>\n\t<meta name=\"author\" content=\"Rocio Fernadez Dobal\"\/>\n\t<link rel=\"canonical\" href=\"https:\/\/cauceecologico.org\/?p=4440\" \/>\n\t<meta name=\"generator\" content=\"All in One SEO (AIOSEO) 4.9.10\" \/>\n\t\t<meta property=\"og:locale\" content=\"es_ES\" \/>\n\t\t<meta property=\"og:site_name\" content=\"CAUCE - Cultura Ambiental - Causa Ecologista\" \/>\n\t\t<meta property=\"og:type\" content=\"article\" \/>\n\t\t<meta property=\"og:title\" content=\"II Jornadas sobre la actualidad de la Hidrov\u00eda Paraguay \u2013 Paran\u00e1 - CAUCE\" \/>\n\t\t<meta property=\"og:description\" content=\"Ser\u00e1n el pr\u00f3ximo 8 de septiembre en la Facultad de Ciencias Econ\u00f3micas - UNER En continuidad con el encuentro desarrollado en Rosario en 2022, Fundaci\u00f3n CAUCE y Taller Ecologista invitan a participar de una nueva jornada para compartir informaci\u00f3n actualizada del proyecto Hidrov\u00eda Paraguay-Paran\u00e1 y sus impactos ambientales. Ser\u00e1 el viernes 8 de septiembre de\" \/>\n\t\t<meta property=\"og:url\" content=\"https:\/\/cauceecologico.org\/?p=4440\" \/>\n\t\t<meta property=\"article:published_time\" content=\"2023-09-01T16:08:44+00:00\" \/>\n\t\t<meta property=\"article:modified_time\" content=\"2023-09-01T16:14:35+00:00\" \/>\n\t\t<meta name=\"twitter:card\" content=\"summary_large_image\" \/>\n\t\t<meta name=\"twitter:title\" content=\"II Jornadas sobre la actualidad de la Hidrov\u00eda Paraguay \u2013 Paran\u00e1 - CAUCE\" \/>\n\t\t<meta name=\"twitter:description\" content=\"Ser\u00e1n el pr\u00f3ximo 8 de septiembre en la Facultad de Ciencias Econ\u00f3micas - UNER En continuidad con el encuentro desarrollado en Rosario en 2022, Fundaci\u00f3n CAUCE y Taller Ecologista invitan a participar de una nueva jornada para compartir informaci\u00f3n actualizada del proyecto Hidrov\u00eda Paraguay-Paran\u00e1 y sus impactos ambientales. Ser\u00e1 el viernes 8 de septiembre de\" \/>\n\t\t<script type=\"application\/ld+json\" class=\"aioseo-schema\">\n\t\t\t{\"@context\":\"https:\\\/\\\/schema.org\",\"@graph\":[{\"@type\":\"BlogPosting\",\"@id\":\"https:\\\/\\\/cauceecologico.org\\\/?p=4440#blogposting\",\"name\":\"II Jornadas sobre la actualidad de la Hidrov\\u00eda Paraguay \\u2013 Paran\\u00e1 - CAUCE\",\"headline\":\"II Jornadas sobre la actualidad de la Hidrov\\u00eda Paraguay &#8211; Paran\\u00e1\",\"author\":{\"@id\":\"https:\\\/\\\/cauceecologico.org\\\/?author=5#author\"},\"publisher\":{\"@id\":\"https:\\\/\\\/cauceecologico.org\\\/#organization\"},\"image\":{\"@type\":\"ImageObject\",\"url\":\"https:\\\/\\\/cauceecologico.org\\\/wp-content\\\/uploads\\\/2020\\\/02\\\/hidrov\\u00eda.jpg\",\"width\":720,\"height\":542},\"datePublished\":\"2023-09-01T16:08:44+00:00\",\"dateModified\":\"2023-09-01T16:14:35+00:00\",\"inLanguage\":\"es-ES\",\"mainEntityOfPage\":{\"@id\":\"https:\\\/\\\/cauceecologico.org\\\/?p=4440#webpage\"},\"isPartOf\":{\"@id\":\"https:\\\/\\\/cauceecologico.org\\\/?p=4440#webpage\"},\"articleSection\":\"Hidrov\\u00eda Paran\\u00e1-Paraguay (HPP), Noticias\"},{\"@type\":\"BreadcrumbList\",\"@id\":\"https:\\\/\\\/cauceecologico.org\\\/?p=4440#breadcrumblist\",\"itemListElement\":[{\"@type\":\"ListItem\",\"@id\":\"https:\\\/\\\/cauceecologico.org#listItem\",\"position\":1,\"name\":\"Home\",\"item\":\"https:\\\/\\\/cauceecologico.org\",\"nextItem\":{\"@type\":\"ListItem\",\"@id\":\"https:\\\/\\\/cauceecologico.org\\\/?cat=5#listItem\",\"name\":\"Noticias\"}},{\"@type\":\"ListItem\",\"@id\":\"https:\\\/\\\/cauceecologico.org\\\/?cat=5#listItem\",\"position\":2,\"name\":\"Noticias\",\"item\":\"https:\\\/\\\/cauceecologico.org\\\/?cat=5\",\"nextItem\":{\"@type\":\"ListItem\",\"@id\":\"https:\\\/\\\/cauceecologico.org\\\/?p=4440#listItem\",\"name\":\"II Jornadas sobre la actualidad de la Hidrov\\u00eda Paraguay &#8211; Paran\\u00e1\"},\"previousItem\":{\"@type\":\"ListItem\",\"@id\":\"https:\\\/\\\/cauceecologico.org#listItem\",\"name\":\"Home\"}},{\"@type\":\"ListItem\",\"@id\":\"https:\\\/\\\/cauceecologico.org\\\/?p=4440#listItem\",\"position\":3,\"name\":\"II Jornadas sobre la actualidad de la Hidrov\\u00eda Paraguay &#8211; Paran\\u00e1\",\"previousItem\":{\"@type\":\"ListItem\",\"@id\":\"https:\\\/\\\/cauceecologico.org\\\/?cat=5#listItem\",\"name\":\"Noticias\"}}]},{\"@type\":\"Organization\",\"@id\":\"https:\\\/\\\/cauceecologico.org\\\/#organization\",\"name\":\"CAUCE\",\"description\":\"Cultura Ambiental - Causa Ecologista\",\"url\":\"https:\\\/\\\/cauceecologico.org\\\/\"},{\"@type\":\"Person\",\"@id\":\"https:\\\/\\\/cauceecologico.org\\\/?author=5#author\",\"url\":\"https:\\\/\\\/cauceecologico.org\\\/?author=5\",\"name\":\"Rocio Fernadez Dobal\",\"image\":{\"@type\":\"ImageObject\",\"@id\":\"https:\\\/\\\/cauceecologico.org\\\/?p=4440#authorImage\",\"url\":\"https:\\\/\\\/secure.gravatar.com\\\/avatar\\\/0e12a66c907f8480df050de074b5b58070b1d7ad51f067e186cffc71e35dfa04?s=96&d=mm&r=g\",\"width\":96,\"height\":96,\"caption\":\"Rocio Fernadez Dobal\"}},{\"@type\":\"WebPage\",\"@id\":\"https:\\\/\\\/cauceecologico.org\\\/?p=4440#webpage\",\"url\":\"https:\\\/\\\/cauceecologico.org\\\/?p=4440\",\"name\":\"II Jornadas sobre la actualidad de la Hidrov\\u00eda Paraguay \\u2013 Paran\\u00e1 - CAUCE\",\"description\":\"Ser\\u00e1n el pr\\u00f3ximo 8 de septiembre en la Facultad de Ciencias Econ\\u00f3micas - UNER En continuidad con el encuentro desarrollado en Rosario en 2022, Fundaci\\u00f3n CAUCE y Taller Ecologista invitan a participar de una nueva jornada para compartir informaci\\u00f3n actualizada del proyecto Hidrov\\u00eda Paraguay-Paran\\u00e1 y sus impactos ambientales. Ser\\u00e1 el viernes 8 de septiembre de\",\"inLanguage\":\"es-ES\",\"isPartOf\":{\"@id\":\"https:\\\/\\\/cauceecologico.org\\\/#website\"},\"breadcrumb\":{\"@id\":\"https:\\\/\\\/cauceecologico.org\\\/?p=4440#breadcrumblist\"},\"author\":{\"@id\":\"https:\\\/\\\/cauceecologico.org\\\/?author=5#author\"},\"creator\":{\"@id\":\"https:\\\/\\\/cauceecologico.org\\\/?author=5#author\"},\"image\":{\"@type\":\"ImageObject\",\"url\":\"https:\\\/\\\/cauceecologico.org\\\/wp-content\\\/uploads\\\/2020\\\/02\\\/hidrov\\u00eda.jpg\",\"@id\":\"https:\\\/\\\/cauceecologico.org\\\/?p=4440\\\/#mainImage\",\"width\":720,\"height\":542},\"primaryImageOfPage\":{\"@id\":\"https:\\\/\\\/cauceecologico.org\\\/?p=4440#mainImage\"},\"datePublished\":\"2023-09-01T16:08:44+00:00\",\"dateModified\":\"2023-09-01T16:14:35+00:00\"},{\"@type\":\"WebSite\",\"@id\":\"https:\\\/\\\/cauceecologico.org\\\/#website\",\"url\":\"https:\\\/\\\/cauceecologico.org\\\/\",\"name\":\"CAUCE\",\"description\":\"Cultura Ambiental - Causa Ecologista\",\"inLanguage\":\"es-ES\",\"publisher\":{\"@id\":\"https:\\\/\\\/cauceecologico.org\\\/#organization\"}}]}\n\t\t<\/script>\n\t\t<!-- All in One SEO -->\n\n","aioseo_head_json":{"title":"II Jornadas sobre la actualidad de la Hidrov\u00eda Paraguay \u2013 Paran\u00e1 - CAUCE","description":"Ser\u00e1n el pr\u00f3ximo 8 de septiembre en la Facultad de Ciencias Econ\u00f3micas - UNER En continuidad con el encuentro desarrollado en Rosario en 2022, Fundaci\u00f3n CAUCE y Taller Ecologista invitan a participar de una nueva jornada para compartir informaci\u00f3n actualizada del proyecto Hidrov\u00eda Paraguay-Paran\u00e1 y sus impactos ambientales. Ser\u00e1 el viernes 8 de septiembre de","canonical_url":"https:\/\/cauceecologico.org\/?p=4440","robots":"max-image-preview:large","keywords":"","webmasterTools":{"miscellaneous":""},"schema":{"@context":"https:\/\/schema.org","@graph":[{"@type":"BlogPosting","@id":"https:\/\/cauceecologico.org\/?p=4440#blogposting","name":"II Jornadas sobre la actualidad de la Hidrov\u00eda Paraguay \u2013 Paran\u00e1 - CAUCE","headline":"II Jornadas sobre la actualidad de la Hidrov\u00eda Paraguay &#8211; Paran\u00e1","author":{"@id":"https:\/\/cauceecologico.org\/?author=5#author"},"publisher":{"@id":"https:\/\/cauceecologico.org\/#organization"},"image":{"@type":"ImageObject","url":"https:\/\/cauceecologico.org\/wp-content\/uploads\/2020\/02\/hidrov\u00eda.jpg","width":720,"height":542},"datePublished":"2023-09-01T16:08:44+00:00","dateModified":"2023-09-01T16:14:35+00:00","inLanguage":"es-ES","mainEntityOfPage":{"@id":"https:\/\/cauceecologico.org\/?p=4440#webpage"},"isPartOf":{"@id":"https:\/\/cauceecologico.org\/?p=4440#webpage"},"articleSection":"Hidrov\u00eda Paran\u00e1-Paraguay (HPP), Noticias"},{"@type":"BreadcrumbList","@id":"https:\/\/cauceecologico.org\/?p=4440#breadcrumblist","itemListElement":[{"@type":"ListItem","@id":"https:\/\/cauceecologico.org#listItem","position":1,"name":"Home","item":"https:\/\/cauceecologico.org","nextItem":{"@type":"ListItem","@id":"https:\/\/cauceecologico.org\/?cat=5#listItem","name":"Noticias"}},{"@type":"ListItem","@id":"https:\/\/cauceecologico.org\/?cat=5#listItem","position":2,"name":"Noticias","item":"https:\/\/cauceecologico.org\/?cat=5","nextItem":{"@type":"ListItem","@id":"https:\/\/cauceecologico.org\/?p=4440#listItem","name":"II Jornadas sobre la actualidad de la Hidrov\u00eda Paraguay &#8211; Paran\u00e1"},"previousItem":{"@type":"ListItem","@id":"https:\/\/cauceecologico.org#listItem","name":"Home"}},{"@type":"ListItem","@id":"https:\/\/cauceecologico.org\/?p=4440#listItem","position":3,"name":"II Jornadas sobre la actualidad de la Hidrov\u00eda Paraguay &#8211; Paran\u00e1","previousItem":{"@type":"ListItem","@id":"https:\/\/cauceecologico.org\/?cat=5#listItem","name":"Noticias"}}]},{"@type":"Organization","@id":"https:\/\/cauceecologico.org\/#organization","name":"CAUCE","description":"Cultura Ambiental - Causa Ecologista","url":"https:\/\/cauceecologico.org\/"},{"@type":"Person","@id":"https:\/\/cauceecologico.org\/?author=5#author","url":"https:\/\/cauceecologico.org\/?author=5","name":"Rocio Fernadez Dobal","image":{"@type":"ImageObject","@id":"https:\/\/cauceecologico.org\/?p=4440#authorImage","url":"https:\/\/secure.gravatar.com\/avatar\/0e12a66c907f8480df050de074b5b58070b1d7ad51f067e186cffc71e35dfa04?s=96&d=mm&r=g","width":96,"height":96,"caption":"Rocio Fernadez Dobal"}},{"@type":"WebPage","@id":"https:\/\/cauceecologico.org\/?p=4440#webpage","url":"https:\/\/cauceecologico.org\/?p=4440","name":"II Jornadas sobre la actualidad de la Hidrov\u00eda Paraguay \u2013 Paran\u00e1 - CAUCE","description":"Ser\u00e1n el pr\u00f3ximo 8 de septiembre en la Facultad de Ciencias Econ\u00f3micas - UNER En continuidad con el encuentro desarrollado en Rosario en 2022, Fundaci\u00f3n CAUCE y Taller Ecologista invitan a participar de una nueva jornada para compartir informaci\u00f3n actualizada del proyecto Hidrov\u00eda Paraguay-Paran\u00e1 y sus impactos ambientales. Ser\u00e1 el viernes 8 de septiembre de","inLanguage":"es-ES","isPartOf":{"@id":"https:\/\/cauceecologico.org\/#website"},"breadcrumb":{"@id":"https:\/\/cauceecologico.org\/?p=4440#breadcrumblist"},"author":{"@id":"https:\/\/cauceecologico.org\/?author=5#author"},"creator":{"@id":"https:\/\/cauceecologico.org\/?author=5#author"},"image":{"@type":"ImageObject","url":"https:\/\/cauceecologico.org\/wp-content\/uploads\/2020\/02\/hidrov\u00eda.jpg","@id":"https:\/\/cauceecologico.org\/?p=4440\/#mainImage","width":720,"height":542},"primaryImageOfPage":{"@id":"https:\/\/cauceecologico.org\/?p=4440#mainImage"},"datePublished":"2023-09-01T16:08:44+00:00","dateModified":"2023-09-01T16:14:35+00:00"},{"@type":"WebSite","@id":"https:\/\/cauceecologico.org\/#website","url":"https:\/\/cauceecologico.org\/","name":"CAUCE","description":"Cultura Ambiental - Causa Ecologista","inLanguage":"es-ES","publisher":{"@id":"https:\/\/cauceecologico.org\/#organization"}}]},"og:locale":"es_ES","og:site_name":"CAUCE - Cultura Ambiental - Causa Ecologista","og:type":"article","og:title":"II Jornadas sobre la actualidad de la Hidrov\u00eda Paraguay \u2013 Paran\u00e1 - CAUCE","og:description":"Ser\u00e1n el pr\u00f3ximo 8 de septiembre en la Facultad de Ciencias Econ\u00f3micas - UNER En continuidad con el encuentro desarrollado en Rosario en 2022, Fundaci\u00f3n CAUCE y Taller Ecologista invitan a participar de una nueva jornada para compartir informaci\u00f3n actualizada del proyecto Hidrov\u00eda Paraguay-Paran\u00e1 y sus impactos ambientales. Ser\u00e1 el viernes 8 de septiembre de","og:url":"https:\/\/cauceecologico.org\/?p=4440","article:published_time":"2023-09-01T16:08:44+00:00","article:modified_time":"2023-09-01T16:14:35+00:00","twitter:card":"summary_large_image","twitter:title":"II Jornadas sobre la actualidad de la Hidrov\u00eda Paraguay \u2013 Paran\u00e1 - CAUCE","twitter:description":"Ser\u00e1n el pr\u00f3ximo 8 de septiembre en la Facultad de Ciencias Econ\u00f3micas - UNER En continuidad con el encuentro desarrollado en Rosario en 2022, Fundaci\u00f3n CAUCE y Taller Ecologista invitan a participar de una nueva jornada para compartir informaci\u00f3n actualizada del proyecto Hidrov\u00eda Paraguay-Paran\u00e1 y sus impactos ambientales. Ser\u00e1 el viernes 8 de septiembre de"},"aioseo_meta_data":{"post_id":"4440","title":null,"description":null,"keywords":[],"keyphrases":{"focus":{"keyphrase":"","score":0,"analysis":{"keyphraseInTitle":{"score":0,"maxScore":9,"error":1}}},"additional":[]},"primary_term":null,"canonical_url":null,"og_title":null,"og_description":null,"og_object_type":"default","og_image_type":"default","og_image_url":null,"og_image_width":null,"og_image_height":null,"og_image_custom_url":null,"og_image_custom_fields":null,"og_video":"","og_custom_url":null,"og_article_section":null,"og_article_tags":[],"twitter_use_og":false,"twitter_card":"default","twitter_image_type":"default","twitter_image_url":null,"twitter_image_custom_url":null,"twitter_image_custom_fields":null,"twitter_title":null,"twitter_description":null,"schema":{"blockGraphs":[],"customGraphs":[],"default":{"data":{"Article":[],"Course":[],"Dataset":[],"FAQPage":[],"Movie":[],"Person":[],"Product":[],"ProductReview":[],"Car":[],"Recipe":[],"Service":[],"SoftwareApplication":[],"WebPage":[]},"graphName":"","isEnabled":true},"graphs":[]},"schema_type":"default","schema_type_options":null,"pillar_content":false,"robots_default":true,"robots_noindex":false,"robots_noarchive":false,"robots_nosnippet":false,"robots_nofollow":false,"robots_noimageindex":false,"robots_noodp":false,"robots_notranslate":false,"robots_max_snippet":"-1","robots_max_videopreview":"-1","robots_max_imagepreview":"large","priority":0,"frequency":"default","local_seo":null,"limit_modified_date":false,"created":"2023-09-01 16:03:10","updated":"2026-07-28 01:56:21","ai":null,"breadcrumb_settings":null,"seo_analyzer_scan_date":null},"aioseo_breadcrumb":"<div class=\"aioseo-breadcrumbs\"><span class=\"aioseo-breadcrumb\">\n\t\t\t<a href=\"https:\/\/cauceecologico.org\" title=\"Home\">Home<\/a>\n\t\t<\/span><span class=\"aioseo-breadcrumb-separator\">&raquo;<\/span><span class=\"aioseo-breadcrumb\">\n\t\t\t<a href=\"https:\/\/cauceecologico.org\/?cat=5\" title=\"Noticias\">Noticias<\/a>\n\t\t<\/span><span class=\"aioseo-breadcrumb-separator\">&raquo;<\/span><span class=\"aioseo-breadcrumb\">\n\t\t\tII Jornadas sobre la actualidad de la Hidrov\u00eda Paraguay \u2013 Paran\u00e1\n\t\t<\/span><\/div>","aioseo_breadcrumb_json":[{"label":"Home","link":"https:\/\/cauceecologico.org"},{"label":"Noticias","link":"https:\/\/cauceecologico.org\/?cat=5"},{"label":"II Jornadas sobre la actualidad de la Hidrov\u00eda Paraguay &#8211; Paran\u00e1","link":"https:\/\/cauceecologico.org\/?p=4440"}],"_links":{"self":[{"href":"https:\/\/cauceecologico.org\/index.php?rest_route=\/wp\/v2\/posts\/4440","targetHints":{"allow":["GET"]}}],"collection":[{"href":"https:\/\/cauceecologico.org\/index.php?rest_route=\/wp\/v2\/posts"}],"about":[{"href":"https:\/\/cauceecologico.org\/index.php?rest_route=\/wp\/v2\/types\/post"}],"author":[{"embeddable":true,"href":"https:\/\/cauceecologico.org\/index.php?rest_route=\/wp\/v2\/users\/5"}],"replies":[{"embeddable":true,"href":"https:\/\/cauceecologico.org\/index.php?rest_route=%2Fwp%2Fv2%2Fcomments&post=4440"}],"version-history":[{"count":2,"href":"https:\/\/cauceecologico.org\/index.php?rest_route=\/wp\/v2\/posts\/4440\/revisions"}],"predecessor-version":[{"id":4443,"href":"https:\/\/cauceecologico.org\/index.php?rest_route=\/wp\/v2\/posts\/4440\/revisions\/4443"}],"wp:featuredmedia":[{"embeddable":true,"href":"https:\/\/cauceecologico.org\/index.php?rest_route=\/wp\/v2\/media\/1669"}],"wp:attachment":[{"href":"https:\/\/cauceecologico.org\/index.php?rest_route=%2Fwp%2Fv2%2Fmedia&parent=4440"}],"wp:term":[{"taxonomy":"category","embeddable":true,"href":"https:\/\/cauceecologico.org\/index.php?rest_route=%2Fwp%2Fv2%2Fcategories&post=4440"},{"taxonomy":"post_tag","embeddable":true,"href":"https:\/\/cauceecologico.org\/index.php?rest_route=%2Fwp%2Fv2%2Ftags&post=4440"}],"curies":[{"name":"wp","href":"https:\/\/api.w.org\/{rel}","templated":true}]}}