{"id":4490,"date":"2023-09-11T21:16:31","date_gmt":"2023-09-11T21:16:31","guid":{"rendered":"https:\/\/cauceecologico.org\/?p=4490"},"modified":"2023-09-11T21:27:21","modified_gmt":"2023-09-11T21:27:21","slug":"segunda-edicion-de-la-convocatoria-un-cauce-para-tus-historias","status":"publish","type":"post","link":"https:\/\/cauceecologico.org\/?p=4490","title":{"rendered":"Segunda edici\u00f3n de la convocatoria \u201cUn cauce para tus historias\u201d"},"content":{"rendered":"<p><strong>Se recibir\u00e1n propuestas hasta el 18 de septiembre con el eje tem\u00e1tico Libertad de los r\u00edos.<\/strong><\/p>\n<p><span style=\"font-weight: 400;\">El programa Humedales Sin Fronteras<\/span><span style=\"font-weight: 400;\"> abre la convocatoria a periodistas, comunicadores, fot\u00f3grafos, fot\u00f3grafas, artistas, educadores, realizadores audiovisuales y\/o gestores culturales de la regi\u00f3n (Entre R\u00edos, Santa Fe y Buenos Aires) a presentar propuestas para la segunda convocatoria \u201cUn cauce para tus historias\u201d.\u00a0<\/span><\/p>\n<p><span style=\"font-weight: 400;\">El eje tem\u00e1tico ser\u00e1 Libertad de los r\u00edos. Se podr\u00e1n contemplar las amenazas y\/o problem\u00e1ticas que afectan al Paran\u00e1, as\u00ed como las oportunidades o posibilidades latentes para el cuidado y restauraci\u00f3n de sus ecosistemas. Adem\u00e1s, ser\u00e1n valoradas propuestas que aborden el reconocimiento de los saberes y pr\u00e1cticas de las comunidades ribere\u00f1as, de pescadores, organizaciones y activistas de estos territorios.<\/span><\/p>\n<p><span style=\"color: #3366ff;\"><strong><a style=\"color: #3366ff;\" href=\"http:\/\/cauceecologico.org\/wp-content\/uploads\/2023\/09\/BASES.pdf\">\u00a0BASES DE LA CONVOCATORIA<\/a><\/strong><\/span><\/p>\n<p><img loading=\"lazy\" decoding=\"async\" class=\"alignleft size-full wp-image-4491\" src=\"http:\/\/cauceecologico.org\/wp-content\/uploads\/2023\/09\/WhatsApp-Image-2023-09-11-at-11.35.16.jpeg\" alt=\"\" width=\"1080\" height=\"1080\" \/><\/p>\n<p>&nbsp;<\/p>\n<p><b>Convocatoria<\/b><span style=\"font-weight: 400;\">\u00a0<\/span><\/p>\n<p><span style=\"font-weight: 400;\">Se brindar\u00e1n <\/span><span style=\"font-weight: 400;\">10 <\/span><span style=\"font-weight: 400;\">becas por \u00fanica vez por el equivalente de<\/span> <span style=\"font-weight: 400;\">doscientos mil pesos ($ 200.000,00) entreg\u00e1ndose el 50% en la selecci\u00f3n -previa firma de un contrato de colaboraci\u00f3n- y el restante 50% al momento de la entrega del material o su puesta en escena en el Festival Alma Delta 2023, a desarrollarse el 28 de octubre en el predio del Skatepark de<br \/>\nParan\u00e1.<\/span><\/p>\n<p><span style=\"font-weight: 400;\">La convocatoria estar\u00e1 abierta hasta el<strong> 18 de septiembre<\/strong>, mientras que el 25 de septiembre ser\u00e1n anunciadas las propuestas seleccionadas. \u00c9stas deber\u00e1n desarrollarse en el plazo de un mes.<\/span><\/p>\n<p><b>Sobre las propuestas<\/b><\/p>\n<p><span style=\"font-weight: 400;\">Se espera que las personas y\/u organizaciones participantes presenten propuestas en alguna de las siguientes categor\u00edas:<\/span><\/p>\n<ul>\n<li style=\"font-weight: 400;\" aria-level=\"1\"><span style=\"font-weight: 400;\">Material \/ propuesta educativa\u00a0<\/span><\/li>\n<li style=\"font-weight: 400;\" aria-level=\"1\"><span style=\"font-weight: 400;\">Producci\u00f3n comunicacional\u00a0<\/span><\/li>\n<li style=\"font-weight: 400;\" aria-level=\"1\"><span style=\"font-weight: 400;\">Intervenci\u00f3n \/ propuesta cultural \/ obra art\u00edstica<\/span><\/li>\n<\/ul>\n<p><span style=\"font-weight: 400;\">Una vez seleccionadas, las propuestas deber\u00e1n desarrollarse de manera \u00edntegra en el plazo de un mes, si se trata de una producci\u00f3n, contenido u obra. En el caso de propuestas educativas, culturales o intervenciones, deber\u00e1n planificarse en el plazo de un mes y podr\u00e1n concretarse en el marco del Festival Alma Delta o donde los proyectos as\u00ed lo contemplen.\u00a0<\/span><\/p>\n<p>&nbsp;<\/p>\n<p><b>\u00bfTe interesa?<\/b><\/p>\n<p><span style=\"font-weight: 400;\">Envi\u00e1 tu propuesta hasta el 18 de septiembre, completando el siguiente <\/span><strong><span style=\"color: #3366ff;\"><a style=\"color: #3366ff;\" href=\"https:\/\/forms.gle\/XVVciAzbBRwNoiMk6\">formulario<\/a><\/span>.\u00a0<\/strong><\/p>\n<p><span style=\"font-weight: 400;\">Si ten\u00e9s dudas, escribinos a <span style=\"color: #3366ff;\"><strong>cauceecologico@gmail.com<\/strong><\/span> con el asunto: BECA \u2013 LIBERTAD DE LOS R\u00cdOS<\/span><\/p>\n<p><span style=\"font-weight: 400;\">La selecci\u00f3n ser\u00e1 comunicada a trav\u00e9s de nuestras redes oficiales y por correo electr\u00f3nico a quienes hayan enviado propuestas.<\/span><\/p>\n<p>&nbsp;<\/p>\n<p><b>Contexto<\/b><\/p>\n<p><span style=\"font-weight: 400;\">Desde 2021 numerosas organizaciones, activistas, cient\u00edficos y cient\u00edficas de la regi\u00f3n trabajamos para detectar las principales amenazas a la libertad del r\u00edo Paran\u00e1 y elaborar estrategias para que la ciudadan\u00eda participe en la toma y gesti\u00f3n de decisiones que afectan el ambiente.<\/span><\/p>\n<p><span style=\"font-weight: 400;\">Como resultado de la reflexi\u00f3n y la puesta en com\u00fan, trabajamos la <\/span><span style=\"color: #3366ff;\"><a style=\"color: #3366ff;\" href=\"https:\/\/cauceecologico.org\/?p=3326\"><span style=\"font-weight: 400;\"><strong>bajante extraordinaria del r\u00edo Paran\u00e1 y la depredaci\u00f3n de peces<\/strong><\/span><\/a><\/span><span style=\"font-weight: 400;\">, en 2021, y en 2022 elaboramos un <\/span><span style=\"color: #3366ff;\"><strong><a style=\"color: #3366ff;\" href=\"https:\/\/cauceecologico.org\/wp-content\/uploads\/2023\/01\/que-pasa-con-el-rio.pdf\">documento<\/a><\/strong><\/span><span style=\"font-weight: 400;\"> sobre la contaminaci\u00f3n, entre otras problem\u00e1ticas que profundizan la crisis del Paran\u00e1, como la hidrov\u00eda Paraguay-Paran\u00e1, los incendios de humedales, los residuos s\u00f3lidos urbanos y la invasi\u00f3n de especies ex\u00f3ticas.<\/span><\/p>\n<p><span style=\"font-weight: 400;\">Nuestro desaf\u00edo es generar en conjunto herramientas para la gobernanza de los territorios, con participaci\u00f3n de las comunidades que los habitan y protegen. \u00a1Vos pod\u00e9s ser parte!<\/span><\/p>\n<p>&nbsp;<\/p>\n<p>&nbsp;<\/p>\n","protected":false},"excerpt":{"rendered":"<p>Se recibir\u00e1n propuestas hasta el 18 de septiembre con el eje tem\u00e1tico Libertad de los r\u00edos. El programa Humedales Sin Fronteras abre la convocatoria a periodistas, comunicadores, fot\u00f3grafos, fot\u00f3grafas, artistas, educadores, realizadores audiovisuales y\/o gestores culturales de la regi\u00f3n (Entre R\u00edos, Santa Fe y Buenos Aires) a presentar propuestas para la segunda convocatoria \u201cUn cauce [&hellip;]<\/p>\n","protected":false},"author":5,"featured_media":4493,"comment_status":"open","ping_status":"open","sticky":false,"template":"","format":"gallery","meta":{"om_disable_all_campaigns":false,"_monsterinsights_skip_tracking":false,"amp_status":"","footnotes":""},"categories":[5,112],"tags":[],"class_list":["post-4490","post","type-post","status-publish","format-gallery","has-post-thumbnail","hentry","category-noticias","category-rios-libres","post_format-post-format-gallery"],"aioseo_notices":[],"aioseo_head":"\n\t\t<!-- All in One SEO 4.9.10 - aioseo.com -->\n\t<meta name=\"description\" content=\"Se recibir\u00e1n propuestas hasta el 18 de septiembre con el eje tem\u00e1tico Libertad de los r\u00edos. El programa Humedales Sin Fronteras abre la convocatoria a periodistas, comunicadores, fot\u00f3grafos, fot\u00f3grafas, artistas, educadores, realizadores audiovisuales y\/o gestores culturales de la regi\u00f3n (Entre R\u00edos, Santa Fe y Buenos Aires) a presentar propuestas para la segunda convocatoria \u201cUn cauce\" \/>\n\t<meta name=\"robots\" content=\"max-image-preview:large\" \/>\n\t<meta name=\"author\" content=\"Rocio Fernadez Dobal\"\/>\n\t<link rel=\"canonical\" href=\"https:\/\/cauceecologico.org\/?p=4490\" \/>\n\t<meta name=\"generator\" content=\"All in One SEO (AIOSEO) 4.9.10\" \/>\n\t\t<meta property=\"og:locale\" content=\"es_ES\" \/>\n\t\t<meta property=\"og:site_name\" content=\"CAUCE - Cultura Ambiental - Causa Ecologista\" \/>\n\t\t<meta property=\"og:type\" content=\"article\" \/>\n\t\t<meta property=\"og:title\" content=\"Segunda edici\u00f3n de la convocatoria \u201cUn cauce para tus historias\u201d - CAUCE\" \/>\n\t\t<meta property=\"og:description\" content=\"Se recibir\u00e1n propuestas hasta el 18 de septiembre con el eje tem\u00e1tico Libertad de los r\u00edos. El programa Humedales Sin Fronteras abre la convocatoria a periodistas, comunicadores, fot\u00f3grafos, fot\u00f3grafas, artistas, educadores, realizadores audiovisuales y\/o gestores culturales de la regi\u00f3n (Entre R\u00edos, Santa Fe y Buenos Aires) a presentar propuestas para la segunda convocatoria \u201cUn cauce\" \/>\n\t\t<meta property=\"og:url\" content=\"https:\/\/cauceecologico.org\/?p=4490\" \/>\n\t\t<meta property=\"article:published_time\" content=\"2023-09-11T21:16:31+00:00\" \/>\n\t\t<meta property=\"article:modified_time\" content=\"2023-09-11T21:27:21+00:00\" \/>\n\t\t<meta name=\"twitter:card\" content=\"summary_large_image\" \/>\n\t\t<meta name=\"twitter:title\" content=\"Segunda edici\u00f3n de la convocatoria \u201cUn cauce para tus historias\u201d - CAUCE\" \/>\n\t\t<meta name=\"twitter:description\" content=\"Se recibir\u00e1n propuestas hasta el 18 de septiembre con el eje tem\u00e1tico Libertad de los r\u00edos. El programa Humedales Sin Fronteras abre la convocatoria a periodistas, comunicadores, fot\u00f3grafos, fot\u00f3grafas, artistas, educadores, realizadores audiovisuales y\/o gestores culturales de la regi\u00f3n (Entre R\u00edos, Santa Fe y Buenos Aires) a presentar propuestas para la segunda convocatoria \u201cUn cauce\" \/>\n\t\t<script type=\"application\/ld+json\" class=\"aioseo-schema\">\n\t\t\t{\"@context\":\"https:\\\/\\\/schema.org\",\"@graph\":[{\"@type\":\"BlogPosting\",\"@id\":\"https:\\\/\\\/cauceecologico.org\\\/?p=4490#blogposting\",\"name\":\"Segunda edici\\u00f3n de la convocatoria \\u201cUn cauce para tus historias\\u201d - CAUCE\",\"headline\":\"Segunda edici\\u00f3n de la convocatoria \\u201cUn cauce para tus historias\\u201d\",\"author\":{\"@id\":\"https:\\\/\\\/cauceecologico.org\\\/?author=5#author\"},\"publisher\":{\"@id\":\"https:\\\/\\\/cauceecologico.org\\\/#organization\"},\"image\":{\"@type\":\"ImageObject\",\"url\":\"https:\\\/\\\/cauceecologico.org\\\/wp-content\\\/uploads\\\/2023\\\/09\\\/EL-ROMANCE-MAS-LARGO-53.png\",\"width\":1250,\"height\":900},\"datePublished\":\"2023-09-11T21:16:31+00:00\",\"dateModified\":\"2023-09-11T21:27:21+00:00\",\"inLanguage\":\"es-ES\",\"mainEntityOfPage\":{\"@id\":\"https:\\\/\\\/cauceecologico.org\\\/?p=4490#webpage\"},\"isPartOf\":{\"@id\":\"https:\\\/\\\/cauceecologico.org\\\/?p=4490#webpage\"},\"articleSection\":\"Noticias, R\\u00edos libres, Galer\\u00eda\"},{\"@type\":\"BreadcrumbList\",\"@id\":\"https:\\\/\\\/cauceecologico.org\\\/?p=4490#breadcrumblist\",\"itemListElement\":[{\"@type\":\"ListItem\",\"@id\":\"https:\\\/\\\/cauceecologico.org#listItem\",\"position\":1,\"name\":\"Home\",\"item\":\"https:\\\/\\\/cauceecologico.org\",\"nextItem\":{\"@type\":\"ListItem\",\"@id\":\"https:\\\/\\\/cauceecologico.org\\\/?cat=5#listItem\",\"name\":\"Noticias\"}},{\"@type\":\"ListItem\",\"@id\":\"https:\\\/\\\/cauceecologico.org\\\/?cat=5#listItem\",\"position\":2,\"name\":\"Noticias\",\"item\":\"https:\\\/\\\/cauceecologico.org\\\/?cat=5\",\"nextItem\":{\"@type\":\"ListItem\",\"@id\":\"https:\\\/\\\/cauceecologico.org\\\/?p=4490#listItem\",\"name\":\"Segunda edici\\u00f3n de la convocatoria \\u201cUn cauce para tus historias\\u201d\"},\"previousItem\":{\"@type\":\"ListItem\",\"@id\":\"https:\\\/\\\/cauceecologico.org#listItem\",\"name\":\"Home\"}},{\"@type\":\"ListItem\",\"@id\":\"https:\\\/\\\/cauceecologico.org\\\/?p=4490#listItem\",\"position\":3,\"name\":\"Segunda edici\\u00f3n de la convocatoria \\u201cUn cauce para tus historias\\u201d\",\"previousItem\":{\"@type\":\"ListItem\",\"@id\":\"https:\\\/\\\/cauceecologico.org\\\/?cat=5#listItem\",\"name\":\"Noticias\"}}]},{\"@type\":\"Organization\",\"@id\":\"https:\\\/\\\/cauceecologico.org\\\/#organization\",\"name\":\"CAUCE\",\"description\":\"Cultura Ambiental - Causa Ecologista\",\"url\":\"https:\\\/\\\/cauceecologico.org\\\/\"},{\"@type\":\"Person\",\"@id\":\"https:\\\/\\\/cauceecologico.org\\\/?author=5#author\",\"url\":\"https:\\\/\\\/cauceecologico.org\\\/?author=5\",\"name\":\"Rocio Fernadez Dobal\",\"image\":{\"@type\":\"ImageObject\",\"@id\":\"https:\\\/\\\/cauceecologico.org\\\/?p=4490#authorImage\",\"url\":\"https:\\\/\\\/secure.gravatar.com\\\/avatar\\\/0e12a66c907f8480df050de074b5b58070b1d7ad51f067e186cffc71e35dfa04?s=96&d=mm&r=g\",\"width\":96,\"height\":96,\"caption\":\"Rocio Fernadez Dobal\"}},{\"@type\":\"WebPage\",\"@id\":\"https:\\\/\\\/cauceecologico.org\\\/?p=4490#webpage\",\"url\":\"https:\\\/\\\/cauceecologico.org\\\/?p=4490\",\"name\":\"Segunda edici\\u00f3n de la convocatoria \\u201cUn cauce para tus historias\\u201d - CAUCE\",\"description\":\"Se recibir\\u00e1n propuestas hasta el 18 de septiembre con el eje tem\\u00e1tico Libertad de los r\\u00edos. El programa Humedales Sin Fronteras abre la convocatoria a periodistas, comunicadores, fot\\u00f3grafos, fot\\u00f3grafas, artistas, educadores, realizadores audiovisuales y\\\/o gestores culturales de la regi\\u00f3n (Entre R\\u00edos, Santa Fe y Buenos Aires) a presentar propuestas para la segunda convocatoria \\u201cUn cauce\",\"inLanguage\":\"es-ES\",\"isPartOf\":{\"@id\":\"https:\\\/\\\/cauceecologico.org\\\/#website\"},\"breadcrumb\":{\"@id\":\"https:\\\/\\\/cauceecologico.org\\\/?p=4490#breadcrumblist\"},\"author\":{\"@id\":\"https:\\\/\\\/cauceecologico.org\\\/?author=5#author\"},\"creator\":{\"@id\":\"https:\\\/\\\/cauceecologico.org\\\/?author=5#author\"},\"image\":{\"@type\":\"ImageObject\",\"url\":\"https:\\\/\\\/cauceecologico.org\\\/wp-content\\\/uploads\\\/2023\\\/09\\\/EL-ROMANCE-MAS-LARGO-53.png\",\"@id\":\"https:\\\/\\\/cauceecologico.org\\\/?p=4490\\\/#mainImage\",\"width\":1250,\"height\":900},\"primaryImageOfPage\":{\"@id\":\"https:\\\/\\\/cauceecologico.org\\\/?p=4490#mainImage\"},\"datePublished\":\"2023-09-11T21:16:31+00:00\",\"dateModified\":\"2023-09-11T21:27:21+00:00\"},{\"@type\":\"WebSite\",\"@id\":\"https:\\\/\\\/cauceecologico.org\\\/#website\",\"url\":\"https:\\\/\\\/cauceecologico.org\\\/\",\"name\":\"CAUCE\",\"description\":\"Cultura Ambiental - Causa Ecologista\",\"inLanguage\":\"es-ES\",\"publisher\":{\"@id\":\"https:\\\/\\\/cauceecologico.org\\\/#organization\"}}]}\n\t\t<\/script>\n\t\t<!-- All in One SEO -->\n\n","aioseo_head_json":{"title":"Segunda edici\u00f3n de la convocatoria \u201cUn cauce para tus historias\u201d - CAUCE","description":"Se recibir\u00e1n propuestas hasta el 18 de septiembre con el eje tem\u00e1tico Libertad de los r\u00edos. El programa Humedales Sin Fronteras abre la convocatoria a periodistas, comunicadores, fot\u00f3grafos, fot\u00f3grafas, artistas, educadores, realizadores audiovisuales y\/o gestores culturales de la regi\u00f3n (Entre R\u00edos, Santa Fe y Buenos Aires) a presentar propuestas para la segunda convocatoria \u201cUn cauce","canonical_url":"https:\/\/cauceecologico.org\/?p=4490","robots":"max-image-preview:large","keywords":"","webmasterTools":{"miscellaneous":""},"schema":{"@context":"https:\/\/schema.org","@graph":[{"@type":"BlogPosting","@id":"https:\/\/cauceecologico.org\/?p=4490#blogposting","name":"Segunda edici\u00f3n de la convocatoria \u201cUn cauce para tus historias\u201d - CAUCE","headline":"Segunda edici\u00f3n de la convocatoria \u201cUn cauce para tus historias\u201d","author":{"@id":"https:\/\/cauceecologico.org\/?author=5#author"},"publisher":{"@id":"https:\/\/cauceecologico.org\/#organization"},"image":{"@type":"ImageObject","url":"https:\/\/cauceecologico.org\/wp-content\/uploads\/2023\/09\/EL-ROMANCE-MAS-LARGO-53.png","width":1250,"height":900},"datePublished":"2023-09-11T21:16:31+00:00","dateModified":"2023-09-11T21:27:21+00:00","inLanguage":"es-ES","mainEntityOfPage":{"@id":"https:\/\/cauceecologico.org\/?p=4490#webpage"},"isPartOf":{"@id":"https:\/\/cauceecologico.org\/?p=4490#webpage"},"articleSection":"Noticias, R\u00edos libres, Galer\u00eda"},{"@type":"BreadcrumbList","@id":"https:\/\/cauceecologico.org\/?p=4490#breadcrumblist","itemListElement":[{"@type":"ListItem","@id":"https:\/\/cauceecologico.org#listItem","position":1,"name":"Home","item":"https:\/\/cauceecologico.org","nextItem":{"@type":"ListItem","@id":"https:\/\/cauceecologico.org\/?cat=5#listItem","name":"Noticias"}},{"@type":"ListItem","@id":"https:\/\/cauceecologico.org\/?cat=5#listItem","position":2,"name":"Noticias","item":"https:\/\/cauceecologico.org\/?cat=5","nextItem":{"@type":"ListItem","@id":"https:\/\/cauceecologico.org\/?p=4490#listItem","name":"Segunda edici\u00f3n de la convocatoria \u201cUn cauce para tus historias\u201d"},"previousItem":{"@type":"ListItem","@id":"https:\/\/cauceecologico.org#listItem","name":"Home"}},{"@type":"ListItem","@id":"https:\/\/cauceecologico.org\/?p=4490#listItem","position":3,"name":"Segunda edici\u00f3n de la convocatoria \u201cUn cauce para tus historias\u201d","previousItem":{"@type":"ListItem","@id":"https:\/\/cauceecologico.org\/?cat=5#listItem","name":"Noticias"}}]},{"@type":"Organization","@id":"https:\/\/cauceecologico.org\/#organization","name":"CAUCE","description":"Cultura Ambiental - Causa Ecologista","url":"https:\/\/cauceecologico.org\/"},{"@type":"Person","@id":"https:\/\/cauceecologico.org\/?author=5#author","url":"https:\/\/cauceecologico.org\/?author=5","name":"Rocio Fernadez Dobal","image":{"@type":"ImageObject","@id":"https:\/\/cauceecologico.org\/?p=4490#authorImage","url":"https:\/\/secure.gravatar.com\/avatar\/0e12a66c907f8480df050de074b5b58070b1d7ad51f067e186cffc71e35dfa04?s=96&d=mm&r=g","width":96,"height":96,"caption":"Rocio Fernadez Dobal"}},{"@type":"WebPage","@id":"https:\/\/cauceecologico.org\/?p=4490#webpage","url":"https:\/\/cauceecologico.org\/?p=4490","name":"Segunda edici\u00f3n de la convocatoria \u201cUn cauce para tus historias\u201d - CAUCE","description":"Se recibir\u00e1n propuestas hasta el 18 de septiembre con el eje tem\u00e1tico Libertad de los r\u00edos. El programa Humedales Sin Fronteras abre la convocatoria a periodistas, comunicadores, fot\u00f3grafos, fot\u00f3grafas, artistas, educadores, realizadores audiovisuales y\/o gestores culturales de la regi\u00f3n (Entre R\u00edos, Santa Fe y Buenos Aires) a presentar propuestas para la segunda convocatoria \u201cUn cauce","inLanguage":"es-ES","isPartOf":{"@id":"https:\/\/cauceecologico.org\/#website"},"breadcrumb":{"@id":"https:\/\/cauceecologico.org\/?p=4490#breadcrumblist"},"author":{"@id":"https:\/\/cauceecologico.org\/?author=5#author"},"creator":{"@id":"https:\/\/cauceecologico.org\/?author=5#author"},"image":{"@type":"ImageObject","url":"https:\/\/cauceecologico.org\/wp-content\/uploads\/2023\/09\/EL-ROMANCE-MAS-LARGO-53.png","@id":"https:\/\/cauceecologico.org\/?p=4490\/#mainImage","width":1250,"height":900},"primaryImageOfPage":{"@id":"https:\/\/cauceecologico.org\/?p=4490#mainImage"},"datePublished":"2023-09-11T21:16:31+00:00","dateModified":"2023-09-11T21:27:21+00:00"},{"@type":"WebSite","@id":"https:\/\/cauceecologico.org\/#website","url":"https:\/\/cauceecologico.org\/","name":"CAUCE","description":"Cultura Ambiental - Causa Ecologista","inLanguage":"es-ES","publisher":{"@id":"https:\/\/cauceecologico.org\/#organization"}}]},"og:locale":"es_ES","og:site_name":"CAUCE - Cultura Ambiental - Causa Ecologista","og:type":"article","og:title":"Segunda edici\u00f3n de la convocatoria \u201cUn cauce para tus historias\u201d - CAUCE","og:description":"Se recibir\u00e1n propuestas hasta el 18 de septiembre con el eje tem\u00e1tico Libertad de los r\u00edos. El programa Humedales Sin Fronteras abre la convocatoria a periodistas, comunicadores, fot\u00f3grafos, fot\u00f3grafas, artistas, educadores, realizadores audiovisuales y\/o gestores culturales de la regi\u00f3n (Entre R\u00edos, Santa Fe y Buenos Aires) a presentar propuestas para la segunda convocatoria \u201cUn cauce","og:url":"https:\/\/cauceecologico.org\/?p=4490","article:published_time":"2023-09-11T21:16:31+00:00","article:modified_time":"2023-09-11T21:27:21+00:00","twitter:card":"summary_large_image","twitter:title":"Segunda edici\u00f3n de la convocatoria \u201cUn cauce para tus historias\u201d - CAUCE","twitter:description":"Se recibir\u00e1n propuestas hasta el 18 de septiembre con el eje tem\u00e1tico Libertad de los r\u00edos. El programa Humedales Sin Fronteras abre la convocatoria a periodistas, comunicadores, fot\u00f3grafos, fot\u00f3grafas, artistas, educadores, realizadores audiovisuales y\/o gestores culturales de la regi\u00f3n (Entre R\u00edos, Santa Fe y Buenos Aires) a presentar propuestas para la segunda convocatoria \u201cUn cauce"},"aioseo_meta_data":{"post_id":"4490","title":null,"description":null,"keywords":[],"keyphrases":{"focus":{"keyphrase":"","score":0,"analysis":{"keyphraseInTitle":{"score":0,"maxScore":9,"error":1}}},"additional":[]},"primary_term":null,"canonical_url":null,"og_title":null,"og_description":null,"og_object_type":"default","og_image_type":"default","og_image_url":null,"og_image_width":null,"og_image_height":null,"og_image_custom_url":null,"og_image_custom_fields":null,"og_video":"","og_custom_url":null,"og_article_section":null,"og_article_tags":[],"twitter_use_og":false,"twitter_card":"default","twitter_image_type":"default","twitter_image_url":null,"twitter_image_custom_url":null,"twitter_image_custom_fields":null,"twitter_title":null,"twitter_description":null,"schema":{"blockGraphs":[],"customGraphs":[],"default":{"data":{"Article":[],"Course":[],"Dataset":[],"FAQPage":[],"Movie":[],"Person":[],"Product":[],"ProductReview":[],"Car":[],"Recipe":[],"Service":[],"SoftwareApplication":[],"WebPage":[]},"graphName":"","isEnabled":true},"graphs":[]},"schema_type":"default","schema_type_options":null,"pillar_content":false,"robots_default":true,"robots_noindex":false,"robots_noarchive":false,"robots_nosnippet":false,"robots_nofollow":false,"robots_noimageindex":false,"robots_noodp":false,"robots_notranslate":false,"robots_max_snippet":"-1","robots_max_videopreview":"-1","robots_max_imagepreview":"large","priority":0,"frequency":"default","local_seo":null,"limit_modified_date":false,"created":"2023-09-11 15:26:37","updated":"2026-07-28 02:04:10","ai":null,"breadcrumb_settings":null,"seo_analyzer_scan_date":null},"aioseo_breadcrumb":"<div class=\"aioseo-breadcrumbs\"><span class=\"aioseo-breadcrumb\">\n\t\t\t<a href=\"https:\/\/cauceecologico.org\" title=\"Home\">Home<\/a>\n\t\t<\/span><span class=\"aioseo-breadcrumb-separator\">&raquo;<\/span><span class=\"aioseo-breadcrumb\">\n\t\t\t<a href=\"https:\/\/cauceecologico.org\/?cat=5\" title=\"Noticias\">Noticias<\/a>\n\t\t<\/span><span class=\"aioseo-breadcrumb-separator\">&raquo;<\/span><span class=\"aioseo-breadcrumb\">\n\t\t\tSegunda edici\u00f3n de la convocatoria \u201cUn cauce para tus historias\u201d\n\t\t<\/span><\/div>","aioseo_breadcrumb_json":[{"label":"Home","link":"https:\/\/cauceecologico.org"},{"label":"Noticias","link":"https:\/\/cauceecologico.org\/?cat=5"},{"label":"Segunda edici\u00f3n de la convocatoria \u201cUn cauce para tus historias\u201d","link":"https:\/\/cauceecologico.org\/?p=4490"}],"_links":{"self":[{"href":"https:\/\/cauceecologico.org\/index.php?rest_route=\/wp\/v2\/posts\/4490","targetHints":{"allow":["GET"]}}],"collection":[{"href":"https:\/\/cauceecologico.org\/index.php?rest_route=\/wp\/v2\/posts"}],"about":[{"href":"https:\/\/cauceecologico.org\/index.php?rest_route=\/wp\/v2\/types\/post"}],"author":[{"embeddable":true,"href":"https:\/\/cauceecologico.org\/index.php?rest_route=\/wp\/v2\/users\/5"}],"replies":[{"embeddable":true,"href":"https:\/\/cauceecologico.org\/index.php?rest_route=%2Fwp%2Fv2%2Fcomments&post=4490"}],"version-history":[{"count":5,"href":"https:\/\/cauceecologico.org\/index.php?rest_route=\/wp\/v2\/posts\/4490\/revisions"}],"predecessor-version":[{"id":4499,"href":"https:\/\/cauceecologico.org\/index.php?rest_route=\/wp\/v2\/posts\/4490\/revisions\/4499"}],"wp:featuredmedia":[{"embeddable":true,"href":"https:\/\/cauceecologico.org\/index.php?rest_route=\/wp\/v2\/media\/4493"}],"wp:attachment":[{"href":"https:\/\/cauceecologico.org\/index.php?rest_route=%2Fwp%2Fv2%2Fmedia&parent=4490"}],"wp:term":[{"taxonomy":"category","embeddable":true,"href":"https:\/\/cauceecologico.org\/index.php?rest_route=%2Fwp%2Fv2%2Fcategories&post=4490"},{"taxonomy":"post_tag","embeddable":true,"href":"https:\/\/cauceecologico.org\/index.php?rest_route=%2Fwp%2Fv2%2Ftags&post=4490"}],"curies":[{"name":"wp","href":"https:\/\/api.w.org\/{rel}","templated":true}]}}