{"id":4546,"date":"2023-11-02T13:46:51","date_gmt":"2023-11-02T13:46:51","guid":{"rendered":"https:\/\/cauceecologico.org\/?p=4546"},"modified":"2023-11-08T21:25:36","modified_gmt":"2023-11-08T21:25:36","slug":"nueva-solicitud-de-informacion-a-la-secretaria-de-mineria","status":"publish","type":"post","link":"https:\/\/cauceecologico.org\/?p=4546","title":{"rendered":"Solicitamos informaci\u00f3n a la Secretar\u00eda de Miner\u00eda"},"content":{"rendered":"<p>En el marco del proceso de seguimiento y monitoreo sobre la\u00a0<b>extracci\u00f3n y comercializaci\u00f3n de arenas sil\u00edceas<\/b> en Entre R\u00edos, Fundaci\u00f3n CAUCE present\u00f3 una solicitud de acceso a la informaci\u00f3n p\u00fablica ambiental ante el secretario de miner\u00eda de la provincia Dr. Jos\u00e9 Mar\u00eda Leiva Chavez.<\/p>\n<p>En la SAIPA, presentada el 31 de octubre, se pidi\u00f3 conocer:<\/p>\n<ol>\n<li>Informe las recaudaciones anuales en conceptos de derechos de extracci\u00f3n de arenas sil\u00edceas fijados por la ley impositiva, desde 2017 a la fecha, indicando cantidad de metros c\u00fabicos (m3) del mineral por a\u00f1o y la recaudaci\u00f3n correspondiente.<\/li>\n<li>Informe las recaudaciones anuales del Fondo Minero de Entre R\u00edos -previsto en la Ley 10.158-, que ha percibido la Secretar\u00eda como organismo de recaudaci\u00f3n, desde 2017 a la fecha, indicando cantidad de toneladas del mineral por a\u00f1o y la recaudaci\u00f3n correspondiente.<\/li>\n<li>Indique las personas humanas o jur\u00eddicas que se dedican espec\u00edficamente a la extracci\u00f3n de arenas sil\u00edceas en la Provincia, que han abonado los respectivos derechos de extracci\u00f3n, desde 2017 a la fecha.<\/li>\n<li>Informe el tipo y procedimiento de control que efect\u00faa la Secretar\u00eda de Miner\u00eda, a los efectos de verificar la veracidad de los datos que las empresas que extraen arenas sil\u00edceas en la provincia declaran en las planillas que remiten al organismo, y que sirven como base para establecer el monto del tributo. Y en su caso, indique si se ha sometido a alguna sanci\u00f3n a los infractores o se han llevado a cabo procesos penales en su contra. Ello, cfr. las atribuciones de la Ley Provincial 10.158 y del Dcto. Reglamentario 4067\/2014 M.P.<\/li>\n<\/ol>\n<p style=\"text-align: right;\">02\/11\/23<\/p>\n","protected":false},"excerpt":{"rendered":"<p>En el marco del proceso de seguimiento y monitoreo sobre la\u00a0extracci\u00f3n y comercializaci\u00f3n de arenas sil\u00edceas en Entre R\u00edos, Fundaci\u00f3n CAUCE present\u00f3 una solicitud de acceso a la informaci\u00f3n p\u00fablica ambiental ante el secretario de miner\u00eda de la provincia Dr. Jos\u00e9 Mar\u00eda Leiva Chavez. En la SAIPA, presentada el 31 de octubre, se pidi\u00f3 conocer: [&hellip;]<\/p>\n","protected":false},"author":2,"featured_media":4591,"comment_status":"open","ping_status":"open","sticky":false,"template":"","format":"standard","meta":{"om_disable_all_campaigns":false,"_monsterinsights_skip_tracking":false,"amp_status":"","footnotes":""},"categories":[276,111,5],"tags":[],"class_list":["post-4546","post","type-post","status-publish","format-standard","has-post-thumbnail","hentry","category-delta","category-info-publica","category-noticias"],"aioseo_notices":[],"aioseo_head":"\n\t\t<!-- All in One SEO 4.9.10 - aioseo.com -->\n\t<meta name=\"description\" content=\"En el marco del proceso de seguimiento y monitoreo sobre la extracci\u00f3n y comercializaci\u00f3n de arenas sil\u00edceas en Entre R\u00edos, Fundaci\u00f3n CAUCE present\u00f3 una solicitud de acceso a la informaci\u00f3n p\u00fablica ambiental ante el secretario de miner\u00eda de la provincia Dr. Jos\u00e9 Mar\u00eda Leiva Chavez. En la SAIPA, presentada el 31 de octubre, se pidi\u00f3 conocer:\" \/>\n\t<meta name=\"robots\" content=\"max-image-preview:large\" \/>\n\t<meta name=\"author\" content=\"Ana Lucia Vergara\"\/>\n\t<link rel=\"canonical\" href=\"https:\/\/cauceecologico.org\/?p=4546\" \/>\n\t<meta name=\"generator\" content=\"All in One SEO (AIOSEO) 4.9.10\" \/>\n\t\t<meta property=\"og:locale\" content=\"es_ES\" \/>\n\t\t<meta property=\"og:site_name\" content=\"CAUCE - Cultura Ambiental - Causa Ecologista\" \/>\n\t\t<meta property=\"og:type\" content=\"article\" \/>\n\t\t<meta property=\"og:title\" content=\"Solicitamos informaci\u00f3n a la Secretar\u00eda de Miner\u00eda - CAUCE\" \/>\n\t\t<meta property=\"og:description\" content=\"En el marco del proceso de seguimiento y monitoreo sobre la extracci\u00f3n y comercializaci\u00f3n de arenas sil\u00edceas en Entre R\u00edos, Fundaci\u00f3n CAUCE present\u00f3 una solicitud de acceso a la informaci\u00f3n p\u00fablica ambiental ante el secretario de miner\u00eda de la provincia Dr. Jos\u00e9 Mar\u00eda Leiva Chavez. En la SAIPA, presentada el 31 de octubre, se pidi\u00f3 conocer:\" \/>\n\t\t<meta property=\"og:url\" content=\"https:\/\/cauceecologico.org\/?p=4546\" \/>\n\t\t<meta property=\"article:published_time\" content=\"2023-11-02T13:46:51+00:00\" \/>\n\t\t<meta property=\"article:modified_time\" content=\"2023-11-08T21:25:36+00:00\" \/>\n\t\t<meta name=\"twitter:card\" content=\"summary_large_image\" \/>\n\t\t<meta name=\"twitter:title\" content=\"Solicitamos informaci\u00f3n a la Secretar\u00eda de Miner\u00eda - CAUCE\" \/>\n\t\t<meta name=\"twitter:description\" content=\"En el marco del proceso de seguimiento y monitoreo sobre la extracci\u00f3n y comercializaci\u00f3n de arenas sil\u00edceas en Entre R\u00edos, Fundaci\u00f3n CAUCE present\u00f3 una solicitud de acceso a la informaci\u00f3n p\u00fablica ambiental ante el secretario de miner\u00eda de la provincia Dr. Jos\u00e9 Mar\u00eda Leiva Chavez. En la SAIPA, presentada el 31 de octubre, se pidi\u00f3 conocer:\" \/>\n\t\t<script type=\"application\/ld+json\" class=\"aioseo-schema\">\n\t\t\t{\"@context\":\"https:\\\/\\\/schema.org\",\"@graph\":[{\"@type\":\"BlogPosting\",\"@id\":\"https:\\\/\\\/cauceecologico.org\\\/?p=4546#blogposting\",\"name\":\"Solicitamos informaci\\u00f3n a la Secretar\\u00eda de Miner\\u00eda - CAUCE\",\"headline\":\"Solicitamos informaci\\u00f3n a la Secretar\\u00eda de Miner\\u00eda\",\"author\":{\"@id\":\"https:\\\/\\\/cauceecologico.org\\\/?author=2#author\"},\"publisher\":{\"@id\":\"https:\\\/\\\/cauceecologico.org\\\/#organization\"},\"image\":{\"@type\":\"ImageObject\",\"url\":\"https:\\\/\\\/cauceecologico.org\\\/wp-content\\\/uploads\\\/2023\\\/11\\\/Screen-Shot-2020-07-02-at-19.13.00.png\",\"width\":1123,\"height\":628},\"datePublished\":\"2023-11-02T13:46:51+00:00\",\"dateModified\":\"2023-11-08T21:25:36+00:00\",\"inLanguage\":\"es-ES\",\"mainEntityOfPage\":{\"@id\":\"https:\\\/\\\/cauceecologico.org\\\/?p=4546#webpage\"},\"isPartOf\":{\"@id\":\"https:\\\/\\\/cauceecologico.org\\\/?p=4546#webpage\"},\"articleSection\":\"Delta, informaci\\u00f3n p\\u00fablica, Noticias\"},{\"@type\":\"BreadcrumbList\",\"@id\":\"https:\\\/\\\/cauceecologico.org\\\/?p=4546#breadcrumblist\",\"itemListElement\":[{\"@type\":\"ListItem\",\"@id\":\"https:\\\/\\\/cauceecologico.org#listItem\",\"position\":1,\"name\":\"Home\",\"item\":\"https:\\\/\\\/cauceecologico.org\",\"nextItem\":{\"@type\":\"ListItem\",\"@id\":\"https:\\\/\\\/cauceecologico.org\\\/?cat=5#listItem\",\"name\":\"Noticias\"}},{\"@type\":\"ListItem\",\"@id\":\"https:\\\/\\\/cauceecologico.org\\\/?cat=5#listItem\",\"position\":2,\"name\":\"Noticias\",\"item\":\"https:\\\/\\\/cauceecologico.org\\\/?cat=5\",\"nextItem\":{\"@type\":\"ListItem\",\"@id\":\"https:\\\/\\\/cauceecologico.org\\\/?p=4546#listItem\",\"name\":\"Solicitamos informaci\\u00f3n a la Secretar\\u00eda de Miner\\u00eda\"},\"previousItem\":{\"@type\":\"ListItem\",\"@id\":\"https:\\\/\\\/cauceecologico.org#listItem\",\"name\":\"Home\"}},{\"@type\":\"ListItem\",\"@id\":\"https:\\\/\\\/cauceecologico.org\\\/?p=4546#listItem\",\"position\":3,\"name\":\"Solicitamos informaci\\u00f3n a la Secretar\\u00eda de Miner\\u00eda\",\"previousItem\":{\"@type\":\"ListItem\",\"@id\":\"https:\\\/\\\/cauceecologico.org\\\/?cat=5#listItem\",\"name\":\"Noticias\"}}]},{\"@type\":\"Organization\",\"@id\":\"https:\\\/\\\/cauceecologico.org\\\/#organization\",\"name\":\"CAUCE\",\"description\":\"Cultura Ambiental - Causa Ecologista\",\"url\":\"https:\\\/\\\/cauceecologico.org\\\/\"},{\"@type\":\"Person\",\"@id\":\"https:\\\/\\\/cauceecologico.org\\\/?author=2#author\",\"url\":\"https:\\\/\\\/cauceecologico.org\\\/?author=2\",\"name\":\"Ana Lucia Vergara\",\"image\":{\"@type\":\"ImageObject\",\"@id\":\"https:\\\/\\\/cauceecologico.org\\\/?p=4546#authorImage\",\"url\":\"https:\\\/\\\/secure.gravatar.com\\\/avatar\\\/e8720df08f5c466573fb9f3d6cec14bcac9a305e2049123e58e6bc9c03f3a77b?s=96&d=mm&r=g\",\"width\":96,\"height\":96,\"caption\":\"Ana Lucia Vergara\"}},{\"@type\":\"WebPage\",\"@id\":\"https:\\\/\\\/cauceecologico.org\\\/?p=4546#webpage\",\"url\":\"https:\\\/\\\/cauceecologico.org\\\/?p=4546\",\"name\":\"Solicitamos informaci\\u00f3n a la Secretar\\u00eda de Miner\\u00eda - CAUCE\",\"description\":\"En el marco del proceso de seguimiento y monitoreo sobre la extracci\\u00f3n y comercializaci\\u00f3n de arenas sil\\u00edceas en Entre R\\u00edos, Fundaci\\u00f3n CAUCE present\\u00f3 una solicitud de acceso a la informaci\\u00f3n p\\u00fablica ambiental ante el secretario de miner\\u00eda de la provincia Dr. Jos\\u00e9 Mar\\u00eda Leiva Chavez. En la SAIPA, presentada el 31 de octubre, se pidi\\u00f3 conocer:\",\"inLanguage\":\"es-ES\",\"isPartOf\":{\"@id\":\"https:\\\/\\\/cauceecologico.org\\\/#website\"},\"breadcrumb\":{\"@id\":\"https:\\\/\\\/cauceecologico.org\\\/?p=4546#breadcrumblist\"},\"author\":{\"@id\":\"https:\\\/\\\/cauceecologico.org\\\/?author=2#author\"},\"creator\":{\"@id\":\"https:\\\/\\\/cauceecologico.org\\\/?author=2#author\"},\"image\":{\"@type\":\"ImageObject\",\"url\":\"https:\\\/\\\/cauceecologico.org\\\/wp-content\\\/uploads\\\/2023\\\/11\\\/Screen-Shot-2020-07-02-at-19.13.00.png\",\"@id\":\"https:\\\/\\\/cauceecologico.org\\\/?p=4546\\\/#mainImage\",\"width\":1123,\"height\":628},\"primaryImageOfPage\":{\"@id\":\"https:\\\/\\\/cauceecologico.org\\\/?p=4546#mainImage\"},\"datePublished\":\"2023-11-02T13:46:51+00:00\",\"dateModified\":\"2023-11-08T21:25:36+00:00\"},{\"@type\":\"WebSite\",\"@id\":\"https:\\\/\\\/cauceecologico.org\\\/#website\",\"url\":\"https:\\\/\\\/cauceecologico.org\\\/\",\"name\":\"CAUCE\",\"description\":\"Cultura Ambiental - Causa Ecologista\",\"inLanguage\":\"es-ES\",\"publisher\":{\"@id\":\"https:\\\/\\\/cauceecologico.org\\\/#organization\"}}]}\n\t\t<\/script>\n\t\t<!-- All in One SEO -->\n\n","aioseo_head_json":{"title":"Solicitamos informaci\u00f3n a la Secretar\u00eda de Miner\u00eda - CAUCE","description":"En el marco del proceso de seguimiento y monitoreo sobre la extracci\u00f3n y comercializaci\u00f3n de arenas sil\u00edceas en Entre R\u00edos, Fundaci\u00f3n CAUCE present\u00f3 una solicitud de acceso a la informaci\u00f3n p\u00fablica ambiental ante el secretario de miner\u00eda de la provincia Dr. Jos\u00e9 Mar\u00eda Leiva Chavez. En la SAIPA, presentada el 31 de octubre, se pidi\u00f3 conocer:","canonical_url":"https:\/\/cauceecologico.org\/?p=4546","robots":"max-image-preview:large","keywords":"","webmasterTools":{"miscellaneous":""},"schema":{"@context":"https:\/\/schema.org","@graph":[{"@type":"BlogPosting","@id":"https:\/\/cauceecologico.org\/?p=4546#blogposting","name":"Solicitamos informaci\u00f3n a la Secretar\u00eda de Miner\u00eda - CAUCE","headline":"Solicitamos informaci\u00f3n a la Secretar\u00eda de Miner\u00eda","author":{"@id":"https:\/\/cauceecologico.org\/?author=2#author"},"publisher":{"@id":"https:\/\/cauceecologico.org\/#organization"},"image":{"@type":"ImageObject","url":"https:\/\/cauceecologico.org\/wp-content\/uploads\/2023\/11\/Screen-Shot-2020-07-02-at-19.13.00.png","width":1123,"height":628},"datePublished":"2023-11-02T13:46:51+00:00","dateModified":"2023-11-08T21:25:36+00:00","inLanguage":"es-ES","mainEntityOfPage":{"@id":"https:\/\/cauceecologico.org\/?p=4546#webpage"},"isPartOf":{"@id":"https:\/\/cauceecologico.org\/?p=4546#webpage"},"articleSection":"Delta, informaci\u00f3n p\u00fablica, Noticias"},{"@type":"BreadcrumbList","@id":"https:\/\/cauceecologico.org\/?p=4546#breadcrumblist","itemListElement":[{"@type":"ListItem","@id":"https:\/\/cauceecologico.org#listItem","position":1,"name":"Home","item":"https:\/\/cauceecologico.org","nextItem":{"@type":"ListItem","@id":"https:\/\/cauceecologico.org\/?cat=5#listItem","name":"Noticias"}},{"@type":"ListItem","@id":"https:\/\/cauceecologico.org\/?cat=5#listItem","position":2,"name":"Noticias","item":"https:\/\/cauceecologico.org\/?cat=5","nextItem":{"@type":"ListItem","@id":"https:\/\/cauceecologico.org\/?p=4546#listItem","name":"Solicitamos informaci\u00f3n a la Secretar\u00eda de Miner\u00eda"},"previousItem":{"@type":"ListItem","@id":"https:\/\/cauceecologico.org#listItem","name":"Home"}},{"@type":"ListItem","@id":"https:\/\/cauceecologico.org\/?p=4546#listItem","position":3,"name":"Solicitamos informaci\u00f3n a la Secretar\u00eda de Miner\u00eda","previousItem":{"@type":"ListItem","@id":"https:\/\/cauceecologico.org\/?cat=5#listItem","name":"Noticias"}}]},{"@type":"Organization","@id":"https:\/\/cauceecologico.org\/#organization","name":"CAUCE","description":"Cultura Ambiental - Causa Ecologista","url":"https:\/\/cauceecologico.org\/"},{"@type":"Person","@id":"https:\/\/cauceecologico.org\/?author=2#author","url":"https:\/\/cauceecologico.org\/?author=2","name":"Ana Lucia Vergara","image":{"@type":"ImageObject","@id":"https:\/\/cauceecologico.org\/?p=4546#authorImage","url":"https:\/\/secure.gravatar.com\/avatar\/e8720df08f5c466573fb9f3d6cec14bcac9a305e2049123e58e6bc9c03f3a77b?s=96&d=mm&r=g","width":96,"height":96,"caption":"Ana Lucia Vergara"}},{"@type":"WebPage","@id":"https:\/\/cauceecologico.org\/?p=4546#webpage","url":"https:\/\/cauceecologico.org\/?p=4546","name":"Solicitamos informaci\u00f3n a la Secretar\u00eda de Miner\u00eda - CAUCE","description":"En el marco del proceso de seguimiento y monitoreo sobre la extracci\u00f3n y comercializaci\u00f3n de arenas sil\u00edceas en Entre R\u00edos, Fundaci\u00f3n CAUCE present\u00f3 una solicitud de acceso a la informaci\u00f3n p\u00fablica ambiental ante el secretario de miner\u00eda de la provincia Dr. Jos\u00e9 Mar\u00eda Leiva Chavez. En la SAIPA, presentada el 31 de octubre, se pidi\u00f3 conocer:","inLanguage":"es-ES","isPartOf":{"@id":"https:\/\/cauceecologico.org\/#website"},"breadcrumb":{"@id":"https:\/\/cauceecologico.org\/?p=4546#breadcrumblist"},"author":{"@id":"https:\/\/cauceecologico.org\/?author=2#author"},"creator":{"@id":"https:\/\/cauceecologico.org\/?author=2#author"},"image":{"@type":"ImageObject","url":"https:\/\/cauceecologico.org\/wp-content\/uploads\/2023\/11\/Screen-Shot-2020-07-02-at-19.13.00.png","@id":"https:\/\/cauceecologico.org\/?p=4546\/#mainImage","width":1123,"height":628},"primaryImageOfPage":{"@id":"https:\/\/cauceecologico.org\/?p=4546#mainImage"},"datePublished":"2023-11-02T13:46:51+00:00","dateModified":"2023-11-08T21:25:36+00:00"},{"@type":"WebSite","@id":"https:\/\/cauceecologico.org\/#website","url":"https:\/\/cauceecologico.org\/","name":"CAUCE","description":"Cultura Ambiental - Causa Ecologista","inLanguage":"es-ES","publisher":{"@id":"https:\/\/cauceecologico.org\/#organization"}}]},"og:locale":"es_ES","og:site_name":"CAUCE - Cultura Ambiental - Causa Ecologista","og:type":"article","og:title":"Solicitamos informaci\u00f3n a la Secretar\u00eda de Miner\u00eda - CAUCE","og:description":"En el marco del proceso de seguimiento y monitoreo sobre la extracci\u00f3n y comercializaci\u00f3n de arenas sil\u00edceas en Entre R\u00edos, Fundaci\u00f3n CAUCE present\u00f3 una solicitud de acceso a la informaci\u00f3n p\u00fablica ambiental ante el secretario de miner\u00eda de la provincia Dr. Jos\u00e9 Mar\u00eda Leiva Chavez. En la SAIPA, presentada el 31 de octubre, se pidi\u00f3 conocer:","og:url":"https:\/\/cauceecologico.org\/?p=4546","article:published_time":"2023-11-02T13:46:51+00:00","article:modified_time":"2023-11-08T21:25:36+00:00","twitter:card":"summary_large_image","twitter:title":"Solicitamos informaci\u00f3n a la Secretar\u00eda de Miner\u00eda - CAUCE","twitter:description":"En el marco del proceso de seguimiento y monitoreo sobre la extracci\u00f3n y comercializaci\u00f3n de arenas sil\u00edceas en Entre R\u00edos, Fundaci\u00f3n CAUCE present\u00f3 una solicitud de acceso a la informaci\u00f3n p\u00fablica ambiental ante el secretario de miner\u00eda de la provincia Dr. Jos\u00e9 Mar\u00eda Leiva Chavez. En la SAIPA, presentada el 31 de octubre, se pidi\u00f3 conocer:"},"aioseo_meta_data":{"post_id":"4546","title":null,"description":null,"keywords":[],"keyphrases":{"focus":{"keyphrase":"","score":0,"analysis":{"keyphraseInTitle":{"score":0,"maxScore":9,"error":1}}},"additional":[]},"primary_term":null,"canonical_url":null,"og_title":null,"og_description":null,"og_object_type":"default","og_image_type":"default","og_image_url":null,"og_image_width":null,"og_image_height":null,"og_image_custom_url":null,"og_image_custom_fields":null,"og_video":"","og_custom_url":null,"og_article_section":null,"og_article_tags":[],"twitter_use_og":false,"twitter_card":"default","twitter_image_type":"default","twitter_image_url":null,"twitter_image_custom_url":null,"twitter_image_custom_fields":null,"twitter_title":null,"twitter_description":null,"schema":{"blockGraphs":[],"customGraphs":[],"default":{"data":{"Article":[],"Course":[],"Dataset":[],"FAQPage":[],"Movie":[],"Person":[],"Product":[],"ProductReview":[],"Car":[],"Recipe":[],"Service":[],"SoftwareApplication":[],"WebPage":[]},"graphName":"","isEnabled":true},"graphs":[]},"schema_type":"default","schema_type_options":null,"pillar_content":false,"robots_default":true,"robots_noindex":false,"robots_noarchive":false,"robots_nosnippet":false,"robots_nofollow":false,"robots_noimageindex":false,"robots_noodp":false,"robots_notranslate":false,"robots_max_snippet":"-1","robots_max_videopreview":"-1","robots_max_imagepreview":"large","priority":0,"frequency":"default","local_seo":null,"limit_modified_date":false,"created":"2023-11-02 13:46:51","updated":"2026-07-28 02:04:10","ai":null,"breadcrumb_settings":null,"seo_analyzer_scan_date":null},"aioseo_breadcrumb":"<div class=\"aioseo-breadcrumbs\"><span class=\"aioseo-breadcrumb\">\n\t\t\t<a href=\"https:\/\/cauceecologico.org\" title=\"Home\">Home<\/a>\n\t\t<\/span><span class=\"aioseo-breadcrumb-separator\">&raquo;<\/span><span class=\"aioseo-breadcrumb\">\n\t\t\t<a href=\"https:\/\/cauceecologico.org\/?cat=5\" title=\"Noticias\">Noticias<\/a>\n\t\t<\/span><span class=\"aioseo-breadcrumb-separator\">&raquo;<\/span><span class=\"aioseo-breadcrumb\">\n\t\t\tSolicitamos informaci\u00f3n a la Secretar\u00eda de Miner\u00eda\n\t\t<\/span><\/div>","aioseo_breadcrumb_json":[{"label":"Home","link":"https:\/\/cauceecologico.org"},{"label":"Noticias","link":"https:\/\/cauceecologico.org\/?cat=5"},{"label":"Solicitamos informaci\u00f3n a la Secretar\u00eda de Miner\u00eda","link":"https:\/\/cauceecologico.org\/?p=4546"}],"_links":{"self":[{"href":"https:\/\/cauceecologico.org\/index.php?rest_route=\/wp\/v2\/posts\/4546","targetHints":{"allow":["GET"]}}],"collection":[{"href":"https:\/\/cauceecologico.org\/index.php?rest_route=\/wp\/v2\/posts"}],"about":[{"href":"https:\/\/cauceecologico.org\/index.php?rest_route=\/wp\/v2\/types\/post"}],"author":[{"embeddable":true,"href":"https:\/\/cauceecologico.org\/index.php?rest_route=\/wp\/v2\/users\/2"}],"replies":[{"embeddable":true,"href":"https:\/\/cauceecologico.org\/index.php?rest_route=%2Fwp%2Fv2%2Fcomments&post=4546"}],"version-history":[{"count":3,"href":"https:\/\/cauceecologico.org\/index.php?rest_route=\/wp\/v2\/posts\/4546\/revisions"}],"predecessor-version":[{"id":4593,"href":"https:\/\/cauceecologico.org\/index.php?rest_route=\/wp\/v2\/posts\/4546\/revisions\/4593"}],"wp:featuredmedia":[{"embeddable":true,"href":"https:\/\/cauceecologico.org\/index.php?rest_route=\/wp\/v2\/media\/4591"}],"wp:attachment":[{"href":"https:\/\/cauceecologico.org\/index.php?rest_route=%2Fwp%2Fv2%2Fmedia&parent=4546"}],"wp:term":[{"taxonomy":"category","embeddable":true,"href":"https:\/\/cauceecologico.org\/index.php?rest_route=%2Fwp%2Fv2%2Fcategories&post=4546"},{"taxonomy":"post_tag","embeddable":true,"href":"https:\/\/cauceecologico.org\/index.php?rest_route=%2Fwp%2Fv2%2Ftags&post=4546"}],"curies":[{"name":"wp","href":"https:\/\/api.w.org\/{rel}","templated":true}]}}