{"id":4614,"date":"2023-12-04T12:35:37","date_gmt":"2023-12-04T12:35:37","guid":{"rendered":"https:\/\/cauceecologico.org\/?p=4614"},"modified":"2026-08-12T23:30:56","modified_gmt":"2026-08-12T23:30:56","slug":"nueva-publicacion-sobre-el-costo-ambiental-de-la-alimentacion","status":"publish","type":"post","link":"https:\/\/cauceecologico.org\/?p=4614","title":{"rendered":"Nueva publicaci\u00f3n sobre el costo ambiental de la alimentaci\u00f3n"},"content":{"rendered":"<p>Desde Fundaci\u00f3n CAUCE trabajamos en la promoci\u00f3n y fomento de la agroecolog\u00eda como <span style=\"font-weight: 400;\">un sistema de producci\u00f3n sustentable fundamental para garantizar el derecho <\/span>a la alimentaci\u00f3n y la nutrici\u00f3n. Nuestra labor incluye la difusi\u00f3n y elaboraci\u00f3n de contenidos desde una perspectiva de sostenibilidad ambiental, en defensa de<span style=\"font-weight: 400;\">\u00a0la soberan\u00eda alimentaria de los pueblos, su derecho a definir sus propias pol\u00edticas y estrategias de producci\u00f3n, distribuci\u00f3n y consumo de alimentos. <\/span><\/p>\n<p>Tras la publicaci\u00f3n de los documentos <strong><span style=\"color: #3366ff;\"><a style=\"color: #3366ff;\" href=\"https:\/\/cauceecologico.org\/wp-content\/uploads\/2022\/07\/Alimentacion-sana-segura-y-soberana-final.pdf\">Alimentaci\u00f3n sana, segura y soberana <\/a><\/span><\/strong>y la\u00a0<strong><span style=\"color: #3366ff;\"><a style=\"color: #3366ff;\" href=\"https:\/\/drive.google.com\/file\/d\/17Jsf9NBjFnuxedUNNSfot89E605_FP9O\/view?usp=sharing\">Gu\u00eda de estrategias para una alimentaci\u00f3n sostenible<\/a><\/span><\/strong>, llega la publicaci\u00f3n digital <strong><span style=\"color: #3366ff;\"><a style=\"color: #3366ff;\" href=\"https:\/\/drive.google.com\/file\/d\/1Wdfu7OUHVVFh9qhEQfpZTMBql9wqWTsP\/view?usp=sharing\">El costo ambiental de la alimentaci\u00f3n<\/a><\/span><\/strong> donde la Lic. en Nutrici\u00f3n Glenda Mangia analiza la situaci\u00f3n actual de la Tierra en materia de sostenibilidad<br \/>\ny la respectiva responsabilidad del sistema alimentario.<\/p>\n<p>En este material vas a encontrar los diferentes impactos de las dietas en la salud y en el ambiente, en funci\u00f3n de su contenido de alimentos y nutrientes; un an\u00e1lisis del costo ambiental, sanitario y econ\u00f3mico de los diferentes patrones alimentarios en Argentina y un <span style=\"color: #3366ff;\"><a style=\"color: #3366ff;\" href=\"https:\/\/docs.google.com\/forms\/d\/e\/1FAIpQLScGJxYwc-PzimFSyi32J8qZZSa4YDOsELXzwyx0ttdNs8MLVA\/viewform\">formulario<\/a><\/span> para que puedas conocer la huella ambiental de su alimentaci\u00f3n.<\/p>\n<p><span class=\"fe5nidar khvhiq1o r5qsrrlp i5tg98hk f9ovudaz przvwfww gx1rr48f gfz4du6o r7fjleex nz2484kf svot0ezm dcnh1tix sxl192xd t3g6t33p\"><span class=\"mpj7bzys xzlurrtv\">&#x27a1;&#xfe0f;<\/span><\/span>Ver material <strong><span style=\"color: #3366ff;\"><a style=\"color: #3366ff;\" href=\"https:\/\/drive.google.com\/file\/d\/1Wdfu7OUHVVFh9qhEQfpZTMBql9wqWTsP\/view?usp=sharing\">ac\u00e1<\/a><\/span><\/strong>.<\/p>\n<p><span class=\"fe5nidar khvhiq1o r5qsrrlp i5tg98hk f9ovudaz przvwfww gx1rr48f gfz4du6o r7fjleex nz2484kf svot0ezm dcnh1tix sxl192xd t3g6t33p\"><span class=\"mpj7bzys xzlurrtv\">&#x27a1;&#xfe0f;<\/span><\/span>Disponible en ingl\u00e9s en este <strong><span style=\"color: #3366ff;\"><a style=\"color: #3366ff;\" href=\"https:\/\/drive.google.com\/file\/d\/1Wdfu7OUHVVFh9qhEQfpZTMBql9wqWTsP\/view?usp=sharing\">enlace<\/a><\/span><\/strong>.<\/p>\n<p>&nbsp;<\/p>\n<p style=\"text-align: right;\">04\/12\/23<\/p>\n","protected":false},"excerpt":{"rendered":"<p>Desde Fundaci\u00f3n CAUCE trabajamos en la promoci\u00f3n y fomento de la agroecolog\u00eda como un sistema de producci\u00f3n sustentable fundamental para garantizar el derecho a la alimentaci\u00f3n y la nutrici\u00f3n. Nuestra labor incluye la difusi\u00f3n y elaboraci\u00f3n de contenidos desde una perspectiva de sostenibilidad ambiental, en defensa de\u00a0la soberan\u00eda alimentaria de los pueblos, su derecho a [&hellip;]<\/p>\n","protected":false},"author":2,"featured_media":5888,"comment_status":"open","ping_status":"open","sticky":false,"template":"","format":"standard","meta":{"om_disable_all_campaigns":false,"_monsterinsights_skip_tracking":false,"amp_status":"","footnotes":""},"categories":[274,3,5],"tags":[],"class_list":["post-4614","post","type-post","status-publish","format-standard","has-post-thumbnail","hentry","category-agroecologia","category-documentos","category-noticias"],"aioseo_notices":[],"aioseo_head":"\n\t\t<!-- All in One SEO 4.9.10 - aioseo.com -->\n\t<meta name=\"description\" content=\"Desde Fundaci\u00f3n CAUCE trabajamos en la promoci\u00f3n y fomento de la agroecolog\u00eda como un sistema de producci\u00f3n sustentable fundamental para garantizar el derecho a la alimentaci\u00f3n y la nutrici\u00f3n. Nuestra labor incluye la difusi\u00f3n y elaboraci\u00f3n de contenidos desde una perspectiva de sostenibilidad ambiental, en defensa de la soberan\u00eda alimentaria de los pueblos, su derecho a\" \/>\n\t<meta name=\"robots\" content=\"max-image-preview:large\" \/>\n\t<meta name=\"author\" content=\"Ana Lucia Vergara\"\/>\n\t<link rel=\"canonical\" href=\"https:\/\/cauceecologico.org\/?p=4614\" \/>\n\t<meta name=\"generator\" content=\"All in One SEO (AIOSEO) 4.9.10\" \/>\n\t\t<meta property=\"og:locale\" content=\"es_ES\" \/>\n\t\t<meta property=\"og:site_name\" content=\"CAUCE - Cultura Ambiental - Causa Ecologista\" \/>\n\t\t<meta property=\"og:type\" content=\"article\" \/>\n\t\t<meta property=\"og:title\" content=\"Nueva publicaci\u00f3n sobre el costo ambiental de la alimentaci\u00f3n - CAUCE\" \/>\n\t\t<meta property=\"og:description\" content=\"Desde Fundaci\u00f3n CAUCE trabajamos en la promoci\u00f3n y fomento de la agroecolog\u00eda como un sistema de producci\u00f3n sustentable fundamental para garantizar el derecho a la alimentaci\u00f3n y la nutrici\u00f3n. Nuestra labor incluye la difusi\u00f3n y elaboraci\u00f3n de contenidos desde una perspectiva de sostenibilidad ambiental, en defensa de la soberan\u00eda alimentaria de los pueblos, su derecho a\" \/>\n\t\t<meta property=\"og:url\" content=\"https:\/\/cauceecologico.org\/?p=4614\" \/>\n\t\t<meta property=\"article:published_time\" content=\"2023-12-04T12:35:37+00:00\" \/>\n\t\t<meta property=\"article:modified_time\" content=\"2026-08-12T23:30:56+00:00\" \/>\n\t\t<meta name=\"twitter:card\" content=\"summary_large_image\" \/>\n\t\t<meta name=\"twitter:title\" content=\"Nueva publicaci\u00f3n sobre el costo ambiental de la alimentaci\u00f3n - CAUCE\" \/>\n\t\t<meta name=\"twitter:description\" content=\"Desde Fundaci\u00f3n CAUCE trabajamos en la promoci\u00f3n y fomento de la agroecolog\u00eda como un sistema de producci\u00f3n sustentable fundamental para garantizar el derecho a la alimentaci\u00f3n y la nutrici\u00f3n. Nuestra labor incluye la difusi\u00f3n y elaboraci\u00f3n de contenidos desde una perspectiva de sostenibilidad ambiental, en defensa de la soberan\u00eda alimentaria de los pueblos, su derecho a\" \/>\n\t\t<script type=\"application\/ld+json\" class=\"aioseo-schema\">\n\t\t\t{\"@context\":\"https:\\\/\\\/schema.org\",\"@graph\":[{\"@type\":\"BlogPosting\",\"@id\":\"https:\\\/\\\/cauceecologico.org\\\/?p=4614#blogposting\",\"name\":\"Nueva publicaci\\u00f3n sobre el costo ambiental de la alimentaci\\u00f3n - CAUCE\",\"headline\":\"Nueva publicaci\\u00f3n sobre el costo ambiental de la alimentaci\\u00f3n\",\"author\":{\"@id\":\"https:\\\/\\\/cauceecologico.org\\\/?author=2#author\"},\"publisher\":{\"@id\":\"https:\\\/\\\/cauceecologico.org\\\/#organization\"},\"image\":{\"@type\":\"ImageObject\",\"url\":\"https:\\\/\\\/cauceecologico.org\\\/wp-content\\\/uploads\\\/2023\\\/12\\\/semrbado.jpg\",\"width\":1280,\"height\":720},\"datePublished\":\"2023-12-04T12:35:37+00:00\",\"dateModified\":\"2026-08-12T23:30:56+00:00\",\"inLanguage\":\"es-ES\",\"mainEntityOfPage\":{\"@id\":\"https:\\\/\\\/cauceecologico.org\\\/?p=4614#webpage\"},\"isPartOf\":{\"@id\":\"https:\\\/\\\/cauceecologico.org\\\/?p=4614#webpage\"},\"articleSection\":\"Agroecolog\\u00eda, Documentos, Noticias\"},{\"@type\":\"BreadcrumbList\",\"@id\":\"https:\\\/\\\/cauceecologico.org\\\/?p=4614#breadcrumblist\",\"itemListElement\":[{\"@type\":\"ListItem\",\"@id\":\"https:\\\/\\\/cauceecologico.org#listItem\",\"position\":1,\"name\":\"Home\",\"item\":\"https:\\\/\\\/cauceecologico.org\",\"nextItem\":{\"@type\":\"ListItem\",\"@id\":\"https:\\\/\\\/cauceecologico.org\\\/?cat=3#listItem\",\"name\":\"Documentos\"}},{\"@type\":\"ListItem\",\"@id\":\"https:\\\/\\\/cauceecologico.org\\\/?cat=3#listItem\",\"position\":2,\"name\":\"Documentos\",\"item\":\"https:\\\/\\\/cauceecologico.org\\\/?cat=3\",\"nextItem\":{\"@type\":\"ListItem\",\"@id\":\"https:\\\/\\\/cauceecologico.org\\\/?p=4614#listItem\",\"name\":\"Nueva publicaci\\u00f3n sobre el costo ambiental de la alimentaci\\u00f3n\"},\"previousItem\":{\"@type\":\"ListItem\",\"@id\":\"https:\\\/\\\/cauceecologico.org#listItem\",\"name\":\"Home\"}},{\"@type\":\"ListItem\",\"@id\":\"https:\\\/\\\/cauceecologico.org\\\/?p=4614#listItem\",\"position\":3,\"name\":\"Nueva publicaci\\u00f3n sobre el costo ambiental de la alimentaci\\u00f3n\",\"previousItem\":{\"@type\":\"ListItem\",\"@id\":\"https:\\\/\\\/cauceecologico.org\\\/?cat=3#listItem\",\"name\":\"Documentos\"}}]},{\"@type\":\"Organization\",\"@id\":\"https:\\\/\\\/cauceecologico.org\\\/#organization\",\"name\":\"CAUCE\",\"description\":\"Cultura Ambiental - Causa Ecologista\",\"url\":\"https:\\\/\\\/cauceecologico.org\\\/\"},{\"@type\":\"Person\",\"@id\":\"https:\\\/\\\/cauceecologico.org\\\/?author=2#author\",\"url\":\"https:\\\/\\\/cauceecologico.org\\\/?author=2\",\"name\":\"Ana Lucia Vergara\",\"image\":{\"@type\":\"ImageObject\",\"@id\":\"https:\\\/\\\/cauceecologico.org\\\/?p=4614#authorImage\",\"url\":\"https:\\\/\\\/secure.gravatar.com\\\/avatar\\\/e8720df08f5c466573fb9f3d6cec14bcac9a305e2049123e58e6bc9c03f3a77b?s=96&d=mm&r=g\",\"width\":96,\"height\":96,\"caption\":\"Ana Lucia Vergara\"}},{\"@type\":\"WebPage\",\"@id\":\"https:\\\/\\\/cauceecologico.org\\\/?p=4614#webpage\",\"url\":\"https:\\\/\\\/cauceecologico.org\\\/?p=4614\",\"name\":\"Nueva publicaci\\u00f3n sobre el costo ambiental de la alimentaci\\u00f3n - CAUCE\",\"description\":\"Desde Fundaci\\u00f3n CAUCE trabajamos en la promoci\\u00f3n y fomento de la agroecolog\\u00eda como un sistema de producci\\u00f3n sustentable fundamental para garantizar el derecho a la alimentaci\\u00f3n y la nutrici\\u00f3n. Nuestra labor incluye la difusi\\u00f3n y elaboraci\\u00f3n de contenidos desde una perspectiva de sostenibilidad ambiental, en defensa de la soberan\\u00eda alimentaria de los pueblos, su derecho a\",\"inLanguage\":\"es-ES\",\"isPartOf\":{\"@id\":\"https:\\\/\\\/cauceecologico.org\\\/#website\"},\"breadcrumb\":{\"@id\":\"https:\\\/\\\/cauceecologico.org\\\/?p=4614#breadcrumblist\"},\"author\":{\"@id\":\"https:\\\/\\\/cauceecologico.org\\\/?author=2#author\"},\"creator\":{\"@id\":\"https:\\\/\\\/cauceecologico.org\\\/?author=2#author\"},\"image\":{\"@type\":\"ImageObject\",\"url\":\"https:\\\/\\\/cauceecologico.org\\\/wp-content\\\/uploads\\\/2023\\\/12\\\/semrbado.jpg\",\"@id\":\"https:\\\/\\\/cauceecologico.org\\\/?p=4614\\\/#mainImage\",\"width\":1280,\"height\":720},\"primaryImageOfPage\":{\"@id\":\"https:\\\/\\\/cauceecologico.org\\\/?p=4614#mainImage\"},\"datePublished\":\"2023-12-04T12:35:37+00:00\",\"dateModified\":\"2026-08-12T23:30:56+00:00\"},{\"@type\":\"WebSite\",\"@id\":\"https:\\\/\\\/cauceecologico.org\\\/#website\",\"url\":\"https:\\\/\\\/cauceecologico.org\\\/\",\"name\":\"CAUCE\",\"description\":\"Cultura Ambiental - Causa Ecologista\",\"inLanguage\":\"es-ES\",\"publisher\":{\"@id\":\"https:\\\/\\\/cauceecologico.org\\\/#organization\"}}]}\n\t\t<\/script>\n\t\t<!-- All in One SEO -->\n\n","aioseo_head_json":{"title":"Nueva publicaci\u00f3n sobre el costo ambiental de la alimentaci\u00f3n - CAUCE","description":"Desde Fundaci\u00f3n CAUCE trabajamos en la promoci\u00f3n y fomento de la agroecolog\u00eda como un sistema de producci\u00f3n sustentable fundamental para garantizar el derecho a la alimentaci\u00f3n y la nutrici\u00f3n. Nuestra labor incluye la difusi\u00f3n y elaboraci\u00f3n de contenidos desde una perspectiva de sostenibilidad ambiental, en defensa de la soberan\u00eda alimentaria de los pueblos, su derecho a","canonical_url":"https:\/\/cauceecologico.org\/?p=4614","robots":"max-image-preview:large","keywords":"","webmasterTools":{"miscellaneous":""},"schema":{"@context":"https:\/\/schema.org","@graph":[{"@type":"BlogPosting","@id":"https:\/\/cauceecologico.org\/?p=4614#blogposting","name":"Nueva publicaci\u00f3n sobre el costo ambiental de la alimentaci\u00f3n - CAUCE","headline":"Nueva publicaci\u00f3n sobre el costo ambiental de la alimentaci\u00f3n","author":{"@id":"https:\/\/cauceecologico.org\/?author=2#author"},"publisher":{"@id":"https:\/\/cauceecologico.org\/#organization"},"image":{"@type":"ImageObject","url":"https:\/\/cauceecologico.org\/wp-content\/uploads\/2023\/12\/semrbado.jpg","width":1280,"height":720},"datePublished":"2023-12-04T12:35:37+00:00","dateModified":"2026-08-12T23:30:56+00:00","inLanguage":"es-ES","mainEntityOfPage":{"@id":"https:\/\/cauceecologico.org\/?p=4614#webpage"},"isPartOf":{"@id":"https:\/\/cauceecologico.org\/?p=4614#webpage"},"articleSection":"Agroecolog\u00eda, Documentos, Noticias"},{"@type":"BreadcrumbList","@id":"https:\/\/cauceecologico.org\/?p=4614#breadcrumblist","itemListElement":[{"@type":"ListItem","@id":"https:\/\/cauceecologico.org#listItem","position":1,"name":"Home","item":"https:\/\/cauceecologico.org","nextItem":{"@type":"ListItem","@id":"https:\/\/cauceecologico.org\/?cat=3#listItem","name":"Documentos"}},{"@type":"ListItem","@id":"https:\/\/cauceecologico.org\/?cat=3#listItem","position":2,"name":"Documentos","item":"https:\/\/cauceecologico.org\/?cat=3","nextItem":{"@type":"ListItem","@id":"https:\/\/cauceecologico.org\/?p=4614#listItem","name":"Nueva publicaci\u00f3n sobre el costo ambiental de la alimentaci\u00f3n"},"previousItem":{"@type":"ListItem","@id":"https:\/\/cauceecologico.org#listItem","name":"Home"}},{"@type":"ListItem","@id":"https:\/\/cauceecologico.org\/?p=4614#listItem","position":3,"name":"Nueva publicaci\u00f3n sobre el costo ambiental de la alimentaci\u00f3n","previousItem":{"@type":"ListItem","@id":"https:\/\/cauceecologico.org\/?cat=3#listItem","name":"Documentos"}}]},{"@type":"Organization","@id":"https:\/\/cauceecologico.org\/#organization","name":"CAUCE","description":"Cultura Ambiental - Causa Ecologista","url":"https:\/\/cauceecologico.org\/"},{"@type":"Person","@id":"https:\/\/cauceecologico.org\/?author=2#author","url":"https:\/\/cauceecologico.org\/?author=2","name":"Ana Lucia Vergara","image":{"@type":"ImageObject","@id":"https:\/\/cauceecologico.org\/?p=4614#authorImage","url":"https:\/\/secure.gravatar.com\/avatar\/e8720df08f5c466573fb9f3d6cec14bcac9a305e2049123e58e6bc9c03f3a77b?s=96&d=mm&r=g","width":96,"height":96,"caption":"Ana Lucia Vergara"}},{"@type":"WebPage","@id":"https:\/\/cauceecologico.org\/?p=4614#webpage","url":"https:\/\/cauceecologico.org\/?p=4614","name":"Nueva publicaci\u00f3n sobre el costo ambiental de la alimentaci\u00f3n - CAUCE","description":"Desde Fundaci\u00f3n CAUCE trabajamos en la promoci\u00f3n y fomento de la agroecolog\u00eda como un sistema de producci\u00f3n sustentable fundamental para garantizar el derecho a la alimentaci\u00f3n y la nutrici\u00f3n. Nuestra labor incluye la difusi\u00f3n y elaboraci\u00f3n de contenidos desde una perspectiva de sostenibilidad ambiental, en defensa de la soberan\u00eda alimentaria de los pueblos, su derecho a","inLanguage":"es-ES","isPartOf":{"@id":"https:\/\/cauceecologico.org\/#website"},"breadcrumb":{"@id":"https:\/\/cauceecologico.org\/?p=4614#breadcrumblist"},"author":{"@id":"https:\/\/cauceecologico.org\/?author=2#author"},"creator":{"@id":"https:\/\/cauceecologico.org\/?author=2#author"},"image":{"@type":"ImageObject","url":"https:\/\/cauceecologico.org\/wp-content\/uploads\/2023\/12\/semrbado.jpg","@id":"https:\/\/cauceecologico.org\/?p=4614\/#mainImage","width":1280,"height":720},"primaryImageOfPage":{"@id":"https:\/\/cauceecologico.org\/?p=4614#mainImage"},"datePublished":"2023-12-04T12:35:37+00:00","dateModified":"2026-08-12T23:30:56+00:00"},{"@type":"WebSite","@id":"https:\/\/cauceecologico.org\/#website","url":"https:\/\/cauceecologico.org\/","name":"CAUCE","description":"Cultura Ambiental - Causa Ecologista","inLanguage":"es-ES","publisher":{"@id":"https:\/\/cauceecologico.org\/#organization"}}]},"og:locale":"es_ES","og:site_name":"CAUCE - Cultura Ambiental - Causa Ecologista","og:type":"article","og:title":"Nueva publicaci\u00f3n sobre el costo ambiental de la alimentaci\u00f3n - CAUCE","og:description":"Desde Fundaci\u00f3n CAUCE trabajamos en la promoci\u00f3n y fomento de la agroecolog\u00eda como un sistema de producci\u00f3n sustentable fundamental para garantizar el derecho a la alimentaci\u00f3n y la nutrici\u00f3n. Nuestra labor incluye la difusi\u00f3n y elaboraci\u00f3n de contenidos desde una perspectiva de sostenibilidad ambiental, en defensa de la soberan\u00eda alimentaria de los pueblos, su derecho a","og:url":"https:\/\/cauceecologico.org\/?p=4614","article:published_time":"2023-12-04T12:35:37+00:00","article:modified_time":"2026-08-12T23:30:56+00:00","twitter:card":"summary_large_image","twitter:title":"Nueva publicaci\u00f3n sobre el costo ambiental de la alimentaci\u00f3n - CAUCE","twitter:description":"Desde Fundaci\u00f3n CAUCE trabajamos en la promoci\u00f3n y fomento de la agroecolog\u00eda como un sistema de producci\u00f3n sustentable fundamental para garantizar el derecho a la alimentaci\u00f3n y la nutrici\u00f3n. Nuestra labor incluye la difusi\u00f3n y elaboraci\u00f3n de contenidos desde una perspectiva de sostenibilidad ambiental, en defensa de la soberan\u00eda alimentaria de los pueblos, su derecho a"},"aioseo_meta_data":{"post_id":"4614","title":null,"description":null,"keywords":null,"keyphrases":{"focus":{"keyphrase":"","score":0,"analysis":{"keyphraseInTitle":{"score":0,"maxScore":9,"error":1}}},"additional":[]},"primary_term":null,"canonical_url":null,"og_title":null,"og_description":null,"og_object_type":"default","og_image_type":"default","og_image_url":null,"og_image_width":null,"og_image_height":null,"og_image_custom_url":null,"og_image_custom_fields":null,"og_video":"","og_custom_url":null,"og_article_section":null,"og_article_tags":null,"twitter_use_og":false,"twitter_card":"default","twitter_image_type":"default","twitter_image_url":null,"twitter_image_custom_url":null,"twitter_image_custom_fields":null,"twitter_title":null,"twitter_description":null,"schema":{"blockGraphs":[],"customGraphs":[],"default":{"data":{"Article":[],"Course":[],"Dataset":[],"FAQPage":[],"Movie":[],"Person":[],"Product":[],"ProductReview":[],"Car":[],"Recipe":[],"Service":[],"SoftwareApplication":[],"WebPage":[]},"graphName":"BlogPosting","isEnabled":true},"graphs":[]},"schema_type":"default","schema_type_options":null,"pillar_content":false,"robots_default":true,"robots_noindex":false,"robots_noarchive":false,"robots_nosnippet":false,"robots_nofollow":false,"robots_noimageindex":false,"robots_noodp":false,"robots_notranslate":false,"robots_max_snippet":"-1","robots_max_videopreview":"-1","robots_max_imagepreview":"large","priority":0,"frequency":"default","local_seo":null,"limit_modified_date":false,"created":"2023-12-04 12:35:37","updated":"2026-08-13 03:06:55","ai":{"faqs":[],"keyPoints":[],"schemas":[],"titles":[],"descriptions":[],"socialPosts":{"email":{"subject":"","preview":"","content":""},"linkedin":[],"twitter":[],"facebook":[],"instagram":[]}},"breadcrumb_settings":null,"seo_analyzer_scan_date":null},"aioseo_breadcrumb":"<div class=\"aioseo-breadcrumbs\"><span class=\"aioseo-breadcrumb\">\n\t\t\t<a href=\"https:\/\/cauceecologico.org\" title=\"Home\">Home<\/a>\n\t\t<\/span><span class=\"aioseo-breadcrumb-separator\">&raquo;<\/span><span class=\"aioseo-breadcrumb\">\n\t\t\t<a href=\"https:\/\/cauceecologico.org\/?cat=3\" title=\"Documentos\">Documentos<\/a>\n\t\t<\/span><span class=\"aioseo-breadcrumb-separator\">&raquo;<\/span><span class=\"aioseo-breadcrumb\">\n\t\t\tNueva publicaci\u00f3n sobre el costo ambiental de la alimentaci\u00f3n\n\t\t<\/span><\/div>","aioseo_breadcrumb_json":[{"label":"Home","link":"https:\/\/cauceecologico.org"},{"label":"Documentos","link":"https:\/\/cauceecologico.org\/?cat=3"},{"label":"Nueva publicaci\u00f3n sobre el costo ambiental de la alimentaci\u00f3n","link":"https:\/\/cauceecologico.org\/?p=4614"}],"_links":{"self":[{"href":"https:\/\/cauceecologico.org\/index.php?rest_route=\/wp\/v2\/posts\/4614","targetHints":{"allow":["GET"]}}],"collection":[{"href":"https:\/\/cauceecologico.org\/index.php?rest_route=\/wp\/v2\/posts"}],"about":[{"href":"https:\/\/cauceecologico.org\/index.php?rest_route=\/wp\/v2\/types\/post"}],"author":[{"embeddable":true,"href":"https:\/\/cauceecologico.org\/index.php?rest_route=\/wp\/v2\/users\/2"}],"replies":[{"embeddable":true,"href":"https:\/\/cauceecologico.org\/index.php?rest_route=%2Fwp%2Fv2%2Fcomments&post=4614"}],"version-history":[{"count":6,"href":"https:\/\/cauceecologico.org\/index.php?rest_route=\/wp\/v2\/posts\/4614\/revisions"}],"predecessor-version":[{"id":5889,"href":"https:\/\/cauceecologico.org\/index.php?rest_route=\/wp\/v2\/posts\/4614\/revisions\/5889"}],"wp:featuredmedia":[{"embeddable":true,"href":"https:\/\/cauceecologico.org\/index.php?rest_route=\/wp\/v2\/media\/5888"}],"wp:attachment":[{"href":"https:\/\/cauceecologico.org\/index.php?rest_route=%2Fwp%2Fv2%2Fmedia&parent=4614"}],"wp:term":[{"taxonomy":"category","embeddable":true,"href":"https:\/\/cauceecologico.org\/index.php?rest_route=%2Fwp%2Fv2%2Fcategories&post=4614"},{"taxonomy":"post_tag","embeddable":true,"href":"https:\/\/cauceecologico.org\/index.php?rest_route=%2Fwp%2Fv2%2Ftags&post=4614"}],"curies":[{"name":"wp","href":"https:\/\/api.w.org\/{rel}","templated":true}]}}