{"id":4840,"date":"2024-04-17T23:02:49","date_gmt":"2024-04-17T23:02:49","guid":{"rendered":"https:\/\/cauceecologico.org\/?p=4840"},"modified":"2024-04-18T19:46:09","modified_gmt":"2024-04-18T19:46:09","slug":"taller-sobre-acceso-a-la-informacion-en-la-precop-de-escazu-en-chile","status":"publish","type":"post","link":"https:\/\/cauceecologico.org\/?p=4840","title":{"rendered":"Taller sobre acceso a la informaci\u00f3n en la PreCOP de Escaz\u00fa en Chile"},"content":{"rendered":"<p><strong>D\u00edas previos a la COP3, se realizar\u00e1 en Santiago de Chile un evento donde distintas organizaciones y referentes se encontrar\u00e1n a dialogar sobre la implementaci\u00f3n del Acuerdo de Escaz\u00fa. CAUCE participar\u00e1 de la reuni\u00f3n y coordinar\u00e1 un taller sobre acceso a la informaci\u00f3n junto a FARN.<\/strong><\/p>\n<p>Se realizar\u00e1 la primera PreCOP de Escaz\u00fa, un evento que se posiciona como la antesala crucial a la tercera reuni\u00f3n de la Conferencia de las Partes del Acuerdo de Escaz\u00fa (COP3). Ser\u00e1 el 19 y 20 de abril en el Centro Cultural de Espa\u00f1a, Santiago de Chile, mientras que la COP3 se desarrollar\u00e1 en la sede de CEPAL, en la misma ciudad, entre el 22 y 24 de abril.<\/p>\n<p><img loading=\"lazy\" decoding=\"async\" class=\"alignleft wp-image-4848 size-medium\" src=\"http:\/\/cauceecologico.org\/wp-content\/uploads\/2024\/04\/precop-cuadrado-300x300.png\" alt=\"\" width=\"300\" height=\"300\" srcset=\"https:\/\/cauceecologico.org\/wp-content\/uploads\/2024\/04\/precop-cuadrado-300x300.png 300w, https:\/\/cauceecologico.org\/wp-content\/uploads\/2024\/04\/precop-cuadrado-1024x1024.png 1024w, https:\/\/cauceecologico.org\/wp-content\/uploads\/2024\/04\/precop-cuadrado-150x150.png 150w, https:\/\/cauceecologico.org\/wp-content\/uploads\/2024\/04\/precop-cuadrado-768x768.png 768w, https:\/\/cauceecologico.org\/wp-content\/uploads\/2024\/04\/precop-cuadrado-80x80.png 80w, https:\/\/cauceecologico.org\/wp-content\/uploads\/2024\/04\/precop-cuadrado.png 1080w\" sizes=\"auto, (max-width: 300px) 100vw, 300px\" \/><\/p>\n<p>La Fundaci\u00f3n CAUCE: Cultura Ambiental &#8211; Causa Ecologista coordinar\u00e1, junto a FARN, coordinar\u00e1n el <strong>\u00abTaller de acceso a la informaci\u00f3n: de lo dicho en Escaz\u00fa a los hechos de nuestra realidad\u00bb<\/strong>, el viernes 19 de abril a las 16:00 en la Sala Taller del Centro Cultural Espa\u00f1a.<\/p>\n<p>&nbsp;<\/p>\n<p><strong>Sobre el PreCOP<\/strong><\/p>\n<p>Esta iniciativa busca reunir a l\u00edderes, expertos, autoridades, comunidades y organizaciones de la sociedad civil, comprometidas en la promoci\u00f3n de la acci\u00f3n ambiental y la participaci\u00f3n ciudadana, fomentando la colaboraci\u00f3n internacional y el fortalecimiento de alianzas.<\/p>\n<p>Con enfoques transversales como paridad, equidad, sostenibilidad y participaci\u00f3n ciudadana, el evento PreCOP tiene como objetivos:<br \/>\n\u25cf Facilitar el di\u00e1logo regional interdisciplinario e intercultural y la colaboraci\u00f3n para la implementaci\u00f3n del Acuerdo de Escaz\u00fa.<br \/>\n\u25cf Fomentar la participaci\u00f3n ciudadana, levantar necesidades de acceso a la informaci\u00f3n y profundizar en la discusi\u00f3n sobre la justicia ambiental.<br \/>\n\u25cf Compartir conocimientos y experiencias para fortalecer las capacidades entre defensores y defensoras ambientales tanto a nivel local como regional.<\/p>\n<p>&nbsp;<\/p>\n<p>Algunos de los temas de inter\u00e9s, son:<\/p>\n<p>\u25cf G\u00e9nero y Acuerdo de Escaz\u00fa<br \/>\n\u25cf Gobernanza del Acuerdo de Escaz\u00fa<br \/>\n\u25cf Acuerdo de Escaz\u00fa y Cambio Clim\u00e1tico<br \/>\n\u25cf Pueblos Ind\u00edgenas y grupos vulnerables en el marco del Acuerdo de Escaz\u00fa<br \/>\n\u25cf Fortalecimiento de Capacidades para la justicia clim\u00e1tica y la protecci\u00f3n del medio ambiente<br \/>\n\u25cf Acuerdo de Escaz\u00fa para la transici\u00f3n justa<br \/>\n\u25cf Pilares del Acuerdo de Escaz\u00fa<br \/>\n\u25cf Ejemplos de implementaci\u00f3n<br \/>\n\u25cf Personas defensoras del Medio Ambiente y herramientas para asegurar un entorno seguro<br \/>\n\u25cf Rol del P\u00fablico en el Acuerdo de Escaz\u00fa<\/p>\n<p>&nbsp;<\/p>\n<p><strong>Relacionadas:<\/strong><\/p>\n<p>&#x1f517; <span style=\"color: #3366ff;\"><strong><a style=\"color: #3366ff;\" href=\"https:\/\/cauceecologico.org\/?p=3302\">Charla sobre acceso a la informaci\u00f3n y Acuerdo de Escaz\u00fa<\/a><\/strong><\/span><\/p>\n","protected":false},"excerpt":{"rendered":"<p>D\u00edas previos a la COP3, se realizar\u00e1 en Santiago de Chile un evento donde distintas organizaciones y referentes se encontrar\u00e1n a dialogar sobre la implementaci\u00f3n del Acuerdo de Escaz\u00fa. CAUCE participar\u00e1 de la reuni\u00f3n y coordinar\u00e1 un taller sobre acceso a la informaci\u00f3n junto a FARN. Se realizar\u00e1 la primera PreCOP de Escaz\u00fa, un evento [&hellip;]<\/p>\n","protected":false},"author":5,"featured_media":4853,"comment_status":"open","ping_status":"open","sticky":false,"template":"","format":"standard","meta":{"om_disable_all_campaigns":false,"_monsterinsights_skip_tracking":false,"amp_status":"","footnotes":""},"categories":[111,5],"tags":[],"class_list":["post-4840","post","type-post","status-publish","format-standard","has-post-thumbnail","hentry","category-info-publica","category-noticias"],"aioseo_notices":[],"aioseo_head":"\n\t\t<!-- All in One SEO 4.9.10 - aioseo.com -->\n\t<meta name=\"description\" content=\"D\u00edas previos a la COP3, se realizar\u00e1 en Santiago de Chile un evento donde distintas organizaciones y referentes se encontrar\u00e1n a dialogar sobre la implementaci\u00f3n del Acuerdo de Escaz\u00fa. CAUCE participar\u00e1 de la reuni\u00f3n y coordinar\u00e1 un taller sobre acceso a la informaci\u00f3n junto a FARN. Se realizar\u00e1 la primera PreCOP de Escaz\u00fa, un evento\" \/>\n\t<meta name=\"robots\" content=\"max-image-preview:large\" \/>\n\t<meta name=\"author\" content=\"Rocio Fernadez Dobal\"\/>\n\t<link rel=\"canonical\" href=\"https:\/\/cauceecologico.org\/?p=4840\" \/>\n\t<meta name=\"generator\" content=\"All in One SEO (AIOSEO) 4.9.10\" \/>\n\t\t<meta property=\"og:locale\" content=\"es_ES\" \/>\n\t\t<meta property=\"og:site_name\" content=\"CAUCE - Cultura Ambiental - Causa Ecologista\" \/>\n\t\t<meta property=\"og:type\" content=\"article\" \/>\n\t\t<meta property=\"og:title\" content=\"Taller sobre acceso a la informaci\u00f3n en la PreCOP de Escaz\u00fa en Chile - CAUCE\" \/>\n\t\t<meta property=\"og:description\" content=\"D\u00edas previos a la COP3, se realizar\u00e1 en Santiago de Chile un evento donde distintas organizaciones y referentes se encontrar\u00e1n a dialogar sobre la implementaci\u00f3n del Acuerdo de Escaz\u00fa. CAUCE participar\u00e1 de la reuni\u00f3n y coordinar\u00e1 un taller sobre acceso a la informaci\u00f3n junto a FARN. Se realizar\u00e1 la primera PreCOP de Escaz\u00fa, un evento\" \/>\n\t\t<meta property=\"og:url\" content=\"https:\/\/cauceecologico.org\/?p=4840\" \/>\n\t\t<meta property=\"article:published_time\" content=\"2024-04-17T23:02:49+00:00\" \/>\n\t\t<meta property=\"article:modified_time\" content=\"2024-04-18T19:46:09+00:00\" \/>\n\t\t<meta name=\"twitter:card\" content=\"summary_large_image\" \/>\n\t\t<meta name=\"twitter:title\" content=\"Taller sobre acceso a la informaci\u00f3n en la PreCOP de Escaz\u00fa en Chile - CAUCE\" \/>\n\t\t<meta name=\"twitter:description\" content=\"D\u00edas previos a la COP3, se realizar\u00e1 en Santiago de Chile un evento donde distintas organizaciones y referentes se encontrar\u00e1n a dialogar sobre la implementaci\u00f3n del Acuerdo de Escaz\u00fa. CAUCE participar\u00e1 de la reuni\u00f3n y coordinar\u00e1 un taller sobre acceso a la informaci\u00f3n junto a FARN. Se realizar\u00e1 la primera PreCOP de Escaz\u00fa, un evento\" \/>\n\t\t<script type=\"application\/ld+json\" class=\"aioseo-schema\">\n\t\t\t{\"@context\":\"https:\\\/\\\/schema.org\",\"@graph\":[{\"@type\":\"BlogPosting\",\"@id\":\"https:\\\/\\\/cauceecologico.org\\\/?p=4840#blogposting\",\"name\":\"Taller sobre acceso a la informaci\\u00f3n en la PreCOP de Escaz\\u00fa en Chile - CAUCE\",\"headline\":\"Taller sobre acceso a la informaci\\u00f3n en la PreCOP de Escaz\\u00fa en Chile\",\"author\":{\"@id\":\"https:\\\/\\\/cauceecologico.org\\\/?author=5#author\"},\"publisher\":{\"@id\":\"https:\\\/\\\/cauceecologico.org\\\/#organization\"},\"image\":{\"@type\":\"ImageObject\",\"url\":\"https:\\\/\\\/cauceecologico.org\\\/wp-content\\\/uploads\\\/2024\\\/04\\\/20180910_America-Latina-podria-hacer-historia-firmando-acuerdo-regional-por-el-medio-ambiente.jpg\",\"width\":800,\"height\":450},\"datePublished\":\"2024-04-17T23:02:49+00:00\",\"dateModified\":\"2024-04-18T19:46:09+00:00\",\"inLanguage\":\"es-ES\",\"mainEntityOfPage\":{\"@id\":\"https:\\\/\\\/cauceecologico.org\\\/?p=4840#webpage\"},\"isPartOf\":{\"@id\":\"https:\\\/\\\/cauceecologico.org\\\/?p=4840#webpage\"},\"articleSection\":\"informaci\\u00f3n p\\u00fablica, Noticias\"},{\"@type\":\"BreadcrumbList\",\"@id\":\"https:\\\/\\\/cauceecologico.org\\\/?p=4840#breadcrumblist\",\"itemListElement\":[{\"@type\":\"ListItem\",\"@id\":\"https:\\\/\\\/cauceecologico.org#listItem\",\"position\":1,\"name\":\"Home\",\"item\":\"https:\\\/\\\/cauceecologico.org\",\"nextItem\":{\"@type\":\"ListItem\",\"@id\":\"https:\\\/\\\/cauceecologico.org\\\/?cat=5#listItem\",\"name\":\"Noticias\"}},{\"@type\":\"ListItem\",\"@id\":\"https:\\\/\\\/cauceecologico.org\\\/?cat=5#listItem\",\"position\":2,\"name\":\"Noticias\",\"item\":\"https:\\\/\\\/cauceecologico.org\\\/?cat=5\",\"nextItem\":{\"@type\":\"ListItem\",\"@id\":\"https:\\\/\\\/cauceecologico.org\\\/?p=4840#listItem\",\"name\":\"Taller sobre acceso a la informaci\\u00f3n en la PreCOP de Escaz\\u00fa en Chile\"},\"previousItem\":{\"@type\":\"ListItem\",\"@id\":\"https:\\\/\\\/cauceecologico.org#listItem\",\"name\":\"Home\"}},{\"@type\":\"ListItem\",\"@id\":\"https:\\\/\\\/cauceecologico.org\\\/?p=4840#listItem\",\"position\":3,\"name\":\"Taller sobre acceso a la informaci\\u00f3n en la PreCOP de Escaz\\u00fa en Chile\",\"previousItem\":{\"@type\":\"ListItem\",\"@id\":\"https:\\\/\\\/cauceecologico.org\\\/?cat=5#listItem\",\"name\":\"Noticias\"}}]},{\"@type\":\"Organization\",\"@id\":\"https:\\\/\\\/cauceecologico.org\\\/#organization\",\"name\":\"CAUCE\",\"description\":\"Cultura Ambiental - Causa Ecologista\",\"url\":\"https:\\\/\\\/cauceecologico.org\\\/\"},{\"@type\":\"Person\",\"@id\":\"https:\\\/\\\/cauceecologico.org\\\/?author=5#author\",\"url\":\"https:\\\/\\\/cauceecologico.org\\\/?author=5\",\"name\":\"Rocio Fernadez Dobal\",\"image\":{\"@type\":\"ImageObject\",\"@id\":\"https:\\\/\\\/cauceecologico.org\\\/?p=4840#authorImage\",\"url\":\"https:\\\/\\\/secure.gravatar.com\\\/avatar\\\/0e12a66c907f8480df050de074b5b58070b1d7ad51f067e186cffc71e35dfa04?s=96&d=mm&r=g\",\"width\":96,\"height\":96,\"caption\":\"Rocio Fernadez Dobal\"}},{\"@type\":\"WebPage\",\"@id\":\"https:\\\/\\\/cauceecologico.org\\\/?p=4840#webpage\",\"url\":\"https:\\\/\\\/cauceecologico.org\\\/?p=4840\",\"name\":\"Taller sobre acceso a la informaci\\u00f3n en la PreCOP de Escaz\\u00fa en Chile - CAUCE\",\"description\":\"D\\u00edas previos a la COP3, se realizar\\u00e1 en Santiago de Chile un evento donde distintas organizaciones y referentes se encontrar\\u00e1n a dialogar sobre la implementaci\\u00f3n del Acuerdo de Escaz\\u00fa. CAUCE participar\\u00e1 de la reuni\\u00f3n y coordinar\\u00e1 un taller sobre acceso a la informaci\\u00f3n junto a FARN. Se realizar\\u00e1 la primera PreCOP de Escaz\\u00fa, un evento\",\"inLanguage\":\"es-ES\",\"isPartOf\":{\"@id\":\"https:\\\/\\\/cauceecologico.org\\\/#website\"},\"breadcrumb\":{\"@id\":\"https:\\\/\\\/cauceecologico.org\\\/?p=4840#breadcrumblist\"},\"author\":{\"@id\":\"https:\\\/\\\/cauceecologico.org\\\/?author=5#author\"},\"creator\":{\"@id\":\"https:\\\/\\\/cauceecologico.org\\\/?author=5#author\"},\"image\":{\"@type\":\"ImageObject\",\"url\":\"https:\\\/\\\/cauceecologico.org\\\/wp-content\\\/uploads\\\/2024\\\/04\\\/20180910_America-Latina-podria-hacer-historia-firmando-acuerdo-regional-por-el-medio-ambiente.jpg\",\"@id\":\"https:\\\/\\\/cauceecologico.org\\\/?p=4840\\\/#mainImage\",\"width\":800,\"height\":450},\"primaryImageOfPage\":{\"@id\":\"https:\\\/\\\/cauceecologico.org\\\/?p=4840#mainImage\"},\"datePublished\":\"2024-04-17T23:02:49+00:00\",\"dateModified\":\"2024-04-18T19:46:09+00:00\"},{\"@type\":\"WebSite\",\"@id\":\"https:\\\/\\\/cauceecologico.org\\\/#website\",\"url\":\"https:\\\/\\\/cauceecologico.org\\\/\",\"name\":\"CAUCE\",\"description\":\"Cultura Ambiental - Causa Ecologista\",\"inLanguage\":\"es-ES\",\"publisher\":{\"@id\":\"https:\\\/\\\/cauceecologico.org\\\/#organization\"}}]}\n\t\t<\/script>\n\t\t<!-- All in One SEO -->\n\n","aioseo_head_json":{"title":"Taller sobre acceso a la informaci\u00f3n en la PreCOP de Escaz\u00fa en Chile - CAUCE","description":"D\u00edas previos a la COP3, se realizar\u00e1 en Santiago de Chile un evento donde distintas organizaciones y referentes se encontrar\u00e1n a dialogar sobre la implementaci\u00f3n del Acuerdo de Escaz\u00fa. CAUCE participar\u00e1 de la reuni\u00f3n y coordinar\u00e1 un taller sobre acceso a la informaci\u00f3n junto a FARN. Se realizar\u00e1 la primera PreCOP de Escaz\u00fa, un evento","canonical_url":"https:\/\/cauceecologico.org\/?p=4840","robots":"max-image-preview:large","keywords":"","webmasterTools":{"miscellaneous":""},"schema":{"@context":"https:\/\/schema.org","@graph":[{"@type":"BlogPosting","@id":"https:\/\/cauceecologico.org\/?p=4840#blogposting","name":"Taller sobre acceso a la informaci\u00f3n en la PreCOP de Escaz\u00fa en Chile - CAUCE","headline":"Taller sobre acceso a la informaci\u00f3n en la PreCOP de Escaz\u00fa en Chile","author":{"@id":"https:\/\/cauceecologico.org\/?author=5#author"},"publisher":{"@id":"https:\/\/cauceecologico.org\/#organization"},"image":{"@type":"ImageObject","url":"https:\/\/cauceecologico.org\/wp-content\/uploads\/2024\/04\/20180910_America-Latina-podria-hacer-historia-firmando-acuerdo-regional-por-el-medio-ambiente.jpg","width":800,"height":450},"datePublished":"2024-04-17T23:02:49+00:00","dateModified":"2024-04-18T19:46:09+00:00","inLanguage":"es-ES","mainEntityOfPage":{"@id":"https:\/\/cauceecologico.org\/?p=4840#webpage"},"isPartOf":{"@id":"https:\/\/cauceecologico.org\/?p=4840#webpage"},"articleSection":"informaci\u00f3n p\u00fablica, Noticias"},{"@type":"BreadcrumbList","@id":"https:\/\/cauceecologico.org\/?p=4840#breadcrumblist","itemListElement":[{"@type":"ListItem","@id":"https:\/\/cauceecologico.org#listItem","position":1,"name":"Home","item":"https:\/\/cauceecologico.org","nextItem":{"@type":"ListItem","@id":"https:\/\/cauceecologico.org\/?cat=5#listItem","name":"Noticias"}},{"@type":"ListItem","@id":"https:\/\/cauceecologico.org\/?cat=5#listItem","position":2,"name":"Noticias","item":"https:\/\/cauceecologico.org\/?cat=5","nextItem":{"@type":"ListItem","@id":"https:\/\/cauceecologico.org\/?p=4840#listItem","name":"Taller sobre acceso a la informaci\u00f3n en la PreCOP de Escaz\u00fa en Chile"},"previousItem":{"@type":"ListItem","@id":"https:\/\/cauceecologico.org#listItem","name":"Home"}},{"@type":"ListItem","@id":"https:\/\/cauceecologico.org\/?p=4840#listItem","position":3,"name":"Taller sobre acceso a la informaci\u00f3n en la PreCOP de Escaz\u00fa en Chile","previousItem":{"@type":"ListItem","@id":"https:\/\/cauceecologico.org\/?cat=5#listItem","name":"Noticias"}}]},{"@type":"Organization","@id":"https:\/\/cauceecologico.org\/#organization","name":"CAUCE","description":"Cultura Ambiental - Causa Ecologista","url":"https:\/\/cauceecologico.org\/"},{"@type":"Person","@id":"https:\/\/cauceecologico.org\/?author=5#author","url":"https:\/\/cauceecologico.org\/?author=5","name":"Rocio Fernadez Dobal","image":{"@type":"ImageObject","@id":"https:\/\/cauceecologico.org\/?p=4840#authorImage","url":"https:\/\/secure.gravatar.com\/avatar\/0e12a66c907f8480df050de074b5b58070b1d7ad51f067e186cffc71e35dfa04?s=96&d=mm&r=g","width":96,"height":96,"caption":"Rocio Fernadez Dobal"}},{"@type":"WebPage","@id":"https:\/\/cauceecologico.org\/?p=4840#webpage","url":"https:\/\/cauceecologico.org\/?p=4840","name":"Taller sobre acceso a la informaci\u00f3n en la PreCOP de Escaz\u00fa en Chile - CAUCE","description":"D\u00edas previos a la COP3, se realizar\u00e1 en Santiago de Chile un evento donde distintas organizaciones y referentes se encontrar\u00e1n a dialogar sobre la implementaci\u00f3n del Acuerdo de Escaz\u00fa. CAUCE participar\u00e1 de la reuni\u00f3n y coordinar\u00e1 un taller sobre acceso a la informaci\u00f3n junto a FARN. Se realizar\u00e1 la primera PreCOP de Escaz\u00fa, un evento","inLanguage":"es-ES","isPartOf":{"@id":"https:\/\/cauceecologico.org\/#website"},"breadcrumb":{"@id":"https:\/\/cauceecologico.org\/?p=4840#breadcrumblist"},"author":{"@id":"https:\/\/cauceecologico.org\/?author=5#author"},"creator":{"@id":"https:\/\/cauceecologico.org\/?author=5#author"},"image":{"@type":"ImageObject","url":"https:\/\/cauceecologico.org\/wp-content\/uploads\/2024\/04\/20180910_America-Latina-podria-hacer-historia-firmando-acuerdo-regional-por-el-medio-ambiente.jpg","@id":"https:\/\/cauceecologico.org\/?p=4840\/#mainImage","width":800,"height":450},"primaryImageOfPage":{"@id":"https:\/\/cauceecologico.org\/?p=4840#mainImage"},"datePublished":"2024-04-17T23:02:49+00:00","dateModified":"2024-04-18T19:46:09+00:00"},{"@type":"WebSite","@id":"https:\/\/cauceecologico.org\/#website","url":"https:\/\/cauceecologico.org\/","name":"CAUCE","description":"Cultura Ambiental - Causa Ecologista","inLanguage":"es-ES","publisher":{"@id":"https:\/\/cauceecologico.org\/#organization"}}]},"og:locale":"es_ES","og:site_name":"CAUCE - Cultura Ambiental - Causa Ecologista","og:type":"article","og:title":"Taller sobre acceso a la informaci\u00f3n en la PreCOP de Escaz\u00fa en Chile - CAUCE","og:description":"D\u00edas previos a la COP3, se realizar\u00e1 en Santiago de Chile un evento donde distintas organizaciones y referentes se encontrar\u00e1n a dialogar sobre la implementaci\u00f3n del Acuerdo de Escaz\u00fa. CAUCE participar\u00e1 de la reuni\u00f3n y coordinar\u00e1 un taller sobre acceso a la informaci\u00f3n junto a FARN. Se realizar\u00e1 la primera PreCOP de Escaz\u00fa, un evento","og:url":"https:\/\/cauceecologico.org\/?p=4840","article:published_time":"2024-04-17T23:02:49+00:00","article:modified_time":"2024-04-18T19:46:09+00:00","twitter:card":"summary_large_image","twitter:title":"Taller sobre acceso a la informaci\u00f3n en la PreCOP de Escaz\u00fa en Chile - CAUCE","twitter:description":"D\u00edas previos a la COP3, se realizar\u00e1 en Santiago de Chile un evento donde distintas organizaciones y referentes se encontrar\u00e1n a dialogar sobre la implementaci\u00f3n del Acuerdo de Escaz\u00fa. CAUCE participar\u00e1 de la reuni\u00f3n y coordinar\u00e1 un taller sobre acceso a la informaci\u00f3n junto a FARN. Se realizar\u00e1 la primera PreCOP de Escaz\u00fa, un evento"},"aioseo_meta_data":{"post_id":"4840","title":null,"description":null,"keywords":[],"keyphrases":{"focus":{"keyphrase":"","score":0,"analysis":{"keyphraseInTitle":{"score":0,"maxScore":9,"error":1}}},"additional":[]},"primary_term":null,"canonical_url":null,"og_title":null,"og_description":null,"og_object_type":"default","og_image_type":"default","og_image_url":null,"og_image_width":null,"og_image_height":null,"og_image_custom_url":null,"og_image_custom_fields":null,"og_video":"","og_custom_url":null,"og_article_section":null,"og_article_tags":[],"twitter_use_og":false,"twitter_card":"default","twitter_image_type":"default","twitter_image_url":null,"twitter_image_custom_url":null,"twitter_image_custom_fields":null,"twitter_title":null,"twitter_description":null,"schema":{"blockGraphs":[],"customGraphs":[],"default":{"data":{"Article":[],"Course":[],"Dataset":[],"FAQPage":[],"Movie":[],"Person":[],"Product":[],"ProductReview":[],"Car":[],"Recipe":[],"Service":[],"SoftwareApplication":[],"WebPage":[]},"graphName":"","isEnabled":true},"graphs":[]},"schema_type":"default","schema_type_options":null,"pillar_content":false,"robots_default":true,"robots_noindex":false,"robots_noarchive":false,"robots_nosnippet":false,"robots_nofollow":false,"robots_noimageindex":false,"robots_noodp":false,"robots_notranslate":false,"robots_max_snippet":"-1","robots_max_videopreview":"-1","robots_max_imagepreview":"large","priority":0,"frequency":"default","local_seo":null,"limit_modified_date":false,"created":"2024-04-17 23:02:49","updated":"2026-07-28 02:09:59","ai":null,"breadcrumb_settings":null,"seo_analyzer_scan_date":null},"aioseo_breadcrumb":"<div class=\"aioseo-breadcrumbs\"><span class=\"aioseo-breadcrumb\">\n\t\t\t<a href=\"https:\/\/cauceecologico.org\" title=\"Home\">Home<\/a>\n\t\t<\/span><span class=\"aioseo-breadcrumb-separator\">&raquo;<\/span><span class=\"aioseo-breadcrumb\">\n\t\t\t<a href=\"https:\/\/cauceecologico.org\/?cat=5\" title=\"Noticias\">Noticias<\/a>\n\t\t<\/span><span class=\"aioseo-breadcrumb-separator\">&raquo;<\/span><span class=\"aioseo-breadcrumb\">\n\t\t\tTaller sobre acceso a la informaci\u00f3n en la PreCOP de Escaz\u00fa en Chile\n\t\t<\/span><\/div>","aioseo_breadcrumb_json":[{"label":"Home","link":"https:\/\/cauceecologico.org"},{"label":"Noticias","link":"https:\/\/cauceecologico.org\/?cat=5"},{"label":"Taller sobre acceso a la informaci\u00f3n en la PreCOP de Escaz\u00fa en Chile","link":"https:\/\/cauceecologico.org\/?p=4840"}],"_links":{"self":[{"href":"https:\/\/cauceecologico.org\/index.php?rest_route=\/wp\/v2\/posts\/4840","targetHints":{"allow":["GET"]}}],"collection":[{"href":"https:\/\/cauceecologico.org\/index.php?rest_route=\/wp\/v2\/posts"}],"about":[{"href":"https:\/\/cauceecologico.org\/index.php?rest_route=\/wp\/v2\/types\/post"}],"author":[{"embeddable":true,"href":"https:\/\/cauceecologico.org\/index.php?rest_route=\/wp\/v2\/users\/5"}],"replies":[{"embeddable":true,"href":"https:\/\/cauceecologico.org\/index.php?rest_route=%2Fwp%2Fv2%2Fcomments&post=4840"}],"version-history":[{"count":3,"href":"https:\/\/cauceecologico.org\/index.php?rest_route=\/wp\/v2\/posts\/4840\/revisions"}],"predecessor-version":[{"id":4854,"href":"https:\/\/cauceecologico.org\/index.php?rest_route=\/wp\/v2\/posts\/4840\/revisions\/4854"}],"wp:featuredmedia":[{"embeddable":true,"href":"https:\/\/cauceecologico.org\/index.php?rest_route=\/wp\/v2\/media\/4853"}],"wp:attachment":[{"href":"https:\/\/cauceecologico.org\/index.php?rest_route=%2Fwp%2Fv2%2Fmedia&parent=4840"}],"wp:term":[{"taxonomy":"category","embeddable":true,"href":"https:\/\/cauceecologico.org\/index.php?rest_route=%2Fwp%2Fv2%2Fcategories&post=4840"},{"taxonomy":"post_tag","embeddable":true,"href":"https:\/\/cauceecologico.org\/index.php?rest_route=%2Fwp%2Fv2%2Ftags&post=4840"}],"curies":[{"name":"wp","href":"https:\/\/api.w.org\/{rel}","templated":true}]}}