{"id":5064,"date":"2024-09-04T17:04:08","date_gmt":"2024-09-04T17:04:08","guid":{"rendered":"https:\/\/cauceecologico.org\/?p=5064"},"modified":"2024-09-04T17:12:52","modified_gmt":"2024-09-04T17:12:52","slug":"organizaciones-y-activistas-presentamos-una-nota-a-diputados-por-el-proyecto-de-ley-de-agrotoxicos","status":"publish","type":"post","link":"https:\/\/cauceecologico.org\/?p=5064","title":{"rendered":"Nota a diputados provinciales por el proyecto de ley de agrot\u00f3xicos"},"content":{"rendered":"<p>Organizaciones y activistas de la provincia presentamos una nota dirigida al presidente de la Comisi\u00f3n Recursos Naturales y Ambiente de la\u00a0 Honorable C\u00e1mara de Diputados de la Provincia de Entre R\u00edos para manifestar nuestro rechazo al Proyecto de Ley \u00ab<span style=\"font-weight: 400;\">DE BUENAS PR\u00c1CTICAS EN LA UTILIZACI\u00d3N DE FITOSANITARIOS Y DOMISANITARIOS EN LA PROVINCIA DE ENTRE R\u00cdOS\u00bb y solicitar que se tengan en cuenta los aportes realizados desde las organizaciones socioambientales, la comunidad cient\u00edfica, investigadores de la ciencia digna y comunidades en el marco de los espacios de participaci\u00f3n.\u00a0<\/span><\/p>\n<p>&nbsp;<\/p>\n<p><strong>Nota completa:<\/strong><\/p>\n<p><span style=\"font-weight: 400;\">Nos dirigimos a Usted y por su intermedio a los se\u00f1ores y se\u00f1oras diputados y diputadas de la Comisi\u00f3n pues hemos tomado conocimiento que en el dia de la fecha se reunir\u00e1n nuevamente para continuar el tratamiento del proyecto de ley 26117 denominado: DE BUENAS PR\u00c1CTICAS EN LA UTILIZACI\u00d3N DE FITOSANITARIOS Y DOMISANITARIOS EN LA PROVINCIA DE ENTRE R\u00cdOS.<\/span><\/p>\n<p><span style=\"font-weight: 400;\">Queremos solicitar nuevamente a los se\u00f1ores y se\u00f1oras diputados y diputadas que reconsideren cualquier decisi\u00f3n al respecto de ese \u201cborrador\u201d de proyecto de ley que tendr\u00e1n para su tratamiento. Desde nuestro discurso, acciones y propuestas seguimos sosteniendo que la AGROECOLOG\u00cdA es el camino.\u00a0<\/span><\/p>\n<p><span style=\"font-weight: 400;\">Sabemos y ustedes tambi\u00e9n lo saben que urge un cambio de modelo productivo ante la triple crisis planetaria de cambio clim\u00e1tico, p\u00e9rdida de biodiversidad y contaminaci\u00f3n. Como representantes del pueblo entrerriano deben velar por la vida, salud y bienestar y proveer la protecci\u00f3n de los bienes ambientales que nos pertenecen.\u00a0<\/span><\/p>\n<p><span style=\"font-weight: 400;\">Entre todos y todas debemos cuidar nuestros territorios y evitar su destrucci\u00f3n. Debemos entender que todo lo que, como seres humanos necesitamos, lo obtenemos de la naturaleza y, del mismo modo, aquello que le hacemos a la naturaleza, nos lo hacemos a la parte m\u00e1s profunda de nuestra existencia.<\/span><\/p>\n<p><span style=\"font-weight: 400;\">Les pedimos que realmente consideren y tomen lo que las organizaciones socioambientales hemos sostenido en los espacios que nos han brindado. Reiteradamente hemos rechazado este proyecto que intoxica, da\u00f1a y mata. Asimismo, destacamos que no fueron convocados los profesionales\/investigadores de la ciencia digna, que fueron propuestos desde nuestras organizaciones y que tienen a\u00f1os de trabajo e investigaci\u00f3n sobre el da\u00f1o que generan los agrot\u00f3xicos que se arrojan en nuestros territorios, en la salud de los ecosistemas, y por ende la nuestra.<\/span><\/p>\n<p><span style=\"font-weight: 400;\">Se vienen sosteniendo diferentes luchas en los territorios, en las calles, en tribunales y en todas esas instancias han existido algunos avances que no son suficientes. <\/span><span style=\"font-weight: 400;\">Sin embargo, repetimos y seguiremos repitiendo que la soluci\u00f3n viene de la mano del cuidado y respeto de nuestro suelo, cultivos, cursos de agua, aire, de todas las personas, las infancias, docentes, nuestros alimentos, para tener un ambiente realmente sano para nosotros y para las generaciones futuras.\u00a0<\/span><\/p>\n<h4><strong>Ver <span style=\"color: #3366ff;\"><a style=\"color: #3366ff;\" href=\"https:\/\/cauceecologico.org\/wp-content\/uploads\/2024\/09\/nota-presentada.pdf\">nota firmada.<\/a><\/span><\/strong><\/h4>\n<p style=\"text-align: right;\">04\/09\/2024<\/p>\n<p>&nbsp;<\/p>\n<p><em><strong>Relacionadas:<\/strong><\/em><\/p>\n<p><span style=\"color: #3366ff;\"><a style=\"color: #3366ff;\" href=\"https:\/\/cauceecologico.org\/?p=2907\"><span class=\"x19la9d6 x1fc57z9 x6ikm8r x10wlt62 x19co3pv x1g5zs5t xfibh0p xiy17q3 x1xsqp64 x1lkfr7t xexx8yu x4uap5 x18d9i69 xkhd6sd\"><span class=\"xrtxmta x1bhl96m\">&#x1f517;<\/span><\/span>CAUCE se dirigi\u00f3 a legisladores sobre el proyecto de ley de Buenas Pr\u00e1cticas Agr\u00edcolas<\/a><\/span><\/p>\n<p><span style=\"color: #3366ff;\"><a style=\"color: #3366ff;\" href=\"https:\/\/cauceecologico.org\/?p=4268\"><span class=\"x19la9d6 x1fc57z9 x6ikm8r x10wlt62 x19co3pv x1g5zs5t xfibh0p xiy17q3 x1xsqp64 x1lkfr7t xexx8yu x4uap5 x18d9i69 xkhd6sd\"><span class=\"xrtxmta x1bhl96m\">&#x1f517;<\/span><\/span>Se realiz\u00f3 una capacitaci\u00f3n de evaluadores del Sello de Identidad Agroecol\u00f3gica<\/a><\/span><\/p>\n<p><span style=\"color: #3366ff;\"><a style=\"color: #3366ff;\" href=\"https:\/\/cauceecologico.org\/?p=2215\"><span class=\"x19la9d6 x1fc57z9 x6ikm8r x10wlt62 x19co3pv x1g5zs5t xfibh0p xiy17q3 x1xsqp64 x1lkfr7t xexx8yu x4uap5 x18d9i69 xkhd6sd\"><span class=\"xrtxmta x1bhl96m\">&#x1f517;<\/span><\/span>Reuni\u00f3n con diputados y diputadas por ley de fomento a la agroecolog\u00eda en Entre R\u00edos<\/a><\/span><\/p>\n<p><span style=\"color: #3366ff;\"><a style=\"color: #3366ff;\" href=\"https:\/\/cauceecologico.org\/?p=2142\"><span class=\"x19la9d6 x1fc57z9 x6ikm8r x10wlt62 x19co3pv x1g5zs5t xfibh0p xiy17q3 x1xsqp64 x1lkfr7t xexx8yu x4uap5 x18d9i69 xkhd6sd\"><span class=\"xrtxmta x1bhl96m\">&#x1f517; <\/span><\/span>Consideraciones al proyecto de ley que busca fomentar la producci\u00f3n agroecol\u00f3gica<\/a><\/span><\/p>\n","protected":false},"excerpt":{"rendered":"<p>Organizaciones y activistas de la provincia presentamos una nota dirigida al presidente de la Comisi\u00f3n Recursos Naturales y Ambiente de la\u00a0 Honorable C\u00e1mara de Diputados de la Provincia de Entre R\u00edos para manifestar nuestro rechazo al Proyecto de Ley \u00abDE BUENAS PR\u00c1CTICAS EN LA UTILIZACI\u00d3N DE FITOSANITARIOS Y DOMISANITARIOS EN LA PROVINCIA DE ENTRE R\u00cdOS\u00bb [&hellip;]<\/p>\n","protected":false},"author":2,"featured_media":5070,"comment_status":"open","ping_status":"open","sticky":false,"template":"","format":"standard","meta":{"om_disable_all_campaigns":false,"_monsterinsights_skip_tracking":false,"amp_status":"","footnotes":""},"categories":[274,5],"tags":[],"class_list":["post-5064","post","type-post","status-publish","format-standard","has-post-thumbnail","hentry","category-agroecologia","category-noticias"],"aioseo_notices":[],"aioseo_head":"\n\t\t<!-- All in One SEO 4.9.10 - aioseo.com -->\n\t<meta name=\"description\" content=\"Organizaciones y activistas de la provincia presentamos una nota dirigida al presidente de la Comisi\u00f3n Recursos Naturales y Ambiente de la Honorable C\u00e1mara de Diputados de la Provincia de Entre R\u00edos para manifestar nuestro rechazo al Proyecto de Ley &quot;DE BUENAS PR\u00c1CTICAS EN LA UTILIZACI\u00d3N DE FITOSANITARIOS Y DOMISANITARIOS EN LA PROVINCIA DE ENTRE R\u00cdOS&quot;\" \/>\n\t<meta name=\"robots\" content=\"max-image-preview:large\" \/>\n\t<meta name=\"author\" content=\"Ana Lucia Vergara\"\/>\n\t<link rel=\"canonical\" href=\"https:\/\/cauceecologico.org\/?p=5064\" \/>\n\t<meta name=\"generator\" content=\"All in One SEO (AIOSEO) 4.9.10\" \/>\n\t\t<meta property=\"og:locale\" content=\"es_ES\" \/>\n\t\t<meta property=\"og:site_name\" content=\"CAUCE - Cultura Ambiental - Causa Ecologista\" \/>\n\t\t<meta property=\"og:type\" content=\"article\" \/>\n\t\t<meta property=\"og:title\" content=\"Nota a diputados provinciales por el proyecto de ley de agrot\u00f3xicos - CAUCE\" \/>\n\t\t<meta property=\"og:description\" content=\"Organizaciones y activistas de la provincia presentamos una nota dirigida al presidente de la Comisi\u00f3n Recursos Naturales y Ambiente de la Honorable C\u00e1mara de Diputados de la Provincia de Entre R\u00edos para manifestar nuestro rechazo al Proyecto de Ley &quot;DE BUENAS PR\u00c1CTICAS EN LA UTILIZACI\u00d3N DE FITOSANITARIOS Y DOMISANITARIOS EN LA PROVINCIA DE ENTRE R\u00cdOS&quot;\" \/>\n\t\t<meta property=\"og:url\" content=\"https:\/\/cauceecologico.org\/?p=5064\" \/>\n\t\t<meta property=\"article:published_time\" content=\"2024-09-04T17:04:08+00:00\" \/>\n\t\t<meta property=\"article:modified_time\" content=\"2024-09-04T17:12:52+00:00\" \/>\n\t\t<meta name=\"twitter:card\" content=\"summary_large_image\" \/>\n\t\t<meta name=\"twitter:title\" content=\"Nota a diputados provinciales por el proyecto de ley de agrot\u00f3xicos - CAUCE\" \/>\n\t\t<meta name=\"twitter:description\" content=\"Organizaciones y activistas de la provincia presentamos una nota dirigida al presidente de la Comisi\u00f3n Recursos Naturales y Ambiente de la Honorable C\u00e1mara de Diputados de la Provincia de Entre R\u00edos para manifestar nuestro rechazo al Proyecto de Ley &quot;DE BUENAS PR\u00c1CTICAS EN LA UTILIZACI\u00d3N DE FITOSANITARIOS Y DOMISANITARIOS EN LA PROVINCIA DE ENTRE R\u00cdOS&quot;\" \/>\n\t\t<script type=\"application\/ld+json\" class=\"aioseo-schema\">\n\t\t\t{\"@context\":\"https:\\\/\\\/schema.org\",\"@graph\":[{\"@type\":\"BlogPosting\",\"@id\":\"https:\\\/\\\/cauceecologico.org\\\/?p=5064#blogposting\",\"name\":\"Nota a diputados provinciales por el proyecto de ley de agrot\\u00f3xicos - CAUCE\",\"headline\":\"Nota a diputados provinciales por el proyecto de ley de agrot\\u00f3xicos\",\"author\":{\"@id\":\"https:\\\/\\\/cauceecologico.org\\\/?author=2#author\"},\"publisher\":{\"@id\":\"https:\\\/\\\/cauceecologico.org\\\/#organization\"},\"image\":{\"@type\":\"ImageObject\",\"url\":\"https:\\\/\\\/cauceecologico.org\\\/wp-content\\\/uploads\\\/2024\\\/09\\\/agricultura-inta-suelos-erosion.jpg\",\"width\":1000,\"height\":570},\"datePublished\":\"2024-09-04T17:04:08+00:00\",\"dateModified\":\"2024-09-04T17:12:52+00:00\",\"inLanguage\":\"es-ES\",\"mainEntityOfPage\":{\"@id\":\"https:\\\/\\\/cauceecologico.org\\\/?p=5064#webpage\"},\"isPartOf\":{\"@id\":\"https:\\\/\\\/cauceecologico.org\\\/?p=5064#webpage\"},\"articleSection\":\"Agroecolog\\u00eda, Noticias\"},{\"@type\":\"BreadcrumbList\",\"@id\":\"https:\\\/\\\/cauceecologico.org\\\/?p=5064#breadcrumblist\",\"itemListElement\":[{\"@type\":\"ListItem\",\"@id\":\"https:\\\/\\\/cauceecologico.org#listItem\",\"position\":1,\"name\":\"Home\",\"item\":\"https:\\\/\\\/cauceecologico.org\",\"nextItem\":{\"@type\":\"ListItem\",\"@id\":\"https:\\\/\\\/cauceecologico.org\\\/?cat=5#listItem\",\"name\":\"Noticias\"}},{\"@type\":\"ListItem\",\"@id\":\"https:\\\/\\\/cauceecologico.org\\\/?cat=5#listItem\",\"position\":2,\"name\":\"Noticias\",\"item\":\"https:\\\/\\\/cauceecologico.org\\\/?cat=5\",\"nextItem\":{\"@type\":\"ListItem\",\"@id\":\"https:\\\/\\\/cauceecologico.org\\\/?p=5064#listItem\",\"name\":\"Nota a diputados provinciales por el proyecto de ley de agrot\\u00f3xicos\"},\"previousItem\":{\"@type\":\"ListItem\",\"@id\":\"https:\\\/\\\/cauceecologico.org#listItem\",\"name\":\"Home\"}},{\"@type\":\"ListItem\",\"@id\":\"https:\\\/\\\/cauceecologico.org\\\/?p=5064#listItem\",\"position\":3,\"name\":\"Nota a diputados provinciales por el proyecto de ley de agrot\\u00f3xicos\",\"previousItem\":{\"@type\":\"ListItem\",\"@id\":\"https:\\\/\\\/cauceecologico.org\\\/?cat=5#listItem\",\"name\":\"Noticias\"}}]},{\"@type\":\"Organization\",\"@id\":\"https:\\\/\\\/cauceecologico.org\\\/#organization\",\"name\":\"CAUCE\",\"description\":\"Cultura Ambiental - Causa Ecologista\",\"url\":\"https:\\\/\\\/cauceecologico.org\\\/\"},{\"@type\":\"Person\",\"@id\":\"https:\\\/\\\/cauceecologico.org\\\/?author=2#author\",\"url\":\"https:\\\/\\\/cauceecologico.org\\\/?author=2\",\"name\":\"Ana Lucia Vergara\",\"image\":{\"@type\":\"ImageObject\",\"@id\":\"https:\\\/\\\/cauceecologico.org\\\/?p=5064#authorImage\",\"url\":\"https:\\\/\\\/secure.gravatar.com\\\/avatar\\\/e8720df08f5c466573fb9f3d6cec14bcac9a305e2049123e58e6bc9c03f3a77b?s=96&d=mm&r=g\",\"width\":96,\"height\":96,\"caption\":\"Ana Lucia Vergara\"}},{\"@type\":\"WebPage\",\"@id\":\"https:\\\/\\\/cauceecologico.org\\\/?p=5064#webpage\",\"url\":\"https:\\\/\\\/cauceecologico.org\\\/?p=5064\",\"name\":\"Nota a diputados provinciales por el proyecto de ley de agrot\\u00f3xicos - CAUCE\",\"description\":\"Organizaciones y activistas de la provincia presentamos una nota dirigida al presidente de la Comisi\\u00f3n Recursos Naturales y Ambiente de la Honorable C\\u00e1mara de Diputados de la Provincia de Entre R\\u00edos para manifestar nuestro rechazo al Proyecto de Ley \\\"DE BUENAS PR\\u00c1CTICAS EN LA UTILIZACI\\u00d3N DE FITOSANITARIOS Y DOMISANITARIOS EN LA PROVINCIA DE ENTRE R\\u00cdOS\\\"\",\"inLanguage\":\"es-ES\",\"isPartOf\":{\"@id\":\"https:\\\/\\\/cauceecologico.org\\\/#website\"},\"breadcrumb\":{\"@id\":\"https:\\\/\\\/cauceecologico.org\\\/?p=5064#breadcrumblist\"},\"author\":{\"@id\":\"https:\\\/\\\/cauceecologico.org\\\/?author=2#author\"},\"creator\":{\"@id\":\"https:\\\/\\\/cauceecologico.org\\\/?author=2#author\"},\"image\":{\"@type\":\"ImageObject\",\"url\":\"https:\\\/\\\/cauceecologico.org\\\/wp-content\\\/uploads\\\/2024\\\/09\\\/agricultura-inta-suelos-erosion.jpg\",\"@id\":\"https:\\\/\\\/cauceecologico.org\\\/?p=5064\\\/#mainImage\",\"width\":1000,\"height\":570},\"primaryImageOfPage\":{\"@id\":\"https:\\\/\\\/cauceecologico.org\\\/?p=5064#mainImage\"},\"datePublished\":\"2024-09-04T17:04:08+00:00\",\"dateModified\":\"2024-09-04T17:12:52+00:00\"},{\"@type\":\"WebSite\",\"@id\":\"https:\\\/\\\/cauceecologico.org\\\/#website\",\"url\":\"https:\\\/\\\/cauceecologico.org\\\/\",\"name\":\"CAUCE\",\"description\":\"Cultura Ambiental - Causa Ecologista\",\"inLanguage\":\"es-ES\",\"publisher\":{\"@id\":\"https:\\\/\\\/cauceecologico.org\\\/#organization\"}}]}\n\t\t<\/script>\n\t\t<!-- All in One SEO -->\n\n","aioseo_head_json":{"title":"Nota a diputados provinciales por el proyecto de ley de agrot\u00f3xicos - CAUCE","description":"Organizaciones y activistas de la provincia presentamos una nota dirigida al presidente de la Comisi\u00f3n Recursos Naturales y Ambiente de la Honorable C\u00e1mara de Diputados de la Provincia de Entre R\u00edos para manifestar nuestro rechazo al Proyecto de Ley \"DE BUENAS PR\u00c1CTICAS EN LA UTILIZACI\u00d3N DE FITOSANITARIOS Y DOMISANITARIOS EN LA PROVINCIA DE ENTRE R\u00cdOS\"","canonical_url":"https:\/\/cauceecologico.org\/?p=5064","robots":"max-image-preview:large","keywords":"","webmasterTools":{"miscellaneous":""},"schema":{"@context":"https:\/\/schema.org","@graph":[{"@type":"BlogPosting","@id":"https:\/\/cauceecologico.org\/?p=5064#blogposting","name":"Nota a diputados provinciales por el proyecto de ley de agrot\u00f3xicos - CAUCE","headline":"Nota a diputados provinciales por el proyecto de ley de agrot\u00f3xicos","author":{"@id":"https:\/\/cauceecologico.org\/?author=2#author"},"publisher":{"@id":"https:\/\/cauceecologico.org\/#organization"},"image":{"@type":"ImageObject","url":"https:\/\/cauceecologico.org\/wp-content\/uploads\/2024\/09\/agricultura-inta-suelos-erosion.jpg","width":1000,"height":570},"datePublished":"2024-09-04T17:04:08+00:00","dateModified":"2024-09-04T17:12:52+00:00","inLanguage":"es-ES","mainEntityOfPage":{"@id":"https:\/\/cauceecologico.org\/?p=5064#webpage"},"isPartOf":{"@id":"https:\/\/cauceecologico.org\/?p=5064#webpage"},"articleSection":"Agroecolog\u00eda, Noticias"},{"@type":"BreadcrumbList","@id":"https:\/\/cauceecologico.org\/?p=5064#breadcrumblist","itemListElement":[{"@type":"ListItem","@id":"https:\/\/cauceecologico.org#listItem","position":1,"name":"Home","item":"https:\/\/cauceecologico.org","nextItem":{"@type":"ListItem","@id":"https:\/\/cauceecologico.org\/?cat=5#listItem","name":"Noticias"}},{"@type":"ListItem","@id":"https:\/\/cauceecologico.org\/?cat=5#listItem","position":2,"name":"Noticias","item":"https:\/\/cauceecologico.org\/?cat=5","nextItem":{"@type":"ListItem","@id":"https:\/\/cauceecologico.org\/?p=5064#listItem","name":"Nota a diputados provinciales por el proyecto de ley de agrot\u00f3xicos"},"previousItem":{"@type":"ListItem","@id":"https:\/\/cauceecologico.org#listItem","name":"Home"}},{"@type":"ListItem","@id":"https:\/\/cauceecologico.org\/?p=5064#listItem","position":3,"name":"Nota a diputados provinciales por el proyecto de ley de agrot\u00f3xicos","previousItem":{"@type":"ListItem","@id":"https:\/\/cauceecologico.org\/?cat=5#listItem","name":"Noticias"}}]},{"@type":"Organization","@id":"https:\/\/cauceecologico.org\/#organization","name":"CAUCE","description":"Cultura Ambiental - Causa Ecologista","url":"https:\/\/cauceecologico.org\/"},{"@type":"Person","@id":"https:\/\/cauceecologico.org\/?author=2#author","url":"https:\/\/cauceecologico.org\/?author=2","name":"Ana Lucia Vergara","image":{"@type":"ImageObject","@id":"https:\/\/cauceecologico.org\/?p=5064#authorImage","url":"https:\/\/secure.gravatar.com\/avatar\/e8720df08f5c466573fb9f3d6cec14bcac9a305e2049123e58e6bc9c03f3a77b?s=96&d=mm&r=g","width":96,"height":96,"caption":"Ana Lucia Vergara"}},{"@type":"WebPage","@id":"https:\/\/cauceecologico.org\/?p=5064#webpage","url":"https:\/\/cauceecologico.org\/?p=5064","name":"Nota a diputados provinciales por el proyecto de ley de agrot\u00f3xicos - CAUCE","description":"Organizaciones y activistas de la provincia presentamos una nota dirigida al presidente de la Comisi\u00f3n Recursos Naturales y Ambiente de la Honorable C\u00e1mara de Diputados de la Provincia de Entre R\u00edos para manifestar nuestro rechazo al Proyecto de Ley \"DE BUENAS PR\u00c1CTICAS EN LA UTILIZACI\u00d3N DE FITOSANITARIOS Y DOMISANITARIOS EN LA PROVINCIA DE ENTRE R\u00cdOS\"","inLanguage":"es-ES","isPartOf":{"@id":"https:\/\/cauceecologico.org\/#website"},"breadcrumb":{"@id":"https:\/\/cauceecologico.org\/?p=5064#breadcrumblist"},"author":{"@id":"https:\/\/cauceecologico.org\/?author=2#author"},"creator":{"@id":"https:\/\/cauceecologico.org\/?author=2#author"},"image":{"@type":"ImageObject","url":"https:\/\/cauceecologico.org\/wp-content\/uploads\/2024\/09\/agricultura-inta-suelos-erosion.jpg","@id":"https:\/\/cauceecologico.org\/?p=5064\/#mainImage","width":1000,"height":570},"primaryImageOfPage":{"@id":"https:\/\/cauceecologico.org\/?p=5064#mainImage"},"datePublished":"2024-09-04T17:04:08+00:00","dateModified":"2024-09-04T17:12:52+00:00"},{"@type":"WebSite","@id":"https:\/\/cauceecologico.org\/#website","url":"https:\/\/cauceecologico.org\/","name":"CAUCE","description":"Cultura Ambiental - Causa Ecologista","inLanguage":"es-ES","publisher":{"@id":"https:\/\/cauceecologico.org\/#organization"}}]},"og:locale":"es_ES","og:site_name":"CAUCE - Cultura Ambiental - Causa Ecologista","og:type":"article","og:title":"Nota a diputados provinciales por el proyecto de ley de agrot\u00f3xicos - CAUCE","og:description":"Organizaciones y activistas de la provincia presentamos una nota dirigida al presidente de la Comisi\u00f3n Recursos Naturales y Ambiente de la Honorable C\u00e1mara de Diputados de la Provincia de Entre R\u00edos para manifestar nuestro rechazo al Proyecto de Ley &quot;DE BUENAS PR\u00c1CTICAS EN LA UTILIZACI\u00d3N DE FITOSANITARIOS Y DOMISANITARIOS EN LA PROVINCIA DE ENTRE R\u00cdOS&quot;","og:url":"https:\/\/cauceecologico.org\/?p=5064","article:published_time":"2024-09-04T17:04:08+00:00","article:modified_time":"2024-09-04T17:12:52+00:00","twitter:card":"summary_large_image","twitter:title":"Nota a diputados provinciales por el proyecto de ley de agrot\u00f3xicos - CAUCE","twitter:description":"Organizaciones y activistas de la provincia presentamos una nota dirigida al presidente de la Comisi\u00f3n Recursos Naturales y Ambiente de la Honorable C\u00e1mara de Diputados de la Provincia de Entre R\u00edos para manifestar nuestro rechazo al Proyecto de Ley &quot;DE BUENAS PR\u00c1CTICAS EN LA UTILIZACI\u00d3N DE FITOSANITARIOS Y DOMISANITARIOS EN LA PROVINCIA DE ENTRE R\u00cdOS&quot;"},"aioseo_meta_data":{"post_id":"5064","title":null,"description":null,"keywords":[],"keyphrases":{"focus":{"keyphrase":"","score":0,"analysis":{"keyphraseInTitle":{"score":0,"maxScore":9,"error":1}}},"additional":[]},"primary_term":null,"canonical_url":null,"og_title":null,"og_description":null,"og_object_type":"default","og_image_type":"default","og_image_url":null,"og_image_width":null,"og_image_height":null,"og_image_custom_url":null,"og_image_custom_fields":null,"og_video":"","og_custom_url":null,"og_article_section":null,"og_article_tags":[],"twitter_use_og":false,"twitter_card":"default","twitter_image_type":"default","twitter_image_url":null,"twitter_image_custom_url":null,"twitter_image_custom_fields":null,"twitter_title":null,"twitter_description":null,"schema":{"blockGraphs":[],"customGraphs":[],"default":{"data":{"Article":[],"Course":[],"Dataset":[],"FAQPage":[],"Movie":[],"Person":[],"Product":[],"ProductReview":[],"Car":[],"Recipe":[],"Service":[],"SoftwareApplication":[],"WebPage":[]},"graphName":"","isEnabled":true},"graphs":[]},"schema_type":"default","schema_type_options":null,"pillar_content":false,"robots_default":true,"robots_noindex":false,"robots_noarchive":false,"robots_nosnippet":false,"robots_nofollow":false,"robots_noimageindex":false,"robots_noodp":false,"robots_notranslate":false,"robots_max_snippet":"-1","robots_max_videopreview":"-1","robots_max_imagepreview":"large","priority":0,"frequency":"default","local_seo":null,"limit_modified_date":false,"created":"2024-09-04 17:04:08","updated":"2026-07-28 02:15:20","ai":null,"breadcrumb_settings":null,"seo_analyzer_scan_date":null},"aioseo_breadcrumb":"<div class=\"aioseo-breadcrumbs\"><span class=\"aioseo-breadcrumb\">\n\t\t\t<a href=\"https:\/\/cauceecologico.org\" title=\"Home\">Home<\/a>\n\t\t<\/span><span class=\"aioseo-breadcrumb-separator\">&raquo;<\/span><span class=\"aioseo-breadcrumb\">\n\t\t\t<a href=\"https:\/\/cauceecologico.org\/?cat=5\" title=\"Noticias\">Noticias<\/a>\n\t\t<\/span><span class=\"aioseo-breadcrumb-separator\">&raquo;<\/span><span class=\"aioseo-breadcrumb\">\n\t\t\tNota a diputados provinciales por el proyecto de ley de agrot\u00f3xicos\n\t\t<\/span><\/div>","aioseo_breadcrumb_json":[{"label":"Home","link":"https:\/\/cauceecologico.org"},{"label":"Noticias","link":"https:\/\/cauceecologico.org\/?cat=5"},{"label":"Nota a diputados provinciales por el proyecto de ley de agrot\u00f3xicos","link":"https:\/\/cauceecologico.org\/?p=5064"}],"_links":{"self":[{"href":"https:\/\/cauceecologico.org\/index.php?rest_route=\/wp\/v2\/posts\/5064","targetHints":{"allow":["GET"]}}],"collection":[{"href":"https:\/\/cauceecologico.org\/index.php?rest_route=\/wp\/v2\/posts"}],"about":[{"href":"https:\/\/cauceecologico.org\/index.php?rest_route=\/wp\/v2\/types\/post"}],"author":[{"embeddable":true,"href":"https:\/\/cauceecologico.org\/index.php?rest_route=\/wp\/v2\/users\/2"}],"replies":[{"embeddable":true,"href":"https:\/\/cauceecologico.org\/index.php?rest_route=%2Fwp%2Fv2%2Fcomments&post=5064"}],"version-history":[{"count":4,"href":"https:\/\/cauceecologico.org\/index.php?rest_route=\/wp\/v2\/posts\/5064\/revisions"}],"predecessor-version":[{"id":5071,"href":"https:\/\/cauceecologico.org\/index.php?rest_route=\/wp\/v2\/posts\/5064\/revisions\/5071"}],"wp:featuredmedia":[{"embeddable":true,"href":"https:\/\/cauceecologico.org\/index.php?rest_route=\/wp\/v2\/media\/5070"}],"wp:attachment":[{"href":"https:\/\/cauceecologico.org\/index.php?rest_route=%2Fwp%2Fv2%2Fmedia&parent=5064"}],"wp:term":[{"taxonomy":"category","embeddable":true,"href":"https:\/\/cauceecologico.org\/index.php?rest_route=%2Fwp%2Fv2%2Fcategories&post=5064"},{"taxonomy":"post_tag","embeddable":true,"href":"https:\/\/cauceecologico.org\/index.php?rest_route=%2Fwp%2Fv2%2Ftags&post=5064"}],"curies":[{"name":"wp","href":"https:\/\/api.w.org\/{rel}","templated":true}]}}