{"id":5079,"date":"2024-09-09T13:49:25","date_gmt":"2024-09-09T13:49:25","guid":{"rendered":"https:\/\/cauceecologico.org\/?p=5079"},"modified":"2024-09-09T14:18:54","modified_gmt":"2024-09-09T14:18:54","slug":"relevamiento-de-productoras-y-productores-entrerrianos-con-interes-en-transicionar-a-la-agroecologia","status":"publish","type":"post","link":"https:\/\/cauceecologico.org\/?p=5079","title":{"rendered":"Relevamiento de productoras y productores entrerrianos con inter\u00e9s en la agroecolog\u00eda"},"content":{"rendered":"<div class=\"ahS2Le\">\n<div class=\"F9yp7e ikZYwf LgNcQe\" dir=\"auto\" role=\"heading\" aria-level=\"1\">\n<p>Fundaci\u00f3n CAUCE promueve la agroecolog\u00eda como un sistema de producci\u00f3n sustentable fundamental para la conservaci\u00f3n de la biodiversidad, la preservaci\u00f3n del conocimiento local y la soberan\u00eda alimentaria. La entendemos como una pr\u00e1ctica, una ciencia y un movimiento que influye en la alimentaci\u00f3n, la salud, la econom\u00eda, el ambiente, la cultura, la pol\u00edtica y la vida en sociedad.\u00a0 Por eso acompa\u00f1amos a productores y generamos redes de confianza.<\/p>\n<p>&nbsp;<\/p>\n<p>Desde el \u00e1rea de Alimentaci\u00f3n y Agroecolog\u00eda de la Fundaci\u00f3n CAUCE se realiza un relevamiento de productores y productoras con inter\u00e9s en transicionar a la agroecolog\u00eda en la provincia de Entre R\u00edos.\u00a0 Los datos brindados en este <span style=\"color: #3366ff;\"><a style=\"color: #3366ff;\" href=\"https:\/\/docs.google.com\/forms\/d\/e\/1FAIpQLSefw2FBPGxuaGb_wGczv1svUj2gwCyvEeGKuSkGub7FUnf6Iw\/viewform\">formulario<\/a><\/span> no ser\u00e1n de conocimiento p\u00fablico. Agradecemos su difusi\u00f3n.<\/p>\n<h4><strong><span style=\"color: #3366ff;\"><a style=\"color: #3366ff;\" href=\"https:\/\/docs.google.com\/forms\/d\/e\/1FAIpQLSefw2FBPGxuaGb_wGczv1svUj2gwCyvEeGKuSkGub7FUnf6Iw\/viewform\"><span class=\"x19la9d6 x1fc57z9 x6ikm8r x10wlt62 x19co3pv x1g5zs5t xfibh0p xiy17q3 x1xsqp64 x1lkfr7t xexx8yu x4uap5 x18d9i69 xkhd6sd\"><span class=\"xrtxmta x1bhl96m\">&#x27a1;&#xfe0f;<\/span><\/span>Completar encuesta<\/a><\/span><\/strong>.<\/h4>\n<\/div>\n<\/div>\n<div dir=\"auto\"><\/div>\n<div dir=\"auto\"><\/div>\n<div dir=\"auto\" style=\"text-align: right;\">09\/09\/24<\/div>\n<div dir=\"auto\"><\/div>\n<div dir=\"auto\"><strong><em>Relacionadas:<\/em><\/strong><\/div>\n<div dir=\"auto\"><\/div>\n<div dir=\"auto\">\n<p><span style=\"color: #3366ff;\"><strong><a style=\"color: #3366ff;\" href=\"https:\/\/cauceecologico.org\/wp-content\/uploads\/2020\/07\/biopreparados-web-dedicacionjairo.pdf\"><span class=\"x19la9d6 x1fc57z9 x6ikm8r x10wlt62 x19co3pv x1g5zs5t xfibh0p xiy17q3 x1xsqp64 x1lkfr7t xexx8yu x4uap5 x18d9i69 xkhd6sd\"><span class=\"xrtxmta x1bhl96m\">&#x1f517;<\/span><\/span>Manual de biopreparados org\u00e1nicos<\/a><\/strong><\/span><\/p>\n<p><strong><span style=\"color: #3366ff;\"><a style=\"color: #3366ff;\" href=\"https:\/\/cauceecologico.org\/wp-content\/uploads\/2020\/07\/biopreparados-web-dedicacionjairo.pdf\"><span class=\"x19la9d6 x1fc57z9 x6ikm8r x10wlt62 x19co3pv x1g5zs5t xfibh0p xiy17q3 x1xsqp64 x1lkfr7t xexx8yu x4uap5 x18d9i69 xkhd6sd\"><span class=\"xrtxmta x1bhl96m\">&#x1f517;<\/span><\/span><\/a><a style=\"color: #3366ff;\" href=\"https:\/\/cauceecologico.org\/?p=4268\">Se realiz\u00f3 una capacitaci\u00f3n de evaluadores del Sello de Identidad Agroecol\u00f3gica<\/a><\/span><\/strong><\/p>\n<\/div>\n<div>\n<p><span style=\"color: #3366ff;\"><strong><a style=\"color: #3366ff;\" href=\"https:\/\/cauceecologico.org\/wp-content\/uploads\/2022\/07\/Alimentacion-sana-segura-y-soberana-final.pdf\"><span class=\"x19la9d6 x1fc57z9 x6ikm8r x10wlt62 x19co3pv x1g5zs5t xfibh0p xiy17q3 x1xsqp64 x1lkfr7t xexx8yu x4uap5 x18d9i69 xkhd6sd\"><span class=\"xrtxmta x1bhl96m\">&#x1f517;<\/span><\/span>Alimentaci\u00f3n sana, segura y soberana<\/a><\/strong><\/span><\/p>\n<p><span style=\"color: #3366ff;\"><strong><a style=\"color: #3366ff;\" href=\"https:\/\/cauceecologico.org\/wp-content\/uploads\/2023\/01\/guiadeestrategias.pdf\"><span class=\"x19la9d6 x1fc57z9 x6ikm8r x10wlt62 x19co3pv x1g5zs5t xfibh0p xiy17q3 x1xsqp64 x1lkfr7t xexx8yu x4uap5 x18d9i69 xkhd6sd\"><span class=\"xrtxmta x1bhl96m\">&#x1f517;<\/span><\/span>Gu\u00eda de estrategias para una alimentaci\u00f3n sostenible<\/a><\/strong><\/span><\/p>\n<p><span style=\"color: #3366ff;\"><strong><a style=\"color: #3366ff;\" href=\"https:\/\/cauceecologico.org\/wp-content\/uploads\/2023\/12\/El-costo-ambiental-de-la-alimentacion.pdf\"><span class=\"x19la9d6 x1fc57z9 x6ikm8r x10wlt62 x19co3pv x1g5zs5t xfibh0p xiy17q3 x1xsqp64 x1lkfr7t xexx8yu x4uap5 x18d9i69 xkhd6sd\"><span class=\"xrtxmta x1bhl96m\">&#x1f517;<\/span><\/span>El costo ambiental de la alimentaci\u00f3n<\/a><\/strong>\u00a0<\/span><\/p>\n<p>&#x1f517;<span style=\"color: #3366ff;\"><strong><a style=\"color: #3366ff;\" href=\"https:\/\/cauceecologico.org\/?p=3396\">A m\u00ed dejame en el campo<\/a><\/strong><\/span><\/p>\n<\/div>\n","protected":false},"excerpt":{"rendered":"<p>Fundaci\u00f3n CAUCE promueve la agroecolog\u00eda como un sistema de producci\u00f3n sustentable fundamental para la conservaci\u00f3n de la biodiversidad, la preservaci\u00f3n del conocimiento local y la soberan\u00eda alimentaria. La entendemos como una pr\u00e1ctica, una ciencia y un movimiento que influye en la alimentaci\u00f3n, la salud, la econom\u00eda, el ambiente, la cultura, la pol\u00edtica y la vida [&hellip;]<\/p>\n","protected":false},"author":2,"featured_media":3413,"comment_status":"open","ping_status":"open","sticky":false,"template":"","format":"standard","meta":{"om_disable_all_campaigns":false,"_monsterinsights_skip_tracking":false,"amp_status":"","footnotes":""},"categories":[274,5],"tags":[],"class_list":["post-5079","post","type-post","status-publish","format-standard","has-post-thumbnail","hentry","category-agroecologia","category-noticias"],"aioseo_notices":[],"aioseo_head":"\n\t\t<!-- All in One SEO 4.9.10 - aioseo.com -->\n\t<meta name=\"description\" content=\"Fundaci\u00f3n CAUCE promueve la agroecolog\u00eda como un sistema de producci\u00f3n sustentable fundamental para la conservaci\u00f3n de la biodiversidad, la preservaci\u00f3n del conocimiento local y la soberan\u00eda alimentaria. La entendemos como una pr\u00e1ctica, una ciencia y un movimiento que influye en la alimentaci\u00f3n, la salud, la econom\u00eda, el ambiente, la cultura, la pol\u00edtica y la vida\" \/>\n\t<meta name=\"robots\" content=\"max-image-preview:large\" \/>\n\t<meta name=\"author\" content=\"Ana Lucia Vergara\"\/>\n\t<link rel=\"canonical\" href=\"https:\/\/cauceecologico.org\/?p=5079\" \/>\n\t<meta name=\"generator\" content=\"All in One SEO (AIOSEO) 4.9.10\" \/>\n\t\t<meta property=\"og:locale\" content=\"es_ES\" \/>\n\t\t<meta property=\"og:site_name\" content=\"CAUCE - Cultura Ambiental - Causa Ecologista\" \/>\n\t\t<meta property=\"og:type\" content=\"article\" \/>\n\t\t<meta property=\"og:title\" content=\"Relevamiento de productoras y productores entrerrianos con inter\u00e9s en la agroecolog\u00eda - CAUCE\" \/>\n\t\t<meta property=\"og:description\" content=\"Fundaci\u00f3n CAUCE promueve la agroecolog\u00eda como un sistema de producci\u00f3n sustentable fundamental para la conservaci\u00f3n de la biodiversidad, la preservaci\u00f3n del conocimiento local y la soberan\u00eda alimentaria. La entendemos como una pr\u00e1ctica, una ciencia y un movimiento que influye en la alimentaci\u00f3n, la salud, la econom\u00eda, el ambiente, la cultura, la pol\u00edtica y la vida\" \/>\n\t\t<meta property=\"og:url\" content=\"https:\/\/cauceecologico.org\/?p=5079\" \/>\n\t\t<meta property=\"article:published_time\" content=\"2024-09-09T13:49:25+00:00\" \/>\n\t\t<meta property=\"article:modified_time\" content=\"2024-09-09T14:18:54+00:00\" \/>\n\t\t<meta name=\"twitter:card\" content=\"summary_large_image\" \/>\n\t\t<meta name=\"twitter:title\" content=\"Relevamiento de productoras y productores entrerrianos con inter\u00e9s en la agroecolog\u00eda - CAUCE\" \/>\n\t\t<meta name=\"twitter:description\" content=\"Fundaci\u00f3n CAUCE promueve la agroecolog\u00eda como un sistema de producci\u00f3n sustentable fundamental para la conservaci\u00f3n de la biodiversidad, la preservaci\u00f3n del conocimiento local y la soberan\u00eda alimentaria. La entendemos como una pr\u00e1ctica, una ciencia y un movimiento que influye en la alimentaci\u00f3n, la salud, la econom\u00eda, el ambiente, la cultura, la pol\u00edtica y la vida\" \/>\n\t\t<script type=\"application\/ld+json\" class=\"aioseo-schema\">\n\t\t\t{\"@context\":\"https:\\\/\\\/schema.org\",\"@graph\":[{\"@type\":\"BlogPosting\",\"@id\":\"https:\\\/\\\/cauceecologico.org\\\/?p=5079#blogposting\",\"name\":\"Relevamiento de productoras y productores entrerrianos con inter\\u00e9s en la agroecolog\\u00eda - CAUCE\",\"headline\":\"Relevamiento de productoras y productores entrerrianos con inter\\u00e9s en la agroecolog\\u00eda\",\"author\":{\"@id\":\"https:\\\/\\\/cauceecologico.org\\\/?author=2#author\"},\"publisher\":{\"@id\":\"https:\\\/\\\/cauceecologico.org\\\/#organization\"},\"image\":{\"@type\":\"ImageObject\",\"url\":\"https:\\\/\\\/cauceecologico.org\\\/wp-content\\\/uploads\\\/2022\\\/01\\\/19_Minhoca-scaled.jpg\",\"width\":2560,\"height\":1709},\"datePublished\":\"2024-09-09T13:49:25+00:00\",\"dateModified\":\"2024-09-09T14:18:54+00:00\",\"inLanguage\":\"es-ES\",\"mainEntityOfPage\":{\"@id\":\"https:\\\/\\\/cauceecologico.org\\\/?p=5079#webpage\"},\"isPartOf\":{\"@id\":\"https:\\\/\\\/cauceecologico.org\\\/?p=5079#webpage\"},\"articleSection\":\"Agroecolog\\u00eda, Noticias\"},{\"@type\":\"BreadcrumbList\",\"@id\":\"https:\\\/\\\/cauceecologico.org\\\/?p=5079#breadcrumblist\",\"itemListElement\":[{\"@type\":\"ListItem\",\"@id\":\"https:\\\/\\\/cauceecologico.org#listItem\",\"position\":1,\"name\":\"Home\",\"item\":\"https:\\\/\\\/cauceecologico.org\",\"nextItem\":{\"@type\":\"ListItem\",\"@id\":\"https:\\\/\\\/cauceecologico.org\\\/?cat=5#listItem\",\"name\":\"Noticias\"}},{\"@type\":\"ListItem\",\"@id\":\"https:\\\/\\\/cauceecologico.org\\\/?cat=5#listItem\",\"position\":2,\"name\":\"Noticias\",\"item\":\"https:\\\/\\\/cauceecologico.org\\\/?cat=5\",\"nextItem\":{\"@type\":\"ListItem\",\"@id\":\"https:\\\/\\\/cauceecologico.org\\\/?p=5079#listItem\",\"name\":\"Relevamiento de productoras y productores entrerrianos con inter\\u00e9s en la agroecolog\\u00eda\"},\"previousItem\":{\"@type\":\"ListItem\",\"@id\":\"https:\\\/\\\/cauceecologico.org#listItem\",\"name\":\"Home\"}},{\"@type\":\"ListItem\",\"@id\":\"https:\\\/\\\/cauceecologico.org\\\/?p=5079#listItem\",\"position\":3,\"name\":\"Relevamiento de productoras y productores entrerrianos con inter\\u00e9s en la agroecolog\\u00eda\",\"previousItem\":{\"@type\":\"ListItem\",\"@id\":\"https:\\\/\\\/cauceecologico.org\\\/?cat=5#listItem\",\"name\":\"Noticias\"}}]},{\"@type\":\"Organization\",\"@id\":\"https:\\\/\\\/cauceecologico.org\\\/#organization\",\"name\":\"CAUCE\",\"description\":\"Cultura Ambiental - Causa Ecologista\",\"url\":\"https:\\\/\\\/cauceecologico.org\\\/\"},{\"@type\":\"Person\",\"@id\":\"https:\\\/\\\/cauceecologico.org\\\/?author=2#author\",\"url\":\"https:\\\/\\\/cauceecologico.org\\\/?author=2\",\"name\":\"Ana Lucia Vergara\",\"image\":{\"@type\":\"ImageObject\",\"@id\":\"https:\\\/\\\/cauceecologico.org\\\/?p=5079#authorImage\",\"url\":\"https:\\\/\\\/secure.gravatar.com\\\/avatar\\\/e8720df08f5c466573fb9f3d6cec14bcac9a305e2049123e58e6bc9c03f3a77b?s=96&d=mm&r=g\",\"width\":96,\"height\":96,\"caption\":\"Ana Lucia Vergara\"}},{\"@type\":\"WebPage\",\"@id\":\"https:\\\/\\\/cauceecologico.org\\\/?p=5079#webpage\",\"url\":\"https:\\\/\\\/cauceecologico.org\\\/?p=5079\",\"name\":\"Relevamiento de productoras y productores entrerrianos con inter\\u00e9s en la agroecolog\\u00eda - CAUCE\",\"description\":\"Fundaci\\u00f3n CAUCE promueve la agroecolog\\u00eda como un sistema de producci\\u00f3n sustentable fundamental para la conservaci\\u00f3n de la biodiversidad, la preservaci\\u00f3n del conocimiento local y la soberan\\u00eda alimentaria. La entendemos como una pr\\u00e1ctica, una ciencia y un movimiento que influye en la alimentaci\\u00f3n, la salud, la econom\\u00eda, el ambiente, la cultura, la pol\\u00edtica y la vida\",\"inLanguage\":\"es-ES\",\"isPartOf\":{\"@id\":\"https:\\\/\\\/cauceecologico.org\\\/#website\"},\"breadcrumb\":{\"@id\":\"https:\\\/\\\/cauceecologico.org\\\/?p=5079#breadcrumblist\"},\"author\":{\"@id\":\"https:\\\/\\\/cauceecologico.org\\\/?author=2#author\"},\"creator\":{\"@id\":\"https:\\\/\\\/cauceecologico.org\\\/?author=2#author\"},\"image\":{\"@type\":\"ImageObject\",\"url\":\"https:\\\/\\\/cauceecologico.org\\\/wp-content\\\/uploads\\\/2022\\\/01\\\/19_Minhoca-scaled.jpg\",\"@id\":\"https:\\\/\\\/cauceecologico.org\\\/?p=5079\\\/#mainImage\",\"width\":2560,\"height\":1709},\"primaryImageOfPage\":{\"@id\":\"https:\\\/\\\/cauceecologico.org\\\/?p=5079#mainImage\"},\"datePublished\":\"2024-09-09T13:49:25+00:00\",\"dateModified\":\"2024-09-09T14:18:54+00:00\"},{\"@type\":\"WebSite\",\"@id\":\"https:\\\/\\\/cauceecologico.org\\\/#website\",\"url\":\"https:\\\/\\\/cauceecologico.org\\\/\",\"name\":\"CAUCE\",\"description\":\"Cultura Ambiental - Causa Ecologista\",\"inLanguage\":\"es-ES\",\"publisher\":{\"@id\":\"https:\\\/\\\/cauceecologico.org\\\/#organization\"}}]}\n\t\t<\/script>\n\t\t<!-- All in One SEO -->\n\n","aioseo_head_json":{"title":"Relevamiento de productoras y productores entrerrianos con inter\u00e9s en la agroecolog\u00eda - CAUCE","description":"Fundaci\u00f3n CAUCE promueve la agroecolog\u00eda como un sistema de producci\u00f3n sustentable fundamental para la conservaci\u00f3n de la biodiversidad, la preservaci\u00f3n del conocimiento local y la soberan\u00eda alimentaria. La entendemos como una pr\u00e1ctica, una ciencia y un movimiento que influye en la alimentaci\u00f3n, la salud, la econom\u00eda, el ambiente, la cultura, la pol\u00edtica y la vida","canonical_url":"https:\/\/cauceecologico.org\/?p=5079","robots":"max-image-preview:large","keywords":"","webmasterTools":{"miscellaneous":""},"schema":{"@context":"https:\/\/schema.org","@graph":[{"@type":"BlogPosting","@id":"https:\/\/cauceecologico.org\/?p=5079#blogposting","name":"Relevamiento de productoras y productores entrerrianos con inter\u00e9s en la agroecolog\u00eda - CAUCE","headline":"Relevamiento de productoras y productores entrerrianos con inter\u00e9s en la agroecolog\u00eda","author":{"@id":"https:\/\/cauceecologico.org\/?author=2#author"},"publisher":{"@id":"https:\/\/cauceecologico.org\/#organization"},"image":{"@type":"ImageObject","url":"https:\/\/cauceecologico.org\/wp-content\/uploads\/2022\/01\/19_Minhoca-scaled.jpg","width":2560,"height":1709},"datePublished":"2024-09-09T13:49:25+00:00","dateModified":"2024-09-09T14:18:54+00:00","inLanguage":"es-ES","mainEntityOfPage":{"@id":"https:\/\/cauceecologico.org\/?p=5079#webpage"},"isPartOf":{"@id":"https:\/\/cauceecologico.org\/?p=5079#webpage"},"articleSection":"Agroecolog\u00eda, Noticias"},{"@type":"BreadcrumbList","@id":"https:\/\/cauceecologico.org\/?p=5079#breadcrumblist","itemListElement":[{"@type":"ListItem","@id":"https:\/\/cauceecologico.org#listItem","position":1,"name":"Home","item":"https:\/\/cauceecologico.org","nextItem":{"@type":"ListItem","@id":"https:\/\/cauceecologico.org\/?cat=5#listItem","name":"Noticias"}},{"@type":"ListItem","@id":"https:\/\/cauceecologico.org\/?cat=5#listItem","position":2,"name":"Noticias","item":"https:\/\/cauceecologico.org\/?cat=5","nextItem":{"@type":"ListItem","@id":"https:\/\/cauceecologico.org\/?p=5079#listItem","name":"Relevamiento de productoras y productores entrerrianos con inter\u00e9s en la agroecolog\u00eda"},"previousItem":{"@type":"ListItem","@id":"https:\/\/cauceecologico.org#listItem","name":"Home"}},{"@type":"ListItem","@id":"https:\/\/cauceecologico.org\/?p=5079#listItem","position":3,"name":"Relevamiento de productoras y productores entrerrianos con inter\u00e9s en la agroecolog\u00eda","previousItem":{"@type":"ListItem","@id":"https:\/\/cauceecologico.org\/?cat=5#listItem","name":"Noticias"}}]},{"@type":"Organization","@id":"https:\/\/cauceecologico.org\/#organization","name":"CAUCE","description":"Cultura Ambiental - Causa Ecologista","url":"https:\/\/cauceecologico.org\/"},{"@type":"Person","@id":"https:\/\/cauceecologico.org\/?author=2#author","url":"https:\/\/cauceecologico.org\/?author=2","name":"Ana Lucia Vergara","image":{"@type":"ImageObject","@id":"https:\/\/cauceecologico.org\/?p=5079#authorImage","url":"https:\/\/secure.gravatar.com\/avatar\/e8720df08f5c466573fb9f3d6cec14bcac9a305e2049123e58e6bc9c03f3a77b?s=96&d=mm&r=g","width":96,"height":96,"caption":"Ana Lucia Vergara"}},{"@type":"WebPage","@id":"https:\/\/cauceecologico.org\/?p=5079#webpage","url":"https:\/\/cauceecologico.org\/?p=5079","name":"Relevamiento de productoras y productores entrerrianos con inter\u00e9s en la agroecolog\u00eda - CAUCE","description":"Fundaci\u00f3n CAUCE promueve la agroecolog\u00eda como un sistema de producci\u00f3n sustentable fundamental para la conservaci\u00f3n de la biodiversidad, la preservaci\u00f3n del conocimiento local y la soberan\u00eda alimentaria. La entendemos como una pr\u00e1ctica, una ciencia y un movimiento que influye en la alimentaci\u00f3n, la salud, la econom\u00eda, el ambiente, la cultura, la pol\u00edtica y la vida","inLanguage":"es-ES","isPartOf":{"@id":"https:\/\/cauceecologico.org\/#website"},"breadcrumb":{"@id":"https:\/\/cauceecologico.org\/?p=5079#breadcrumblist"},"author":{"@id":"https:\/\/cauceecologico.org\/?author=2#author"},"creator":{"@id":"https:\/\/cauceecologico.org\/?author=2#author"},"image":{"@type":"ImageObject","url":"https:\/\/cauceecologico.org\/wp-content\/uploads\/2022\/01\/19_Minhoca-scaled.jpg","@id":"https:\/\/cauceecologico.org\/?p=5079\/#mainImage","width":2560,"height":1709},"primaryImageOfPage":{"@id":"https:\/\/cauceecologico.org\/?p=5079#mainImage"},"datePublished":"2024-09-09T13:49:25+00:00","dateModified":"2024-09-09T14:18:54+00:00"},{"@type":"WebSite","@id":"https:\/\/cauceecologico.org\/#website","url":"https:\/\/cauceecologico.org\/","name":"CAUCE","description":"Cultura Ambiental - Causa Ecologista","inLanguage":"es-ES","publisher":{"@id":"https:\/\/cauceecologico.org\/#organization"}}]},"og:locale":"es_ES","og:site_name":"CAUCE - Cultura Ambiental - Causa Ecologista","og:type":"article","og:title":"Relevamiento de productoras y productores entrerrianos con inter\u00e9s en la agroecolog\u00eda - CAUCE","og:description":"Fundaci\u00f3n CAUCE promueve la agroecolog\u00eda como un sistema de producci\u00f3n sustentable fundamental para la conservaci\u00f3n de la biodiversidad, la preservaci\u00f3n del conocimiento local y la soberan\u00eda alimentaria. La entendemos como una pr\u00e1ctica, una ciencia y un movimiento que influye en la alimentaci\u00f3n, la salud, la econom\u00eda, el ambiente, la cultura, la pol\u00edtica y la vida","og:url":"https:\/\/cauceecologico.org\/?p=5079","article:published_time":"2024-09-09T13:49:25+00:00","article:modified_time":"2024-09-09T14:18:54+00:00","twitter:card":"summary_large_image","twitter:title":"Relevamiento de productoras y productores entrerrianos con inter\u00e9s en la agroecolog\u00eda - CAUCE","twitter:description":"Fundaci\u00f3n CAUCE promueve la agroecolog\u00eda como un sistema de producci\u00f3n sustentable fundamental para la conservaci\u00f3n de la biodiversidad, la preservaci\u00f3n del conocimiento local y la soberan\u00eda alimentaria. La entendemos como una pr\u00e1ctica, una ciencia y un movimiento que influye en la alimentaci\u00f3n, la salud, la econom\u00eda, el ambiente, la cultura, la pol\u00edtica y la vida"},"aioseo_meta_data":{"post_id":"5079","title":null,"description":null,"keywords":[],"keyphrases":{"focus":{"keyphrase":"","score":0,"analysis":{"keyphraseInTitle":{"score":0,"maxScore":9,"error":1}}},"additional":[]},"primary_term":null,"canonical_url":null,"og_title":null,"og_description":null,"og_object_type":"default","og_image_type":"default","og_image_url":null,"og_image_width":null,"og_image_height":null,"og_image_custom_url":null,"og_image_custom_fields":null,"og_video":"","og_custom_url":null,"og_article_section":null,"og_article_tags":[],"twitter_use_og":false,"twitter_card":"default","twitter_image_type":"default","twitter_image_url":null,"twitter_image_custom_url":null,"twitter_image_custom_fields":null,"twitter_title":null,"twitter_description":null,"schema":{"blockGraphs":[],"customGraphs":[],"default":{"data":{"Article":[],"Course":[],"Dataset":[],"FAQPage":[],"Movie":[],"Person":[],"Product":[],"ProductReview":[],"Car":[],"Recipe":[],"Service":[],"SoftwareApplication":[],"WebPage":[]},"graphName":"","isEnabled":true},"graphs":[]},"schema_type":"default","schema_type_options":null,"pillar_content":false,"robots_default":true,"robots_noindex":false,"robots_noarchive":false,"robots_nosnippet":false,"robots_nofollow":false,"robots_noimageindex":false,"robots_noodp":false,"robots_notranslate":false,"robots_max_snippet":"-1","robots_max_videopreview":"-1","robots_max_imagepreview":"large","priority":0,"frequency":"default","local_seo":null,"limit_modified_date":false,"created":"2024-09-09 13:35:45","updated":"2026-07-28 02:15:20","ai":null,"breadcrumb_settings":null,"seo_analyzer_scan_date":null},"aioseo_breadcrumb":"<div class=\"aioseo-breadcrumbs\"><span class=\"aioseo-breadcrumb\">\n\t\t\t<a href=\"https:\/\/cauceecologico.org\" title=\"Home\">Home<\/a>\n\t\t<\/span><span class=\"aioseo-breadcrumb-separator\">&raquo;<\/span><span class=\"aioseo-breadcrumb\">\n\t\t\t<a href=\"https:\/\/cauceecologico.org\/?cat=5\" title=\"Noticias\">Noticias<\/a>\n\t\t<\/span><span class=\"aioseo-breadcrumb-separator\">&raquo;<\/span><span class=\"aioseo-breadcrumb\">\n\t\t\tRelevamiento de productoras y productores entrerrianos con inter\u00e9s en la agroecolog\u00eda\n\t\t<\/span><\/div>","aioseo_breadcrumb_json":[{"label":"Home","link":"https:\/\/cauceecologico.org"},{"label":"Noticias","link":"https:\/\/cauceecologico.org\/?cat=5"},{"label":"Relevamiento de productoras y productores entrerrianos con inter\u00e9s en la agroecolog\u00eda","link":"https:\/\/cauceecologico.org\/?p=5079"}],"_links":{"self":[{"href":"https:\/\/cauceecologico.org\/index.php?rest_route=\/wp\/v2\/posts\/5079","targetHints":{"allow":["GET"]}}],"collection":[{"href":"https:\/\/cauceecologico.org\/index.php?rest_route=\/wp\/v2\/posts"}],"about":[{"href":"https:\/\/cauceecologico.org\/index.php?rest_route=\/wp\/v2\/types\/post"}],"author":[{"embeddable":true,"href":"https:\/\/cauceecologico.org\/index.php?rest_route=\/wp\/v2\/users\/2"}],"replies":[{"embeddable":true,"href":"https:\/\/cauceecologico.org\/index.php?rest_route=%2Fwp%2Fv2%2Fcomments&post=5079"}],"version-history":[{"count":10,"href":"https:\/\/cauceecologico.org\/index.php?rest_route=\/wp\/v2\/posts\/5079\/revisions"}],"predecessor-version":[{"id":5089,"href":"https:\/\/cauceecologico.org\/index.php?rest_route=\/wp\/v2\/posts\/5079\/revisions\/5089"}],"wp:featuredmedia":[{"embeddable":true,"href":"https:\/\/cauceecologico.org\/index.php?rest_route=\/wp\/v2\/media\/3413"}],"wp:attachment":[{"href":"https:\/\/cauceecologico.org\/index.php?rest_route=%2Fwp%2Fv2%2Fmedia&parent=5079"}],"wp:term":[{"taxonomy":"category","embeddable":true,"href":"https:\/\/cauceecologico.org\/index.php?rest_route=%2Fwp%2Fv2%2Fcategories&post=5079"},{"taxonomy":"post_tag","embeddable":true,"href":"https:\/\/cauceecologico.org\/index.php?rest_route=%2Fwp%2Fv2%2Ftags&post=5079"}],"curies":[{"name":"wp","href":"https:\/\/api.w.org\/{rel}","templated":true}]}}