{"id":5154,"date":"2024-10-31T18:44:34","date_gmt":"2024-10-31T18:44:34","guid":{"rendered":"https:\/\/cauceecologico.org\/?p=5154"},"modified":"2024-12-02T13:15:36","modified_gmt":"2024-12-02T13:15:36","slug":"el-festival-ambiental-alma-delta-tuvo-su-sexta-edicion-en-parana","status":"publish","type":"post","link":"https:\/\/cauceecologico.org\/?p=5154","title":{"rendered":"El festival ambiental Alma Delta tuvo su sexta edici\u00f3n en Paran\u00e1"},"content":{"rendered":"<p><strong>Por la naturaleza y el bien com\u00fan fue el eje de la sexta edici\u00f3n del festival de cultura ambiental Alma Delta, organizado por Fundaci\u00f3n CAUCE: Cultura Ambiental \u2013 Causa Ecologista. El evento, declarado de inter\u00e9s cultural por la Secretar\u00eda de Cultura del Gobierno de Entre R\u00edos, reuni\u00f3 a artistas, activistas, productores agroecol\u00f3gicos, y comunidad en general para celebrar y defender el ambiente como derecho humano fundamental.<\/strong><\/p>\n<p>El Festival Alma Delta propone cada a\u00f1o un espacio de arte, cultura y educaci\u00f3n para la construcci\u00f3n y la participaci\u00f3n ciudadana, en defensa y cuidado del ambiente: un derecho humano fundamental para el bien com\u00fan. En un contexto de crisis ecosocial global y ante el negacionismo del cambio clim\u00e1tico y de los impactos de la actividad humana sobre el planeta, CAUCE contin\u00faa construyendo redes de ternura, empat\u00eda y solidaridad para la protecci\u00f3n de nuestros territorios.<\/p>\n<p>La programaci\u00f3n de la edici\u00f3n 2024 se inaugur\u00f3 con la proyecci\u00f3n de la pel\u00edcula <em>El mal no existe<\/em> (Ry\u00fbsuke Hamaguchi, 2023) en el Instituto Aut\u00e1rquico Audiovisual de Entre R\u00edos, desarrollada el jueves 24 de octubre.<\/p>\n<p>El s\u00e1bado 26, en La Vieja Usina, se convoc\u00f3 a un taller de poemas para la naturaleza, a cargo de la poeta Roc\u00edo Lanfranco, quien adem\u00e1s coordin\u00f3 \u2013en el marco del festival\u2013 un taller en la Escuela Toma Nueva junto a la docente Noelia Gipler. De esta experiencia de escritura y registro sobre el territorio que circunda la escuela, surgieron fotos y poemas que se compartieron y distribuyeron durante el festival en forma de postales.<\/p>\n<p>Por la tarde se realiz\u00f3 la obra teatral para infancias <em>Payasos contra el clima<\/em>, de la Compa\u00f1\u00eda Los Macanos, al tiempo que qued\u00f3 abierta desde las 18:00 una feria de emprendimientos de la que participaron 18 feriantes. Incluy\u00f3 propuestas de alimentaci\u00f3n agroecol\u00f3gica, cer\u00e1mica, moda circular, juegos de mesa sobre biodiversidad, dise\u00f1o y bioproductos para la higiene y el cuidado para la salud, entre otros. Se trata de un espacio que crece en cada edici\u00f3n y conecta a la comunidad con nuevos proyectos sustentables.<\/p>\n<p><a href=\"http:\/\/cauceecologico.org\/wp-content\/uploads\/2024\/10\/CALCO.jpg\"><img loading=\"lazy\" decoding=\"async\" class=\"aligncenter size-full wp-image-5156\" src=\"http:\/\/cauceecologico.org\/wp-content\/uploads\/2024\/10\/CALCO.jpg\" alt=\"\" width=\"2656\" height=\"1771\" \/><\/a><\/p>\n<p>Adem\u00e1s, tuvo lugar un taller coordinado por Tatiana Wolkovicz, del emprendimiento Naturalito Andino, en el que se invit\u00f3 a cocinar con ingredientes y yuyos de nuestra regi\u00f3n, impulsando el consumo de alimentos cultivados y elaborados por productores locales.<\/p>\n<p>Entre los espect\u00e1culos musicales, el escenario cont\u00f3 con la presentaci\u00f3n del Tr\u00edo Emilia CERSOFIO \u2013 Silvia SALOMONE \u2013 Florencia DI ST\u00c9FANO, con un recital de composiciones propias y canciones versionadas, as\u00ed como del set en vivo de la artista Roma Acosta, con la participaci\u00f3n especial de la bandoneonista Susana Ratcliff.<\/p>\n<p>Por su parte, en la sala de convenciones de La Vieja Usina se present\u00f3 la Orquesta Sinf\u00f3nica de Entre R\u00edos, con la direcci\u00f3n de Diego Nasser.<\/p>\n<p>Acompa\u00f1aron las organizaciones Hacemos Verde, Comunidad Guaran\u00ed \u00ce Ogareheg\u00fci de Paran\u00e1 y Parque San Mart\u00edn &#8211; Parque Escolar Rural Enrique Berduc.<\/p>\n<p>Fundaci\u00f3n CAUCE es una organizaci\u00f3n comprometida con el cuidado del ambiente y los territorios que impulsa espacios de colaboraci\u00f3n desde el arte, la cultura, la comunicaci\u00f3n, la ciencia, el activismo y la educaci\u00f3n. Realiza el festival Alma Delta desde el a\u00f1o 2019.<\/p>\n<p>&nbsp;<\/p>\n\n\t\t<style type=\"text\/css\">\n\t\t\t#gallery-1 {\n\t\t\t\tmargin: auto;\n\t\t\t}\n\t\t\t#gallery-1 .gallery-item {\n\t\t\t\tfloat: left;\n\t\t\t\tmargin-top: 10px;\n\t\t\t\ttext-align: center;\n\t\t\t\twidth: 33%;\n\t\t\t}\n\t\t\t#gallery-1 img {\n\t\t\t\tborder: 2px solid #cfcfcf;\n\t\t\t}\n\t\t\t#gallery-1 .gallery-caption {\n\t\t\t\tmargin-left: 0;\n\t\t\t}\n\t\t\t\/* see gallery_shortcode() in wp-includes\/media.php *\/\n\t\t<\/style>\n\t\t<div id='gallery-1' class='gallery galleryid-5154 gallery-columns-3 gallery-size-large'><dl class='gallery-item'>\n\t\t\t<dt class='gallery-icon landscape'>\n\t\t\t\t<a href='https:\/\/cauceecologico.org\/?attachment_id=5160'><img loading=\"lazy\" decoding=\"async\" width=\"740\" height=\"494\" src=\"https:\/\/cauceecologico.org\/wp-content\/uploads\/2024\/10\/STAND-Y-LDH.jpg\" class=\"attachment-large size-large\" alt=\"\" \/><\/a>\n\t\t\t<\/dt><\/dl><dl class='gallery-item'>\n\t\t\t<dt class='gallery-icon landscape'>\n\t\t\t\t<a href='https:\/\/cauceecologico.org\/?attachment_id=5162'><img loading=\"lazy\" decoding=\"async\" width=\"740\" height=\"493\" src=\"https:\/\/cauceecologico.org\/wp-content\/uploads\/2024\/10\/FERIA-CL.jpg\" class=\"attachment-large size-large\" alt=\"\" \/><\/a>\n\t\t\t<\/dt><\/dl><dl class='gallery-item'>\n\t\t\t<dt class='gallery-icon landscape'>\n\t\t\t\t<a href='https:\/\/cauceecologico.org\/?attachment_id=5163'><img loading=\"lazy\" decoding=\"async\" width=\"740\" height=\"493\" src=\"https:\/\/cauceecologico.org\/wp-content\/uploads\/2024\/10\/PAYASOS.jpg\" class=\"attachment-large size-large\" alt=\"\" \/><\/a>\n\t\t\t<\/dt><\/dl><br style=\"clear: both\" \/><dl class='gallery-item'>\n\t\t\t<dt class='gallery-icon landscape'>\n\t\t\t\t<a href='https:\/\/cauceecologico.org\/?attachment_id=5166'><img loading=\"lazy\" decoding=\"async\" width=\"740\" height=\"493\" src=\"https:\/\/cauceecologico.org\/wp-content\/uploads\/2024\/10\/TALLER-COCINA.jpg\" class=\"attachment-large size-large\" alt=\"\" \/><\/a>\n\t\t\t<\/dt><\/dl><dl class='gallery-item'>\n\t\t\t<dt class='gallery-icon landscape'>\n\t\t\t\t<a href='https:\/\/cauceecologico.org\/?attachment_id=5168'><img loading=\"lazy\" decoding=\"async\" width=\"740\" height=\"493\" src=\"https:\/\/cauceecologico.org\/wp-content\/uploads\/2024\/10\/TALLEREANDO.jpg\" class=\"attachment-large size-large\" alt=\"\" \/><\/a>\n\t\t\t<\/dt><\/dl><dl class='gallery-item'>\n\t\t\t<dt class='gallery-icon landscape'>\n\t\t\t\t<a href='https:\/\/cauceecologico.org\/?attachment_id=5167'><img loading=\"lazy\" decoding=\"async\" width=\"740\" height=\"493\" src=\"https:\/\/cauceecologico.org\/wp-content\/uploads\/2024\/10\/RO-CRIS-PAU.jpg\" class=\"attachment-large size-large\" alt=\"\" \/><\/a>\n\t\t\t<\/dt><\/dl><br style=\"clear: both\" \/><dl class='gallery-item'>\n\t\t\t<dt class='gallery-icon landscape'>\n\t\t\t\t<a href='https:\/\/cauceecologico.org\/?attachment_id=5158'><img loading=\"lazy\" decoding=\"async\" width=\"740\" height=\"494\" src=\"https:\/\/cauceecologico.org\/wp-content\/uploads\/2024\/10\/TRIO-C-D-S.jpg\" class=\"attachment-large size-large\" alt=\"\" \/><\/a>\n\t\t\t<\/dt><\/dl><dl class='gallery-item'>\n\t\t\t<dt class='gallery-icon landscape'>\n\t\t\t\t<a href='https:\/\/cauceecologico.org\/?attachment_id=5161'><img loading=\"lazy\" decoding=\"async\" width=\"740\" height=\"494\" src=\"https:\/\/cauceecologico.org\/wp-content\/uploads\/2024\/10\/ORQUESTA.jpg\" class=\"attachment-large size-large\" alt=\"\" \/><\/a>\n\t\t\t<\/dt><\/dl><dl class='gallery-item'>\n\t\t\t<dt class='gallery-icon landscape'>\n\t\t\t\t<a href='https:\/\/cauceecologico.org\/?attachment_id=5165'><img loading=\"lazy\" decoding=\"async\" width=\"740\" height=\"493\" src=\"https:\/\/cauceecologico.org\/wp-content\/uploads\/2024\/10\/ROMAAA.jpg\" class=\"attachment-large size-large\" alt=\"\" \/><\/a>\n\t\t\t<\/dt><\/dl><br style=\"clear: both\" \/><dl class='gallery-item'>\n\t\t\t<dt class='gallery-icon landscape'>\n\t\t\t\t<a href='https:\/\/cauceecologico.org\/?attachment_id=5164'><img loading=\"lazy\" decoding=\"async\" width=\"740\" height=\"493\" src=\"https:\/\/cauceecologico.org\/wp-content\/uploads\/2024\/10\/SUSANA-R.jpg\" class=\"attachment-large size-large\" alt=\"\" \/><\/a>\n\t\t\t<\/dt><\/dl><dl class='gallery-item'>\n\t\t\t<dt class='gallery-icon landscape'>\n\t\t\t\t<a href='https:\/\/cauceecologico.org\/?attachment_id=5170'><img loading=\"lazy\" decoding=\"async\" width=\"740\" height=\"494\" src=\"https:\/\/cauceecologico.org\/wp-content\/uploads\/2024\/10\/PUB.jpg\" class=\"attachment-large size-large\" alt=\"\" \/><\/a>\n\t\t\t<\/dt><\/dl><dl class='gallery-item'>\n\t\t\t<dt class='gallery-icon landscape'>\n\t\t\t\t<a href='https:\/\/cauceecologico.org\/?attachment_id=5171'><img loading=\"lazy\" decoding=\"async\" width=\"740\" height=\"493\" src=\"https:\/\/cauceecologico.org\/wp-content\/uploads\/2024\/10\/PUB-1.jpg\" class=\"attachment-large size-large\" alt=\"\" \/><\/a>\n\t\t\t<\/dt><\/dl><br style=\"clear: both\" \/>\n\t\t<\/div>\n\n<p><strong>Fotograf\u00edas: Luli Sosa Benintende y Pablo L\u00f3pez Arellano<\/strong><\/p>\n<blockquote class=\"instagram-media\" style=\"background: #FFF; border: 0; border-radius: 3px; box-shadow: 0 0 1px 0 rgba(0,0,0,0.5),0 1px 10px 0 rgba(0,0,0,0.15); margin: 1px; max-width: 540px; min-width: 326px; padding: 0; width: calc(100% - 2px);\" data-instgrm-captioned=\"\" data-instgrm-permalink=\"https:\/\/www.instagram.com\/reel\/DButIKtvBD1\/?utm_source=ig_embed&amp;utm_campaign=loading\" data-instgrm-version=\"14\">\n<div style=\"padding: 16px;\">\n<p>&nbsp;<\/p>\n<div style=\"display: flex; flex-direction: row; align-items: center;\">\n<div style=\"background-color: #f4f4f4; border-radius: 50%; flex-grow: 0; height: 40px; margin-right: 14px; width: 40px;\"><\/div>\n<div style=\"display: flex; flex-direction: column; flex-grow: 1; justify-content: center;\">\n<div style=\"background-color: #f4f4f4; border-radius: 4px; flex-grow: 0; height: 14px; margin-bottom: 6px; width: 100px;\"><\/div>\n<div style=\"background-color: #f4f4f4; border-radius: 4px; flex-grow: 0; height: 14px; width: 60px;\"><\/div>\n<\/div>\n<\/div>\n<div style=\"padding: 19% 0;\"><\/div>\n<div style=\"display: block; height: 50px; margin: 0 auto 12px; width: 50px;\"><\/div>\n<div style=\"padding-top: 8px;\">\n<div style=\"color: #3897f0; font-family: Arial,sans-serif; font-size: 14px; font-style: normal; font-weight: 550; line-height: 18px;\">Ver esta publicaci\u00f3n en Instagram<\/div>\n<\/div>\n<div style=\"padding: 12.5% 0;\"><\/div>\n<div style=\"display: flex; flex-direction: row; margin-bottom: 14px; align-items: center;\">\n<div>\n<div style=\"background-color: #f4f4f4; border-radius: 50%; height: 12.5px; width: 12.5px; transform: translateX(0px) translateY(7px);\"><\/div>\n<div style=\"background-color: #f4f4f4; height: 12.5px; transform: rotate(-45deg) translateX(3px) translateY(1px); width: 12.5px; flex-grow: 0; margin-right: 14px; margin-left: 2px;\"><\/div>\n<div style=\"background-color: #f4f4f4; border-radius: 50%; height: 12.5px; width: 12.5px; transform: translateX(9px) translateY(-18px);\"><\/div>\n<\/div>\n<div style=\"margin-left: 8px;\">\n<div style=\"background-color: #f4f4f4; border-radius: 50%; flex-grow: 0; height: 20px; width: 20px;\"><\/div>\n<div style=\"width: 0; height: 0; border-top: 2px solid transparent; border-left: 6px solid #f4f4f4; border-bottom: 2px solid transparent; transform: translateX(16px) translateY(-4px) rotate(30deg);\"><\/div>\n<\/div>\n<div style=\"margin-left: auto;\">\n<div style=\"width: 0px; border-top: 8px solid #F4F4F4; border-right: 8px solid transparent; transform: translateY(16px);\"><\/div>\n<div style=\"background-color: #f4f4f4; flex-grow: 0; height: 12px; width: 16px; transform: translateY(-4px);\"><\/div>\n<div style=\"width: 0; height: 0; border-top: 8px solid #F4F4F4; border-left: 8px solid transparent; transform: translateY(-4px) translateX(8px);\"><\/div>\n<\/div>\n<\/div>\n<div style=\"display: flex; flex-direction: column; flex-grow: 1; justify-content: center; margin-bottom: 24px;\">\n<div style=\"background-color: #f4f4f4; border-radius: 4px; flex-grow: 0; height: 14px; margin-bottom: 6px; width: 224px;\"><\/div>\n<div style=\"background-color: #f4f4f4; border-radius: 4px; flex-grow: 0; height: 14px; width: 144px;\"><\/div>\n<\/div>\n<p>&nbsp;<\/p>\n<p style=\"color: #c9c8cd; font-family: Arial,sans-serif; font-size: 14px; line-height: 17px; margin-bottom: 0; margin-top: 8px; overflow: hidden; padding: 8px 0 7px; text-align: center; text-overflow: ellipsis; white-space: nowrap;\"><a style=\"color: #c9c8cd; font-family: Arial,sans-serif; font-size: 14px; font-style: normal; font-weight: normal; line-height: 17px; text-decoration: none;\" href=\"https:\/\/www.instagram.com\/reel\/DButIKtvBD1\/?utm_source=ig_embed&amp;utm_campaign=loading\" target=\"_blank\" rel=\"noopener\">Una publicaci\u00f3n compartida de Fundaci\u00f3n CAUCE (@cauce_ecologico)<\/a><\/p>\n<\/div>\n<\/blockquote>\n<p><script async src=\"\/\/www.instagram.com\/embed.js\"><\/script><\/p>\n<p><em><strong>Relacionadas:<\/strong><\/em><\/p>\n<p><span style=\"color: #3366ff;\"><a style=\"color: #3366ff;\" href=\"https:\/\/cauceecologico.org\/?p=4548\"><strong><span class=\"x19la9d6 x1fc57z9 x6ikm8r x10wlt62 x19co3pv x1g5zs5t xfibh0p xiy17q3 x1xsqp64 x1lkfr7t xexx8yu x4uap5 x18d9i69 xkhd6sd\"><span class=\"xrtxmta x1bhl96m\">&#x27a1;&#xfe0f;<\/span><\/span>Un festival por los corredores bioculturale<\/strong>s<\/a><\/span><\/p>\n<p><strong><span style=\"color: #3366ff;\"><a style=\"color: #3366ff;\" href=\"https:\/\/cauceecologico.org\/?p=4017\"><span class=\"x19la9d6 x1fc57z9 x6ikm8r x10wlt62 x19co3pv x1g5zs5t xfibh0p xiy17q3 x1xsqp64 x1lkfr7t xexx8yu x4uap5 x18d9i69 xkhd6sd\"><span class=\"xrtxmta x1bhl96m\">&#x27a1;&#xfe0f;<\/span><\/span>Pas\u00f3 la cuarta edici\u00f3n de nuestro festival ambiental Alma Delta<\/a><\/span><\/strong><\/p>\n","protected":false},"excerpt":{"rendered":"<p>Por la naturaleza y el bien com\u00fan fue el eje de la sexta edici\u00f3n del festival de cultura ambiental Alma Delta, organizado por Fundaci\u00f3n CAUCE: Cultura Ambiental \u2013 Causa Ecologista. El evento, declarado de inter\u00e9s cultural por la Secretar\u00eda de Cultura del Gobierno de Entre R\u00edos, reuni\u00f3 a artistas, activistas, productores agroecol\u00f3gicos, y comunidad en [&hellip;]<\/p>\n","protected":false},"author":5,"featured_media":5157,"comment_status":"open","ping_status":"open","sticky":false,"template":"","format":"standard","meta":{"om_disable_all_campaigns":false,"_monsterinsights_skip_tracking":false,"amp_status":"","footnotes":""},"categories":[276,5],"tags":[],"class_list":["post-5154","post","type-post","status-publish","format-standard","has-post-thumbnail","hentry","category-delta","category-noticias"],"aioseo_notices":[],"aioseo_head":"\n\t\t<!-- All in One SEO 4.9.10 - aioseo.com -->\n\t<meta name=\"description\" content=\"Por la naturaleza y el bien com\u00fan fue el eje de la sexta edici\u00f3n del festival de cultura ambiental Alma Delta, organizado por Fundaci\u00f3n CAUCE: Cultura Ambiental \u2013 Causa Ecologista. El evento, declarado de inter\u00e9s cultural por la Secretar\u00eda de Cultura del Gobierno de Entre R\u00edos, reuni\u00f3 a artistas, activistas, productores agroecol\u00f3gicos, y comunidad en\" \/>\n\t<meta name=\"robots\" content=\"max-image-preview:large\" \/>\n\t<meta name=\"author\" content=\"Rocio Fernadez Dobal\"\/>\n\t<link rel=\"canonical\" href=\"https:\/\/cauceecologico.org\/?p=5154\" \/>\n\t<meta name=\"generator\" content=\"All in One SEO (AIOSEO) 4.9.10\" \/>\n\t\t<meta property=\"og:locale\" content=\"es_ES\" \/>\n\t\t<meta property=\"og:site_name\" content=\"CAUCE - Cultura Ambiental - Causa Ecologista\" \/>\n\t\t<meta property=\"og:type\" content=\"article\" \/>\n\t\t<meta property=\"og:title\" content=\"El festival ambiental Alma Delta tuvo su sexta edici\u00f3n en Paran\u00e1 - CAUCE\" \/>\n\t\t<meta property=\"og:description\" content=\"Por la naturaleza y el bien com\u00fan fue el eje de la sexta edici\u00f3n del festival de cultura ambiental Alma Delta, organizado por Fundaci\u00f3n CAUCE: Cultura Ambiental \u2013 Causa Ecologista. El evento, declarado de inter\u00e9s cultural por la Secretar\u00eda de Cultura del Gobierno de Entre R\u00edos, reuni\u00f3 a artistas, activistas, productores agroecol\u00f3gicos, y comunidad en\" \/>\n\t\t<meta property=\"og:url\" content=\"https:\/\/cauceecologico.org\/?p=5154\" \/>\n\t\t<meta property=\"article:published_time\" content=\"2024-10-31T18:44:34+00:00\" \/>\n\t\t<meta property=\"article:modified_time\" content=\"2024-12-02T13:15:36+00:00\" \/>\n\t\t<meta name=\"twitter:card\" content=\"summary_large_image\" \/>\n\t\t<meta name=\"twitter:title\" content=\"El festival ambiental Alma Delta tuvo su sexta edici\u00f3n en Paran\u00e1 - CAUCE\" \/>\n\t\t<meta name=\"twitter:description\" content=\"Por la naturaleza y el bien com\u00fan fue el eje de la sexta edici\u00f3n del festival de cultura ambiental Alma Delta, organizado por Fundaci\u00f3n CAUCE: Cultura Ambiental \u2013 Causa Ecologista. El evento, declarado de inter\u00e9s cultural por la Secretar\u00eda de Cultura del Gobierno de Entre R\u00edos, reuni\u00f3 a artistas, activistas, productores agroecol\u00f3gicos, y comunidad en\" \/>\n\t\t<script type=\"application\/ld+json\" class=\"aioseo-schema\">\n\t\t\t{\"@context\":\"https:\\\/\\\/schema.org\",\"@graph\":[{\"@type\":\"BlogPosting\",\"@id\":\"https:\\\/\\\/cauceecologico.org\\\/?p=5154#blogposting\",\"name\":\"El festival ambiental Alma Delta tuvo su sexta edici\\u00f3n en Paran\\u00e1 - CAUCE\",\"headline\":\"El festival ambiental Alma Delta tuvo su sexta edici\\u00f3n en Paran\\u00e1\",\"author\":{\"@id\":\"https:\\\/\\\/cauceecologico.org\\\/?author=5#author\"},\"publisher\":{\"@id\":\"https:\\\/\\\/cauceecologico.org\\\/#organization\"},\"image\":{\"@type\":\"ImageObject\",\"url\":\"https:\\\/\\\/cauceecologico.org\\\/wp-content\\\/uploads\\\/2024\\\/10\\\/FERIA-DIA.jpg\",\"width\":1500,\"height\":1001},\"datePublished\":\"2024-10-31T18:44:34+00:00\",\"dateModified\":\"2024-12-02T13:15:36+00:00\",\"inLanguage\":\"es-ES\",\"mainEntityOfPage\":{\"@id\":\"https:\\\/\\\/cauceecologico.org\\\/?p=5154#webpage\"},\"isPartOf\":{\"@id\":\"https:\\\/\\\/cauceecologico.org\\\/?p=5154#webpage\"},\"articleSection\":\"Delta, Noticias\"},{\"@type\":\"BreadcrumbList\",\"@id\":\"https:\\\/\\\/cauceecologico.org\\\/?p=5154#breadcrumblist\",\"itemListElement\":[{\"@type\":\"ListItem\",\"@id\":\"https:\\\/\\\/cauceecologico.org#listItem\",\"position\":1,\"name\":\"Home\",\"item\":\"https:\\\/\\\/cauceecologico.org\",\"nextItem\":{\"@type\":\"ListItem\",\"@id\":\"https:\\\/\\\/cauceecologico.org\\\/?cat=5#listItem\",\"name\":\"Noticias\"}},{\"@type\":\"ListItem\",\"@id\":\"https:\\\/\\\/cauceecologico.org\\\/?cat=5#listItem\",\"position\":2,\"name\":\"Noticias\",\"item\":\"https:\\\/\\\/cauceecologico.org\\\/?cat=5\",\"nextItem\":{\"@type\":\"ListItem\",\"@id\":\"https:\\\/\\\/cauceecologico.org\\\/?p=5154#listItem\",\"name\":\"El festival ambiental Alma Delta tuvo su sexta edici\\u00f3n en Paran\\u00e1\"},\"previousItem\":{\"@type\":\"ListItem\",\"@id\":\"https:\\\/\\\/cauceecologico.org#listItem\",\"name\":\"Home\"}},{\"@type\":\"ListItem\",\"@id\":\"https:\\\/\\\/cauceecologico.org\\\/?p=5154#listItem\",\"position\":3,\"name\":\"El festival ambiental Alma Delta tuvo su sexta edici\\u00f3n en Paran\\u00e1\",\"previousItem\":{\"@type\":\"ListItem\",\"@id\":\"https:\\\/\\\/cauceecologico.org\\\/?cat=5#listItem\",\"name\":\"Noticias\"}}]},{\"@type\":\"Organization\",\"@id\":\"https:\\\/\\\/cauceecologico.org\\\/#organization\",\"name\":\"CAUCE\",\"description\":\"Cultura Ambiental - Causa Ecologista\",\"url\":\"https:\\\/\\\/cauceecologico.org\\\/\"},{\"@type\":\"Person\",\"@id\":\"https:\\\/\\\/cauceecologico.org\\\/?author=5#author\",\"url\":\"https:\\\/\\\/cauceecologico.org\\\/?author=5\",\"name\":\"Rocio Fernadez Dobal\",\"image\":{\"@type\":\"ImageObject\",\"@id\":\"https:\\\/\\\/cauceecologico.org\\\/?p=5154#authorImage\",\"url\":\"https:\\\/\\\/secure.gravatar.com\\\/avatar\\\/0e12a66c907f8480df050de074b5b58070b1d7ad51f067e186cffc71e35dfa04?s=96&d=mm&r=g\",\"width\":96,\"height\":96,\"caption\":\"Rocio Fernadez Dobal\"}},{\"@type\":\"WebPage\",\"@id\":\"https:\\\/\\\/cauceecologico.org\\\/?p=5154#webpage\",\"url\":\"https:\\\/\\\/cauceecologico.org\\\/?p=5154\",\"name\":\"El festival ambiental Alma Delta tuvo su sexta edici\\u00f3n en Paran\\u00e1 - CAUCE\",\"description\":\"Por la naturaleza y el bien com\\u00fan fue el eje de la sexta edici\\u00f3n del festival de cultura ambiental Alma Delta, organizado por Fundaci\\u00f3n CAUCE: Cultura Ambiental \\u2013 Causa Ecologista. El evento, declarado de inter\\u00e9s cultural por la Secretar\\u00eda de Cultura del Gobierno de Entre R\\u00edos, reuni\\u00f3 a artistas, activistas, productores agroecol\\u00f3gicos, y comunidad en\",\"inLanguage\":\"es-ES\",\"isPartOf\":{\"@id\":\"https:\\\/\\\/cauceecologico.org\\\/#website\"},\"breadcrumb\":{\"@id\":\"https:\\\/\\\/cauceecologico.org\\\/?p=5154#breadcrumblist\"},\"author\":{\"@id\":\"https:\\\/\\\/cauceecologico.org\\\/?author=5#author\"},\"creator\":{\"@id\":\"https:\\\/\\\/cauceecologico.org\\\/?author=5#author\"},\"image\":{\"@type\":\"ImageObject\",\"url\":\"https:\\\/\\\/cauceecologico.org\\\/wp-content\\\/uploads\\\/2024\\\/10\\\/FERIA-DIA.jpg\",\"@id\":\"https:\\\/\\\/cauceecologico.org\\\/?p=5154\\\/#mainImage\",\"width\":1500,\"height\":1001},\"primaryImageOfPage\":{\"@id\":\"https:\\\/\\\/cauceecologico.org\\\/?p=5154#mainImage\"},\"datePublished\":\"2024-10-31T18:44:34+00:00\",\"dateModified\":\"2024-12-02T13:15:36+00:00\"},{\"@type\":\"WebSite\",\"@id\":\"https:\\\/\\\/cauceecologico.org\\\/#website\",\"url\":\"https:\\\/\\\/cauceecologico.org\\\/\",\"name\":\"CAUCE\",\"description\":\"Cultura Ambiental - Causa Ecologista\",\"inLanguage\":\"es-ES\",\"publisher\":{\"@id\":\"https:\\\/\\\/cauceecologico.org\\\/#organization\"}}]}\n\t\t<\/script>\n\t\t<!-- All in One SEO -->\n\n","aioseo_head_json":{"title":"El festival ambiental Alma Delta tuvo su sexta edici\u00f3n en Paran\u00e1 - CAUCE","description":"Por la naturaleza y el bien com\u00fan fue el eje de la sexta edici\u00f3n del festival de cultura ambiental Alma Delta, organizado por Fundaci\u00f3n CAUCE: Cultura Ambiental \u2013 Causa Ecologista. El evento, declarado de inter\u00e9s cultural por la Secretar\u00eda de Cultura del Gobierno de Entre R\u00edos, reuni\u00f3 a artistas, activistas, productores agroecol\u00f3gicos, y comunidad en","canonical_url":"https:\/\/cauceecologico.org\/?p=5154","robots":"max-image-preview:large","keywords":"","webmasterTools":{"miscellaneous":""},"schema":{"@context":"https:\/\/schema.org","@graph":[{"@type":"BlogPosting","@id":"https:\/\/cauceecologico.org\/?p=5154#blogposting","name":"El festival ambiental Alma Delta tuvo su sexta edici\u00f3n en Paran\u00e1 - CAUCE","headline":"El festival ambiental Alma Delta tuvo su sexta edici\u00f3n en Paran\u00e1","author":{"@id":"https:\/\/cauceecologico.org\/?author=5#author"},"publisher":{"@id":"https:\/\/cauceecologico.org\/#organization"},"image":{"@type":"ImageObject","url":"https:\/\/cauceecologico.org\/wp-content\/uploads\/2024\/10\/FERIA-DIA.jpg","width":1500,"height":1001},"datePublished":"2024-10-31T18:44:34+00:00","dateModified":"2024-12-02T13:15:36+00:00","inLanguage":"es-ES","mainEntityOfPage":{"@id":"https:\/\/cauceecologico.org\/?p=5154#webpage"},"isPartOf":{"@id":"https:\/\/cauceecologico.org\/?p=5154#webpage"},"articleSection":"Delta, Noticias"},{"@type":"BreadcrumbList","@id":"https:\/\/cauceecologico.org\/?p=5154#breadcrumblist","itemListElement":[{"@type":"ListItem","@id":"https:\/\/cauceecologico.org#listItem","position":1,"name":"Home","item":"https:\/\/cauceecologico.org","nextItem":{"@type":"ListItem","@id":"https:\/\/cauceecologico.org\/?cat=5#listItem","name":"Noticias"}},{"@type":"ListItem","@id":"https:\/\/cauceecologico.org\/?cat=5#listItem","position":2,"name":"Noticias","item":"https:\/\/cauceecologico.org\/?cat=5","nextItem":{"@type":"ListItem","@id":"https:\/\/cauceecologico.org\/?p=5154#listItem","name":"El festival ambiental Alma Delta tuvo su sexta edici\u00f3n en Paran\u00e1"},"previousItem":{"@type":"ListItem","@id":"https:\/\/cauceecologico.org#listItem","name":"Home"}},{"@type":"ListItem","@id":"https:\/\/cauceecologico.org\/?p=5154#listItem","position":3,"name":"El festival ambiental Alma Delta tuvo su sexta edici\u00f3n en Paran\u00e1","previousItem":{"@type":"ListItem","@id":"https:\/\/cauceecologico.org\/?cat=5#listItem","name":"Noticias"}}]},{"@type":"Organization","@id":"https:\/\/cauceecologico.org\/#organization","name":"CAUCE","description":"Cultura Ambiental - Causa Ecologista","url":"https:\/\/cauceecologico.org\/"},{"@type":"Person","@id":"https:\/\/cauceecologico.org\/?author=5#author","url":"https:\/\/cauceecologico.org\/?author=5","name":"Rocio Fernadez Dobal","image":{"@type":"ImageObject","@id":"https:\/\/cauceecologico.org\/?p=5154#authorImage","url":"https:\/\/secure.gravatar.com\/avatar\/0e12a66c907f8480df050de074b5b58070b1d7ad51f067e186cffc71e35dfa04?s=96&d=mm&r=g","width":96,"height":96,"caption":"Rocio Fernadez Dobal"}},{"@type":"WebPage","@id":"https:\/\/cauceecologico.org\/?p=5154#webpage","url":"https:\/\/cauceecologico.org\/?p=5154","name":"El festival ambiental Alma Delta tuvo su sexta edici\u00f3n en Paran\u00e1 - CAUCE","description":"Por la naturaleza y el bien com\u00fan fue el eje de la sexta edici\u00f3n del festival de cultura ambiental Alma Delta, organizado por Fundaci\u00f3n CAUCE: Cultura Ambiental \u2013 Causa Ecologista. El evento, declarado de inter\u00e9s cultural por la Secretar\u00eda de Cultura del Gobierno de Entre R\u00edos, reuni\u00f3 a artistas, activistas, productores agroecol\u00f3gicos, y comunidad en","inLanguage":"es-ES","isPartOf":{"@id":"https:\/\/cauceecologico.org\/#website"},"breadcrumb":{"@id":"https:\/\/cauceecologico.org\/?p=5154#breadcrumblist"},"author":{"@id":"https:\/\/cauceecologico.org\/?author=5#author"},"creator":{"@id":"https:\/\/cauceecologico.org\/?author=5#author"},"image":{"@type":"ImageObject","url":"https:\/\/cauceecologico.org\/wp-content\/uploads\/2024\/10\/FERIA-DIA.jpg","@id":"https:\/\/cauceecologico.org\/?p=5154\/#mainImage","width":1500,"height":1001},"primaryImageOfPage":{"@id":"https:\/\/cauceecologico.org\/?p=5154#mainImage"},"datePublished":"2024-10-31T18:44:34+00:00","dateModified":"2024-12-02T13:15:36+00:00"},{"@type":"WebSite","@id":"https:\/\/cauceecologico.org\/#website","url":"https:\/\/cauceecologico.org\/","name":"CAUCE","description":"Cultura Ambiental - Causa Ecologista","inLanguage":"es-ES","publisher":{"@id":"https:\/\/cauceecologico.org\/#organization"}}]},"og:locale":"es_ES","og:site_name":"CAUCE - Cultura Ambiental - Causa Ecologista","og:type":"article","og:title":"El festival ambiental Alma Delta tuvo su sexta edici\u00f3n en Paran\u00e1 - CAUCE","og:description":"Por la naturaleza y el bien com\u00fan fue el eje de la sexta edici\u00f3n del festival de cultura ambiental Alma Delta, organizado por Fundaci\u00f3n CAUCE: Cultura Ambiental \u2013 Causa Ecologista. El evento, declarado de inter\u00e9s cultural por la Secretar\u00eda de Cultura del Gobierno de Entre R\u00edos, reuni\u00f3 a artistas, activistas, productores agroecol\u00f3gicos, y comunidad en","og:url":"https:\/\/cauceecologico.org\/?p=5154","article:published_time":"2024-10-31T18:44:34+00:00","article:modified_time":"2024-12-02T13:15:36+00:00","twitter:card":"summary_large_image","twitter:title":"El festival ambiental Alma Delta tuvo su sexta edici\u00f3n en Paran\u00e1 - CAUCE","twitter:description":"Por la naturaleza y el bien com\u00fan fue el eje de la sexta edici\u00f3n del festival de cultura ambiental Alma Delta, organizado por Fundaci\u00f3n CAUCE: Cultura Ambiental \u2013 Causa Ecologista. El evento, declarado de inter\u00e9s cultural por la Secretar\u00eda de Cultura del Gobierno de Entre R\u00edos, reuni\u00f3 a artistas, activistas, productores agroecol\u00f3gicos, y comunidad en"},"aioseo_meta_data":{"post_id":"5154","title":null,"description":null,"keywords":[],"keyphrases":{"focus":{"keyphrase":"","score":0,"analysis":{"keyphraseInTitle":{"score":0,"maxScore":9,"error":1}}},"additional":[]},"primary_term":null,"canonical_url":null,"og_title":null,"og_description":null,"og_object_type":"default","og_image_type":"default","og_image_url":null,"og_image_width":null,"og_image_height":null,"og_image_custom_url":null,"og_image_custom_fields":null,"og_video":"","og_custom_url":null,"og_article_section":null,"og_article_tags":[],"twitter_use_og":false,"twitter_card":"default","twitter_image_type":"default","twitter_image_url":null,"twitter_image_custom_url":null,"twitter_image_custom_fields":null,"twitter_title":null,"twitter_description":null,"schema":{"blockGraphs":[],"customGraphs":[],"default":{"data":{"Article":[],"Course":[],"Dataset":[],"FAQPage":[],"Movie":[],"Person":[],"Product":[],"ProductReview":[],"Car":[],"Recipe":[],"Service":[],"SoftwareApplication":[],"WebPage":[]},"graphName":"","isEnabled":true},"graphs":[]},"schema_type":"default","schema_type_options":null,"pillar_content":false,"robots_default":true,"robots_noindex":false,"robots_noarchive":false,"robots_nosnippet":false,"robots_nofollow":false,"robots_noimageindex":false,"robots_noodp":false,"robots_notranslate":false,"robots_max_snippet":"-1","robots_max_videopreview":"-1","robots_max_imagepreview":"large","priority":0,"frequency":"default","local_seo":null,"limit_modified_date":false,"created":"2024-10-30 22:46:53","updated":"2026-07-28 02:17:13","ai":null,"breadcrumb_settings":null,"seo_analyzer_scan_date":null},"aioseo_breadcrumb":"<div class=\"aioseo-breadcrumbs\"><span class=\"aioseo-breadcrumb\">\n\t\t\t<a href=\"https:\/\/cauceecologico.org\" title=\"Home\">Home<\/a>\n\t\t<\/span><span class=\"aioseo-breadcrumb-separator\">&raquo;<\/span><span class=\"aioseo-breadcrumb\">\n\t\t\t<a href=\"https:\/\/cauceecologico.org\/?cat=5\" title=\"Noticias\">Noticias<\/a>\n\t\t<\/span><span class=\"aioseo-breadcrumb-separator\">&raquo;<\/span><span class=\"aioseo-breadcrumb\">\n\t\t\tEl festival ambiental Alma Delta tuvo su sexta edici\u00f3n en Paran\u00e1\n\t\t<\/span><\/div>","aioseo_breadcrumb_json":[{"label":"Home","link":"https:\/\/cauceecologico.org"},{"label":"Noticias","link":"https:\/\/cauceecologico.org\/?cat=5"},{"label":"El festival ambiental Alma Delta tuvo su sexta edici\u00f3n en Paran\u00e1","link":"https:\/\/cauceecologico.org\/?p=5154"}],"_links":{"self":[{"href":"https:\/\/cauceecologico.org\/index.php?rest_route=\/wp\/v2\/posts\/5154","targetHints":{"allow":["GET"]}}],"collection":[{"href":"https:\/\/cauceecologico.org\/index.php?rest_route=\/wp\/v2\/posts"}],"about":[{"href":"https:\/\/cauceecologico.org\/index.php?rest_route=\/wp\/v2\/types\/post"}],"author":[{"embeddable":true,"href":"https:\/\/cauceecologico.org\/index.php?rest_route=\/wp\/v2\/users\/5"}],"replies":[{"embeddable":true,"href":"https:\/\/cauceecologico.org\/index.php?rest_route=%2Fwp%2Fv2%2Fcomments&post=5154"}],"version-history":[{"count":8,"href":"https:\/\/cauceecologico.org\/index.php?rest_route=\/wp\/v2\/posts\/5154\/revisions"}],"predecessor-version":[{"id":5176,"href":"https:\/\/cauceecologico.org\/index.php?rest_route=\/wp\/v2\/posts\/5154\/revisions\/5176"}],"wp:featuredmedia":[{"embeddable":true,"href":"https:\/\/cauceecologico.org\/index.php?rest_route=\/wp\/v2\/media\/5157"}],"wp:attachment":[{"href":"https:\/\/cauceecologico.org\/index.php?rest_route=%2Fwp%2Fv2%2Fmedia&parent=5154"}],"wp:term":[{"taxonomy":"category","embeddable":true,"href":"https:\/\/cauceecologico.org\/index.php?rest_route=%2Fwp%2Fv2%2Fcategories&post=5154"},{"taxonomy":"post_tag","embeddable":true,"href":"https:\/\/cauceecologico.org\/index.php?rest_route=%2Fwp%2Fv2%2Ftags&post=5154"}],"curies":[{"name":"wp","href":"https:\/\/api.w.org\/{rel}","templated":true}]}}