{"id":5265,"date":"2024-12-11T17:32:15","date_gmt":"2024-12-11T17:32:15","guid":{"rendered":"https:\/\/cauceecologico.org\/?p=5265"},"modified":"2024-12-11T17:32:15","modified_gmt":"2024-12-11T17:32:15","slug":"carta-al-presidente-del-bid-por-espacios-de-dialogo-con-la-sociedad-civil","status":"publish","type":"post","link":"https:\/\/cauceecologico.org\/?p=5265","title":{"rendered":"Carta al Presidente del BID por espacios de di\u00e1logo con la sociedad civil"},"content":{"rendered":"<p>Organizaciones que integramos el IDB Working Group enviamos una carta al presidente del BID, Ilan Goldfajn, con motivo de los compromisos asumidos en las Reuniones Anuales del Banco del a\u00f1o pasado en relaci\u00f3n con la sociedad civil y los espacios de di\u00e1logo y participaci\u00f3n a los que el Banco dar\u00eda lugar.<\/p>\n<p>La misma hace referencia al Plan de Acci\u00f3n del Relacionamiento del BID con Sociedad Civil; a la participaci\u00f3n de SC en la revisi\u00f3n y generaci\u00f3n de Estrategias Pa\u00eds y al espacio de debate y di\u00e1logo en las Reuniones Anuales del BID 2025, en Santiago, Chile.<\/p>\n<p>El escrito se\u00f1ala que determinadas cuestiones no se han cumplido de manera cierta a lo largo del a\u00f1o y que siguen siendo pendientes por parte del Presidente y del Banco, por lo cual se solicit\u00f3 una nueva reuni\u00f3n, de ser posible de manera presencial en las Anuales que se vienen, la \u00faltima semana de marzo de 2025.<\/p>\n<p><span style=\"color: #3366ff;\"><strong><a style=\"color: #3366ff;\" href=\"https:\/\/cauceecologico.org\/wp-content\/uploads\/2024\/12\/SPA-CSO-Letter-to-IDB-President-December-2024-2.pdf\">Leer carta<\/a><\/strong><\/span><\/p>\n<p>&nbsp;<\/p>\n<p><em>Relacionadas:<\/em><\/p>\n<p><span style=\"color: #3366ff;\"><a style=\"color: #3366ff;\" href=\"https:\/\/cauceecologico.org\/?p=4795\">Participaci\u00f3n de organizaciones en la reuni\u00f3n anual del BID<\/a><\/span><\/p>\n<p>&nbsp;<\/p>\n","protected":false},"excerpt":{"rendered":"<p>Organizaciones que integramos el IDB Working Group enviamos una carta al presidente del BID, Ilan Goldfajn, con motivo de los compromisos asumidos en las Reuniones Anuales del Banco del a\u00f1o pasado en relaci\u00f3n con la sociedad civil y los espacios de di\u00e1logo y participaci\u00f3n a los que el Banco dar\u00eda lugar. La misma hace referencia [&hellip;]<\/p>\n","protected":false},"author":2,"featured_media":4799,"comment_status":"open","ping_status":"open","sticky":false,"template":"","format":"standard","meta":{"om_disable_all_campaigns":false,"_monsterinsights_skip_tracking":false,"amp_status":"","footnotes":""},"categories":[277,111,5,1],"tags":[],"class_list":["post-5265","post","type-post","status-publish","format-standard","has-post-thumbnail","hentry","category-acciones-de-monitoreo","category-info-publica","category-noticias","category-uncategorized"],"aioseo_notices":[],"aioseo_head":"\n\t\t<!-- All in One SEO 4.9.10 - aioseo.com -->\n\t<meta name=\"description\" content=\"Organizaciones que integramos el IDB Working Group enviamos una carta al presidente del BID, Ilan Goldfajn, con motivo de los compromisos asumidos en las Reuniones Anuales del Banco del a\u00f1o pasado en relaci\u00f3n con la sociedad civil y los espacios de di\u00e1logo y participaci\u00f3n a los que el Banco dar\u00eda lugar. La misma hace referencia\" \/>\n\t<meta name=\"robots\" content=\"max-image-preview:large\" \/>\n\t<meta name=\"author\" content=\"Ana Lucia Vergara\"\/>\n\t<link rel=\"canonical\" href=\"https:\/\/cauceecologico.org\/?p=5265\" \/>\n\t<meta name=\"generator\" content=\"All in One SEO (AIOSEO) 4.9.10\" \/>\n\t\t<meta property=\"og:locale\" content=\"es_ES\" \/>\n\t\t<meta property=\"og:site_name\" content=\"CAUCE - Cultura Ambiental - Causa Ecologista\" \/>\n\t\t<meta property=\"og:type\" content=\"article\" \/>\n\t\t<meta property=\"og:title\" content=\"Carta al Presidente del BID por espacios de di\u00e1logo con la sociedad civil - CAUCE\" \/>\n\t\t<meta property=\"og:description\" content=\"Organizaciones que integramos el IDB Working Group enviamos una carta al presidente del BID, Ilan Goldfajn, con motivo de los compromisos asumidos en las Reuniones Anuales del Banco del a\u00f1o pasado en relaci\u00f3n con la sociedad civil y los espacios de di\u00e1logo y participaci\u00f3n a los que el Banco dar\u00eda lugar. La misma hace referencia\" \/>\n\t\t<meta property=\"og:url\" content=\"https:\/\/cauceecologico.org\/?p=5265\" \/>\n\t\t<meta property=\"article:published_time\" content=\"2024-12-11T17:32:15+00:00\" \/>\n\t\t<meta property=\"article:modified_time\" content=\"2024-12-11T17:32:15+00:00\" \/>\n\t\t<meta name=\"twitter:card\" content=\"summary_large_image\" \/>\n\t\t<meta name=\"twitter:title\" content=\"Carta al Presidente del BID por espacios de di\u00e1logo con la sociedad civil - CAUCE\" \/>\n\t\t<meta name=\"twitter:description\" content=\"Organizaciones que integramos el IDB Working Group enviamos una carta al presidente del BID, Ilan Goldfajn, con motivo de los compromisos asumidos en las Reuniones Anuales del Banco del a\u00f1o pasado en relaci\u00f3n con la sociedad civil y los espacios de di\u00e1logo y participaci\u00f3n a los que el Banco dar\u00eda lugar. La misma hace referencia\" \/>\n\t\t<script type=\"application\/ld+json\" class=\"aioseo-schema\">\n\t\t\t{\"@context\":\"https:\\\/\\\/schema.org\",\"@graph\":[{\"@type\":\"BlogPosting\",\"@id\":\"https:\\\/\\\/cauceecologico.org\\\/?p=5265#blogposting\",\"name\":\"Carta al Presidente del BID por espacios de di\\u00e1logo con la sociedad civil - CAUCE\",\"headline\":\"Carta al Presidente del BID por espacios de di\\u00e1logo con la sociedad civil\",\"author\":{\"@id\":\"https:\\\/\\\/cauceecologico.org\\\/?author=2#author\"},\"publisher\":{\"@id\":\"https:\\\/\\\/cauceecologico.org\\\/#organization\"},\"image\":{\"@type\":\"ImageObject\",\"url\":\"https:\\\/\\\/cauceecologico.org\\\/wp-content\\\/uploads\\\/2024\\\/03\\\/20240306_143719-2.jpg\",\"width\":2000,\"height\":1128},\"datePublished\":\"2024-12-11T17:32:15+00:00\",\"dateModified\":\"2024-12-11T17:32:15+00:00\",\"inLanguage\":\"es-ES\",\"mainEntityOfPage\":{\"@id\":\"https:\\\/\\\/cauceecologico.org\\\/?p=5265#webpage\"},\"isPartOf\":{\"@id\":\"https:\\\/\\\/cauceecologico.org\\\/?p=5265#webpage\"},\"articleSection\":\"Acciones de monitoreo, informaci\\u00f3n p\\u00fablica, Noticias, Uncategorized\"},{\"@type\":\"BreadcrumbList\",\"@id\":\"https:\\\/\\\/cauceecologico.org\\\/?p=5265#breadcrumblist\",\"itemListElement\":[{\"@type\":\"ListItem\",\"@id\":\"https:\\\/\\\/cauceecologico.org#listItem\",\"position\":1,\"name\":\"Home\",\"item\":\"https:\\\/\\\/cauceecologico.org\",\"nextItem\":{\"@type\":\"ListItem\",\"@id\":\"https:\\\/\\\/cauceecologico.org\\\/?cat=1#listItem\",\"name\":\"Uncategorized\"}},{\"@type\":\"ListItem\",\"@id\":\"https:\\\/\\\/cauceecologico.org\\\/?cat=1#listItem\",\"position\":2,\"name\":\"Uncategorized\",\"item\":\"https:\\\/\\\/cauceecologico.org\\\/?cat=1\",\"nextItem\":{\"@type\":\"ListItem\",\"@id\":\"https:\\\/\\\/cauceecologico.org\\\/?p=5265#listItem\",\"name\":\"Carta al Presidente del BID por espacios de di\\u00e1logo con la sociedad civil\"},\"previousItem\":{\"@type\":\"ListItem\",\"@id\":\"https:\\\/\\\/cauceecologico.org#listItem\",\"name\":\"Home\"}},{\"@type\":\"ListItem\",\"@id\":\"https:\\\/\\\/cauceecologico.org\\\/?p=5265#listItem\",\"position\":3,\"name\":\"Carta al Presidente del BID por espacios de di\\u00e1logo con la sociedad civil\",\"previousItem\":{\"@type\":\"ListItem\",\"@id\":\"https:\\\/\\\/cauceecologico.org\\\/?cat=1#listItem\",\"name\":\"Uncategorized\"}}]},{\"@type\":\"Organization\",\"@id\":\"https:\\\/\\\/cauceecologico.org\\\/#organization\",\"name\":\"CAUCE\",\"description\":\"Cultura Ambiental - Causa Ecologista\",\"url\":\"https:\\\/\\\/cauceecologico.org\\\/\"},{\"@type\":\"Person\",\"@id\":\"https:\\\/\\\/cauceecologico.org\\\/?author=2#author\",\"url\":\"https:\\\/\\\/cauceecologico.org\\\/?author=2\",\"name\":\"Ana Lucia Vergara\",\"image\":{\"@type\":\"ImageObject\",\"@id\":\"https:\\\/\\\/cauceecologico.org\\\/?p=5265#authorImage\",\"url\":\"https:\\\/\\\/secure.gravatar.com\\\/avatar\\\/e8720df08f5c466573fb9f3d6cec14bcac9a305e2049123e58e6bc9c03f3a77b?s=96&d=mm&r=g\",\"width\":96,\"height\":96,\"caption\":\"Ana Lucia Vergara\"}},{\"@type\":\"WebPage\",\"@id\":\"https:\\\/\\\/cauceecologico.org\\\/?p=5265#webpage\",\"url\":\"https:\\\/\\\/cauceecologico.org\\\/?p=5265\",\"name\":\"Carta al Presidente del BID por espacios de di\\u00e1logo con la sociedad civil - CAUCE\",\"description\":\"Organizaciones que integramos el IDB Working Group enviamos una carta al presidente del BID, Ilan Goldfajn, con motivo de los compromisos asumidos en las Reuniones Anuales del Banco del a\\u00f1o pasado en relaci\\u00f3n con la sociedad civil y los espacios de di\\u00e1logo y participaci\\u00f3n a los que el Banco dar\\u00eda lugar. La misma hace referencia\",\"inLanguage\":\"es-ES\",\"isPartOf\":{\"@id\":\"https:\\\/\\\/cauceecologico.org\\\/#website\"},\"breadcrumb\":{\"@id\":\"https:\\\/\\\/cauceecologico.org\\\/?p=5265#breadcrumblist\"},\"author\":{\"@id\":\"https:\\\/\\\/cauceecologico.org\\\/?author=2#author\"},\"creator\":{\"@id\":\"https:\\\/\\\/cauceecologico.org\\\/?author=2#author\"},\"image\":{\"@type\":\"ImageObject\",\"url\":\"https:\\\/\\\/cauceecologico.org\\\/wp-content\\\/uploads\\\/2024\\\/03\\\/20240306_143719-2.jpg\",\"@id\":\"https:\\\/\\\/cauceecologico.org\\\/?p=5265\\\/#mainImage\",\"width\":2000,\"height\":1128},\"primaryImageOfPage\":{\"@id\":\"https:\\\/\\\/cauceecologico.org\\\/?p=5265#mainImage\"},\"datePublished\":\"2024-12-11T17:32:15+00:00\",\"dateModified\":\"2024-12-11T17:32:15+00:00\"},{\"@type\":\"WebSite\",\"@id\":\"https:\\\/\\\/cauceecologico.org\\\/#website\",\"url\":\"https:\\\/\\\/cauceecologico.org\\\/\",\"name\":\"CAUCE\",\"description\":\"Cultura Ambiental - Causa Ecologista\",\"inLanguage\":\"es-ES\",\"publisher\":{\"@id\":\"https:\\\/\\\/cauceecologico.org\\\/#organization\"}}]}\n\t\t<\/script>\n\t\t<!-- All in One SEO -->\n\n","aioseo_head_json":{"title":"Carta al Presidente del BID por espacios de di\u00e1logo con la sociedad civil - CAUCE","description":"Organizaciones que integramos el IDB Working Group enviamos una carta al presidente del BID, Ilan Goldfajn, con motivo de los compromisos asumidos en las Reuniones Anuales del Banco del a\u00f1o pasado en relaci\u00f3n con la sociedad civil y los espacios de di\u00e1logo y participaci\u00f3n a los que el Banco dar\u00eda lugar. La misma hace referencia","canonical_url":"https:\/\/cauceecologico.org\/?p=5265","robots":"max-image-preview:large","keywords":"","webmasterTools":{"miscellaneous":""},"schema":{"@context":"https:\/\/schema.org","@graph":[{"@type":"BlogPosting","@id":"https:\/\/cauceecologico.org\/?p=5265#blogposting","name":"Carta al Presidente del BID por espacios de di\u00e1logo con la sociedad civil - CAUCE","headline":"Carta al Presidente del BID por espacios de di\u00e1logo con la sociedad civil","author":{"@id":"https:\/\/cauceecologico.org\/?author=2#author"},"publisher":{"@id":"https:\/\/cauceecologico.org\/#organization"},"image":{"@type":"ImageObject","url":"https:\/\/cauceecologico.org\/wp-content\/uploads\/2024\/03\/20240306_143719-2.jpg","width":2000,"height":1128},"datePublished":"2024-12-11T17:32:15+00:00","dateModified":"2024-12-11T17:32:15+00:00","inLanguage":"es-ES","mainEntityOfPage":{"@id":"https:\/\/cauceecologico.org\/?p=5265#webpage"},"isPartOf":{"@id":"https:\/\/cauceecologico.org\/?p=5265#webpage"},"articleSection":"Acciones de monitoreo, informaci\u00f3n p\u00fablica, Noticias, Uncategorized"},{"@type":"BreadcrumbList","@id":"https:\/\/cauceecologico.org\/?p=5265#breadcrumblist","itemListElement":[{"@type":"ListItem","@id":"https:\/\/cauceecologico.org#listItem","position":1,"name":"Home","item":"https:\/\/cauceecologico.org","nextItem":{"@type":"ListItem","@id":"https:\/\/cauceecologico.org\/?cat=1#listItem","name":"Uncategorized"}},{"@type":"ListItem","@id":"https:\/\/cauceecologico.org\/?cat=1#listItem","position":2,"name":"Uncategorized","item":"https:\/\/cauceecologico.org\/?cat=1","nextItem":{"@type":"ListItem","@id":"https:\/\/cauceecologico.org\/?p=5265#listItem","name":"Carta al Presidente del BID por espacios de di\u00e1logo con la sociedad civil"},"previousItem":{"@type":"ListItem","@id":"https:\/\/cauceecologico.org#listItem","name":"Home"}},{"@type":"ListItem","@id":"https:\/\/cauceecologico.org\/?p=5265#listItem","position":3,"name":"Carta al Presidente del BID por espacios de di\u00e1logo con la sociedad civil","previousItem":{"@type":"ListItem","@id":"https:\/\/cauceecologico.org\/?cat=1#listItem","name":"Uncategorized"}}]},{"@type":"Organization","@id":"https:\/\/cauceecologico.org\/#organization","name":"CAUCE","description":"Cultura Ambiental - Causa Ecologista","url":"https:\/\/cauceecologico.org\/"},{"@type":"Person","@id":"https:\/\/cauceecologico.org\/?author=2#author","url":"https:\/\/cauceecologico.org\/?author=2","name":"Ana Lucia Vergara","image":{"@type":"ImageObject","@id":"https:\/\/cauceecologico.org\/?p=5265#authorImage","url":"https:\/\/secure.gravatar.com\/avatar\/e8720df08f5c466573fb9f3d6cec14bcac9a305e2049123e58e6bc9c03f3a77b?s=96&d=mm&r=g","width":96,"height":96,"caption":"Ana Lucia Vergara"}},{"@type":"WebPage","@id":"https:\/\/cauceecologico.org\/?p=5265#webpage","url":"https:\/\/cauceecologico.org\/?p=5265","name":"Carta al Presidente del BID por espacios de di\u00e1logo con la sociedad civil - CAUCE","description":"Organizaciones que integramos el IDB Working Group enviamos una carta al presidente del BID, Ilan Goldfajn, con motivo de los compromisos asumidos en las Reuniones Anuales del Banco del a\u00f1o pasado en relaci\u00f3n con la sociedad civil y los espacios de di\u00e1logo y participaci\u00f3n a los que el Banco dar\u00eda lugar. La misma hace referencia","inLanguage":"es-ES","isPartOf":{"@id":"https:\/\/cauceecologico.org\/#website"},"breadcrumb":{"@id":"https:\/\/cauceecologico.org\/?p=5265#breadcrumblist"},"author":{"@id":"https:\/\/cauceecologico.org\/?author=2#author"},"creator":{"@id":"https:\/\/cauceecologico.org\/?author=2#author"},"image":{"@type":"ImageObject","url":"https:\/\/cauceecologico.org\/wp-content\/uploads\/2024\/03\/20240306_143719-2.jpg","@id":"https:\/\/cauceecologico.org\/?p=5265\/#mainImage","width":2000,"height":1128},"primaryImageOfPage":{"@id":"https:\/\/cauceecologico.org\/?p=5265#mainImage"},"datePublished":"2024-12-11T17:32:15+00:00","dateModified":"2024-12-11T17:32:15+00:00"},{"@type":"WebSite","@id":"https:\/\/cauceecologico.org\/#website","url":"https:\/\/cauceecologico.org\/","name":"CAUCE","description":"Cultura Ambiental - Causa Ecologista","inLanguage":"es-ES","publisher":{"@id":"https:\/\/cauceecologico.org\/#organization"}}]},"og:locale":"es_ES","og:site_name":"CAUCE - Cultura Ambiental - Causa Ecologista","og:type":"article","og:title":"Carta al Presidente del BID por espacios de di\u00e1logo con la sociedad civil - CAUCE","og:description":"Organizaciones que integramos el IDB Working Group enviamos una carta al presidente del BID, Ilan Goldfajn, con motivo de los compromisos asumidos en las Reuniones Anuales del Banco del a\u00f1o pasado en relaci\u00f3n con la sociedad civil y los espacios de di\u00e1logo y participaci\u00f3n a los que el Banco dar\u00eda lugar. La misma hace referencia","og:url":"https:\/\/cauceecologico.org\/?p=5265","article:published_time":"2024-12-11T17:32:15+00:00","article:modified_time":"2024-12-11T17:32:15+00:00","twitter:card":"summary_large_image","twitter:title":"Carta al Presidente del BID por espacios de di\u00e1logo con la sociedad civil - CAUCE","twitter:description":"Organizaciones que integramos el IDB Working Group enviamos una carta al presidente del BID, Ilan Goldfajn, con motivo de los compromisos asumidos en las Reuniones Anuales del Banco del a\u00f1o pasado en relaci\u00f3n con la sociedad civil y los espacios de di\u00e1logo y participaci\u00f3n a los que el Banco dar\u00eda lugar. La misma hace referencia"},"aioseo_meta_data":{"post_id":"5265","title":null,"description":null,"keywords":[],"keyphrases":{"focus":{"keyphrase":"","score":0,"analysis":{"keyphraseInTitle":{"score":0,"maxScore":9,"error":1}}},"additional":[]},"primary_term":null,"canonical_url":null,"og_title":null,"og_description":null,"og_object_type":"default","og_image_type":"default","og_image_url":null,"og_image_width":null,"og_image_height":null,"og_image_custom_url":null,"og_image_custom_fields":null,"og_video":"","og_custom_url":null,"og_article_section":null,"og_article_tags":[],"twitter_use_og":false,"twitter_card":"default","twitter_image_type":"default","twitter_image_url":null,"twitter_image_custom_url":null,"twitter_image_custom_fields":null,"twitter_title":null,"twitter_description":null,"schema":{"blockGraphs":[],"customGraphs":[],"default":{"data":{"Article":[],"Course":[],"Dataset":[],"FAQPage":[],"Movie":[],"Person":[],"Product":[],"ProductReview":[],"Car":[],"Recipe":[],"Service":[],"SoftwareApplication":[],"WebPage":[]},"graphName":"","isEnabled":true},"graphs":[]},"schema_type":"default","schema_type_options":null,"pillar_content":false,"robots_default":true,"robots_noindex":false,"robots_noarchive":false,"robots_nosnippet":false,"robots_nofollow":false,"robots_noimageindex":false,"robots_noodp":false,"robots_notranslate":false,"robots_max_snippet":"-1","robots_max_videopreview":"-1","robots_max_imagepreview":"large","priority":0,"frequency":"default","local_seo":null,"limit_modified_date":false,"created":"2024-12-11 17:32:16","updated":"2026-07-28 02:18:16","ai":null,"breadcrumb_settings":null,"seo_analyzer_scan_date":null},"aioseo_breadcrumb":"<div class=\"aioseo-breadcrumbs\"><span class=\"aioseo-breadcrumb\">\n\t\t\t<a href=\"https:\/\/cauceecologico.org\" title=\"Home\">Home<\/a>\n\t\t<\/span><span class=\"aioseo-breadcrumb-separator\">&raquo;<\/span><span class=\"aioseo-breadcrumb\">\n\t\t\t<a href=\"https:\/\/cauceecologico.org\/?cat=1\" title=\"Uncategorized\">Uncategorized<\/a>\n\t\t<\/span><span class=\"aioseo-breadcrumb-separator\">&raquo;<\/span><span class=\"aioseo-breadcrumb\">\n\t\t\tCarta al Presidente del BID por espacios de di\u00e1logo con la sociedad civil\n\t\t<\/span><\/div>","aioseo_breadcrumb_json":[{"label":"Home","link":"https:\/\/cauceecologico.org"},{"label":"Uncategorized","link":"https:\/\/cauceecologico.org\/?cat=1"},{"label":"Carta al Presidente del BID por espacios de di\u00e1logo con la sociedad civil","link":"https:\/\/cauceecologico.org\/?p=5265"}],"_links":{"self":[{"href":"https:\/\/cauceecologico.org\/index.php?rest_route=\/wp\/v2\/posts\/5265","targetHints":{"allow":["GET"]}}],"collection":[{"href":"https:\/\/cauceecologico.org\/index.php?rest_route=\/wp\/v2\/posts"}],"about":[{"href":"https:\/\/cauceecologico.org\/index.php?rest_route=\/wp\/v2\/types\/post"}],"author":[{"embeddable":true,"href":"https:\/\/cauceecologico.org\/index.php?rest_route=\/wp\/v2\/users\/2"}],"replies":[{"embeddable":true,"href":"https:\/\/cauceecologico.org\/index.php?rest_route=%2Fwp%2Fv2%2Fcomments&post=5265"}],"version-history":[{"count":1,"href":"https:\/\/cauceecologico.org\/index.php?rest_route=\/wp\/v2\/posts\/5265\/revisions"}],"predecessor-version":[{"id":5271,"href":"https:\/\/cauceecologico.org\/index.php?rest_route=\/wp\/v2\/posts\/5265\/revisions\/5271"}],"wp:featuredmedia":[{"embeddable":true,"href":"https:\/\/cauceecologico.org\/index.php?rest_route=\/wp\/v2\/media\/4799"}],"wp:attachment":[{"href":"https:\/\/cauceecologico.org\/index.php?rest_route=%2Fwp%2Fv2%2Fmedia&parent=5265"}],"wp:term":[{"taxonomy":"category","embeddable":true,"href":"https:\/\/cauceecologico.org\/index.php?rest_route=%2Fwp%2Fv2%2Fcategories&post=5265"},{"taxonomy":"post_tag","embeddable":true,"href":"https:\/\/cauceecologico.org\/index.php?rest_route=%2Fwp%2Fv2%2Ftags&post=5265"}],"curies":[{"name":"wp","href":"https:\/\/api.w.org\/{rel}","templated":true}]}}