{"id":5298,"date":"2025-01-31T17:33:11","date_gmt":"2025-01-31T17:33:11","guid":{"rendered":"https:\/\/cauceecologico.org\/?p=5298"},"modified":"2025-03-14T15:24:45","modified_gmt":"2025-03-14T15:24:45","slug":"lauren-un-cuento-para-celebrar-y-proteger-los-humedales","status":"publish","type":"post","link":"https:\/\/cauceecologico.org\/?p=5298","title":{"rendered":"Lauren: Un cuento para celebrar y proteger los humedales"},"content":{"rendered":"<p><strong><em>Lauren, los colores secretos<\/em> es un cuento escrito por la poeta entrerriana Roc\u00edo Lanfranco. Se presenta en el marco del D\u00eda Mundial de los Humedales.<\/strong><\/p>\n<p>Cada 2 de febrero, desde 1997, conmemoramos el D\u00eda Mundial de los Humedales, una fecha clave para visibilizar la importancia de estos ecosistemas esenciales para la vida. En 2025,\u00a0la campa\u00f1a impulsada por la <strong>Convenci\u00f3n sobre los Humedales<\/strong> lleva como lema <strong>\u201cProteger los humedales para nuestro futuro com\u00fan\u201d<\/strong>, destacando la urgencia de tomar medidas audaces para conservar estos h\u00e1bitats, no solo por la protecci\u00f3n de la biodiversidad y la estabilidad clim\u00e1tica, sino tambi\u00e9n para garantizar el bienestar de las generaciones presentes y futuras.<\/p>\n<p>Adem\u00e1s, este a\u00f1o, el <strong>D\u00eda Mundial de los Humedales<\/strong> cobra una relevancia especial ya que comparte el mismo tema con la <strong>15\u00aa Reuni\u00f3n de la Conferencia de las Partes Contratantes en la Convenci\u00f3n sobre los Humedales (COP15)<\/strong>, que se celebrar\u00e1 del 23 al 31 de julio de 2025 en Victoria Falls.<\/p>\n<p>&nbsp;<\/p>\n<p><strong>Un cuento para celebrar y proteger los humedales<\/strong><\/p>\n<p>En el marco de esta fecha, desde Fundaci\u00f3n CAUCE, presentamos <a href=\"http:\/\/cauceecologico.org\/wp-content\/uploads\/2025\/01\/cuento-lauren-comprimido.pdf\"><strong><em>Lauren, los colores secretos<\/em><\/strong><\/a>, un cuento destinado a las infancias, escrito por Roc\u00edo Lanfranco e ilustrado por Mariano Sanguinetti. Esta obra es la tercera de una serie que se completa con los audiocuentos \u2014tambi\u00e9n escritos por la poeta\u2014 <strong><a href=\"https:\/\/cauceecologico.org\/?p=2221\"><em>La lengua entre dos rel\u00e1mpagos<\/em><\/a><\/strong>, con portada ilustrada por Valentina Bolcatto; y <em><strong><a href=\"https:\/\/cauceecologico.org\/?p=4004\">Verano, la extra\u00f1a historia de un pez plateado<\/a><\/strong>, <\/em>ilustrada por Ver\u00f3nica Moreira.<\/p>\n<p>Este lanzamiento forma parte de las acciones del \u00c1rea de Comunicaci\u00f3n, Cultura y Educaci\u00f3n de Fundaci\u00f3n CAUCE en el marco del Programa Humedales Sin Fronteras. Pensado como un recurso de libre circulaci\u00f3n, el cuento ser\u00e1 puesto a disposici\u00f3n de docentes y educadores de nuestra regi\u00f3n.<\/p>\n<p>Consideramos fundamental que la educaci\u00f3n ambiental sea un encuentro con la cultura de nuestros territorios. En este caso, el cuento escrito por Lanfranco homenajea al poeta entrerriano <strong>Juan Laurentino Ortiz<\/strong>, cuya obra estuvo profundamente atravesada por el paisaje ribere\u00f1o y fluvial. Recuperar la tradici\u00f3n literaria entrerriana es una forma de seguir transmitiendo a las nuevas generaciones el amor y el conocimiento sobre el r\u00edo y el Delta del Paran\u00e1, uno de los humedales m\u00e1s importantes de Argentina y de Sudam\u00e9rica.<\/p>\n<p>&nbsp;<\/p>\n<p>&#x2b07;&#xfe0f; <a href=\"http:\/\/cauceecologico.org\/wp-content\/uploads\/2025\/01\/cuento-lauren-comprimido.pdf\"><strong>Descargar cuento<\/strong><\/a><\/p>\n<p>&nbsp;<\/p>\n<p><strong>Por qu\u00e9 necesitamos proteger nuestros humedales<\/strong><\/p>\n<p>En los \u00faltimos 300 a\u00f1os ha desaparecido el 87% de los humedales del planeta, y su degradaci\u00f3n contin\u00faa a un ritmo alarmante debido a la expansi\u00f3n de la frontera agr\u00edcola, el uso de agrot\u00f3xicos, la actividad minera, la sobreexplotaci\u00f3n de bienes naturales y el desarrollo industrial e inmobiliario, entre otros factores. En Argentina, estos ecosistemas abarcan aproximadamente el 21% del territorio nacional, desde los grandes r\u00edos Paran\u00e1-Paraguay hasta las turberas de Tierra del Fuego. Su protecci\u00f3n es urgente y una Ley de Humedales es fundamental para garantizar su preservaci\u00f3n.<\/p>\n<p>Los humedales hacen posible la vida en la Tierra: el 40% de la biodiversidad mundial vive o se reproduce en ellos. Son grandes filtros depuradores y reservorios de agua dulce, amortiguan los impactos de las lluvias y almacenan m\u00e1s carbono que ning\u00fan otro ecosistema, lo que los convierte en aliados clave en la lucha contra el cambio clim\u00e1tico. Adem\u00e1s, est\u00e1n profundamente vinculados a las culturas y tradiciones de los pueblos que los habitan.<\/p>\n<p><strong>Un llamado por el r\u00edo, los humedales y su gente\u00a0<\/strong><\/p>\n<p>Fundaci\u00f3n CAUCE forma parte de la campa\u00f1a regional \u201cRemar Contracorriente por el Agua y la Vida\u201d, una iniciativa que re\u00fane a m\u00e1s de 80 organizaciones y colectivos de todo el continente para defender el agua, la vida y la soberan\u00eda de los r\u00edos y cuencas de nuestro continente.\u00a0 Este domingo 2 de febrero es el lanzamiento, que convoca a la ciudadan\u00eda, comunidades locales, pueblos originarios y movimientos sociales a unirse en defensa de nuestros r\u00edos, reivindicando el rol del Estado y de las provincias en la gesti\u00f3n de los recursos h\u00eddricos.<\/p>\n<p>Le\u00e9 m\u00e1s sobre esta\u00a0\u00a0<span style=\"color: #3366ff;\"><a style=\"color: #3366ff;\" href=\"https:\/\/cauceecologico.org\/?p=5305\">campa\u00f1a<\/a>\u00a0<\/span>y sumate con nosotros.<\/p>\n","protected":false},"excerpt":{"rendered":"<p>Lauren, los colores secretos es un cuento escrito por la poeta entrerriana Roc\u00edo Lanfranco. Se presenta en el marco del D\u00eda Mundial de los Humedales. Cada 2 de febrero, desde 1997, conmemoramos el D\u00eda Mundial de los Humedales, una fecha clave para visibilizar la importancia de estos ecosistemas esenciales para la vida. En 2025,\u00a0la campa\u00f1a [&hellip;]<\/p>\n","protected":false},"author":5,"featured_media":5316,"comment_status":"open","ping_status":"open","sticky":false,"template":"","format":"standard","meta":{"om_disable_all_campaigns":false,"_monsterinsights_skip_tracking":false,"amp_status":"","footnotes":""},"categories":[276,6,112,1],"tags":[],"class_list":["post-5298","post","type-post","status-publish","format-standard","has-post-thumbnail","hentry","category-delta","category-destacados","category-rios-libres","category-uncategorized"],"aioseo_notices":[],"aioseo_head":"\n\t\t<!-- All in One SEO 4.9.10 - aioseo.com -->\n\t<meta name=\"description\" content=\"Lauren, los colores secretos es un cuento escrito por la poeta entrerriana Roc\u00edo Lanfranco. Se presenta en el marco del D\u00eda Mundial de los Humedales. Cada 2 de febrero, desde 1997, conmemoramos el D\u00eda Mundial de los Humedales, una fecha clave para visibilizar la importancia de estos ecosistemas esenciales para la vida. En 2025, la campa\u00f1a\" \/>\n\t<meta name=\"robots\" content=\"max-image-preview:large\" \/>\n\t<meta name=\"author\" content=\"Rocio Fernadez Dobal\"\/>\n\t<link rel=\"canonical\" href=\"https:\/\/cauceecologico.org\/?p=5298\" \/>\n\t<meta name=\"generator\" content=\"All in One SEO (AIOSEO) 4.9.10\" \/>\n\t\t<meta property=\"og:locale\" content=\"es_ES\" \/>\n\t\t<meta property=\"og:site_name\" content=\"CAUCE - Cultura Ambiental - Causa Ecologista\" \/>\n\t\t<meta property=\"og:type\" content=\"article\" \/>\n\t\t<meta property=\"og:title\" content=\"Lauren: Un cuento para celebrar y proteger los humedales - CAUCE\" \/>\n\t\t<meta property=\"og:description\" content=\"Lauren, los colores secretos es un cuento escrito por la poeta entrerriana Roc\u00edo Lanfranco. Se presenta en el marco del D\u00eda Mundial de los Humedales. Cada 2 de febrero, desde 1997, conmemoramos el D\u00eda Mundial de los Humedales, una fecha clave para visibilizar la importancia de estos ecosistemas esenciales para la vida. En 2025, la campa\u00f1a\" \/>\n\t\t<meta property=\"og:url\" content=\"https:\/\/cauceecologico.org\/?p=5298\" \/>\n\t\t<meta property=\"article:published_time\" content=\"2025-01-31T17:33:11+00:00\" \/>\n\t\t<meta property=\"article:modified_time\" content=\"2025-03-14T15:24:45+00:00\" \/>\n\t\t<meta name=\"twitter:card\" content=\"summary_large_image\" \/>\n\t\t<meta name=\"twitter:title\" content=\"Lauren: Un cuento para celebrar y proteger los humedales - CAUCE\" \/>\n\t\t<meta name=\"twitter:description\" content=\"Lauren, los colores secretos es un cuento escrito por la poeta entrerriana Roc\u00edo Lanfranco. Se presenta en el marco del D\u00eda Mundial de los Humedales. Cada 2 de febrero, desde 1997, conmemoramos el D\u00eda Mundial de los Humedales, una fecha clave para visibilizar la importancia de estos ecosistemas esenciales para la vida. En 2025, la campa\u00f1a\" \/>\n\t\t<script type=\"application\/ld+json\" class=\"aioseo-schema\">\n\t\t\t{\"@context\":\"https:\\\/\\\/schema.org\",\"@graph\":[{\"@type\":\"BlogPosting\",\"@id\":\"https:\\\/\\\/cauceecologico.org\\\/?p=5298#blogposting\",\"name\":\"Lauren: Un cuento para celebrar y proteger los humedales - CAUCE\",\"headline\":\"Lauren: Un cuento para celebrar y proteger los humedales\",\"author\":{\"@id\":\"https:\\\/\\\/cauceecologico.org\\\/?author=5#author\"},\"publisher\":{\"@id\":\"https:\\\/\\\/cauceecologico.org\\\/#organization\"},\"image\":{\"@type\":\"ImageObject\",\"url\":\"https:\\\/\\\/cauceecologico.org\\\/wp-content\\\/uploads\\\/2025\\\/01\\\/lauren-boceto5JPG.jpg\",\"width\":1500,\"height\":690},\"datePublished\":\"2025-01-31T17:33:11+00:00\",\"dateModified\":\"2025-03-14T15:24:45+00:00\",\"inLanguage\":\"es-ES\",\"mainEntityOfPage\":{\"@id\":\"https:\\\/\\\/cauceecologico.org\\\/?p=5298#webpage\"},\"isPartOf\":{\"@id\":\"https:\\\/\\\/cauceecologico.org\\\/?p=5298#webpage\"},\"articleSection\":\"Delta, Destacados, R\\u00edos libres, Uncategorized\"},{\"@type\":\"BreadcrumbList\",\"@id\":\"https:\\\/\\\/cauceecologico.org\\\/?p=5298#breadcrumblist\",\"itemListElement\":[{\"@type\":\"ListItem\",\"@id\":\"https:\\\/\\\/cauceecologico.org#listItem\",\"position\":1,\"name\":\"Home\",\"item\":\"https:\\\/\\\/cauceecologico.org\",\"nextItem\":{\"@type\":\"ListItem\",\"@id\":\"https:\\\/\\\/cauceecologico.org\\\/?cat=1#listItem\",\"name\":\"Uncategorized\"}},{\"@type\":\"ListItem\",\"@id\":\"https:\\\/\\\/cauceecologico.org\\\/?cat=1#listItem\",\"position\":2,\"name\":\"Uncategorized\",\"item\":\"https:\\\/\\\/cauceecologico.org\\\/?cat=1\",\"nextItem\":{\"@type\":\"ListItem\",\"@id\":\"https:\\\/\\\/cauceecologico.org\\\/?p=5298#listItem\",\"name\":\"Lauren: Un cuento para celebrar y proteger los humedales\"},\"previousItem\":{\"@type\":\"ListItem\",\"@id\":\"https:\\\/\\\/cauceecologico.org#listItem\",\"name\":\"Home\"}},{\"@type\":\"ListItem\",\"@id\":\"https:\\\/\\\/cauceecologico.org\\\/?p=5298#listItem\",\"position\":3,\"name\":\"Lauren: Un cuento para celebrar y proteger los humedales\",\"previousItem\":{\"@type\":\"ListItem\",\"@id\":\"https:\\\/\\\/cauceecologico.org\\\/?cat=1#listItem\",\"name\":\"Uncategorized\"}}]},{\"@type\":\"Organization\",\"@id\":\"https:\\\/\\\/cauceecologico.org\\\/#organization\",\"name\":\"CAUCE\",\"description\":\"Cultura Ambiental - Causa Ecologista\",\"url\":\"https:\\\/\\\/cauceecologico.org\\\/\"},{\"@type\":\"Person\",\"@id\":\"https:\\\/\\\/cauceecologico.org\\\/?author=5#author\",\"url\":\"https:\\\/\\\/cauceecologico.org\\\/?author=5\",\"name\":\"Rocio Fernadez Dobal\",\"image\":{\"@type\":\"ImageObject\",\"@id\":\"https:\\\/\\\/cauceecologico.org\\\/?p=5298#authorImage\",\"url\":\"https:\\\/\\\/secure.gravatar.com\\\/avatar\\\/0e12a66c907f8480df050de074b5b58070b1d7ad51f067e186cffc71e35dfa04?s=96&d=mm&r=g\",\"width\":96,\"height\":96,\"caption\":\"Rocio Fernadez Dobal\"}},{\"@type\":\"WebPage\",\"@id\":\"https:\\\/\\\/cauceecologico.org\\\/?p=5298#webpage\",\"url\":\"https:\\\/\\\/cauceecologico.org\\\/?p=5298\",\"name\":\"Lauren: Un cuento para celebrar y proteger los humedales - CAUCE\",\"description\":\"Lauren, los colores secretos es un cuento escrito por la poeta entrerriana Roc\\u00edo Lanfranco. Se presenta en el marco del D\\u00eda Mundial de los Humedales. Cada 2 de febrero, desde 1997, conmemoramos el D\\u00eda Mundial de los Humedales, una fecha clave para visibilizar la importancia de estos ecosistemas esenciales para la vida. En 2025, la campa\\u00f1a\",\"inLanguage\":\"es-ES\",\"isPartOf\":{\"@id\":\"https:\\\/\\\/cauceecologico.org\\\/#website\"},\"breadcrumb\":{\"@id\":\"https:\\\/\\\/cauceecologico.org\\\/?p=5298#breadcrumblist\"},\"author\":{\"@id\":\"https:\\\/\\\/cauceecologico.org\\\/?author=5#author\"},\"creator\":{\"@id\":\"https:\\\/\\\/cauceecologico.org\\\/?author=5#author\"},\"image\":{\"@type\":\"ImageObject\",\"url\":\"https:\\\/\\\/cauceecologico.org\\\/wp-content\\\/uploads\\\/2025\\\/01\\\/lauren-boceto5JPG.jpg\",\"@id\":\"https:\\\/\\\/cauceecologico.org\\\/?p=5298\\\/#mainImage\",\"width\":1500,\"height\":690},\"primaryImageOfPage\":{\"@id\":\"https:\\\/\\\/cauceecologico.org\\\/?p=5298#mainImage\"},\"datePublished\":\"2025-01-31T17:33:11+00:00\",\"dateModified\":\"2025-03-14T15:24:45+00:00\"},{\"@type\":\"WebSite\",\"@id\":\"https:\\\/\\\/cauceecologico.org\\\/#website\",\"url\":\"https:\\\/\\\/cauceecologico.org\\\/\",\"name\":\"CAUCE\",\"description\":\"Cultura Ambiental - Causa Ecologista\",\"inLanguage\":\"es-ES\",\"publisher\":{\"@id\":\"https:\\\/\\\/cauceecologico.org\\\/#organization\"}}]}\n\t\t<\/script>\n\t\t<!-- All in One SEO -->\n\n","aioseo_head_json":{"title":"Lauren: Un cuento para celebrar y proteger los humedales - CAUCE","description":"Lauren, los colores secretos es un cuento escrito por la poeta entrerriana Roc\u00edo Lanfranco. Se presenta en el marco del D\u00eda Mundial de los Humedales. Cada 2 de febrero, desde 1997, conmemoramos el D\u00eda Mundial de los Humedales, una fecha clave para visibilizar la importancia de estos ecosistemas esenciales para la vida. En 2025, la campa\u00f1a","canonical_url":"https:\/\/cauceecologico.org\/?p=5298","robots":"max-image-preview:large","keywords":"","webmasterTools":{"miscellaneous":""},"schema":{"@context":"https:\/\/schema.org","@graph":[{"@type":"BlogPosting","@id":"https:\/\/cauceecologico.org\/?p=5298#blogposting","name":"Lauren: Un cuento para celebrar y proteger los humedales - CAUCE","headline":"Lauren: Un cuento para celebrar y proteger los humedales","author":{"@id":"https:\/\/cauceecologico.org\/?author=5#author"},"publisher":{"@id":"https:\/\/cauceecologico.org\/#organization"},"image":{"@type":"ImageObject","url":"https:\/\/cauceecologico.org\/wp-content\/uploads\/2025\/01\/lauren-boceto5JPG.jpg","width":1500,"height":690},"datePublished":"2025-01-31T17:33:11+00:00","dateModified":"2025-03-14T15:24:45+00:00","inLanguage":"es-ES","mainEntityOfPage":{"@id":"https:\/\/cauceecologico.org\/?p=5298#webpage"},"isPartOf":{"@id":"https:\/\/cauceecologico.org\/?p=5298#webpage"},"articleSection":"Delta, Destacados, R\u00edos libres, Uncategorized"},{"@type":"BreadcrumbList","@id":"https:\/\/cauceecologico.org\/?p=5298#breadcrumblist","itemListElement":[{"@type":"ListItem","@id":"https:\/\/cauceecologico.org#listItem","position":1,"name":"Home","item":"https:\/\/cauceecologico.org","nextItem":{"@type":"ListItem","@id":"https:\/\/cauceecologico.org\/?cat=1#listItem","name":"Uncategorized"}},{"@type":"ListItem","@id":"https:\/\/cauceecologico.org\/?cat=1#listItem","position":2,"name":"Uncategorized","item":"https:\/\/cauceecologico.org\/?cat=1","nextItem":{"@type":"ListItem","@id":"https:\/\/cauceecologico.org\/?p=5298#listItem","name":"Lauren: Un cuento para celebrar y proteger los humedales"},"previousItem":{"@type":"ListItem","@id":"https:\/\/cauceecologico.org#listItem","name":"Home"}},{"@type":"ListItem","@id":"https:\/\/cauceecologico.org\/?p=5298#listItem","position":3,"name":"Lauren: Un cuento para celebrar y proteger los humedales","previousItem":{"@type":"ListItem","@id":"https:\/\/cauceecologico.org\/?cat=1#listItem","name":"Uncategorized"}}]},{"@type":"Organization","@id":"https:\/\/cauceecologico.org\/#organization","name":"CAUCE","description":"Cultura Ambiental - Causa Ecologista","url":"https:\/\/cauceecologico.org\/"},{"@type":"Person","@id":"https:\/\/cauceecologico.org\/?author=5#author","url":"https:\/\/cauceecologico.org\/?author=5","name":"Rocio Fernadez Dobal","image":{"@type":"ImageObject","@id":"https:\/\/cauceecologico.org\/?p=5298#authorImage","url":"https:\/\/secure.gravatar.com\/avatar\/0e12a66c907f8480df050de074b5b58070b1d7ad51f067e186cffc71e35dfa04?s=96&d=mm&r=g","width":96,"height":96,"caption":"Rocio Fernadez Dobal"}},{"@type":"WebPage","@id":"https:\/\/cauceecologico.org\/?p=5298#webpage","url":"https:\/\/cauceecologico.org\/?p=5298","name":"Lauren: Un cuento para celebrar y proteger los humedales - CAUCE","description":"Lauren, los colores secretos es un cuento escrito por la poeta entrerriana Roc\u00edo Lanfranco. Se presenta en el marco del D\u00eda Mundial de los Humedales. Cada 2 de febrero, desde 1997, conmemoramos el D\u00eda Mundial de los Humedales, una fecha clave para visibilizar la importancia de estos ecosistemas esenciales para la vida. En 2025, la campa\u00f1a","inLanguage":"es-ES","isPartOf":{"@id":"https:\/\/cauceecologico.org\/#website"},"breadcrumb":{"@id":"https:\/\/cauceecologico.org\/?p=5298#breadcrumblist"},"author":{"@id":"https:\/\/cauceecologico.org\/?author=5#author"},"creator":{"@id":"https:\/\/cauceecologico.org\/?author=5#author"},"image":{"@type":"ImageObject","url":"https:\/\/cauceecologico.org\/wp-content\/uploads\/2025\/01\/lauren-boceto5JPG.jpg","@id":"https:\/\/cauceecologico.org\/?p=5298\/#mainImage","width":1500,"height":690},"primaryImageOfPage":{"@id":"https:\/\/cauceecologico.org\/?p=5298#mainImage"},"datePublished":"2025-01-31T17:33:11+00:00","dateModified":"2025-03-14T15:24:45+00:00"},{"@type":"WebSite","@id":"https:\/\/cauceecologico.org\/#website","url":"https:\/\/cauceecologico.org\/","name":"CAUCE","description":"Cultura Ambiental - Causa Ecologista","inLanguage":"es-ES","publisher":{"@id":"https:\/\/cauceecologico.org\/#organization"}}]},"og:locale":"es_ES","og:site_name":"CAUCE - Cultura Ambiental - Causa Ecologista","og:type":"article","og:title":"Lauren: Un cuento para celebrar y proteger los humedales - CAUCE","og:description":"Lauren, los colores secretos es un cuento escrito por la poeta entrerriana Roc\u00edo Lanfranco. Se presenta en el marco del D\u00eda Mundial de los Humedales. Cada 2 de febrero, desde 1997, conmemoramos el D\u00eda Mundial de los Humedales, una fecha clave para visibilizar la importancia de estos ecosistemas esenciales para la vida. En 2025, la campa\u00f1a","og:url":"https:\/\/cauceecologico.org\/?p=5298","article:published_time":"2025-01-31T17:33:11+00:00","article:modified_time":"2025-03-14T15:24:45+00:00","twitter:card":"summary_large_image","twitter:title":"Lauren: Un cuento para celebrar y proteger los humedales - CAUCE","twitter:description":"Lauren, los colores secretos es un cuento escrito por la poeta entrerriana Roc\u00edo Lanfranco. Se presenta en el marco del D\u00eda Mundial de los Humedales. Cada 2 de febrero, desde 1997, conmemoramos el D\u00eda Mundial de los Humedales, una fecha clave para visibilizar la importancia de estos ecosistemas esenciales para la vida. En 2025, la campa\u00f1a"},"aioseo_meta_data":{"post_id":"5298","title":null,"description":null,"keywords":[],"keyphrases":{"focus":{"keyphrase":"","score":0,"analysis":{"keyphraseInTitle":{"score":0,"maxScore":9,"error":1}}},"additional":[]},"primary_term":null,"canonical_url":null,"og_title":null,"og_description":null,"og_object_type":"default","og_image_type":"default","og_image_url":null,"og_image_width":null,"og_image_height":null,"og_image_custom_url":null,"og_image_custom_fields":null,"og_video":"","og_custom_url":null,"og_article_section":null,"og_article_tags":[],"twitter_use_og":false,"twitter_card":"default","twitter_image_type":"default","twitter_image_url":null,"twitter_image_custom_url":null,"twitter_image_custom_fields":null,"twitter_title":null,"twitter_description":null,"schema":{"blockGraphs":[],"customGraphs":[],"default":{"data":{"Article":[],"Course":[],"Dataset":[],"FAQPage":[],"Movie":[],"Person":[],"Product":[],"ProductReview":[],"Car":[],"Recipe":[],"Service":[],"SoftwareApplication":[],"WebPage":[]},"graphName":"","isEnabled":true},"graphs":[]},"schema_type":"default","schema_type_options":null,"pillar_content":false,"robots_default":true,"robots_noindex":false,"robots_noarchive":false,"robots_nosnippet":false,"robots_nofollow":false,"robots_noimageindex":false,"robots_noodp":false,"robots_notranslate":false,"robots_max_snippet":"-1","robots_max_videopreview":"-1","robots_max_imagepreview":"large","priority":0,"frequency":"default","local_seo":null,"limit_modified_date":false,"created":"2025-01-29 22:20:12","updated":"2026-07-28 02:18:16","ai":null,"breadcrumb_settings":null,"seo_analyzer_scan_date":null},"aioseo_breadcrumb":"<div class=\"aioseo-breadcrumbs\"><span class=\"aioseo-breadcrumb\">\n\t\t\t<a href=\"https:\/\/cauceecologico.org\" title=\"Home\">Home<\/a>\n\t\t<\/span><span class=\"aioseo-breadcrumb-separator\">&raquo;<\/span><span class=\"aioseo-breadcrumb\">\n\t\t\t<a href=\"https:\/\/cauceecologico.org\/?cat=1\" title=\"Uncategorized\">Uncategorized<\/a>\n\t\t<\/span><span class=\"aioseo-breadcrumb-separator\">&raquo;<\/span><span class=\"aioseo-breadcrumb\">\n\t\t\tLauren: Un cuento para celebrar y proteger los humedales\n\t\t<\/span><\/div>","aioseo_breadcrumb_json":[{"label":"Home","link":"https:\/\/cauceecologico.org"},{"label":"Uncategorized","link":"https:\/\/cauceecologico.org\/?cat=1"},{"label":"Lauren: Un cuento para celebrar y proteger los humedales","link":"https:\/\/cauceecologico.org\/?p=5298"}],"_links":{"self":[{"href":"https:\/\/cauceecologico.org\/index.php?rest_route=\/wp\/v2\/posts\/5298","targetHints":{"allow":["GET"]}}],"collection":[{"href":"https:\/\/cauceecologico.org\/index.php?rest_route=\/wp\/v2\/posts"}],"about":[{"href":"https:\/\/cauceecologico.org\/index.php?rest_route=\/wp\/v2\/types\/post"}],"author":[{"embeddable":true,"href":"https:\/\/cauceecologico.org\/index.php?rest_route=\/wp\/v2\/users\/5"}],"replies":[{"embeddable":true,"href":"https:\/\/cauceecologico.org\/index.php?rest_route=%2Fwp%2Fv2%2Fcomments&post=5298"}],"version-history":[{"count":6,"href":"https:\/\/cauceecologico.org\/index.php?rest_route=\/wp\/v2\/posts\/5298\/revisions"}],"predecessor-version":[{"id":5317,"href":"https:\/\/cauceecologico.org\/index.php?rest_route=\/wp\/v2\/posts\/5298\/revisions\/5317"}],"wp:featuredmedia":[{"embeddable":true,"href":"https:\/\/cauceecologico.org\/index.php?rest_route=\/wp\/v2\/media\/5316"}],"wp:attachment":[{"href":"https:\/\/cauceecologico.org\/index.php?rest_route=%2Fwp%2Fv2%2Fmedia&parent=5298"}],"wp:term":[{"taxonomy":"category","embeddable":true,"href":"https:\/\/cauceecologico.org\/index.php?rest_route=%2Fwp%2Fv2%2Fcategories&post=5298"},{"taxonomy":"post_tag","embeddable":true,"href":"https:\/\/cauceecologico.org\/index.php?rest_route=%2Fwp%2Fv2%2Ftags&post=5298"}],"curies":[{"name":"wp","href":"https:\/\/api.w.org\/{rel}","templated":true}]}}