{"id":5336,"date":"2025-03-14T15:24:00","date_gmt":"2025-03-14T15:24:00","guid":{"rendered":"https:\/\/cauceecologico.org\/?p=5336"},"modified":"2025-03-21T19:35:44","modified_gmt":"2025-03-21T19:35:44","slug":"invitamos-a-la-comunidad-a-participar-del-observatorio-del-rio-parana","status":"publish","type":"post","link":"https:\/\/cauceecologico.org\/?p=5336","title":{"rendered":"Invitamos a la comunidad a participar del Observatorio del r\u00edo Paran\u00e1"},"content":{"rendered":"<p data-pm-slice=\"1 1 []\">En el marco del 14 de marzo,<strong> D\u00eda Internacional de Acci\u00f3n contra las Represas y por los R\u00edos, el Agua y la Vida<\/strong>, la Fundaci\u00f3n CAUCE reafirma su compromiso con la defensa del r\u00edo Paran\u00e1 y la Cuenca del Plata, uno de los ecosistemas fluviales m\u00e1s importantes del mundo. Para ello, invitamos a toda la comunidad a sumarse al <span style=\"color: #3366ff;\"><strong><a style=\"color: #3366ff;\" href=\"https:\/\/observatoriodelrioparana.com.ar\/\">Observatorio del r\u00edo Paran\u00e1<\/a><\/strong><\/span>, una iniciativa colectiva que recupera la acci\u00f3n ciudadana en el cuidado y monitoreo de nuestro r\u00edo y en las decisiones que afectan este curso de agua, sus ecosistemas y comunidades asociadas.<\/p>\n<p>El sitio del Observatorio cuenta con materiales informativos y educativos, as\u00ed como un espacio donde se relevar\u00e1n impactos ambientales. A trav\u00e9s de un <span style=\"color: #3366ff;\"><strong><a style=\"color: #3366ff;\" href=\"https:\/\/observatoriodelrioparana.com.ar\/como-participar\/\">formulario disponible en la web<\/a><\/strong><\/span>, cualquier persona puede participar reportando impactos, visibilizando problem\u00e1ticas o compartiendo producciones y acciones territoriales en defensa del r\u00edo.<\/p>\n<h3 data-pm-slice=\"1 1 []\"><span style=\"color: #000080;\">Un r\u00edo libre de represas gracias a la organizaci\u00f3n ciudadana<\/span><\/h3>\n<p>Entre R\u00edos cuenta con la Ley de Libertad de los r\u00edos Paran\u00e1 y Uruguay (N\u00ba 9092), \u00fanica en su tipo, incorporada luego en el art\u00edculo 85 de la Constituci\u00f3n provincial. Esta legislaci\u00f3n es resultado de la organizaci\u00f3n y la lucha ciudadana para rechazar el proyecto de construcci\u00f3n de una represa hidroel\u00e9ctrica entre las provincias de Entre R\u00edos, Santa Fe y Corrientes, conocido como <strong>Paran\u00e1 Medio<\/strong>, en la d\u00e9cada del 90.<\/p>\n<p>Sin embargo, a pesar de los discursos globales sobre los impactos negativos de los proyectos hidroel\u00e9ctricos en los ecosistemas y en las comunidades, han surgido nuevas iniciativas para intentar concretar este tipo de obras en la regi\u00f3n.<\/p>\n<h3><span style=\"color: #000080;\">Acciones de vigilancia y debate ciudadano<\/span><\/h3>\n<p>Entre las acciones desarrolladas por Fundaci\u00f3n CAUCE, se destaca la publicaci\u00f3n de un documento en 2021 titulado <span style=\"color: #3366ff;\"><strong><a style=\"color: #3366ff;\" href=\"https:\/\/cauceecologico.org\/wp-content\/uploads\/2020\/07\/rio-de-llanura-final-1.pdf\">\u00abAn\u00e1lisis de un aprovechamiento (in) sustentable de un r\u00edo de llanura\u00bb<\/a><\/strong>.<\/span> En este informe se analizan las caracter\u00edsticas principales de un <strong><span style=\"color: #3366ff;\"><a style=\"color: #3366ff;\" href=\"https:\/\/cauceecologico.org\/wp-content\/uploads\/2020\/07\/RDLL-INFORME-FINAL-1.pdf\">nuevo proyecto de represamiento sobre el r\u00edo Paran\u00e1<\/a> <\/span>(2016)<\/strong>, abordando su estudio de prefactibilidad y ofreciendo elementos para el debate sobre este tipo de generaci\u00f3n de energ\u00eda. El objetivo es proponer una estrategia de vigilancia ciudadana para evitar nuevas amenazas sobre el r\u00edo.<\/p>\n<h3 data-pm-slice=\"1 1 []\"><span style=\"color: #000080;\">Los impactos de las represas y la lucha de los pueblos<\/span><\/h3>\n<p>Las represas hidroel\u00e9ctricas generan profundos impactos ambientales y sociales. Alteran el curso natural de los r\u00edos, afectan la biodiversidad, provocan la desaparici\u00f3n de humedales y obligan al desplazamiento de comunidades enteras. Adem\u00e1s, pueden contribuir al cambio clim\u00e1tico por la emisi\u00f3n de metano desde los embalses.<\/p>\n<p>A lo largo de la historia, diversas luchas han surgido contra estos proyectos. Un ejemplo emblem\u00e1tico es el de <strong>Berta C\u00e1ceres<\/strong>, lideresa ind\u00edgena lenca de Honduras, asesinada en 2016 por su defensa del r\u00edo Gualcarque ante la imposici\u00f3n de la represa Agua Zarca.<\/p>\n<p data-start=\"0\" data-end=\"356\">El <strong data-start=\"3\" data-end=\"88\">D\u00eda Internacional de Acci\u00f3n contra las Represas y por los R\u00edos, el Agua y la Vida<\/strong> se celebra el <strong data-start=\"103\" data-end=\"118\">14 de marzo<\/strong> desde 1997, cuando movimientos sociales, organizaciones ind\u00edgenas y comunidades afectadas por represas de todo el mundo se reunieron en Curitiba, Brasil, durante el <strong data-start=\"284\" data-end=\"353\">Primer Encuentro Internacional de Personas Afectadas por Represas<\/strong>.<\/p>\n<p data-start=\"358\" data-end=\"615\">En esa ocasi\u00f3n, decidieron establecer una jornada de acci\u00f3n global para visibilizar los impactos negativos de las represas hidroel\u00e9ctricas en los ecosistemas y las comunidades, adem\u00e1s de promover alternativas sustentables de gesti\u00f3n del agua y la energ\u00eda.<\/p>\n<p data-start=\"617\" data-end=\"1022\" data-is-last-node=\"\" data-is-only-node=\"\">Desde entonces, cada 14 de marzo se organizan acciones en distintos pa\u00edses para denunciar el desplazamiento forzado de comunidades, la destrucci\u00f3n de h\u00e1bitats naturales, la fragmentaci\u00f3n de los r\u00edos y la violaci\u00f3n de derechos humanos que suelen acompa\u00f1ar a estos megaproyectos. Tambi\u00e9n es un d\u00eda para fortalecer la lucha por la restauraci\u00f3n de los r\u00edos y la soberan\u00eda de los pueblos sobre sus territorios.<\/p>\n<p>&nbsp;<\/p>\n","protected":false},"excerpt":{"rendered":"<p>En el marco del 14 de marzo, D\u00eda Internacional de Acci\u00f3n contra las Represas y por los R\u00edos, el Agua y la Vida, la Fundaci\u00f3n CAUCE reafirma su compromiso con la defensa del r\u00edo Paran\u00e1 y la Cuenca del Plata, uno de los ecosistemas fluviales m\u00e1s importantes del mundo. Para ello, invitamos a toda la [&hellip;]<\/p>\n","protected":false},"author":5,"featured_media":5343,"comment_status":"open","ping_status":"open","sticky":false,"template":"","format":"standard","meta":{"om_disable_all_campaigns":false,"_monsterinsights_skip_tracking":false,"amp_status":"","footnotes":""},"categories":[277,5,112,1],"tags":[],"class_list":["post-5336","post","type-post","status-publish","format-standard","has-post-thumbnail","hentry","category-acciones-de-monitoreo","category-noticias","category-rios-libres","category-uncategorized"],"aioseo_notices":[],"aioseo_head":"\n\t\t<!-- All in One SEO 4.9.10 - aioseo.com -->\n\t<meta name=\"description\" content=\"En el marco del 14 de marzo, D\u00eda Internacional de Acci\u00f3n contra las Represas y por los R\u00edos, el Agua y la Vida, la Fundaci\u00f3n CAUCE reafirma su compromiso con la defensa del r\u00edo Paran\u00e1 y la Cuenca del Plata, uno de los ecosistemas fluviales m\u00e1s importantes del mundo. Para ello, invitamos a toda la\" \/>\n\t<meta name=\"robots\" content=\"max-image-preview:large\" \/>\n\t<meta name=\"author\" content=\"Rocio Fernadez Dobal\"\/>\n\t<link rel=\"canonical\" href=\"https:\/\/cauceecologico.org\/?p=5336\" \/>\n\t<meta name=\"generator\" content=\"All in One SEO (AIOSEO) 4.9.10\" \/>\n\t\t<meta property=\"og:locale\" content=\"es_ES\" \/>\n\t\t<meta property=\"og:site_name\" content=\"CAUCE - Cultura Ambiental - Causa Ecologista\" \/>\n\t\t<meta property=\"og:type\" content=\"article\" \/>\n\t\t<meta property=\"og:title\" content=\"Invitamos a la comunidad a participar del Observatorio del r\u00edo Paran\u00e1 - CAUCE\" \/>\n\t\t<meta property=\"og:description\" content=\"En el marco del 14 de marzo, D\u00eda Internacional de Acci\u00f3n contra las Represas y por los R\u00edos, el Agua y la Vida, la Fundaci\u00f3n CAUCE reafirma su compromiso con la defensa del r\u00edo Paran\u00e1 y la Cuenca del Plata, uno de los ecosistemas fluviales m\u00e1s importantes del mundo. Para ello, invitamos a toda la\" \/>\n\t\t<meta property=\"og:url\" content=\"https:\/\/cauceecologico.org\/?p=5336\" \/>\n\t\t<meta property=\"article:published_time\" content=\"2025-03-14T15:24:00+00:00\" \/>\n\t\t<meta property=\"article:modified_time\" content=\"2025-03-21T19:35:44+00:00\" \/>\n\t\t<meta name=\"twitter:card\" content=\"summary_large_image\" \/>\n\t\t<meta name=\"twitter:title\" content=\"Invitamos a la comunidad a participar del Observatorio del r\u00edo Paran\u00e1 - CAUCE\" \/>\n\t\t<meta name=\"twitter:description\" content=\"En el marco del 14 de marzo, D\u00eda Internacional de Acci\u00f3n contra las Represas y por los R\u00edos, el Agua y la Vida, la Fundaci\u00f3n CAUCE reafirma su compromiso con la defensa del r\u00edo Paran\u00e1 y la Cuenca del Plata, uno de los ecosistemas fluviales m\u00e1s importantes del mundo. Para ello, invitamos a toda la\" \/>\n\t\t<script type=\"application\/ld+json\" class=\"aioseo-schema\">\n\t\t\t{\"@context\":\"https:\\\/\\\/schema.org\",\"@graph\":[{\"@type\":\"BlogPosting\",\"@id\":\"https:\\\/\\\/cauceecologico.org\\\/?p=5336#blogposting\",\"name\":\"Invitamos a la comunidad a participar del Observatorio del r\\u00edo Paran\\u00e1 - CAUCE\",\"headline\":\"Invitamos a la comunidad a participar del Observatorio del r\\u00edo Paran\\u00e1\",\"author\":{\"@id\":\"https:\\\/\\\/cauceecologico.org\\\/?author=5#author\"},\"publisher\":{\"@id\":\"https:\\\/\\\/cauceecologico.org\\\/#organization\"},\"image\":{\"@type\":\"ImageObject\",\"url\":\"https:\\\/\\\/cauceecologico.org\\\/wp-content\\\/uploads\\\/2025\\\/03\\\/Destacados-web-10.png\",\"width\":1482,\"height\":834},\"datePublished\":\"2025-03-14T15:24:00+00:00\",\"dateModified\":\"2025-03-21T19:35:44+00:00\",\"inLanguage\":\"es-ES\",\"mainEntityOfPage\":{\"@id\":\"https:\\\/\\\/cauceecologico.org\\\/?p=5336#webpage\"},\"isPartOf\":{\"@id\":\"https:\\\/\\\/cauceecologico.org\\\/?p=5336#webpage\"},\"articleSection\":\"Acciones de monitoreo, Noticias, R\\u00edos libres, Uncategorized\"},{\"@type\":\"BreadcrumbList\",\"@id\":\"https:\\\/\\\/cauceecologico.org\\\/?p=5336#breadcrumblist\",\"itemListElement\":[{\"@type\":\"ListItem\",\"@id\":\"https:\\\/\\\/cauceecologico.org#listItem\",\"position\":1,\"name\":\"Home\",\"item\":\"https:\\\/\\\/cauceecologico.org\",\"nextItem\":{\"@type\":\"ListItem\",\"@id\":\"https:\\\/\\\/cauceecologico.org\\\/?cat=1#listItem\",\"name\":\"Uncategorized\"}},{\"@type\":\"ListItem\",\"@id\":\"https:\\\/\\\/cauceecologico.org\\\/?cat=1#listItem\",\"position\":2,\"name\":\"Uncategorized\",\"item\":\"https:\\\/\\\/cauceecologico.org\\\/?cat=1\",\"nextItem\":{\"@type\":\"ListItem\",\"@id\":\"https:\\\/\\\/cauceecologico.org\\\/?p=5336#listItem\",\"name\":\"Invitamos a la comunidad a participar del Observatorio del r\\u00edo Paran\\u00e1\"},\"previousItem\":{\"@type\":\"ListItem\",\"@id\":\"https:\\\/\\\/cauceecologico.org#listItem\",\"name\":\"Home\"}},{\"@type\":\"ListItem\",\"@id\":\"https:\\\/\\\/cauceecologico.org\\\/?p=5336#listItem\",\"position\":3,\"name\":\"Invitamos a la comunidad a participar del Observatorio del r\\u00edo Paran\\u00e1\",\"previousItem\":{\"@type\":\"ListItem\",\"@id\":\"https:\\\/\\\/cauceecologico.org\\\/?cat=1#listItem\",\"name\":\"Uncategorized\"}}]},{\"@type\":\"Organization\",\"@id\":\"https:\\\/\\\/cauceecologico.org\\\/#organization\",\"name\":\"CAUCE\",\"description\":\"Cultura Ambiental - Causa Ecologista\",\"url\":\"https:\\\/\\\/cauceecologico.org\\\/\"},{\"@type\":\"Person\",\"@id\":\"https:\\\/\\\/cauceecologico.org\\\/?author=5#author\",\"url\":\"https:\\\/\\\/cauceecologico.org\\\/?author=5\",\"name\":\"Rocio Fernadez Dobal\",\"image\":{\"@type\":\"ImageObject\",\"@id\":\"https:\\\/\\\/cauceecologico.org\\\/?p=5336#authorImage\",\"url\":\"https:\\\/\\\/secure.gravatar.com\\\/avatar\\\/0e12a66c907f8480df050de074b5b58070b1d7ad51f067e186cffc71e35dfa04?s=96&d=mm&r=g\",\"width\":96,\"height\":96,\"caption\":\"Rocio Fernadez Dobal\"}},{\"@type\":\"WebPage\",\"@id\":\"https:\\\/\\\/cauceecologico.org\\\/?p=5336#webpage\",\"url\":\"https:\\\/\\\/cauceecologico.org\\\/?p=5336\",\"name\":\"Invitamos a la comunidad a participar del Observatorio del r\\u00edo Paran\\u00e1 - CAUCE\",\"description\":\"En el marco del 14 de marzo, D\\u00eda Internacional de Acci\\u00f3n contra las Represas y por los R\\u00edos, el Agua y la Vida, la Fundaci\\u00f3n CAUCE reafirma su compromiso con la defensa del r\\u00edo Paran\\u00e1 y la Cuenca del Plata, uno de los ecosistemas fluviales m\\u00e1s importantes del mundo. Para ello, invitamos a toda la\",\"inLanguage\":\"es-ES\",\"isPartOf\":{\"@id\":\"https:\\\/\\\/cauceecologico.org\\\/#website\"},\"breadcrumb\":{\"@id\":\"https:\\\/\\\/cauceecologico.org\\\/?p=5336#breadcrumblist\"},\"author\":{\"@id\":\"https:\\\/\\\/cauceecologico.org\\\/?author=5#author\"},\"creator\":{\"@id\":\"https:\\\/\\\/cauceecologico.org\\\/?author=5#author\"},\"image\":{\"@type\":\"ImageObject\",\"url\":\"https:\\\/\\\/cauceecologico.org\\\/wp-content\\\/uploads\\\/2025\\\/03\\\/Destacados-web-10.png\",\"@id\":\"https:\\\/\\\/cauceecologico.org\\\/?p=5336\\\/#mainImage\",\"width\":1482,\"height\":834},\"primaryImageOfPage\":{\"@id\":\"https:\\\/\\\/cauceecologico.org\\\/?p=5336#mainImage\"},\"datePublished\":\"2025-03-14T15:24:00+00:00\",\"dateModified\":\"2025-03-21T19:35:44+00:00\"},{\"@type\":\"WebSite\",\"@id\":\"https:\\\/\\\/cauceecologico.org\\\/#website\",\"url\":\"https:\\\/\\\/cauceecologico.org\\\/\",\"name\":\"CAUCE\",\"description\":\"Cultura Ambiental - Causa Ecologista\",\"inLanguage\":\"es-ES\",\"publisher\":{\"@id\":\"https:\\\/\\\/cauceecologico.org\\\/#organization\"}}]}\n\t\t<\/script>\n\t\t<!-- All in One SEO -->\n\n","aioseo_head_json":{"title":"Invitamos a la comunidad a participar del Observatorio del r\u00edo Paran\u00e1 - CAUCE","description":"En el marco del 14 de marzo, D\u00eda Internacional de Acci\u00f3n contra las Represas y por los R\u00edos, el Agua y la Vida, la Fundaci\u00f3n CAUCE reafirma su compromiso con la defensa del r\u00edo Paran\u00e1 y la Cuenca del Plata, uno de los ecosistemas fluviales m\u00e1s importantes del mundo. Para ello, invitamos a toda la","canonical_url":"https:\/\/cauceecologico.org\/?p=5336","robots":"max-image-preview:large","keywords":"","webmasterTools":{"miscellaneous":""},"schema":{"@context":"https:\/\/schema.org","@graph":[{"@type":"BlogPosting","@id":"https:\/\/cauceecologico.org\/?p=5336#blogposting","name":"Invitamos a la comunidad a participar del Observatorio del r\u00edo Paran\u00e1 - CAUCE","headline":"Invitamos a la comunidad a participar del Observatorio del r\u00edo Paran\u00e1","author":{"@id":"https:\/\/cauceecologico.org\/?author=5#author"},"publisher":{"@id":"https:\/\/cauceecologico.org\/#organization"},"image":{"@type":"ImageObject","url":"https:\/\/cauceecologico.org\/wp-content\/uploads\/2025\/03\/Destacados-web-10.png","width":1482,"height":834},"datePublished":"2025-03-14T15:24:00+00:00","dateModified":"2025-03-21T19:35:44+00:00","inLanguage":"es-ES","mainEntityOfPage":{"@id":"https:\/\/cauceecologico.org\/?p=5336#webpage"},"isPartOf":{"@id":"https:\/\/cauceecologico.org\/?p=5336#webpage"},"articleSection":"Acciones de monitoreo, Noticias, R\u00edos libres, Uncategorized"},{"@type":"BreadcrumbList","@id":"https:\/\/cauceecologico.org\/?p=5336#breadcrumblist","itemListElement":[{"@type":"ListItem","@id":"https:\/\/cauceecologico.org#listItem","position":1,"name":"Home","item":"https:\/\/cauceecologico.org","nextItem":{"@type":"ListItem","@id":"https:\/\/cauceecologico.org\/?cat=1#listItem","name":"Uncategorized"}},{"@type":"ListItem","@id":"https:\/\/cauceecologico.org\/?cat=1#listItem","position":2,"name":"Uncategorized","item":"https:\/\/cauceecologico.org\/?cat=1","nextItem":{"@type":"ListItem","@id":"https:\/\/cauceecologico.org\/?p=5336#listItem","name":"Invitamos a la comunidad a participar del Observatorio del r\u00edo Paran\u00e1"},"previousItem":{"@type":"ListItem","@id":"https:\/\/cauceecologico.org#listItem","name":"Home"}},{"@type":"ListItem","@id":"https:\/\/cauceecologico.org\/?p=5336#listItem","position":3,"name":"Invitamos a la comunidad a participar del Observatorio del r\u00edo Paran\u00e1","previousItem":{"@type":"ListItem","@id":"https:\/\/cauceecologico.org\/?cat=1#listItem","name":"Uncategorized"}}]},{"@type":"Organization","@id":"https:\/\/cauceecologico.org\/#organization","name":"CAUCE","description":"Cultura Ambiental - Causa Ecologista","url":"https:\/\/cauceecologico.org\/"},{"@type":"Person","@id":"https:\/\/cauceecologico.org\/?author=5#author","url":"https:\/\/cauceecologico.org\/?author=5","name":"Rocio Fernadez Dobal","image":{"@type":"ImageObject","@id":"https:\/\/cauceecologico.org\/?p=5336#authorImage","url":"https:\/\/secure.gravatar.com\/avatar\/0e12a66c907f8480df050de074b5b58070b1d7ad51f067e186cffc71e35dfa04?s=96&d=mm&r=g","width":96,"height":96,"caption":"Rocio Fernadez Dobal"}},{"@type":"WebPage","@id":"https:\/\/cauceecologico.org\/?p=5336#webpage","url":"https:\/\/cauceecologico.org\/?p=5336","name":"Invitamos a la comunidad a participar del Observatorio del r\u00edo Paran\u00e1 - CAUCE","description":"En el marco del 14 de marzo, D\u00eda Internacional de Acci\u00f3n contra las Represas y por los R\u00edos, el Agua y la Vida, la Fundaci\u00f3n CAUCE reafirma su compromiso con la defensa del r\u00edo Paran\u00e1 y la Cuenca del Plata, uno de los ecosistemas fluviales m\u00e1s importantes del mundo. Para ello, invitamos a toda la","inLanguage":"es-ES","isPartOf":{"@id":"https:\/\/cauceecologico.org\/#website"},"breadcrumb":{"@id":"https:\/\/cauceecologico.org\/?p=5336#breadcrumblist"},"author":{"@id":"https:\/\/cauceecologico.org\/?author=5#author"},"creator":{"@id":"https:\/\/cauceecologico.org\/?author=5#author"},"image":{"@type":"ImageObject","url":"https:\/\/cauceecologico.org\/wp-content\/uploads\/2025\/03\/Destacados-web-10.png","@id":"https:\/\/cauceecologico.org\/?p=5336\/#mainImage","width":1482,"height":834},"primaryImageOfPage":{"@id":"https:\/\/cauceecologico.org\/?p=5336#mainImage"},"datePublished":"2025-03-14T15:24:00+00:00","dateModified":"2025-03-21T19:35:44+00:00"},{"@type":"WebSite","@id":"https:\/\/cauceecologico.org\/#website","url":"https:\/\/cauceecologico.org\/","name":"CAUCE","description":"Cultura Ambiental - Causa Ecologista","inLanguage":"es-ES","publisher":{"@id":"https:\/\/cauceecologico.org\/#organization"}}]},"og:locale":"es_ES","og:site_name":"CAUCE - Cultura Ambiental - Causa Ecologista","og:type":"article","og:title":"Invitamos a la comunidad a participar del Observatorio del r\u00edo Paran\u00e1 - CAUCE","og:description":"En el marco del 14 de marzo, D\u00eda Internacional de Acci\u00f3n contra las Represas y por los R\u00edos, el Agua y la Vida, la Fundaci\u00f3n CAUCE reafirma su compromiso con la defensa del r\u00edo Paran\u00e1 y la Cuenca del Plata, uno de los ecosistemas fluviales m\u00e1s importantes del mundo. Para ello, invitamos a toda la","og:url":"https:\/\/cauceecologico.org\/?p=5336","article:published_time":"2025-03-14T15:24:00+00:00","article:modified_time":"2025-03-21T19:35:44+00:00","twitter:card":"summary_large_image","twitter:title":"Invitamos a la comunidad a participar del Observatorio del r\u00edo Paran\u00e1 - CAUCE","twitter:description":"En el marco del 14 de marzo, D\u00eda Internacional de Acci\u00f3n contra las Represas y por los R\u00edos, el Agua y la Vida, la Fundaci\u00f3n CAUCE reafirma su compromiso con la defensa del r\u00edo Paran\u00e1 y la Cuenca del Plata, uno de los ecosistemas fluviales m\u00e1s importantes del mundo. Para ello, invitamos a toda la"},"aioseo_meta_data":{"post_id":"5336","title":null,"description":null,"keywords":[],"keyphrases":{"focus":{"keyphrase":"","score":0,"analysis":{"keyphraseInTitle":{"score":0,"maxScore":9,"error":1}}},"additional":[]},"primary_term":null,"canonical_url":null,"og_title":null,"og_description":null,"og_object_type":"default","og_image_type":"default","og_image_url":null,"og_image_width":null,"og_image_height":null,"og_image_custom_url":null,"og_image_custom_fields":null,"og_video":"","og_custom_url":null,"og_article_section":null,"og_article_tags":[],"twitter_use_og":false,"twitter_card":"default","twitter_image_type":"default","twitter_image_url":null,"twitter_image_custom_url":null,"twitter_image_custom_fields":null,"twitter_title":null,"twitter_description":null,"schema":{"blockGraphs":[],"customGraphs":[],"default":{"data":{"Article":[],"Course":[],"Dataset":[],"FAQPage":[],"Movie":[],"Person":[],"Product":[],"ProductReview":[],"Car":[],"Recipe":[],"Service":[],"SoftwareApplication":[],"WebPage":[]},"graphName":"","isEnabled":true},"graphs":[]},"schema_type":"default","schema_type_options":null,"pillar_content":false,"robots_default":true,"robots_noindex":false,"robots_noarchive":false,"robots_nosnippet":false,"robots_nofollow":false,"robots_noimageindex":false,"robots_noodp":false,"robots_notranslate":false,"robots_max_snippet":"-1","robots_max_videopreview":"-1","robots_max_imagepreview":"large","priority":0,"frequency":"default","local_seo":null,"limit_modified_date":false,"created":"2025-03-14 15:05:14","updated":"2026-07-28 02:18:16","ai":null,"breadcrumb_settings":null,"seo_analyzer_scan_date":null},"aioseo_breadcrumb":"<div class=\"aioseo-breadcrumbs\"><span class=\"aioseo-breadcrumb\">\n\t\t\t<a href=\"https:\/\/cauceecologico.org\" title=\"Home\">Home<\/a>\n\t\t<\/span><span class=\"aioseo-breadcrumb-separator\">&raquo;<\/span><span class=\"aioseo-breadcrumb\">\n\t\t\t<a href=\"https:\/\/cauceecologico.org\/?cat=1\" title=\"Uncategorized\">Uncategorized<\/a>\n\t\t<\/span><span class=\"aioseo-breadcrumb-separator\">&raquo;<\/span><span class=\"aioseo-breadcrumb\">\n\t\t\tInvitamos a la comunidad a participar del Observatorio del r\u00edo Paran\u00e1\n\t\t<\/span><\/div>","aioseo_breadcrumb_json":[{"label":"Home","link":"https:\/\/cauceecologico.org"},{"label":"Uncategorized","link":"https:\/\/cauceecologico.org\/?cat=1"},{"label":"Invitamos a la comunidad a participar del Observatorio del r\u00edo Paran\u00e1","link":"https:\/\/cauceecologico.org\/?p=5336"}],"_links":{"self":[{"href":"https:\/\/cauceecologico.org\/index.php?rest_route=\/wp\/v2\/posts\/5336","targetHints":{"allow":["GET"]}}],"collection":[{"href":"https:\/\/cauceecologico.org\/index.php?rest_route=\/wp\/v2\/posts"}],"about":[{"href":"https:\/\/cauceecologico.org\/index.php?rest_route=\/wp\/v2\/types\/post"}],"author":[{"embeddable":true,"href":"https:\/\/cauceecologico.org\/index.php?rest_route=\/wp\/v2\/users\/5"}],"replies":[{"embeddable":true,"href":"https:\/\/cauceecologico.org\/index.php?rest_route=%2Fwp%2Fv2%2Fcomments&post=5336"}],"version-history":[{"count":4,"href":"https:\/\/cauceecologico.org\/index.php?rest_route=\/wp\/v2\/posts\/5336\/revisions"}],"predecessor-version":[{"id":5341,"href":"https:\/\/cauceecologico.org\/index.php?rest_route=\/wp\/v2\/posts\/5336\/revisions\/5341"}],"wp:featuredmedia":[{"embeddable":true,"href":"https:\/\/cauceecologico.org\/index.php?rest_route=\/wp\/v2\/media\/5343"}],"wp:attachment":[{"href":"https:\/\/cauceecologico.org\/index.php?rest_route=%2Fwp%2Fv2%2Fmedia&parent=5336"}],"wp:term":[{"taxonomy":"category","embeddable":true,"href":"https:\/\/cauceecologico.org\/index.php?rest_route=%2Fwp%2Fv2%2Fcategories&post=5336"},{"taxonomy":"post_tag","embeddable":true,"href":"https:\/\/cauceecologico.org\/index.php?rest_route=%2Fwp%2Fv2%2Ftags&post=5336"}],"curies":[{"name":"wp","href":"https:\/\/api.w.org\/{rel}","templated":true}]}}