{"id":5364,"date":"2025-03-21T19:35:25","date_gmt":"2025-03-21T19:35:25","guid":{"rendered":"https:\/\/cauceecologico.org\/?p=5364"},"modified":"2025-04-15T14:49:05","modified_gmt":"2025-04-15T14:49:05","slug":"freno-al-desmonte-ilegal-en-entre-rios-cauce-interpuso-un-amparo-colectivo","status":"publish","type":"post","link":"https:\/\/cauceecologico.org\/?p=5364","title":{"rendered":"Freno al desmonte ilegal en Entre R\u00edos: CAUCE interpuso un amparo colectivo"},"content":{"rendered":"<p><span style=\"font-weight: 400;\">En el marco de las acciones de monitoreo sobre actividades que impactan en el territorio entrerriano, Fundaci\u00f3n CAUCE interpuso un amparo colectivo contra el Estado provincial y la empresa agropecuaria Salentein Argentina para frenar el desmonte ilegal en el departamento de Villaguay. Este desmonte afecta \u00e1reas de Categor\u00eda I (roja) y Categor\u00eda II (amarilla), seg\u00fan lo establecido en la <\/span><a href=\"https:\/\/copaer.org.ar\/wp-content\/uploads\/2020\/09\/000-LEY-10284-ORDENAMIENTO-BN.docx.pdf\"><span style=\"font-weight: 400;\"><span style=\"color: #3366ff;\">Ley N\u00b0 10.284<\/span><\/span><\/a><span style=\"font-weight: 400;\"> de Entre R\u00edos.<\/span><\/p>\n<p><span style=\"font-weight: 400;\">El 20 de marzo, la jueza de Paz N.\u00b0 1 de Paran\u00e1, Virginia Giachello, declar\u00f3 la admisibilidad del amparo ambiental colectivo. En su resoluci\u00f3n, dispuso la inscripci\u00f3n del proceso en el Registro de Procesos Colectivos y estableci\u00f3 que cualquier persona interesada podr\u00e1 presentarse en un plazo de siete d\u00edas corridos a partir de su <span style=\"color: #3366ff;\"><a style=\"color: #3366ff;\" href=\"https:\/\/www.jusentrerios.gov.ar\/2025\/03\/21\/apertura-de-amparo-ambiental-colectivo\/\">pu<\/a><\/span><\/span><span style=\"font-weight: 400; color: #3366ff;\">blicaci\u00f3n.<\/span><\/p>\n<p><b>Objeto de la demanda<\/b><\/p>\n<p><span style=\"font-weight: 400;\">Desde Fundaci\u00f3n CAUCE, solicitamos:<\/span><\/p>\n<p><span style=\"font-weight: 400;\">-El cese inmediato del desmonte en los lotes de la empresa Salentein Argentina (planos N.\u00b0 37797, 37796 y 3278).<\/span><\/p>\n<p><span style=\"font-weight: 400;\">-El secuestro y decomiso de herramientas y maquinaria utilizadas para la deforestaci\u00f3n ilegal.<\/span><\/p>\n<p><span style=\"font-weight: 400;\">-Que se declare a Salentein Argentina responsable del da\u00f1o ambiental y se le ordene restaurar el bosque nativo mediante regeneraci\u00f3n natural o reforestaci\u00f3n con especies aut\u00f3ctonas.<\/span><\/p>\n<p><span style=\"font-weight: 400;\">-Que el Estado provincial refuerce los controles sobre desmontes ilegales, dada la grave situaci\u00f3n del monte nativo en Entre R\u00edos.<\/span><\/p>\n<p><span style=\"font-weight: 400;\">-Que se inicie un proceso participativo de actualizaci\u00f3n del Ordenamiento Territorial de Bosques Nativos (OTBN).<\/span><\/p>\n<p><b>La importancia del monte entrerriano<\/b><\/p>\n<p><span style=\"font-weight: 400;\">El Espinal es una de las ecorregiones clave de Argentina. En Entre R\u00edos, esta formaci\u00f3n boscosa se concentra principalmente en los departamentos de Federal, La Paz, Villaguay y Feliciano. A lo largo del siglo XX, el Espinal entrerriano sufri\u00f3 una intensa deforestaci\u00f3n y fragmentaci\u00f3n, perdiendo cerca del 70 % de su superficie original entre 1914 y 2016.<\/span><\/p>\n<p><span style=\"font-weight: 400;\">Hist\u00f3ricamente, estos bosques fueron utilizados para la extracci\u00f3n de madera, la cr\u00eda extensiva de ganado y otras actividades productivas que, sin un manejo sostenible, han provocado su degradaci\u00f3n. Entre los principales factores de deterioro se encuentran el cambio de uso del suelo, el sobrepastoreo: la erosi\u00f3n h\u00eddrica, la salinizaci\u00f3n y las invasiones biol\u00f3gicas, especies ex\u00f3ticas como la acacia negra y el ligustro est\u00e1n reemplazando la flora nativa.<\/span><\/p>\n<p><b>Proteger lo que somos es proteger el futuro<\/b><\/p>\n<p><span style=\"font-weight: 400;\">La conservaci\u00f3n y restauraci\u00f3n del monte nativo es fundamental para la biodiversidad, la provisi\u00f3n de agua y la mitigaci\u00f3n del cambio clim\u00e1tico. Desde Fundaci\u00f3n CAUCE reafirmamos nuestro compromiso con la defensa del monte nativo y exigimos el cumplimiento efectivo de la normativa ambiental para frenar su destrucci\u00f3n.<\/span><\/p>\n<p>\u00abFUNDACI\u00d3N CAUCE CULTURA AMBIENTAL CAUSA ECOLOGISTA C\/ SALENTEIN ARGENTINA B.V. y otro S\/ ACCION DE AMPARO (AMBIENTAL) \u00bb &#8211; EXPTE. N\u00ba 537512WQ<\/p>\n<p><a href=\"http:\/\/cauceecologico.org\/wp-content\/uploads\/2025\/03\/POR-PROMOVIDA-DEMANDA-Y-SE-CORREN-LOS-TRASLADOS-PREVISTOS-EN-LA-LEY.pdf\">&#x1f4c4; <strong>Resoluci\u00f3n admisi\u00f3n de amparo<\/strong><\/a><\/p>\n<p>&nbsp;<\/p>\n","protected":false},"excerpt":{"rendered":"<p>En el marco de las acciones de monitoreo sobre actividades que impactan en el territorio entrerriano, Fundaci\u00f3n CAUCE interpuso un amparo colectivo contra el Estado provincial y la empresa agropecuaria Salentein Argentina para frenar el desmonte ilegal en el departamento de Villaguay. Este desmonte afecta \u00e1reas de Categor\u00eda I (roja) y Categor\u00eda II (amarilla), seg\u00fan [&hellip;]<\/p>\n","protected":false},"author":2,"featured_media":5361,"comment_status":"open","ping_status":"open","sticky":false,"template":"","format":"standard","meta":{"om_disable_all_campaigns":false,"_monsterinsights_skip_tracking":false,"amp_status":"","footnotes":""},"categories":[277,5],"tags":[],"class_list":["post-5364","post","type-post","status-publish","format-standard","has-post-thumbnail","hentry","category-acciones-de-monitoreo","category-noticias"],"aioseo_notices":[],"aioseo_head":"\n\t\t<!-- All in One SEO 4.9.10 - aioseo.com -->\n\t<meta name=\"description\" content=\"En el marco de las acciones de monitoreo sobre actividades que impactan en el territorio entrerriano, Fundaci\u00f3n CAUCE interpuso un amparo colectivo contra el Estado provincial y la empresa agropecuaria Salentein Argentina para frenar el desmonte ilegal en el departamento de Villaguay. Este desmonte afecta \u00e1reas de Categor\u00eda I (roja) y Categor\u00eda II (amarilla), seg\u00fan\" \/>\n\t<meta name=\"robots\" content=\"max-image-preview:large\" \/>\n\t<meta name=\"author\" content=\"Ana Lucia Vergara\"\/>\n\t<link rel=\"canonical\" href=\"https:\/\/cauceecologico.org\/?p=5364\" \/>\n\t<meta name=\"generator\" content=\"All in One SEO (AIOSEO) 4.9.10\" \/>\n\t\t<meta property=\"og:locale\" content=\"es_ES\" \/>\n\t\t<meta property=\"og:site_name\" content=\"CAUCE - Cultura Ambiental - Causa Ecologista\" \/>\n\t\t<meta property=\"og:type\" content=\"article\" \/>\n\t\t<meta property=\"og:title\" content=\"Freno al desmonte ilegal en Entre R\u00edos: CAUCE interpuso un amparo colectivo - CAUCE\" \/>\n\t\t<meta property=\"og:description\" content=\"En el marco de las acciones de monitoreo sobre actividades que impactan en el territorio entrerriano, Fundaci\u00f3n CAUCE interpuso un amparo colectivo contra el Estado provincial y la empresa agropecuaria Salentein Argentina para frenar el desmonte ilegal en el departamento de Villaguay. Este desmonte afecta \u00e1reas de Categor\u00eda I (roja) y Categor\u00eda II (amarilla), seg\u00fan\" \/>\n\t\t<meta property=\"og:url\" content=\"https:\/\/cauceecologico.org\/?p=5364\" \/>\n\t\t<meta property=\"article:published_time\" content=\"2025-03-21T19:35:25+00:00\" \/>\n\t\t<meta property=\"article:modified_time\" content=\"2025-04-15T14:49:05+00:00\" \/>\n\t\t<meta name=\"twitter:card\" content=\"summary_large_image\" \/>\n\t\t<meta name=\"twitter:title\" content=\"Freno al desmonte ilegal en Entre R\u00edos: CAUCE interpuso un amparo colectivo - CAUCE\" \/>\n\t\t<meta name=\"twitter:description\" content=\"En el marco de las acciones de monitoreo sobre actividades que impactan en el territorio entrerriano, Fundaci\u00f3n CAUCE interpuso un amparo colectivo contra el Estado provincial y la empresa agropecuaria Salentein Argentina para frenar el desmonte ilegal en el departamento de Villaguay. Este desmonte afecta \u00e1reas de Categor\u00eda I (roja) y Categor\u00eda II (amarilla), seg\u00fan\" \/>\n\t\t<script type=\"application\/ld+json\" class=\"aioseo-schema\">\n\t\t\t{\"@context\":\"https:\\\/\\\/schema.org\",\"@graph\":[{\"@type\":\"BlogPosting\",\"@id\":\"https:\\\/\\\/cauceecologico.org\\\/?p=5364#blogposting\",\"name\":\"Freno al desmonte ilegal en Entre R\\u00edos: CAUCE interpuso un amparo colectivo - CAUCE\",\"headline\":\"Freno al desmonte ilegal en Entre R\\u00edos: CAUCE interpuso un amparo colectivo\",\"author\":{\"@id\":\"https:\\\/\\\/cauceecologico.org\\\/?author=2#author\"},\"publisher\":{\"@id\":\"https:\\\/\\\/cauceecologico.org\\\/#organization\"},\"image\":{\"@type\":\"ImageObject\",\"url\":\"https:\\\/\\\/cauceecologico.org\\\/wp-content\\\/uploads\\\/2025\\\/03\\\/a73c1ba3-3bc2-4919-81a0-592b618cd33e.jpg\",\"width\":921,\"height\":676},\"datePublished\":\"2025-03-21T19:35:25+00:00\",\"dateModified\":\"2025-04-15T14:49:05+00:00\",\"inLanguage\":\"es-ES\",\"mainEntityOfPage\":{\"@id\":\"https:\\\/\\\/cauceecologico.org\\\/?p=5364#webpage\"},\"isPartOf\":{\"@id\":\"https:\\\/\\\/cauceecologico.org\\\/?p=5364#webpage\"},\"articleSection\":\"Acciones de monitoreo, Noticias\"},{\"@type\":\"BreadcrumbList\",\"@id\":\"https:\\\/\\\/cauceecologico.org\\\/?p=5364#breadcrumblist\",\"itemListElement\":[{\"@type\":\"ListItem\",\"@id\":\"https:\\\/\\\/cauceecologico.org#listItem\",\"position\":1,\"name\":\"Home\",\"item\":\"https:\\\/\\\/cauceecologico.org\",\"nextItem\":{\"@type\":\"ListItem\",\"@id\":\"https:\\\/\\\/cauceecologico.org\\\/?cat=5#listItem\",\"name\":\"Noticias\"}},{\"@type\":\"ListItem\",\"@id\":\"https:\\\/\\\/cauceecologico.org\\\/?cat=5#listItem\",\"position\":2,\"name\":\"Noticias\",\"item\":\"https:\\\/\\\/cauceecologico.org\\\/?cat=5\",\"nextItem\":{\"@type\":\"ListItem\",\"@id\":\"https:\\\/\\\/cauceecologico.org\\\/?p=5364#listItem\",\"name\":\"Freno al desmonte ilegal en Entre R\\u00edos: CAUCE interpuso un amparo colectivo\"},\"previousItem\":{\"@type\":\"ListItem\",\"@id\":\"https:\\\/\\\/cauceecologico.org#listItem\",\"name\":\"Home\"}},{\"@type\":\"ListItem\",\"@id\":\"https:\\\/\\\/cauceecologico.org\\\/?p=5364#listItem\",\"position\":3,\"name\":\"Freno al desmonte ilegal en Entre R\\u00edos: CAUCE interpuso un amparo colectivo\",\"previousItem\":{\"@type\":\"ListItem\",\"@id\":\"https:\\\/\\\/cauceecologico.org\\\/?cat=5#listItem\",\"name\":\"Noticias\"}}]},{\"@type\":\"Organization\",\"@id\":\"https:\\\/\\\/cauceecologico.org\\\/#organization\",\"name\":\"CAUCE\",\"description\":\"Cultura Ambiental - Causa Ecologista\",\"url\":\"https:\\\/\\\/cauceecologico.org\\\/\"},{\"@type\":\"Person\",\"@id\":\"https:\\\/\\\/cauceecologico.org\\\/?author=2#author\",\"url\":\"https:\\\/\\\/cauceecologico.org\\\/?author=2\",\"name\":\"Ana Lucia Vergara\",\"image\":{\"@type\":\"ImageObject\",\"@id\":\"https:\\\/\\\/cauceecologico.org\\\/?p=5364#authorImage\",\"url\":\"https:\\\/\\\/secure.gravatar.com\\\/avatar\\\/e8720df08f5c466573fb9f3d6cec14bcac9a305e2049123e58e6bc9c03f3a77b?s=96&d=mm&r=g\",\"width\":96,\"height\":96,\"caption\":\"Ana Lucia Vergara\"}},{\"@type\":\"WebPage\",\"@id\":\"https:\\\/\\\/cauceecologico.org\\\/?p=5364#webpage\",\"url\":\"https:\\\/\\\/cauceecologico.org\\\/?p=5364\",\"name\":\"Freno al desmonte ilegal en Entre R\\u00edos: CAUCE interpuso un amparo colectivo - CAUCE\",\"description\":\"En el marco de las acciones de monitoreo sobre actividades que impactan en el territorio entrerriano, Fundaci\\u00f3n CAUCE interpuso un amparo colectivo contra el Estado provincial y la empresa agropecuaria Salentein Argentina para frenar el desmonte ilegal en el departamento de Villaguay. Este desmonte afecta \\u00e1reas de Categor\\u00eda I (roja) y Categor\\u00eda II (amarilla), seg\\u00fan\",\"inLanguage\":\"es-ES\",\"isPartOf\":{\"@id\":\"https:\\\/\\\/cauceecologico.org\\\/#website\"},\"breadcrumb\":{\"@id\":\"https:\\\/\\\/cauceecologico.org\\\/?p=5364#breadcrumblist\"},\"author\":{\"@id\":\"https:\\\/\\\/cauceecologico.org\\\/?author=2#author\"},\"creator\":{\"@id\":\"https:\\\/\\\/cauceecologico.org\\\/?author=2#author\"},\"image\":{\"@type\":\"ImageObject\",\"url\":\"https:\\\/\\\/cauceecologico.org\\\/wp-content\\\/uploads\\\/2025\\\/03\\\/a73c1ba3-3bc2-4919-81a0-592b618cd33e.jpg\",\"@id\":\"https:\\\/\\\/cauceecologico.org\\\/?p=5364\\\/#mainImage\",\"width\":921,\"height\":676},\"primaryImageOfPage\":{\"@id\":\"https:\\\/\\\/cauceecologico.org\\\/?p=5364#mainImage\"},\"datePublished\":\"2025-03-21T19:35:25+00:00\",\"dateModified\":\"2025-04-15T14:49:05+00:00\"},{\"@type\":\"WebSite\",\"@id\":\"https:\\\/\\\/cauceecologico.org\\\/#website\",\"url\":\"https:\\\/\\\/cauceecologico.org\\\/\",\"name\":\"CAUCE\",\"description\":\"Cultura Ambiental - Causa Ecologista\",\"inLanguage\":\"es-ES\",\"publisher\":{\"@id\":\"https:\\\/\\\/cauceecologico.org\\\/#organization\"}}]}\n\t\t<\/script>\n\t\t<!-- All in One SEO -->\n\n","aioseo_head_json":{"title":"Freno al desmonte ilegal en Entre R\u00edos: CAUCE interpuso un amparo colectivo - CAUCE","description":"En el marco de las acciones de monitoreo sobre actividades que impactan en el territorio entrerriano, Fundaci\u00f3n CAUCE interpuso un amparo colectivo contra el Estado provincial y la empresa agropecuaria Salentein Argentina para frenar el desmonte ilegal en el departamento de Villaguay. Este desmonte afecta \u00e1reas de Categor\u00eda I (roja) y Categor\u00eda II (amarilla), seg\u00fan","canonical_url":"https:\/\/cauceecologico.org\/?p=5364","robots":"max-image-preview:large","keywords":"","webmasterTools":{"miscellaneous":""},"schema":{"@context":"https:\/\/schema.org","@graph":[{"@type":"BlogPosting","@id":"https:\/\/cauceecologico.org\/?p=5364#blogposting","name":"Freno al desmonte ilegal en Entre R\u00edos: CAUCE interpuso un amparo colectivo - CAUCE","headline":"Freno al desmonte ilegal en Entre R\u00edos: CAUCE interpuso un amparo colectivo","author":{"@id":"https:\/\/cauceecologico.org\/?author=2#author"},"publisher":{"@id":"https:\/\/cauceecologico.org\/#organization"},"image":{"@type":"ImageObject","url":"https:\/\/cauceecologico.org\/wp-content\/uploads\/2025\/03\/a73c1ba3-3bc2-4919-81a0-592b618cd33e.jpg","width":921,"height":676},"datePublished":"2025-03-21T19:35:25+00:00","dateModified":"2025-04-15T14:49:05+00:00","inLanguage":"es-ES","mainEntityOfPage":{"@id":"https:\/\/cauceecologico.org\/?p=5364#webpage"},"isPartOf":{"@id":"https:\/\/cauceecologico.org\/?p=5364#webpage"},"articleSection":"Acciones de monitoreo, Noticias"},{"@type":"BreadcrumbList","@id":"https:\/\/cauceecologico.org\/?p=5364#breadcrumblist","itemListElement":[{"@type":"ListItem","@id":"https:\/\/cauceecologico.org#listItem","position":1,"name":"Home","item":"https:\/\/cauceecologico.org","nextItem":{"@type":"ListItem","@id":"https:\/\/cauceecologico.org\/?cat=5#listItem","name":"Noticias"}},{"@type":"ListItem","@id":"https:\/\/cauceecologico.org\/?cat=5#listItem","position":2,"name":"Noticias","item":"https:\/\/cauceecologico.org\/?cat=5","nextItem":{"@type":"ListItem","@id":"https:\/\/cauceecologico.org\/?p=5364#listItem","name":"Freno al desmonte ilegal en Entre R\u00edos: CAUCE interpuso un amparo colectivo"},"previousItem":{"@type":"ListItem","@id":"https:\/\/cauceecologico.org#listItem","name":"Home"}},{"@type":"ListItem","@id":"https:\/\/cauceecologico.org\/?p=5364#listItem","position":3,"name":"Freno al desmonte ilegal en Entre R\u00edos: CAUCE interpuso un amparo colectivo","previousItem":{"@type":"ListItem","@id":"https:\/\/cauceecologico.org\/?cat=5#listItem","name":"Noticias"}}]},{"@type":"Organization","@id":"https:\/\/cauceecologico.org\/#organization","name":"CAUCE","description":"Cultura Ambiental - Causa Ecologista","url":"https:\/\/cauceecologico.org\/"},{"@type":"Person","@id":"https:\/\/cauceecologico.org\/?author=2#author","url":"https:\/\/cauceecologico.org\/?author=2","name":"Ana Lucia Vergara","image":{"@type":"ImageObject","@id":"https:\/\/cauceecologico.org\/?p=5364#authorImage","url":"https:\/\/secure.gravatar.com\/avatar\/e8720df08f5c466573fb9f3d6cec14bcac9a305e2049123e58e6bc9c03f3a77b?s=96&d=mm&r=g","width":96,"height":96,"caption":"Ana Lucia Vergara"}},{"@type":"WebPage","@id":"https:\/\/cauceecologico.org\/?p=5364#webpage","url":"https:\/\/cauceecologico.org\/?p=5364","name":"Freno al desmonte ilegal en Entre R\u00edos: CAUCE interpuso un amparo colectivo - CAUCE","description":"En el marco de las acciones de monitoreo sobre actividades que impactan en el territorio entrerriano, Fundaci\u00f3n CAUCE interpuso un amparo colectivo contra el Estado provincial y la empresa agropecuaria Salentein Argentina para frenar el desmonte ilegal en el departamento de Villaguay. Este desmonte afecta \u00e1reas de Categor\u00eda I (roja) y Categor\u00eda II (amarilla), seg\u00fan","inLanguage":"es-ES","isPartOf":{"@id":"https:\/\/cauceecologico.org\/#website"},"breadcrumb":{"@id":"https:\/\/cauceecologico.org\/?p=5364#breadcrumblist"},"author":{"@id":"https:\/\/cauceecologico.org\/?author=2#author"},"creator":{"@id":"https:\/\/cauceecologico.org\/?author=2#author"},"image":{"@type":"ImageObject","url":"https:\/\/cauceecologico.org\/wp-content\/uploads\/2025\/03\/a73c1ba3-3bc2-4919-81a0-592b618cd33e.jpg","@id":"https:\/\/cauceecologico.org\/?p=5364\/#mainImage","width":921,"height":676},"primaryImageOfPage":{"@id":"https:\/\/cauceecologico.org\/?p=5364#mainImage"},"datePublished":"2025-03-21T19:35:25+00:00","dateModified":"2025-04-15T14:49:05+00:00"},{"@type":"WebSite","@id":"https:\/\/cauceecologico.org\/#website","url":"https:\/\/cauceecologico.org\/","name":"CAUCE","description":"Cultura Ambiental - Causa Ecologista","inLanguage":"es-ES","publisher":{"@id":"https:\/\/cauceecologico.org\/#organization"}}]},"og:locale":"es_ES","og:site_name":"CAUCE - Cultura Ambiental - Causa Ecologista","og:type":"article","og:title":"Freno al desmonte ilegal en Entre R\u00edos: CAUCE interpuso un amparo colectivo - CAUCE","og:description":"En el marco de las acciones de monitoreo sobre actividades que impactan en el territorio entrerriano, Fundaci\u00f3n CAUCE interpuso un amparo colectivo contra el Estado provincial y la empresa agropecuaria Salentein Argentina para frenar el desmonte ilegal en el departamento de Villaguay. Este desmonte afecta \u00e1reas de Categor\u00eda I (roja) y Categor\u00eda II (amarilla), seg\u00fan","og:url":"https:\/\/cauceecologico.org\/?p=5364","article:published_time":"2025-03-21T19:35:25+00:00","article:modified_time":"2025-04-15T14:49:05+00:00","twitter:card":"summary_large_image","twitter:title":"Freno al desmonte ilegal en Entre R\u00edos: CAUCE interpuso un amparo colectivo - CAUCE","twitter:description":"En el marco de las acciones de monitoreo sobre actividades que impactan en el territorio entrerriano, Fundaci\u00f3n CAUCE interpuso un amparo colectivo contra el Estado provincial y la empresa agropecuaria Salentein Argentina para frenar el desmonte ilegal en el departamento de Villaguay. Este desmonte afecta \u00e1reas de Categor\u00eda I (roja) y Categor\u00eda II (amarilla), seg\u00fan"},"aioseo_meta_data":{"post_id":"5364","title":null,"description":null,"keywords":[],"keyphrases":{"focus":{"keyphrase":"","score":0,"analysis":{"keyphraseInTitle":{"score":0,"maxScore":9,"error":1}}},"additional":[]},"primary_term":null,"canonical_url":null,"og_title":null,"og_description":null,"og_object_type":"default","og_image_type":"default","og_image_url":null,"og_image_width":null,"og_image_height":null,"og_image_custom_url":null,"og_image_custom_fields":null,"og_video":"","og_custom_url":null,"og_article_section":null,"og_article_tags":[],"twitter_use_og":false,"twitter_card":"default","twitter_image_type":"default","twitter_image_url":null,"twitter_image_custom_url":null,"twitter_image_custom_fields":null,"twitter_title":null,"twitter_description":null,"schema":{"blockGraphs":[],"customGraphs":[],"default":{"data":{"Article":[],"Course":[],"Dataset":[],"FAQPage":[],"Movie":[],"Person":[],"Product":[],"ProductReview":[],"Car":[],"Recipe":[],"Service":[],"SoftwareApplication":[],"WebPage":[]},"graphName":"","isEnabled":true},"graphs":[]},"schema_type":"default","schema_type_options":null,"pillar_content":false,"robots_default":true,"robots_noindex":false,"robots_noarchive":false,"robots_nosnippet":false,"robots_nofollow":false,"robots_noimageindex":false,"robots_noodp":false,"robots_notranslate":false,"robots_max_snippet":"-1","robots_max_videopreview":"-1","robots_max_imagepreview":"large","priority":0,"frequency":"default","local_seo":null,"limit_modified_date":false,"created":"2025-03-21 19:35:25","updated":"2026-07-28 02:21:27","ai":null,"breadcrumb_settings":null,"seo_analyzer_scan_date":null},"aioseo_breadcrumb":"<div class=\"aioseo-breadcrumbs\"><span class=\"aioseo-breadcrumb\">\n\t\t\t<a href=\"https:\/\/cauceecologico.org\" title=\"Home\">Home<\/a>\n\t\t<\/span><span class=\"aioseo-breadcrumb-separator\">&raquo;<\/span><span class=\"aioseo-breadcrumb\">\n\t\t\t<a href=\"https:\/\/cauceecologico.org\/?cat=5\" title=\"Noticias\">Noticias<\/a>\n\t\t<\/span><span class=\"aioseo-breadcrumb-separator\">&raquo;<\/span><span class=\"aioseo-breadcrumb\">\n\t\t\tFreno al desmonte ilegal en Entre R\u00edos: CAUCE interpuso un amparo colectivo\n\t\t<\/span><\/div>","aioseo_breadcrumb_json":[{"label":"Home","link":"https:\/\/cauceecologico.org"},{"label":"Noticias","link":"https:\/\/cauceecologico.org\/?cat=5"},{"label":"Freno al desmonte ilegal en Entre R\u00edos: CAUCE interpuso un amparo colectivo","link":"https:\/\/cauceecologico.org\/?p=5364"}],"_links":{"self":[{"href":"https:\/\/cauceecologico.org\/index.php?rest_route=\/wp\/v2\/posts\/5364","targetHints":{"allow":["GET"]}}],"collection":[{"href":"https:\/\/cauceecologico.org\/index.php?rest_route=\/wp\/v2\/posts"}],"about":[{"href":"https:\/\/cauceecologico.org\/index.php?rest_route=\/wp\/v2\/types\/post"}],"author":[{"embeddable":true,"href":"https:\/\/cauceecologico.org\/index.php?rest_route=\/wp\/v2\/users\/2"}],"replies":[{"embeddable":true,"href":"https:\/\/cauceecologico.org\/index.php?rest_route=%2Fwp%2Fv2%2Fcomments&post=5364"}],"version-history":[{"count":1,"href":"https:\/\/cauceecologico.org\/index.php?rest_route=\/wp\/v2\/posts\/5364\/revisions"}],"predecessor-version":[{"id":5365,"href":"https:\/\/cauceecologico.org\/index.php?rest_route=\/wp\/v2\/posts\/5364\/revisions\/5365"}],"wp:featuredmedia":[{"embeddable":true,"href":"https:\/\/cauceecologico.org\/index.php?rest_route=\/wp\/v2\/media\/5361"}],"wp:attachment":[{"href":"https:\/\/cauceecologico.org\/index.php?rest_route=%2Fwp%2Fv2%2Fmedia&parent=5364"}],"wp:term":[{"taxonomy":"category","embeddable":true,"href":"https:\/\/cauceecologico.org\/index.php?rest_route=%2Fwp%2Fv2%2Fcategories&post=5364"},{"taxonomy":"post_tag","embeddable":true,"href":"https:\/\/cauceecologico.org\/index.php?rest_route=%2Fwp%2Fv2%2Ftags&post=5364"}],"curies":[{"name":"wp","href":"https:\/\/api.w.org\/{rel}","templated":true}]}}