{"id":5366,"date":"2025-03-26T16:32:01","date_gmt":"2025-03-26T16:32:01","guid":{"rendered":"https:\/\/cauceecologico.org\/?p=5366"},"modified":"2025-03-26T16:32:01","modified_gmt":"2025-03-26T16:32:01","slug":"comunidades-y-sociedad-civil-se-preparan-para-incidir-en-las-reuniones-anuales-del-bid-2025-en-chile","status":"publish","type":"post","link":"https:\/\/cauceecologico.org\/?p=5366","title":{"rendered":"Comunidades y sociedad civil se preparan para incidir en las Reuniones Anuales del BID 2025 en Chile"},"content":{"rendered":"<p><i><span style=\"font-weight: 400;\">Resistencia comunitaria frente al modelo de desarrollo impulsado por el BID y los Bancos Multilaterales de Desarrollo<\/span><\/i><\/p>\n<p><span style=\"font-weight: 400;\">Chile ser\u00e1 sede de la sexag\u00e9sima quinta edici\u00f3n de las Reuniones Anuales de las Asambleas de Gobernadores del Banco Interamericano de Desarrollo (BID) y de BID Invest, que se llevar\u00e1n a cabo del 25 al 26 de marzo en Punta Arenas (Magallanes) y del 26 al 30 de marzo en Santiago. Este evento reunir\u00e1 a ministros de Econom\u00eda, Hacienda y Finanzas de los 48 pa\u00edses miembros del Banco, quienes definir\u00e1n las principales pol\u00edticas y estrategias de financiamiento para la regi\u00f3n.<\/span><\/p>\n<p><span style=\"font-weight: 400;\">En este escenario, comunidades afectadas por proyectos financiados por el BID y organizaciones de la sociedad civil se est\u00e1n organizando para llevar sus demandas y visibilizar las resistencias al modelo de desarrollo promovido por la instituci\u00f3n.\u00a0<\/span><\/p>\n<p><span style=\"font-weight: 400;\">Sus principales demandas incluyen:<\/span><\/p>\n<ul>\n<li style=\"list-style-type: none;\">\n<ul>\n<li style=\"font-weight: 400;\" aria-level=\"1\"><b>Acceso completo y comprensible a la informaci\u00f3n<\/b><span style=\"font-weight: 400;\"> sobre los proyectos y sus impactos<\/span><\/li>\n<li style=\"font-weight: 400;\" aria-level=\"1\"><b>Participaci\u00f3n efectiva<\/b><span style=\"font-weight: 400;\"> de las comunidades afectadas en la toma de decisiones<\/span><\/li>\n<li style=\"font-weight: 400;\" aria-level=\"1\"><b>Protecci\u00f3n de personas defensoras de derechos humanos y la naturaleza<\/b><span style=\"font-weight: 400;\"> para evitar represalias<\/span><\/li>\n<li style=\"font-weight: 400;\" aria-level=\"1\"><b>Financiaci\u00f3n alineada con la justicia clim\u00e1tica y los derechos humanos<\/b><\/li>\n<\/ul>\n<\/li>\n<\/ul>\n<ul>\n<li aria-level=\"1\"><span style=\"font-weight: 400;\">Garantizar la <\/span><b>prevenci\u00f3n, mitigaci\u00f3n y reparaci\u00f3n de da\u00f1os causados por sus inversiones, a trav\u00e9s de pol\u00edticas o marcos de remediaci\u00f3n y salida responsable<\/b><\/li>\n<\/ul>\n<p><span style=\"font-weight: 400;\">Desde hace a\u00f1os, redes de resistencia han denunciado los efectos nocivos de los proyectos financiados por el BID y otros Bancos Multilaterales de Desarrollo (BMD). Parques e\u00f3licos, minas de litio y cobre, y megaproyectos de infraestructura han transformado ecosistemas y modos de vida sin consulta ni consentimiento de las comunidades afectadas. En Punta Arenas, sede de actividades previas a las Reuniones Anuales, crece la oposici\u00f3n a los megaproyectos de hidr\u00f3geno verde, impulsados sin un debate p\u00fablico real ni consideraci\u00f3n de los derechos ind\u00edgenas y locales.<\/span><\/p>\n<p><span style=\"font-weight: 400;\">El Grupo de Trabajo sobre el BID, una red de organizaciones de la sociedad civil, ha sido clave en la apertura de espacios de incidencia dentro de las Reuniones Anuales. Gracias a su presi\u00f3n, en 2023 el Banco se comprometi\u00f3 a reincorporar la participaci\u00f3n de la sociedad civil tras eliminarla en 2013. La edici\u00f3n de 2025 en Chile es una oportunidad crucial para fortalecer la articulaci\u00f3n entre comunidades afectadas, y reforzar estrategias de incidencia para cuestionar el rol del BID en la regi\u00f3n.<\/span><\/p>\n<p><span style=\"font-weight: 400;\">Algunas declaraciones de comunidades y organizaciones de la sociedad civil<\/span><\/p>\n<p><strong>Sobre la transici\u00f3n energ\u00e9tica justa y la protecci\u00f3n de los pueblos ind\u00edgenas y el medio ambiente:<\/strong><\/p>\n<p><span style=\"font-weight: 400;\">\u201cTienen que estudiar los lugares donde impulsan proyectos y qui\u00e9nes viven ah\u00ed. Que se preocupen de ver sus costumbres, sus modos de vida. Porque no est\u00e1 bien que lleguen a un lugar y interrumpan donde la gente est\u00e1 acostumbrada a vivir en la tranquilidad y que cuidan y protegen a la de la naturaleza y la biodiversidad\u201d<\/span><\/p>\n<p>Vocera del Pueblo Chango, Antofagasta (elige permanecer en el anonimato)<span style=\"font-weight: 400;\"><\/p>\n<p><\/span><\/p>\n<p><strong>Sobre la pol\u00edtica de acceso a la informaci\u00f3n del BID<\/strong><\/p>\n<p><span style=\"font-weight: 400;\">\u201cEl BID debe asegurar el efectivo y oportuno acceso a informaci\u00f3n sobre los proyectos que financia, a fin de que las comunidades y poblaciones afectadas conozcan acabadamente el estado de situaci\u00f3n de un determinado proyecto y puedan llevar adelante una participaci\u00f3n informada en la toma de decisiones.\u201d<\/span><\/p>\n<p>Gonzalo Roza, Coordinador del \u00c1rea de Gobernabilidad Global, FUNDEPS (Argentina)<b><\/p>\n<p><\/b><\/p>\n<p><strong>Sobre la protecci\u00f3n del espacio c\u00edvico:<\/strong><\/p>\n<p><span style=\"font-weight: 400;\">Los Bancos Multilaterales de Desarrollo (BMDs) tienen la responsabilidad de respetar los derechos humanos en sus operaciones y de usar su influencia para que sus clientes -gobiernos y empresas- creen y mantengan un entorno propicio y seguro para el ejercicio y defensa de los mismos. El Grupo BID debe garantizar la efectiva implementaci\u00f3n de sus\u00a0 pol\u00edticas y mejorar sus pr\u00e1cticas a esa responsabilidad asegur\u00e1ndose de que se cumplan de manera sistem\u00e1tica.<\/span><\/p>\n<p>Suhayla Bazbaz, Directora, Cohesi\u00f3n Comunitaria e Innovaci\u00f3n Social (M\u00e9xico)<b><\/p>\n<p><\/b><\/p>\n<p><strong>Sobre Remedio y Salida Responsable:<\/strong><\/p>\n<p><span style=\"font-weight: 400;\">\u00abLa reparaci\u00f3n de los da\u00f1os generados por los proyectos que financia debe ser una prioridad para el Grupo BID. Es tiempo de que el Banco est\u00e9 a la vanguardia de las mejores pr\u00e1cticas y pol\u00edticas de otros bancos de desarrollo. La Corporaci\u00f3n Financiera Internacional (ala privada del Banco Mundial) ya public\u00f3 sus Principios de Salida Responsable y est\u00e1 a punto de aprobar el Marco de Remedio, dos instrumentos para prevenir, mitigar y reparar los da\u00f1os por cuenta de sus inversiones. As\u00ed como toda instituci\u00f3n financiera, el BID tiene la responsabilidad de remediar los da\u00f1os causados a las comunidades y al planeta.\u00bb<\/span><\/p>\n<p>Luisa G\u00f3mez, Abogada Senior, Center for International Environmental Law\u2013 CIEL (Estado Unidos)<\/p>\n<p><span style=\"color: #333333;\"><b>Agenda de resistencia e incidencia en Chile<\/b><\/span><\/p>\n<p><span style=\"font-weight: 400;\">Las organizaciones de la sociedad civil y comunidades impactadas han delineado un plan de acci\u00f3n que incluye:<\/span><\/p>\n<ul>\n<li style=\"font-weight: 400;\" aria-level=\"1\"><b>Talleres y encuentros en Santiago y Punta Arenas<\/b><span style=\"font-weight: 400;\"> con organizaciones locales, comunidades afectadas y aliados estrat\u00e9gicos para analizar el impacto del BID en la transici\u00f3n energ\u00e9tica y el financiamiento del desarrollo.<\/span><\/li>\n<li style=\"font-weight: 400;\" aria-level=\"1\"><span style=\"color: #3366ff;\"><a style=\"color: #3366ff;\" href=\"https:\/\/forms.gle\/QvQeWGuoSiR3Ek6g9\"><b>Un conversatorios p\u00fablico<\/b><\/a><\/span> <span style=\"font-weight: 400;\">sobre el papel de bancos de desarrollo en la transici\u00f3n energ\u00e9tica justa<\/span><b>, <\/b><span style=\"font-weight: 400;\">as\u00ed como el caso de Chile en la industria del hidr\u00f3geno verde y la miner\u00eda<\/span><\/li>\n<li style=\"font-weight: 400;\" aria-level=\"1\"><b>Actividades de incidencia en las Reuniones Anuales<\/b><span style=\"font-weight: 400;\"> con el objetivo de generar espacios de di\u00e1logo con representantes del BID y otros actores clave.<\/span><\/li>\n<li style=\"font-weight: 400;\" aria-level=\"1\"><b>Vinculaci\u00f3n con redes locales e internacionales<\/b><span style=\"font-weight: 400;\"> para fortalecer estrategias de resistencia y visibilizaci\u00f3n global de los impactos de los proyectos impulsados por el Banco.<\/span><\/li>\n<\/ul>\n<p><span style=\"font-weight: 400;\">La lucha de las comunidades contra los proyectos extractivistas impulsados por el BID no es nueva, pero en un contexto de expansi\u00f3n del financiamiento a sectores estrat\u00e9gicos como la energ\u00eda y la miner\u00eda, es m\u00e1s urgente que nunca amplificar sus voces y exigir una transici\u00f3n energ\u00e9tica justa, que ponga en el centro los derechos de las comunidades y la protecci\u00f3n de los territorios.<\/span><\/p>\n<p><b>Contacto de prensa: Daniela Sep\u00falveda <\/b><a href=\"mailto:dsepulveda@rightsindevelopment.org\"><b>dsepulveda@rightsindevelopment.org<\/b><\/a><b> +351926979148<\/b><\/p>\n","protected":false},"excerpt":{"rendered":"<p>Resistencia comunitaria frente al modelo de desarrollo impulsado por el BID y los Bancos Multilaterales de Desarrollo Chile ser\u00e1 sede de la sexag\u00e9sima quinta edici\u00f3n de las Reuniones Anuales de las Asambleas de Gobernadores del Banco Interamericano de Desarrollo (BID) y de BID Invest, que se llevar\u00e1n a cabo del 25 al 26 de marzo [&hellip;]<\/p>\n","protected":false},"author":2,"featured_media":4799,"comment_status":"open","ping_status":"open","sticky":false,"template":"","format":"standard","meta":{"om_disable_all_campaigns":false,"_monsterinsights_skip_tracking":false,"amp_status":"","footnotes":""},"categories":[277,111,5],"tags":[],"class_list":["post-5366","post","type-post","status-publish","format-standard","has-post-thumbnail","hentry","category-acciones-de-monitoreo","category-info-publica","category-noticias"],"aioseo_notices":[],"aioseo_head":"\n\t\t<!-- All in One SEO 4.9.10 - aioseo.com -->\n\t<meta name=\"description\" content=\"Resistencia comunitaria frente al modelo de desarrollo impulsado por el BID y los Bancos Multilaterales de Desarrollo Chile ser\u00e1 sede de la sexag\u00e9sima quinta edici\u00f3n de las Reuniones Anuales de las Asambleas de Gobernadores del Banco Interamericano de Desarrollo (BID) y de BID Invest, que se llevar\u00e1n a cabo del 25 al 26 de marzo\" \/>\n\t<meta name=\"robots\" content=\"max-image-preview:large\" \/>\n\t<meta name=\"author\" content=\"Ana Lucia Vergara\"\/>\n\t<link rel=\"canonical\" href=\"https:\/\/cauceecologico.org\/?p=5366\" \/>\n\t<meta name=\"generator\" content=\"All in One SEO (AIOSEO) 4.9.10\" \/>\n\t\t<meta property=\"og:locale\" content=\"es_ES\" \/>\n\t\t<meta property=\"og:site_name\" content=\"CAUCE - Cultura Ambiental - Causa Ecologista\" \/>\n\t\t<meta property=\"og:type\" content=\"article\" \/>\n\t\t<meta property=\"og:title\" content=\"Comunidades y sociedad civil se preparan para incidir en las Reuniones Anuales del BID 2025 en Chile - CAUCE\" \/>\n\t\t<meta property=\"og:description\" content=\"Resistencia comunitaria frente al modelo de desarrollo impulsado por el BID y los Bancos Multilaterales de Desarrollo Chile ser\u00e1 sede de la sexag\u00e9sima quinta edici\u00f3n de las Reuniones Anuales de las Asambleas de Gobernadores del Banco Interamericano de Desarrollo (BID) y de BID Invest, que se llevar\u00e1n a cabo del 25 al 26 de marzo\" \/>\n\t\t<meta property=\"og:url\" content=\"https:\/\/cauceecologico.org\/?p=5366\" \/>\n\t\t<meta property=\"article:published_time\" content=\"2025-03-26T16:32:01+00:00\" \/>\n\t\t<meta property=\"article:modified_time\" content=\"2025-03-26T16:32:01+00:00\" \/>\n\t\t<meta name=\"twitter:card\" content=\"summary_large_image\" \/>\n\t\t<meta name=\"twitter:title\" content=\"Comunidades y sociedad civil se preparan para incidir en las Reuniones Anuales del BID 2025 en Chile - CAUCE\" \/>\n\t\t<meta name=\"twitter:description\" content=\"Resistencia comunitaria frente al modelo de desarrollo impulsado por el BID y los Bancos Multilaterales de Desarrollo Chile ser\u00e1 sede de la sexag\u00e9sima quinta edici\u00f3n de las Reuniones Anuales de las Asambleas de Gobernadores del Banco Interamericano de Desarrollo (BID) y de BID Invest, que se llevar\u00e1n a cabo del 25 al 26 de marzo\" \/>\n\t\t<script type=\"application\/ld+json\" class=\"aioseo-schema\">\n\t\t\t{\"@context\":\"https:\\\/\\\/schema.org\",\"@graph\":[{\"@type\":\"BlogPosting\",\"@id\":\"https:\\\/\\\/cauceecologico.org\\\/?p=5366#blogposting\",\"name\":\"Comunidades y sociedad civil se preparan para incidir en las Reuniones Anuales del BID 2025 en Chile - CAUCE\",\"headline\":\"Comunidades y sociedad civil se preparan para incidir en las Reuniones Anuales del BID 2025 en Chile\",\"author\":{\"@id\":\"https:\\\/\\\/cauceecologico.org\\\/?author=2#author\"},\"publisher\":{\"@id\":\"https:\\\/\\\/cauceecologico.org\\\/#organization\"},\"image\":{\"@type\":\"ImageObject\",\"url\":\"https:\\\/\\\/cauceecologico.org\\\/wp-content\\\/uploads\\\/2024\\\/03\\\/20240306_143719-2.jpg\",\"width\":2000,\"height\":1128},\"datePublished\":\"2025-03-26T16:32:01+00:00\",\"dateModified\":\"2025-03-26T16:32:01+00:00\",\"inLanguage\":\"es-ES\",\"mainEntityOfPage\":{\"@id\":\"https:\\\/\\\/cauceecologico.org\\\/?p=5366#webpage\"},\"isPartOf\":{\"@id\":\"https:\\\/\\\/cauceecologico.org\\\/?p=5366#webpage\"},\"articleSection\":\"Acciones de monitoreo, informaci\\u00f3n p\\u00fablica, Noticias\"},{\"@type\":\"BreadcrumbList\",\"@id\":\"https:\\\/\\\/cauceecologico.org\\\/?p=5366#breadcrumblist\",\"itemListElement\":[{\"@type\":\"ListItem\",\"@id\":\"https:\\\/\\\/cauceecologico.org#listItem\",\"position\":1,\"name\":\"Home\",\"item\":\"https:\\\/\\\/cauceecologico.org\",\"nextItem\":{\"@type\":\"ListItem\",\"@id\":\"https:\\\/\\\/cauceecologico.org\\\/?cat=5#listItem\",\"name\":\"Noticias\"}},{\"@type\":\"ListItem\",\"@id\":\"https:\\\/\\\/cauceecologico.org\\\/?cat=5#listItem\",\"position\":2,\"name\":\"Noticias\",\"item\":\"https:\\\/\\\/cauceecologico.org\\\/?cat=5\",\"nextItem\":{\"@type\":\"ListItem\",\"@id\":\"https:\\\/\\\/cauceecologico.org\\\/?p=5366#listItem\",\"name\":\"Comunidades y sociedad civil se preparan para incidir en las Reuniones Anuales del BID 2025 en Chile\"},\"previousItem\":{\"@type\":\"ListItem\",\"@id\":\"https:\\\/\\\/cauceecologico.org#listItem\",\"name\":\"Home\"}},{\"@type\":\"ListItem\",\"@id\":\"https:\\\/\\\/cauceecologico.org\\\/?p=5366#listItem\",\"position\":3,\"name\":\"Comunidades y sociedad civil se preparan para incidir en las Reuniones Anuales del BID 2025 en Chile\",\"previousItem\":{\"@type\":\"ListItem\",\"@id\":\"https:\\\/\\\/cauceecologico.org\\\/?cat=5#listItem\",\"name\":\"Noticias\"}}]},{\"@type\":\"Organization\",\"@id\":\"https:\\\/\\\/cauceecologico.org\\\/#organization\",\"name\":\"CAUCE\",\"description\":\"Cultura Ambiental - Causa Ecologista\",\"url\":\"https:\\\/\\\/cauceecologico.org\\\/\"},{\"@type\":\"Person\",\"@id\":\"https:\\\/\\\/cauceecologico.org\\\/?author=2#author\",\"url\":\"https:\\\/\\\/cauceecologico.org\\\/?author=2\",\"name\":\"Ana Lucia Vergara\",\"image\":{\"@type\":\"ImageObject\",\"@id\":\"https:\\\/\\\/cauceecologico.org\\\/?p=5366#authorImage\",\"url\":\"https:\\\/\\\/secure.gravatar.com\\\/avatar\\\/e8720df08f5c466573fb9f3d6cec14bcac9a305e2049123e58e6bc9c03f3a77b?s=96&d=mm&r=g\",\"width\":96,\"height\":96,\"caption\":\"Ana Lucia Vergara\"}},{\"@type\":\"WebPage\",\"@id\":\"https:\\\/\\\/cauceecologico.org\\\/?p=5366#webpage\",\"url\":\"https:\\\/\\\/cauceecologico.org\\\/?p=5366\",\"name\":\"Comunidades y sociedad civil se preparan para incidir en las Reuniones Anuales del BID 2025 en Chile - CAUCE\",\"description\":\"Resistencia comunitaria frente al modelo de desarrollo impulsado por el BID y los Bancos Multilaterales de Desarrollo Chile ser\\u00e1 sede de la sexag\\u00e9sima quinta edici\\u00f3n de las Reuniones Anuales de las Asambleas de Gobernadores del Banco Interamericano de Desarrollo (BID) y de BID Invest, que se llevar\\u00e1n a cabo del 25 al 26 de marzo\",\"inLanguage\":\"es-ES\",\"isPartOf\":{\"@id\":\"https:\\\/\\\/cauceecologico.org\\\/#website\"},\"breadcrumb\":{\"@id\":\"https:\\\/\\\/cauceecologico.org\\\/?p=5366#breadcrumblist\"},\"author\":{\"@id\":\"https:\\\/\\\/cauceecologico.org\\\/?author=2#author\"},\"creator\":{\"@id\":\"https:\\\/\\\/cauceecologico.org\\\/?author=2#author\"},\"image\":{\"@type\":\"ImageObject\",\"url\":\"https:\\\/\\\/cauceecologico.org\\\/wp-content\\\/uploads\\\/2024\\\/03\\\/20240306_143719-2.jpg\",\"@id\":\"https:\\\/\\\/cauceecologico.org\\\/?p=5366\\\/#mainImage\",\"width\":2000,\"height\":1128},\"primaryImageOfPage\":{\"@id\":\"https:\\\/\\\/cauceecologico.org\\\/?p=5366#mainImage\"},\"datePublished\":\"2025-03-26T16:32:01+00:00\",\"dateModified\":\"2025-03-26T16:32:01+00:00\"},{\"@type\":\"WebSite\",\"@id\":\"https:\\\/\\\/cauceecologico.org\\\/#website\",\"url\":\"https:\\\/\\\/cauceecologico.org\\\/\",\"name\":\"CAUCE\",\"description\":\"Cultura Ambiental - Causa Ecologista\",\"inLanguage\":\"es-ES\",\"publisher\":{\"@id\":\"https:\\\/\\\/cauceecologico.org\\\/#organization\"}}]}\n\t\t<\/script>\n\t\t<!-- All in One SEO -->\n\n","aioseo_head_json":{"title":"Comunidades y sociedad civil se preparan para incidir en las Reuniones Anuales del BID 2025 en Chile - CAUCE","description":"Resistencia comunitaria frente al modelo de desarrollo impulsado por el BID y los Bancos Multilaterales de Desarrollo Chile ser\u00e1 sede de la sexag\u00e9sima quinta edici\u00f3n de las Reuniones Anuales de las Asambleas de Gobernadores del Banco Interamericano de Desarrollo (BID) y de BID Invest, que se llevar\u00e1n a cabo del 25 al 26 de marzo","canonical_url":"https:\/\/cauceecologico.org\/?p=5366","robots":"max-image-preview:large","keywords":"","webmasterTools":{"miscellaneous":""},"schema":{"@context":"https:\/\/schema.org","@graph":[{"@type":"BlogPosting","@id":"https:\/\/cauceecologico.org\/?p=5366#blogposting","name":"Comunidades y sociedad civil se preparan para incidir en las Reuniones Anuales del BID 2025 en Chile - CAUCE","headline":"Comunidades y sociedad civil se preparan para incidir en las Reuniones Anuales del BID 2025 en Chile","author":{"@id":"https:\/\/cauceecologico.org\/?author=2#author"},"publisher":{"@id":"https:\/\/cauceecologico.org\/#organization"},"image":{"@type":"ImageObject","url":"https:\/\/cauceecologico.org\/wp-content\/uploads\/2024\/03\/20240306_143719-2.jpg","width":2000,"height":1128},"datePublished":"2025-03-26T16:32:01+00:00","dateModified":"2025-03-26T16:32:01+00:00","inLanguage":"es-ES","mainEntityOfPage":{"@id":"https:\/\/cauceecologico.org\/?p=5366#webpage"},"isPartOf":{"@id":"https:\/\/cauceecologico.org\/?p=5366#webpage"},"articleSection":"Acciones de monitoreo, informaci\u00f3n p\u00fablica, Noticias"},{"@type":"BreadcrumbList","@id":"https:\/\/cauceecologico.org\/?p=5366#breadcrumblist","itemListElement":[{"@type":"ListItem","@id":"https:\/\/cauceecologico.org#listItem","position":1,"name":"Home","item":"https:\/\/cauceecologico.org","nextItem":{"@type":"ListItem","@id":"https:\/\/cauceecologico.org\/?cat=5#listItem","name":"Noticias"}},{"@type":"ListItem","@id":"https:\/\/cauceecologico.org\/?cat=5#listItem","position":2,"name":"Noticias","item":"https:\/\/cauceecologico.org\/?cat=5","nextItem":{"@type":"ListItem","@id":"https:\/\/cauceecologico.org\/?p=5366#listItem","name":"Comunidades y sociedad civil se preparan para incidir en las Reuniones Anuales del BID 2025 en Chile"},"previousItem":{"@type":"ListItem","@id":"https:\/\/cauceecologico.org#listItem","name":"Home"}},{"@type":"ListItem","@id":"https:\/\/cauceecologico.org\/?p=5366#listItem","position":3,"name":"Comunidades y sociedad civil se preparan para incidir en las Reuniones Anuales del BID 2025 en Chile","previousItem":{"@type":"ListItem","@id":"https:\/\/cauceecologico.org\/?cat=5#listItem","name":"Noticias"}}]},{"@type":"Organization","@id":"https:\/\/cauceecologico.org\/#organization","name":"CAUCE","description":"Cultura Ambiental - Causa Ecologista","url":"https:\/\/cauceecologico.org\/"},{"@type":"Person","@id":"https:\/\/cauceecologico.org\/?author=2#author","url":"https:\/\/cauceecologico.org\/?author=2","name":"Ana Lucia Vergara","image":{"@type":"ImageObject","@id":"https:\/\/cauceecologico.org\/?p=5366#authorImage","url":"https:\/\/secure.gravatar.com\/avatar\/e8720df08f5c466573fb9f3d6cec14bcac9a305e2049123e58e6bc9c03f3a77b?s=96&d=mm&r=g","width":96,"height":96,"caption":"Ana Lucia Vergara"}},{"@type":"WebPage","@id":"https:\/\/cauceecologico.org\/?p=5366#webpage","url":"https:\/\/cauceecologico.org\/?p=5366","name":"Comunidades y sociedad civil se preparan para incidir en las Reuniones Anuales del BID 2025 en Chile - CAUCE","description":"Resistencia comunitaria frente al modelo de desarrollo impulsado por el BID y los Bancos Multilaterales de Desarrollo Chile ser\u00e1 sede de la sexag\u00e9sima quinta edici\u00f3n de las Reuniones Anuales de las Asambleas de Gobernadores del Banco Interamericano de Desarrollo (BID) y de BID Invest, que se llevar\u00e1n a cabo del 25 al 26 de marzo","inLanguage":"es-ES","isPartOf":{"@id":"https:\/\/cauceecologico.org\/#website"},"breadcrumb":{"@id":"https:\/\/cauceecologico.org\/?p=5366#breadcrumblist"},"author":{"@id":"https:\/\/cauceecologico.org\/?author=2#author"},"creator":{"@id":"https:\/\/cauceecologico.org\/?author=2#author"},"image":{"@type":"ImageObject","url":"https:\/\/cauceecologico.org\/wp-content\/uploads\/2024\/03\/20240306_143719-2.jpg","@id":"https:\/\/cauceecologico.org\/?p=5366\/#mainImage","width":2000,"height":1128},"primaryImageOfPage":{"@id":"https:\/\/cauceecologico.org\/?p=5366#mainImage"},"datePublished":"2025-03-26T16:32:01+00:00","dateModified":"2025-03-26T16:32:01+00:00"},{"@type":"WebSite","@id":"https:\/\/cauceecologico.org\/#website","url":"https:\/\/cauceecologico.org\/","name":"CAUCE","description":"Cultura Ambiental - Causa Ecologista","inLanguage":"es-ES","publisher":{"@id":"https:\/\/cauceecologico.org\/#organization"}}]},"og:locale":"es_ES","og:site_name":"CAUCE - Cultura Ambiental - Causa Ecologista","og:type":"article","og:title":"Comunidades y sociedad civil se preparan para incidir en las Reuniones Anuales del BID 2025 en Chile - CAUCE","og:description":"Resistencia comunitaria frente al modelo de desarrollo impulsado por el BID y los Bancos Multilaterales de Desarrollo Chile ser\u00e1 sede de la sexag\u00e9sima quinta edici\u00f3n de las Reuniones Anuales de las Asambleas de Gobernadores del Banco Interamericano de Desarrollo (BID) y de BID Invest, que se llevar\u00e1n a cabo del 25 al 26 de marzo","og:url":"https:\/\/cauceecologico.org\/?p=5366","article:published_time":"2025-03-26T16:32:01+00:00","article:modified_time":"2025-03-26T16:32:01+00:00","twitter:card":"summary_large_image","twitter:title":"Comunidades y sociedad civil se preparan para incidir en las Reuniones Anuales del BID 2025 en Chile - CAUCE","twitter:description":"Resistencia comunitaria frente al modelo de desarrollo impulsado por el BID y los Bancos Multilaterales de Desarrollo Chile ser\u00e1 sede de la sexag\u00e9sima quinta edici\u00f3n de las Reuniones Anuales de las Asambleas de Gobernadores del Banco Interamericano de Desarrollo (BID) y de BID Invest, que se llevar\u00e1n a cabo del 25 al 26 de marzo"},"aioseo_meta_data":{"post_id":"5366","title":null,"description":null,"keywords":[],"keyphrases":{"focus":{"keyphrase":"","score":0,"analysis":{"keyphraseInTitle":{"score":0,"maxScore":9,"error":1}}},"additional":[]},"primary_term":null,"canonical_url":null,"og_title":null,"og_description":null,"og_object_type":"default","og_image_type":"default","og_image_url":null,"og_image_width":null,"og_image_height":null,"og_image_custom_url":null,"og_image_custom_fields":null,"og_video":"","og_custom_url":null,"og_article_section":null,"og_article_tags":[],"twitter_use_og":false,"twitter_card":"default","twitter_image_type":"default","twitter_image_url":null,"twitter_image_custom_url":null,"twitter_image_custom_fields":null,"twitter_title":null,"twitter_description":null,"schema":{"blockGraphs":[],"customGraphs":[],"default":{"data":{"Article":[],"Course":[],"Dataset":[],"FAQPage":[],"Movie":[],"Person":[],"Product":[],"ProductReview":[],"Car":[],"Recipe":[],"Service":[],"SoftwareApplication":[],"WebPage":[]},"graphName":"","isEnabled":true},"graphs":[]},"schema_type":"default","schema_type_options":null,"pillar_content":false,"robots_default":true,"robots_noindex":false,"robots_noarchive":false,"robots_nosnippet":false,"robots_nofollow":false,"robots_noimageindex":false,"robots_noodp":false,"robots_notranslate":false,"robots_max_snippet":"-1","robots_max_videopreview":"-1","robots_max_imagepreview":"large","priority":0,"frequency":"default","local_seo":null,"limit_modified_date":false,"created":"2025-03-26 16:30:19","updated":"2026-07-28 02:21:27","ai":null,"breadcrumb_settings":null,"seo_analyzer_scan_date":null},"aioseo_breadcrumb":"<div class=\"aioseo-breadcrumbs\"><span class=\"aioseo-breadcrumb\">\n\t\t\t<a href=\"https:\/\/cauceecologico.org\" title=\"Home\">Home<\/a>\n\t\t<\/span><span class=\"aioseo-breadcrumb-separator\">&raquo;<\/span><span class=\"aioseo-breadcrumb\">\n\t\t\t<a href=\"https:\/\/cauceecologico.org\/?cat=5\" title=\"Noticias\">Noticias<\/a>\n\t\t<\/span><span class=\"aioseo-breadcrumb-separator\">&raquo;<\/span><span class=\"aioseo-breadcrumb\">\n\t\t\tComunidades y sociedad civil se preparan para incidir en las Reuniones Anuales del BID 2025 en Chile\n\t\t<\/span><\/div>","aioseo_breadcrumb_json":[{"label":"Home","link":"https:\/\/cauceecologico.org"},{"label":"Noticias","link":"https:\/\/cauceecologico.org\/?cat=5"},{"label":"Comunidades y sociedad civil se preparan para incidir en las Reuniones Anuales del BID 2025 en Chile","link":"https:\/\/cauceecologico.org\/?p=5366"}],"_links":{"self":[{"href":"https:\/\/cauceecologico.org\/index.php?rest_route=\/wp\/v2\/posts\/5366","targetHints":{"allow":["GET"]}}],"collection":[{"href":"https:\/\/cauceecologico.org\/index.php?rest_route=\/wp\/v2\/posts"}],"about":[{"href":"https:\/\/cauceecologico.org\/index.php?rest_route=\/wp\/v2\/types\/post"}],"author":[{"embeddable":true,"href":"https:\/\/cauceecologico.org\/index.php?rest_route=\/wp\/v2\/users\/2"}],"replies":[{"embeddable":true,"href":"https:\/\/cauceecologico.org\/index.php?rest_route=%2Fwp%2Fv2%2Fcomments&post=5366"}],"version-history":[{"count":2,"href":"https:\/\/cauceecologico.org\/index.php?rest_route=\/wp\/v2\/posts\/5366\/revisions"}],"predecessor-version":[{"id":5368,"href":"https:\/\/cauceecologico.org\/index.php?rest_route=\/wp\/v2\/posts\/5366\/revisions\/5368"}],"wp:featuredmedia":[{"embeddable":true,"href":"https:\/\/cauceecologico.org\/index.php?rest_route=\/wp\/v2\/media\/4799"}],"wp:attachment":[{"href":"https:\/\/cauceecologico.org\/index.php?rest_route=%2Fwp%2Fv2%2Fmedia&parent=5366"}],"wp:term":[{"taxonomy":"category","embeddable":true,"href":"https:\/\/cauceecologico.org\/index.php?rest_route=%2Fwp%2Fv2%2Fcategories&post=5366"},{"taxonomy":"post_tag","embeddable":true,"href":"https:\/\/cauceecologico.org\/index.php?rest_route=%2Fwp%2Fv2%2Ftags&post=5366"}],"curies":[{"name":"wp","href":"https:\/\/api.w.org\/{rel}","templated":true}]}}