{"id":5382,"date":"2025-04-10T16:25:49","date_gmt":"2025-04-10T16:25:49","guid":{"rendered":"https:\/\/cauceecologico.org\/?p=5382"},"modified":"2025-04-10T16:33:36","modified_gmt":"2025-04-10T16:33:36","slug":"cauce-participo-en-el-encuentro-de-la-coalicion-humedales-sin-fronteras-en-bolivia","status":"publish","type":"post","link":"https:\/\/cauceecologico.org\/?p=5382","title":{"rendered":"CAUCE particip\u00f3 en el encuentro de la Coalici\u00f3n Humedales Sin Fronteras en Bolivia"},"content":{"rendered":"<div dir=\"auto\">\n<p class=\"\" data-start=\"173\" data-end=\"570\">Entre el 27 y el 29 de marzo, la <strong data-start=\"206\" data-end=\"243\">Coalici\u00f3n Humedales Sin Fronteras<\/strong> se reuni\u00f3 en Santa Cruz, Bolivia, en un encuentro de trabajo que convoc\u00f3 a organizaciones de <strong data-start=\"337\" data-end=\"396\">Bolivia, Paraguay, Brasil, Argentina y los Pa\u00edses Bajos<\/strong>. Durante la jornada, se analizaron las problem\u00e1ticas ambientales a nivel regional y global, se compartieron visiones y se proyectaron estrategias conjuntas para el futuro.<\/p>\n<p class=\"\" data-start=\"572\" data-end=\"915\">Desde 2018, como programa <span style=\"color: #3366ff;\"><a style=\"color: #3366ff;\" href=\"https:\/\/humedalessinfronteras.org\/es\/\"><strong data-start=\"598\" data-end=\"625\">Humedales Sin Fronteras<\/strong><\/a><\/span>, hemos desarrollado acciones en defensa de la libertad y la vida de los r\u00edos, la protecci\u00f3n de los humedales, la conformaci\u00f3n de corredores bioculturales y la promoci\u00f3n de la agroecolog\u00eda como pr\u00e1ctica y movimiento que cuida la tierra y garantiza la soberan\u00eda alimentaria de los pueblos.<\/p>\n\n\t\t<style type=\"text\/css\">\n\t\t\t#gallery-1 {\n\t\t\t\tmargin: auto;\n\t\t\t}\n\t\t\t#gallery-1 .gallery-item {\n\t\t\t\tfloat: left;\n\t\t\t\tmargin-top: 10px;\n\t\t\t\ttext-align: center;\n\t\t\t\twidth: 50%;\n\t\t\t}\n\t\t\t#gallery-1 img {\n\t\t\t\tborder: 2px solid #cfcfcf;\n\t\t\t}\n\t\t\t#gallery-1 .gallery-caption {\n\t\t\t\tmargin-left: 0;\n\t\t\t}\n\t\t\t\/* see gallery_shortcode() in wp-includes\/media.php *\/\n\t\t<\/style>\n\t\t<div id='gallery-1' class='gallery galleryid-5382 gallery-columns-2 gallery-size-large'><dl class='gallery-item'>\n\t\t\t<dt class='gallery-icon landscape'>\n\t\t\t\t<a href='https:\/\/cauceecologico.org\/?attachment_id=5394'><img loading=\"lazy\" decoding=\"async\" width=\"740\" height=\"493\" src=\"https:\/\/cauceecologico.org\/wp-content\/uploads\/2025\/04\/IMG_3694-min.jpg\" class=\"attachment-large size-large\" alt=\"\" \/><\/a>\n\t\t\t<\/dt><\/dl><dl class='gallery-item'>\n\t\t\t<dt class='gallery-icon landscape'>\n\t\t\t\t<a href='https:\/\/cauceecologico.org\/?attachment_id=5396'><img loading=\"lazy\" decoding=\"async\" width=\"740\" height=\"493\" src=\"https:\/\/cauceecologico.org\/wp-content\/uploads\/2025\/04\/IMG_3563-min.jpg\" class=\"attachment-large size-large\" alt=\"\" \/><\/a>\n\t\t\t<\/dt><\/dl><br style=\"clear: both\" \/>\n\t\t<\/div>\n\n<p class=\"\" data-start=\"917\" data-end=\"1279\">A partir de 2025, decidimos consolidarnos como <strong data-start=\"964\" data-end=\"977\">Coalici\u00f3n<\/strong>, asumiendo nuevos desaf\u00edos en un contexto de creciente desigualdad y p\u00e9rdida de democracia. Las organizaciones que conformamos este espacio apostamos a fortalecer los v\u00ednculos y alianzas para defender el derecho a un ambiente sano y a conservar la cultura y la biodiversidad de nuestros territorios.<\/p>\n<p data-start=\"917\" data-end=\"1279\"><img loading=\"lazy\" decoding=\"async\" class=\"alignnone size-full wp-image-5395\" src=\"http:\/\/cauceecologico.org\/wp-content\/uploads\/2025\/04\/IMG_9125-min.jpg\" alt=\"\" width=\"4032\" height=\"3024\" \/><\/p>\n<p class=\"\" data-start=\"1281\" data-end=\"1545\">Entre las organizaciones participantes se encontraron Fe e Vida, Instituto Gaia, Reesolbio, Escola de Ativismo, CODES, Sobrevivencia Amigos de la Tierra Paraguay, FIRE Paraguay, Fundaci\u00f3n Hugo, PROBIOMA, IBIF, CEDIB, Casa R\u00edo, Taller Ecologista, FARN y CAUCE.<\/p>\n<\/div>\n<div dir=\"auto\"><\/div>\n<div dir=\"auto\"><\/div>\n<div dir=\"auto\"><\/div>\n","protected":false},"excerpt":{"rendered":"<p>Entre el 27 y el 29 de marzo, la Coalici\u00f3n Humedales Sin Fronteras se reuni\u00f3 en Santa Cruz, Bolivia, en un encuentro de trabajo que convoc\u00f3 a organizaciones de Bolivia, Paraguay, Brasil, Argentina y los Pa\u00edses Bajos. Durante la jornada, se analizaron las problem\u00e1ticas ambientales a nivel regional y global, se compartieron visiones y se [&hellip;]<\/p>\n","protected":false},"author":2,"featured_media":5398,"comment_status":"open","ping_status":"open","sticky":false,"template":"","format":"standard","meta":{"om_disable_all_campaigns":false,"_monsterinsights_skip_tracking":false,"amp_status":"","footnotes":""},"categories":[274,5,112],"tags":[],"class_list":["post-5382","post","type-post","status-publish","format-standard","has-post-thumbnail","hentry","category-agroecologia","category-noticias","category-rios-libres"],"aioseo_notices":[],"aioseo_head":"\n\t\t<!-- All in One SEO 4.9.10 - aioseo.com -->\n\t<meta name=\"description\" content=\"Entre el 27 y el 29 de marzo, la Coalici\u00f3n Humedales Sin Fronteras se reuni\u00f3 en Santa Cruz, Bolivia, en un encuentro de trabajo que convoc\u00f3 a organizaciones de Bolivia, Paraguay, Brasil, Argentina y los Pa\u00edses Bajos. Durante la jornada, se analizaron las problem\u00e1ticas ambientales a nivel regional y global, se compartieron visiones y se\" \/>\n\t<meta name=\"robots\" content=\"max-image-preview:large\" \/>\n\t<meta name=\"author\" content=\"Ana Lucia Vergara\"\/>\n\t<link rel=\"canonical\" href=\"https:\/\/cauceecologico.org\/?p=5382\" \/>\n\t<meta name=\"generator\" content=\"All in One SEO (AIOSEO) 4.9.10\" \/>\n\t\t<meta property=\"og:locale\" content=\"es_ES\" \/>\n\t\t<meta property=\"og:site_name\" content=\"CAUCE - Cultura Ambiental - Causa Ecologista\" \/>\n\t\t<meta property=\"og:type\" content=\"article\" \/>\n\t\t<meta property=\"og:title\" content=\"CAUCE particip\u00f3 en el encuentro de la Coalici\u00f3n Humedales Sin Fronteras en Bolivia - CAUCE\" \/>\n\t\t<meta property=\"og:description\" content=\"Entre el 27 y el 29 de marzo, la Coalici\u00f3n Humedales Sin Fronteras se reuni\u00f3 en Santa Cruz, Bolivia, en un encuentro de trabajo que convoc\u00f3 a organizaciones de Bolivia, Paraguay, Brasil, Argentina y los Pa\u00edses Bajos. Durante la jornada, se analizaron las problem\u00e1ticas ambientales a nivel regional y global, se compartieron visiones y se\" \/>\n\t\t<meta property=\"og:url\" content=\"https:\/\/cauceecologico.org\/?p=5382\" \/>\n\t\t<meta property=\"article:published_time\" content=\"2025-04-10T16:25:49+00:00\" \/>\n\t\t<meta property=\"article:modified_time\" content=\"2025-04-10T16:33:36+00:00\" \/>\n\t\t<meta name=\"twitter:card\" content=\"summary_large_image\" \/>\n\t\t<meta name=\"twitter:title\" content=\"CAUCE particip\u00f3 en el encuentro de la Coalici\u00f3n Humedales Sin Fronteras en Bolivia - CAUCE\" \/>\n\t\t<meta name=\"twitter:description\" content=\"Entre el 27 y el 29 de marzo, la Coalici\u00f3n Humedales Sin Fronteras se reuni\u00f3 en Santa Cruz, Bolivia, en un encuentro de trabajo que convoc\u00f3 a organizaciones de Bolivia, Paraguay, Brasil, Argentina y los Pa\u00edses Bajos. Durante la jornada, se analizaron las problem\u00e1ticas ambientales a nivel regional y global, se compartieron visiones y se\" \/>\n\t\t<script type=\"application\/ld+json\" class=\"aioseo-schema\">\n\t\t\t{\"@context\":\"https:\\\/\\\/schema.org\",\"@graph\":[{\"@type\":\"BlogPosting\",\"@id\":\"https:\\\/\\\/cauceecologico.org\\\/?p=5382#blogposting\",\"name\":\"CAUCE particip\\u00f3 en el encuentro de la Coalici\\u00f3n Humedales Sin Fronteras en Bolivia - CAUCE\",\"headline\":\"CAUCE particip\\u00f3 en el encuentro de la Coalici\\u00f3n Humedales Sin Fronteras en Bolivia\",\"author\":{\"@id\":\"https:\\\/\\\/cauceecologico.org\\\/?author=2#author\"},\"publisher\":{\"@id\":\"https:\\\/\\\/cauceecologico.org\\\/#organization\"},\"image\":{\"@type\":\"ImageObject\",\"url\":\"https:\\\/\\\/cauceecologico.org\\\/wp-content\\\/uploads\\\/2025\\\/04\\\/Destacados-web.jpg\",\"width\":1482,\"height\":834},\"datePublished\":\"2025-04-10T16:25:49+00:00\",\"dateModified\":\"2025-04-10T16:33:36+00:00\",\"inLanguage\":\"es-ES\",\"mainEntityOfPage\":{\"@id\":\"https:\\\/\\\/cauceecologico.org\\\/?p=5382#webpage\"},\"isPartOf\":{\"@id\":\"https:\\\/\\\/cauceecologico.org\\\/?p=5382#webpage\"},\"articleSection\":\"Agroecolog\\u00eda, Noticias, R\\u00edos libres\"},{\"@type\":\"BreadcrumbList\",\"@id\":\"https:\\\/\\\/cauceecologico.org\\\/?p=5382#breadcrumblist\",\"itemListElement\":[{\"@type\":\"ListItem\",\"@id\":\"https:\\\/\\\/cauceecologico.org#listItem\",\"position\":1,\"name\":\"Home\",\"item\":\"https:\\\/\\\/cauceecologico.org\",\"nextItem\":{\"@type\":\"ListItem\",\"@id\":\"https:\\\/\\\/cauceecologico.org\\\/?cat=5#listItem\",\"name\":\"Noticias\"}},{\"@type\":\"ListItem\",\"@id\":\"https:\\\/\\\/cauceecologico.org\\\/?cat=5#listItem\",\"position\":2,\"name\":\"Noticias\",\"item\":\"https:\\\/\\\/cauceecologico.org\\\/?cat=5\",\"nextItem\":{\"@type\":\"ListItem\",\"@id\":\"https:\\\/\\\/cauceecologico.org\\\/?p=5382#listItem\",\"name\":\"CAUCE particip\\u00f3 en el encuentro de la Coalici\\u00f3n Humedales Sin Fronteras en Bolivia\"},\"previousItem\":{\"@type\":\"ListItem\",\"@id\":\"https:\\\/\\\/cauceecologico.org#listItem\",\"name\":\"Home\"}},{\"@type\":\"ListItem\",\"@id\":\"https:\\\/\\\/cauceecologico.org\\\/?p=5382#listItem\",\"position\":3,\"name\":\"CAUCE particip\\u00f3 en el encuentro de la Coalici\\u00f3n Humedales Sin Fronteras en Bolivia\",\"previousItem\":{\"@type\":\"ListItem\",\"@id\":\"https:\\\/\\\/cauceecologico.org\\\/?cat=5#listItem\",\"name\":\"Noticias\"}}]},{\"@type\":\"Organization\",\"@id\":\"https:\\\/\\\/cauceecologico.org\\\/#organization\",\"name\":\"CAUCE\",\"description\":\"Cultura Ambiental - Causa Ecologista\",\"url\":\"https:\\\/\\\/cauceecologico.org\\\/\"},{\"@type\":\"Person\",\"@id\":\"https:\\\/\\\/cauceecologico.org\\\/?author=2#author\",\"url\":\"https:\\\/\\\/cauceecologico.org\\\/?author=2\",\"name\":\"Ana Lucia Vergara\",\"image\":{\"@type\":\"ImageObject\",\"@id\":\"https:\\\/\\\/cauceecologico.org\\\/?p=5382#authorImage\",\"url\":\"https:\\\/\\\/secure.gravatar.com\\\/avatar\\\/e8720df08f5c466573fb9f3d6cec14bcac9a305e2049123e58e6bc9c03f3a77b?s=96&d=mm&r=g\",\"width\":96,\"height\":96,\"caption\":\"Ana Lucia Vergara\"}},{\"@type\":\"WebPage\",\"@id\":\"https:\\\/\\\/cauceecologico.org\\\/?p=5382#webpage\",\"url\":\"https:\\\/\\\/cauceecologico.org\\\/?p=5382\",\"name\":\"CAUCE particip\\u00f3 en el encuentro de la Coalici\\u00f3n Humedales Sin Fronteras en Bolivia - CAUCE\",\"description\":\"Entre el 27 y el 29 de marzo, la Coalici\\u00f3n Humedales Sin Fronteras se reuni\\u00f3 en Santa Cruz, Bolivia, en un encuentro de trabajo que convoc\\u00f3 a organizaciones de Bolivia, Paraguay, Brasil, Argentina y los Pa\\u00edses Bajos. Durante la jornada, se analizaron las problem\\u00e1ticas ambientales a nivel regional y global, se compartieron visiones y se\",\"inLanguage\":\"es-ES\",\"isPartOf\":{\"@id\":\"https:\\\/\\\/cauceecologico.org\\\/#website\"},\"breadcrumb\":{\"@id\":\"https:\\\/\\\/cauceecologico.org\\\/?p=5382#breadcrumblist\"},\"author\":{\"@id\":\"https:\\\/\\\/cauceecologico.org\\\/?author=2#author\"},\"creator\":{\"@id\":\"https:\\\/\\\/cauceecologico.org\\\/?author=2#author\"},\"image\":{\"@type\":\"ImageObject\",\"url\":\"https:\\\/\\\/cauceecologico.org\\\/wp-content\\\/uploads\\\/2025\\\/04\\\/Destacados-web.jpg\",\"@id\":\"https:\\\/\\\/cauceecologico.org\\\/?p=5382\\\/#mainImage\",\"width\":1482,\"height\":834},\"primaryImageOfPage\":{\"@id\":\"https:\\\/\\\/cauceecologico.org\\\/?p=5382#mainImage\"},\"datePublished\":\"2025-04-10T16:25:49+00:00\",\"dateModified\":\"2025-04-10T16:33:36+00:00\"},{\"@type\":\"WebSite\",\"@id\":\"https:\\\/\\\/cauceecologico.org\\\/#website\",\"url\":\"https:\\\/\\\/cauceecologico.org\\\/\",\"name\":\"CAUCE\",\"description\":\"Cultura Ambiental - Causa Ecologista\",\"inLanguage\":\"es-ES\",\"publisher\":{\"@id\":\"https:\\\/\\\/cauceecologico.org\\\/#organization\"}}]}\n\t\t<\/script>\n\t\t<!-- All in One SEO -->\n\n","aioseo_head_json":{"title":"CAUCE particip\u00f3 en el encuentro de la Coalici\u00f3n Humedales Sin Fronteras en Bolivia - CAUCE","description":"Entre el 27 y el 29 de marzo, la Coalici\u00f3n Humedales Sin Fronteras se reuni\u00f3 en Santa Cruz, Bolivia, en un encuentro de trabajo que convoc\u00f3 a organizaciones de Bolivia, Paraguay, Brasil, Argentina y los Pa\u00edses Bajos. Durante la jornada, se analizaron las problem\u00e1ticas ambientales a nivel regional y global, se compartieron visiones y se","canonical_url":"https:\/\/cauceecologico.org\/?p=5382","robots":"max-image-preview:large","keywords":"","webmasterTools":{"miscellaneous":""},"schema":{"@context":"https:\/\/schema.org","@graph":[{"@type":"BlogPosting","@id":"https:\/\/cauceecologico.org\/?p=5382#blogposting","name":"CAUCE particip\u00f3 en el encuentro de la Coalici\u00f3n Humedales Sin Fronteras en Bolivia - CAUCE","headline":"CAUCE particip\u00f3 en el encuentro de la Coalici\u00f3n Humedales Sin Fronteras en Bolivia","author":{"@id":"https:\/\/cauceecologico.org\/?author=2#author"},"publisher":{"@id":"https:\/\/cauceecologico.org\/#organization"},"image":{"@type":"ImageObject","url":"https:\/\/cauceecologico.org\/wp-content\/uploads\/2025\/04\/Destacados-web.jpg","width":1482,"height":834},"datePublished":"2025-04-10T16:25:49+00:00","dateModified":"2025-04-10T16:33:36+00:00","inLanguage":"es-ES","mainEntityOfPage":{"@id":"https:\/\/cauceecologico.org\/?p=5382#webpage"},"isPartOf":{"@id":"https:\/\/cauceecologico.org\/?p=5382#webpage"},"articleSection":"Agroecolog\u00eda, Noticias, R\u00edos libres"},{"@type":"BreadcrumbList","@id":"https:\/\/cauceecologico.org\/?p=5382#breadcrumblist","itemListElement":[{"@type":"ListItem","@id":"https:\/\/cauceecologico.org#listItem","position":1,"name":"Home","item":"https:\/\/cauceecologico.org","nextItem":{"@type":"ListItem","@id":"https:\/\/cauceecologico.org\/?cat=5#listItem","name":"Noticias"}},{"@type":"ListItem","@id":"https:\/\/cauceecologico.org\/?cat=5#listItem","position":2,"name":"Noticias","item":"https:\/\/cauceecologico.org\/?cat=5","nextItem":{"@type":"ListItem","@id":"https:\/\/cauceecologico.org\/?p=5382#listItem","name":"CAUCE particip\u00f3 en el encuentro de la Coalici\u00f3n Humedales Sin Fronteras en Bolivia"},"previousItem":{"@type":"ListItem","@id":"https:\/\/cauceecologico.org#listItem","name":"Home"}},{"@type":"ListItem","@id":"https:\/\/cauceecologico.org\/?p=5382#listItem","position":3,"name":"CAUCE particip\u00f3 en el encuentro de la Coalici\u00f3n Humedales Sin Fronteras en Bolivia","previousItem":{"@type":"ListItem","@id":"https:\/\/cauceecologico.org\/?cat=5#listItem","name":"Noticias"}}]},{"@type":"Organization","@id":"https:\/\/cauceecologico.org\/#organization","name":"CAUCE","description":"Cultura Ambiental - Causa Ecologista","url":"https:\/\/cauceecologico.org\/"},{"@type":"Person","@id":"https:\/\/cauceecologico.org\/?author=2#author","url":"https:\/\/cauceecologico.org\/?author=2","name":"Ana Lucia Vergara","image":{"@type":"ImageObject","@id":"https:\/\/cauceecologico.org\/?p=5382#authorImage","url":"https:\/\/secure.gravatar.com\/avatar\/e8720df08f5c466573fb9f3d6cec14bcac9a305e2049123e58e6bc9c03f3a77b?s=96&d=mm&r=g","width":96,"height":96,"caption":"Ana Lucia Vergara"}},{"@type":"WebPage","@id":"https:\/\/cauceecologico.org\/?p=5382#webpage","url":"https:\/\/cauceecologico.org\/?p=5382","name":"CAUCE particip\u00f3 en el encuentro de la Coalici\u00f3n Humedales Sin Fronteras en Bolivia - CAUCE","description":"Entre el 27 y el 29 de marzo, la Coalici\u00f3n Humedales Sin Fronteras se reuni\u00f3 en Santa Cruz, Bolivia, en un encuentro de trabajo que convoc\u00f3 a organizaciones de Bolivia, Paraguay, Brasil, Argentina y los Pa\u00edses Bajos. Durante la jornada, se analizaron las problem\u00e1ticas ambientales a nivel regional y global, se compartieron visiones y se","inLanguage":"es-ES","isPartOf":{"@id":"https:\/\/cauceecologico.org\/#website"},"breadcrumb":{"@id":"https:\/\/cauceecologico.org\/?p=5382#breadcrumblist"},"author":{"@id":"https:\/\/cauceecologico.org\/?author=2#author"},"creator":{"@id":"https:\/\/cauceecologico.org\/?author=2#author"},"image":{"@type":"ImageObject","url":"https:\/\/cauceecologico.org\/wp-content\/uploads\/2025\/04\/Destacados-web.jpg","@id":"https:\/\/cauceecologico.org\/?p=5382\/#mainImage","width":1482,"height":834},"primaryImageOfPage":{"@id":"https:\/\/cauceecologico.org\/?p=5382#mainImage"},"datePublished":"2025-04-10T16:25:49+00:00","dateModified":"2025-04-10T16:33:36+00:00"},{"@type":"WebSite","@id":"https:\/\/cauceecologico.org\/#website","url":"https:\/\/cauceecologico.org\/","name":"CAUCE","description":"Cultura Ambiental - Causa Ecologista","inLanguage":"es-ES","publisher":{"@id":"https:\/\/cauceecologico.org\/#organization"}}]},"og:locale":"es_ES","og:site_name":"CAUCE - Cultura Ambiental - Causa Ecologista","og:type":"article","og:title":"CAUCE particip\u00f3 en el encuentro de la Coalici\u00f3n Humedales Sin Fronteras en Bolivia - CAUCE","og:description":"Entre el 27 y el 29 de marzo, la Coalici\u00f3n Humedales Sin Fronteras se reuni\u00f3 en Santa Cruz, Bolivia, en un encuentro de trabajo que convoc\u00f3 a organizaciones de Bolivia, Paraguay, Brasil, Argentina y los Pa\u00edses Bajos. Durante la jornada, se analizaron las problem\u00e1ticas ambientales a nivel regional y global, se compartieron visiones y se","og:url":"https:\/\/cauceecologico.org\/?p=5382","article:published_time":"2025-04-10T16:25:49+00:00","article:modified_time":"2025-04-10T16:33:36+00:00","twitter:card":"summary_large_image","twitter:title":"CAUCE particip\u00f3 en el encuentro de la Coalici\u00f3n Humedales Sin Fronteras en Bolivia - CAUCE","twitter:description":"Entre el 27 y el 29 de marzo, la Coalici\u00f3n Humedales Sin Fronteras se reuni\u00f3 en Santa Cruz, Bolivia, en un encuentro de trabajo que convoc\u00f3 a organizaciones de Bolivia, Paraguay, Brasil, Argentina y los Pa\u00edses Bajos. Durante la jornada, se analizaron las problem\u00e1ticas ambientales a nivel regional y global, se compartieron visiones y se"},"aioseo_meta_data":{"post_id":"5382","title":null,"description":null,"keywords":[],"keyphrases":{"focus":{"keyphrase":"","score":0,"analysis":{"keyphraseInTitle":{"score":0,"maxScore":9,"error":1}}},"additional":[]},"primary_term":null,"canonical_url":null,"og_title":null,"og_description":null,"og_object_type":"default","og_image_type":"default","og_image_url":null,"og_image_width":null,"og_image_height":null,"og_image_custom_url":null,"og_image_custom_fields":null,"og_video":"","og_custom_url":null,"og_article_section":null,"og_article_tags":[],"twitter_use_og":false,"twitter_card":"default","twitter_image_type":"default","twitter_image_url":null,"twitter_image_custom_url":null,"twitter_image_custom_fields":null,"twitter_title":null,"twitter_description":null,"schema":{"blockGraphs":[],"customGraphs":[],"default":{"data":{"Article":[],"Course":[],"Dataset":[],"FAQPage":[],"Movie":[],"Person":[],"Product":[],"ProductReview":[],"Car":[],"Recipe":[],"Service":[],"SoftwareApplication":[],"WebPage":[]},"graphName":"","isEnabled":true},"graphs":[]},"schema_type":"default","schema_type_options":null,"pillar_content":false,"robots_default":true,"robots_noindex":false,"robots_noarchive":false,"robots_nosnippet":false,"robots_nofollow":false,"robots_noimageindex":false,"robots_noodp":false,"robots_notranslate":false,"robots_max_snippet":"-1","robots_max_videopreview":"-1","robots_max_imagepreview":"large","priority":0,"frequency":"default","local_seo":null,"limit_modified_date":false,"created":"2025-04-10 16:25:50","updated":"2026-07-28 02:21:27","ai":null,"breadcrumb_settings":null,"seo_analyzer_scan_date":null},"aioseo_breadcrumb":"<div class=\"aioseo-breadcrumbs\"><span class=\"aioseo-breadcrumb\">\n\t\t\t<a href=\"https:\/\/cauceecologico.org\" title=\"Home\">Home<\/a>\n\t\t<\/span><span class=\"aioseo-breadcrumb-separator\">&raquo;<\/span><span class=\"aioseo-breadcrumb\">\n\t\t\t<a href=\"https:\/\/cauceecologico.org\/?cat=5\" title=\"Noticias\">Noticias<\/a>\n\t\t<\/span><span class=\"aioseo-breadcrumb-separator\">&raquo;<\/span><span class=\"aioseo-breadcrumb\">\n\t\t\tCAUCE particip\u00f3 en el encuentro de la Coalici\u00f3n Humedales Sin Fronteras en Bolivia\n\t\t<\/span><\/div>","aioseo_breadcrumb_json":[{"label":"Home","link":"https:\/\/cauceecologico.org"},{"label":"Noticias","link":"https:\/\/cauceecologico.org\/?cat=5"},{"label":"CAUCE particip\u00f3 en el encuentro de la Coalici\u00f3n Humedales Sin Fronteras en Bolivia","link":"https:\/\/cauceecologico.org\/?p=5382"}],"_links":{"self":[{"href":"https:\/\/cauceecologico.org\/index.php?rest_route=\/wp\/v2\/posts\/5382","targetHints":{"allow":["GET"]}}],"collection":[{"href":"https:\/\/cauceecologico.org\/index.php?rest_route=\/wp\/v2\/posts"}],"about":[{"href":"https:\/\/cauceecologico.org\/index.php?rest_route=\/wp\/v2\/types\/post"}],"author":[{"embeddable":true,"href":"https:\/\/cauceecologico.org\/index.php?rest_route=\/wp\/v2\/users\/2"}],"replies":[{"embeddable":true,"href":"https:\/\/cauceecologico.org\/index.php?rest_route=%2Fwp%2Fv2%2Fcomments&post=5382"}],"version-history":[{"count":2,"href":"https:\/\/cauceecologico.org\/index.php?rest_route=\/wp\/v2\/posts\/5382\/revisions"}],"predecessor-version":[{"id":5397,"href":"https:\/\/cauceecologico.org\/index.php?rest_route=\/wp\/v2\/posts\/5382\/revisions\/5397"}],"wp:featuredmedia":[{"embeddable":true,"href":"https:\/\/cauceecologico.org\/index.php?rest_route=\/wp\/v2\/media\/5398"}],"wp:attachment":[{"href":"https:\/\/cauceecologico.org\/index.php?rest_route=%2Fwp%2Fv2%2Fmedia&parent=5382"}],"wp:term":[{"taxonomy":"category","embeddable":true,"href":"https:\/\/cauceecologico.org\/index.php?rest_route=%2Fwp%2Fv2%2Fcategories&post=5382"},{"taxonomy":"post_tag","embeddable":true,"href":"https:\/\/cauceecologico.org\/index.php?rest_route=%2Fwp%2Fv2%2Ftags&post=5382"}],"curies":[{"name":"wp","href":"https:\/\/api.w.org\/{rel}","templated":true}]}}