{"id":5406,"date":"2025-04-15T13:17:35","date_gmt":"2025-04-15T13:17:35","guid":{"rendered":"https:\/\/cauceecologico.org\/?p=5406"},"modified":"2025-04-16T14:44:28","modified_gmt":"2025-04-16T14:44:28","slug":"presentacion-de-cuentos-de-la-costa-literatura-rio-y-educacion-ambiental","status":"publish","type":"post","link":"https:\/\/cauceecologico.org\/?p=5406","title":{"rendered":"Presentaci\u00f3n de Cuentos de la Costa: literatura, r\u00edo y educaci\u00f3n ambiental"},"content":{"rendered":"<p class=\"\" data-start=\"276\" data-end=\"602\">En el marco del D\u00eda Mundial de la Tierra, desde Fundaci\u00f3n CAUCE: Cultura Ambiental &#8211; Causa Ecologista, en articulaci\u00f3n con AGMER Seccional Paran\u00e1, invitamos a la presentaci\u00f3n del material educativo <span style=\"color: #3366ff;\"><a style=\"color: #3366ff;\" href=\"https:\/\/cauceecologico.org\/loscuentosdelacosta\/\">Cuentos de la Costa<\/a><\/span>, una propuesta que vincula literatura, arte y educaci\u00f3n ambiental con enfoque territorial.<\/p>\n<p class=\"\" data-start=\"604\" data-end=\"930\">La actividad se realizar\u00e1 el <strong>jueves 24 de abril a las 18:00 horas en el sal\u00f3n de AGMER Paran\u00e1<\/strong> (Laprida 136), con entrada libre y gratuita. Est\u00e1 dirigida especialmente a estudiantes de profesorados, docentes en ejercicio y p\u00fablico interesado en las tem\u00e1ticas ambientales desde una perspectiva pedag\u00f3gica y sensible.<\/p>\n<p class=\"\" data-start=\"932\" data-end=\"1396\">El micrositio de Cuentos de la Costa re\u00fane\u00a0cuatro audiocuentos \u2014tres escritos por Roc\u00edo Lanfranco y uno por Mara Rodr\u00edguez\u2014 que invitan a recorrer, a trav\u00e9s de la palabra, los paisajes, sonidos y memorias del r\u00edo Paran\u00e1, el Uruguay y sus comunidades. Producido por escritoras y artistas de nuestra regi\u00f3n, el material busca acercar a ni\u00f1as, ni\u00f1os y j\u00f3venes a los humedales y al v\u00ednculo vital que las comunidades construyen con los territorios ribere\u00f1os.<\/p>\n<p class=\"\" data-start=\"1398\" data-end=\"1580\">Durante la jornada, contaremos con la presencia de Roc\u00edo Lanfranco, quien brindar\u00e1 una propuesta de mediaci\u00f3n pedag\u00f3gica para trabajar los contenidos del material en el aula.<\/p>\n<p class=\"\" data-start=\"1582\" data-end=\"1837\">Desde Fundaci\u00f3n CAUCE celebramos esta articulaci\u00f3n que pone en valor la producci\u00f3n art\u00edstica y educativa local, y reafirmamos nuestro compromiso con una educaci\u00f3n ambiental integral, cr\u00edtica y transformadora, construida en di\u00e1logo con las comunidades.<\/p>\n<p class=\"\" data-start=\"1839\" data-end=\"1967\">&#x1f4dd; <strong data-start=\"1842\" data-end=\"1864\">Inscripci\u00f3n previa<\/strong> en el siguiente formulario: <a class=\"\" href=\"https:\/\/forms.gle\/pefMg9fk4hxpBsqy9\" target=\"_new\" rel=\"noopener\" data-start=\"1893\" data-end=\"1967\">https:\/\/forms.gle\/pefMg9fk4hxpBsqy9<\/a><\/p>\n","protected":false},"excerpt":{"rendered":"<p>En el marco del D\u00eda Mundial de la Tierra, desde Fundaci\u00f3n CAUCE: Cultura Ambiental &#8211; Causa Ecologista, en articulaci\u00f3n con AGMER Seccional Paran\u00e1, invitamos a la presentaci\u00f3n del material educativo Cuentos de la Costa, una propuesta que vincula literatura, arte y educaci\u00f3n ambiental con enfoque territorial. La actividad se realizar\u00e1 el jueves 24 de abril [&hellip;]<\/p>\n","protected":false},"author":2,"featured_media":5407,"comment_status":"open","ping_status":"open","sticky":false,"template":"","format":"standard","meta":{"om_disable_all_campaigns":false,"_monsterinsights_skip_tracking":false,"amp_status":"","footnotes":""},"categories":[276,5,112],"tags":[],"class_list":["post-5406","post","type-post","status-publish","format-standard","has-post-thumbnail","hentry","category-delta","category-noticias","category-rios-libres"],"aioseo_notices":[],"aioseo_head":"\n\t\t<!-- All in One SEO 4.9.10 - aioseo.com -->\n\t<meta name=\"description\" content=\"En el marco del D\u00eda Mundial de la Tierra, desde Fundaci\u00f3n CAUCE: Cultura Ambiental - Causa Ecologista, en articulaci\u00f3n con AGMER Seccional Paran\u00e1, invitamos a la presentaci\u00f3n del material educativo Cuentos de la Costa, una propuesta que vincula literatura, arte y educaci\u00f3n ambiental con enfoque territorial. La actividad se realizar\u00e1 el jueves 24 de abril\" \/>\n\t<meta name=\"robots\" content=\"max-image-preview:large\" \/>\n\t<meta name=\"author\" content=\"Ana Lucia Vergara\"\/>\n\t<link rel=\"canonical\" href=\"https:\/\/cauceecologico.org\/?p=5406\" \/>\n\t<meta name=\"generator\" content=\"All in One SEO (AIOSEO) 4.9.10\" \/>\n\t\t<meta property=\"og:locale\" content=\"es_ES\" \/>\n\t\t<meta property=\"og:site_name\" content=\"CAUCE - Cultura Ambiental - Causa Ecologista\" \/>\n\t\t<meta property=\"og:type\" content=\"article\" \/>\n\t\t<meta property=\"og:title\" content=\"Presentaci\u00f3n de Cuentos de la Costa: literatura, r\u00edo y educaci\u00f3n ambiental - CAUCE\" \/>\n\t\t<meta property=\"og:description\" content=\"En el marco del D\u00eda Mundial de la Tierra, desde Fundaci\u00f3n CAUCE: Cultura Ambiental - Causa Ecologista, en articulaci\u00f3n con AGMER Seccional Paran\u00e1, invitamos a la presentaci\u00f3n del material educativo Cuentos de la Costa, una propuesta que vincula literatura, arte y educaci\u00f3n ambiental con enfoque territorial. La actividad se realizar\u00e1 el jueves 24 de abril\" \/>\n\t\t<meta property=\"og:url\" content=\"https:\/\/cauceecologico.org\/?p=5406\" \/>\n\t\t<meta property=\"article:published_time\" content=\"2025-04-15T13:17:35+00:00\" \/>\n\t\t<meta property=\"article:modified_time\" content=\"2025-04-16T14:44:28+00:00\" \/>\n\t\t<meta name=\"twitter:card\" content=\"summary_large_image\" \/>\n\t\t<meta name=\"twitter:title\" content=\"Presentaci\u00f3n de Cuentos de la Costa: literatura, r\u00edo y educaci\u00f3n ambiental - CAUCE\" \/>\n\t\t<meta name=\"twitter:description\" content=\"En el marco del D\u00eda Mundial de la Tierra, desde Fundaci\u00f3n CAUCE: Cultura Ambiental - Causa Ecologista, en articulaci\u00f3n con AGMER Seccional Paran\u00e1, invitamos a la presentaci\u00f3n del material educativo Cuentos de la Costa, una propuesta que vincula literatura, arte y educaci\u00f3n ambiental con enfoque territorial. La actividad se realizar\u00e1 el jueves 24 de abril\" \/>\n\t\t<script type=\"application\/ld+json\" class=\"aioseo-schema\">\n\t\t\t{\"@context\":\"https:\\\/\\\/schema.org\",\"@graph\":[{\"@type\":\"BlogPosting\",\"@id\":\"https:\\\/\\\/cauceecologico.org\\\/?p=5406#blogposting\",\"name\":\"Presentaci\\u00f3n de Cuentos de la Costa: literatura, r\\u00edo y educaci\\u00f3n ambiental - CAUCE\",\"headline\":\"Presentaci\\u00f3n de Cuentos de la Costa: literatura, r\\u00edo y educaci\\u00f3n ambiental\",\"author\":{\"@id\":\"https:\\\/\\\/cauceecologico.org\\\/?author=2#author\"},\"publisher\":{\"@id\":\"https:\\\/\\\/cauceecologico.org\\\/#organization\"},\"image\":{\"@type\":\"ImageObject\",\"url\":\"https:\\\/\\\/cauceecologico.org\\\/wp-content\\\/uploads\\\/2025\\\/04\\\/Destacados-web-1.png\",\"width\":1482,\"height\":834},\"datePublished\":\"2025-04-15T13:17:35+00:00\",\"dateModified\":\"2025-04-16T14:44:28+00:00\",\"inLanguage\":\"es-ES\",\"mainEntityOfPage\":{\"@id\":\"https:\\\/\\\/cauceecologico.org\\\/?p=5406#webpage\"},\"isPartOf\":{\"@id\":\"https:\\\/\\\/cauceecologico.org\\\/?p=5406#webpage\"},\"articleSection\":\"Delta, Noticias, R\\u00edos libres\"},{\"@type\":\"BreadcrumbList\",\"@id\":\"https:\\\/\\\/cauceecologico.org\\\/?p=5406#breadcrumblist\",\"itemListElement\":[{\"@type\":\"ListItem\",\"@id\":\"https:\\\/\\\/cauceecologico.org#listItem\",\"position\":1,\"name\":\"Home\",\"item\":\"https:\\\/\\\/cauceecologico.org\",\"nextItem\":{\"@type\":\"ListItem\",\"@id\":\"https:\\\/\\\/cauceecologico.org\\\/?cat=5#listItem\",\"name\":\"Noticias\"}},{\"@type\":\"ListItem\",\"@id\":\"https:\\\/\\\/cauceecologico.org\\\/?cat=5#listItem\",\"position\":2,\"name\":\"Noticias\",\"item\":\"https:\\\/\\\/cauceecologico.org\\\/?cat=5\",\"nextItem\":{\"@type\":\"ListItem\",\"@id\":\"https:\\\/\\\/cauceecologico.org\\\/?p=5406#listItem\",\"name\":\"Presentaci\\u00f3n de Cuentos de la Costa: literatura, r\\u00edo y educaci\\u00f3n ambiental\"},\"previousItem\":{\"@type\":\"ListItem\",\"@id\":\"https:\\\/\\\/cauceecologico.org#listItem\",\"name\":\"Home\"}},{\"@type\":\"ListItem\",\"@id\":\"https:\\\/\\\/cauceecologico.org\\\/?p=5406#listItem\",\"position\":3,\"name\":\"Presentaci\\u00f3n de Cuentos de la Costa: literatura, r\\u00edo y educaci\\u00f3n ambiental\",\"previousItem\":{\"@type\":\"ListItem\",\"@id\":\"https:\\\/\\\/cauceecologico.org\\\/?cat=5#listItem\",\"name\":\"Noticias\"}}]},{\"@type\":\"Organization\",\"@id\":\"https:\\\/\\\/cauceecologico.org\\\/#organization\",\"name\":\"CAUCE\",\"description\":\"Cultura Ambiental - Causa Ecologista\",\"url\":\"https:\\\/\\\/cauceecologico.org\\\/\"},{\"@type\":\"Person\",\"@id\":\"https:\\\/\\\/cauceecologico.org\\\/?author=2#author\",\"url\":\"https:\\\/\\\/cauceecologico.org\\\/?author=2\",\"name\":\"Ana Lucia Vergara\",\"image\":{\"@type\":\"ImageObject\",\"@id\":\"https:\\\/\\\/cauceecologico.org\\\/?p=5406#authorImage\",\"url\":\"https:\\\/\\\/secure.gravatar.com\\\/avatar\\\/e8720df08f5c466573fb9f3d6cec14bcac9a305e2049123e58e6bc9c03f3a77b?s=96&d=mm&r=g\",\"width\":96,\"height\":96,\"caption\":\"Ana Lucia Vergara\"}},{\"@type\":\"WebPage\",\"@id\":\"https:\\\/\\\/cauceecologico.org\\\/?p=5406#webpage\",\"url\":\"https:\\\/\\\/cauceecologico.org\\\/?p=5406\",\"name\":\"Presentaci\\u00f3n de Cuentos de la Costa: literatura, r\\u00edo y educaci\\u00f3n ambiental - CAUCE\",\"description\":\"En el marco del D\\u00eda Mundial de la Tierra, desde Fundaci\\u00f3n CAUCE: Cultura Ambiental - Causa Ecologista, en articulaci\\u00f3n con AGMER Seccional Paran\\u00e1, invitamos a la presentaci\\u00f3n del material educativo Cuentos de la Costa, una propuesta que vincula literatura, arte y educaci\\u00f3n ambiental con enfoque territorial. La actividad se realizar\\u00e1 el jueves 24 de abril\",\"inLanguage\":\"es-ES\",\"isPartOf\":{\"@id\":\"https:\\\/\\\/cauceecologico.org\\\/#website\"},\"breadcrumb\":{\"@id\":\"https:\\\/\\\/cauceecologico.org\\\/?p=5406#breadcrumblist\"},\"author\":{\"@id\":\"https:\\\/\\\/cauceecologico.org\\\/?author=2#author\"},\"creator\":{\"@id\":\"https:\\\/\\\/cauceecologico.org\\\/?author=2#author\"},\"image\":{\"@type\":\"ImageObject\",\"url\":\"https:\\\/\\\/cauceecologico.org\\\/wp-content\\\/uploads\\\/2025\\\/04\\\/Destacados-web-1.png\",\"@id\":\"https:\\\/\\\/cauceecologico.org\\\/?p=5406\\\/#mainImage\",\"width\":1482,\"height\":834},\"primaryImageOfPage\":{\"@id\":\"https:\\\/\\\/cauceecologico.org\\\/?p=5406#mainImage\"},\"datePublished\":\"2025-04-15T13:17:35+00:00\",\"dateModified\":\"2025-04-16T14:44:28+00:00\"},{\"@type\":\"WebSite\",\"@id\":\"https:\\\/\\\/cauceecologico.org\\\/#website\",\"url\":\"https:\\\/\\\/cauceecologico.org\\\/\",\"name\":\"CAUCE\",\"description\":\"Cultura Ambiental - Causa Ecologista\",\"inLanguage\":\"es-ES\",\"publisher\":{\"@id\":\"https:\\\/\\\/cauceecologico.org\\\/#organization\"}}]}\n\t\t<\/script>\n\t\t<!-- All in One SEO -->\n\n","aioseo_head_json":{"title":"Presentaci\u00f3n de Cuentos de la Costa: literatura, r\u00edo y educaci\u00f3n ambiental - CAUCE","description":"En el marco del D\u00eda Mundial de la Tierra, desde Fundaci\u00f3n CAUCE: Cultura Ambiental - Causa Ecologista, en articulaci\u00f3n con AGMER Seccional Paran\u00e1, invitamos a la presentaci\u00f3n del material educativo Cuentos de la Costa, una propuesta que vincula literatura, arte y educaci\u00f3n ambiental con enfoque territorial. La actividad se realizar\u00e1 el jueves 24 de abril","canonical_url":"https:\/\/cauceecologico.org\/?p=5406","robots":"max-image-preview:large","keywords":"","webmasterTools":{"miscellaneous":""},"schema":{"@context":"https:\/\/schema.org","@graph":[{"@type":"BlogPosting","@id":"https:\/\/cauceecologico.org\/?p=5406#blogposting","name":"Presentaci\u00f3n de Cuentos de la Costa: literatura, r\u00edo y educaci\u00f3n ambiental - CAUCE","headline":"Presentaci\u00f3n de Cuentos de la Costa: literatura, r\u00edo y educaci\u00f3n ambiental","author":{"@id":"https:\/\/cauceecologico.org\/?author=2#author"},"publisher":{"@id":"https:\/\/cauceecologico.org\/#organization"},"image":{"@type":"ImageObject","url":"https:\/\/cauceecologico.org\/wp-content\/uploads\/2025\/04\/Destacados-web-1.png","width":1482,"height":834},"datePublished":"2025-04-15T13:17:35+00:00","dateModified":"2025-04-16T14:44:28+00:00","inLanguage":"es-ES","mainEntityOfPage":{"@id":"https:\/\/cauceecologico.org\/?p=5406#webpage"},"isPartOf":{"@id":"https:\/\/cauceecologico.org\/?p=5406#webpage"},"articleSection":"Delta, Noticias, R\u00edos libres"},{"@type":"BreadcrumbList","@id":"https:\/\/cauceecologico.org\/?p=5406#breadcrumblist","itemListElement":[{"@type":"ListItem","@id":"https:\/\/cauceecologico.org#listItem","position":1,"name":"Home","item":"https:\/\/cauceecologico.org","nextItem":{"@type":"ListItem","@id":"https:\/\/cauceecologico.org\/?cat=5#listItem","name":"Noticias"}},{"@type":"ListItem","@id":"https:\/\/cauceecologico.org\/?cat=5#listItem","position":2,"name":"Noticias","item":"https:\/\/cauceecologico.org\/?cat=5","nextItem":{"@type":"ListItem","@id":"https:\/\/cauceecologico.org\/?p=5406#listItem","name":"Presentaci\u00f3n de Cuentos de la Costa: literatura, r\u00edo y educaci\u00f3n ambiental"},"previousItem":{"@type":"ListItem","@id":"https:\/\/cauceecologico.org#listItem","name":"Home"}},{"@type":"ListItem","@id":"https:\/\/cauceecologico.org\/?p=5406#listItem","position":3,"name":"Presentaci\u00f3n de Cuentos de la Costa: literatura, r\u00edo y educaci\u00f3n ambiental","previousItem":{"@type":"ListItem","@id":"https:\/\/cauceecologico.org\/?cat=5#listItem","name":"Noticias"}}]},{"@type":"Organization","@id":"https:\/\/cauceecologico.org\/#organization","name":"CAUCE","description":"Cultura Ambiental - Causa Ecologista","url":"https:\/\/cauceecologico.org\/"},{"@type":"Person","@id":"https:\/\/cauceecologico.org\/?author=2#author","url":"https:\/\/cauceecologico.org\/?author=2","name":"Ana Lucia Vergara","image":{"@type":"ImageObject","@id":"https:\/\/cauceecologico.org\/?p=5406#authorImage","url":"https:\/\/secure.gravatar.com\/avatar\/e8720df08f5c466573fb9f3d6cec14bcac9a305e2049123e58e6bc9c03f3a77b?s=96&d=mm&r=g","width":96,"height":96,"caption":"Ana Lucia Vergara"}},{"@type":"WebPage","@id":"https:\/\/cauceecologico.org\/?p=5406#webpage","url":"https:\/\/cauceecologico.org\/?p=5406","name":"Presentaci\u00f3n de Cuentos de la Costa: literatura, r\u00edo y educaci\u00f3n ambiental - CAUCE","description":"En el marco del D\u00eda Mundial de la Tierra, desde Fundaci\u00f3n CAUCE: Cultura Ambiental - Causa Ecologista, en articulaci\u00f3n con AGMER Seccional Paran\u00e1, invitamos a la presentaci\u00f3n del material educativo Cuentos de la Costa, una propuesta que vincula literatura, arte y educaci\u00f3n ambiental con enfoque territorial. La actividad se realizar\u00e1 el jueves 24 de abril","inLanguage":"es-ES","isPartOf":{"@id":"https:\/\/cauceecologico.org\/#website"},"breadcrumb":{"@id":"https:\/\/cauceecologico.org\/?p=5406#breadcrumblist"},"author":{"@id":"https:\/\/cauceecologico.org\/?author=2#author"},"creator":{"@id":"https:\/\/cauceecologico.org\/?author=2#author"},"image":{"@type":"ImageObject","url":"https:\/\/cauceecologico.org\/wp-content\/uploads\/2025\/04\/Destacados-web-1.png","@id":"https:\/\/cauceecologico.org\/?p=5406\/#mainImage","width":1482,"height":834},"primaryImageOfPage":{"@id":"https:\/\/cauceecologico.org\/?p=5406#mainImage"},"datePublished":"2025-04-15T13:17:35+00:00","dateModified":"2025-04-16T14:44:28+00:00"},{"@type":"WebSite","@id":"https:\/\/cauceecologico.org\/#website","url":"https:\/\/cauceecologico.org\/","name":"CAUCE","description":"Cultura Ambiental - Causa Ecologista","inLanguage":"es-ES","publisher":{"@id":"https:\/\/cauceecologico.org\/#organization"}}]},"og:locale":"es_ES","og:site_name":"CAUCE - Cultura Ambiental - Causa Ecologista","og:type":"article","og:title":"Presentaci\u00f3n de Cuentos de la Costa: literatura, r\u00edo y educaci\u00f3n ambiental - CAUCE","og:description":"En el marco del D\u00eda Mundial de la Tierra, desde Fundaci\u00f3n CAUCE: Cultura Ambiental - Causa Ecologista, en articulaci\u00f3n con AGMER Seccional Paran\u00e1, invitamos a la presentaci\u00f3n del material educativo Cuentos de la Costa, una propuesta que vincula literatura, arte y educaci\u00f3n ambiental con enfoque territorial. La actividad se realizar\u00e1 el jueves 24 de abril","og:url":"https:\/\/cauceecologico.org\/?p=5406","article:published_time":"2025-04-15T13:17:35+00:00","article:modified_time":"2025-04-16T14:44:28+00:00","twitter:card":"summary_large_image","twitter:title":"Presentaci\u00f3n de Cuentos de la Costa: literatura, r\u00edo y educaci\u00f3n ambiental - CAUCE","twitter:description":"En el marco del D\u00eda Mundial de la Tierra, desde Fundaci\u00f3n CAUCE: Cultura Ambiental - Causa Ecologista, en articulaci\u00f3n con AGMER Seccional Paran\u00e1, invitamos a la presentaci\u00f3n del material educativo Cuentos de la Costa, una propuesta que vincula literatura, arte y educaci\u00f3n ambiental con enfoque territorial. La actividad se realizar\u00e1 el jueves 24 de abril"},"aioseo_meta_data":{"post_id":"5406","title":null,"description":null,"keywords":[],"keyphrases":{"focus":{"keyphrase":"","score":0,"analysis":{"keyphraseInTitle":{"score":0,"maxScore":9,"error":1}}},"additional":[]},"primary_term":null,"canonical_url":null,"og_title":null,"og_description":null,"og_object_type":"default","og_image_type":"default","og_image_url":null,"og_image_width":null,"og_image_height":null,"og_image_custom_url":null,"og_image_custom_fields":null,"og_video":"","og_custom_url":null,"og_article_section":null,"og_article_tags":[],"twitter_use_og":false,"twitter_card":"default","twitter_image_type":"default","twitter_image_url":null,"twitter_image_custom_url":null,"twitter_image_custom_fields":null,"twitter_title":null,"twitter_description":null,"schema":{"blockGraphs":[],"customGraphs":[],"default":{"data":{"Article":[],"Course":[],"Dataset":[],"FAQPage":[],"Movie":[],"Person":[],"Product":[],"ProductReview":[],"Car":[],"Recipe":[],"Service":[],"SoftwareApplication":[],"WebPage":[]},"graphName":"","isEnabled":true},"graphs":[]},"schema_type":"default","schema_type_options":null,"pillar_content":false,"robots_default":true,"robots_noindex":false,"robots_noarchive":false,"robots_nosnippet":false,"robots_nofollow":false,"robots_noimageindex":false,"robots_noodp":false,"robots_notranslate":false,"robots_max_snippet":"-1","robots_max_videopreview":"-1","robots_max_imagepreview":"large","priority":0,"frequency":"default","local_seo":null,"limit_modified_date":false,"created":"2025-04-15 13:17:36","updated":"2026-07-28 02:21:28","ai":null,"breadcrumb_settings":null,"seo_analyzer_scan_date":null},"aioseo_breadcrumb":"<div class=\"aioseo-breadcrumbs\"><span class=\"aioseo-breadcrumb\">\n\t\t\t<a href=\"https:\/\/cauceecologico.org\" title=\"Home\">Home<\/a>\n\t\t<\/span><span class=\"aioseo-breadcrumb-separator\">&raquo;<\/span><span class=\"aioseo-breadcrumb\">\n\t\t\t<a href=\"https:\/\/cauceecologico.org\/?cat=5\" title=\"Noticias\">Noticias<\/a>\n\t\t<\/span><span class=\"aioseo-breadcrumb-separator\">&raquo;<\/span><span class=\"aioseo-breadcrumb\">\n\t\t\tPresentaci\u00f3n de Cuentos de la Costa: literatura, r\u00edo y educaci\u00f3n ambiental\n\t\t<\/span><\/div>","aioseo_breadcrumb_json":[{"label":"Home","link":"https:\/\/cauceecologico.org"},{"label":"Noticias","link":"https:\/\/cauceecologico.org\/?cat=5"},{"label":"Presentaci\u00f3n de Cuentos de la Costa: literatura, r\u00edo y educaci\u00f3n ambiental","link":"https:\/\/cauceecologico.org\/?p=5406"}],"_links":{"self":[{"href":"https:\/\/cauceecologico.org\/index.php?rest_route=\/wp\/v2\/posts\/5406","targetHints":{"allow":["GET"]}}],"collection":[{"href":"https:\/\/cauceecologico.org\/index.php?rest_route=\/wp\/v2\/posts"}],"about":[{"href":"https:\/\/cauceecologico.org\/index.php?rest_route=\/wp\/v2\/types\/post"}],"author":[{"embeddable":true,"href":"https:\/\/cauceecologico.org\/index.php?rest_route=\/wp\/v2\/users\/2"}],"replies":[{"embeddable":true,"href":"https:\/\/cauceecologico.org\/index.php?rest_route=%2Fwp%2Fv2%2Fcomments&post=5406"}],"version-history":[{"count":1,"href":"https:\/\/cauceecologico.org\/index.php?rest_route=\/wp\/v2\/posts\/5406\/revisions"}],"predecessor-version":[{"id":5408,"href":"https:\/\/cauceecologico.org\/index.php?rest_route=\/wp\/v2\/posts\/5406\/revisions\/5408"}],"wp:featuredmedia":[{"embeddable":true,"href":"https:\/\/cauceecologico.org\/index.php?rest_route=\/wp\/v2\/media\/5407"}],"wp:attachment":[{"href":"https:\/\/cauceecologico.org\/index.php?rest_route=%2Fwp%2Fv2%2Fmedia&parent=5406"}],"wp:term":[{"taxonomy":"category","embeddable":true,"href":"https:\/\/cauceecologico.org\/index.php?rest_route=%2Fwp%2Fv2%2Fcategories&post=5406"},{"taxonomy":"post_tag","embeddable":true,"href":"https:\/\/cauceecologico.org\/index.php?rest_route=%2Fwp%2Fv2%2Ftags&post=5406"}],"curies":[{"name":"wp","href":"https:\/\/api.w.org\/{rel}","templated":true}]}}