{"id":5422,"date":"2025-04-22T16:48:34","date_gmt":"2025-04-22T16:48:34","guid":{"rendered":"https:\/\/cauceecologico.org\/?p=5422"},"modified":"2025-04-22T18:55:31","modified_gmt":"2025-04-22T18:55:31","slug":"reuniones-anuales-del-grupo-bid-cuestionamientos-al-financiamiento-conducido-por-los-bancos-multilaterales-de-desarrollo","status":"publish","type":"post","link":"https:\/\/cauceecologico.org\/?p=5422","title":{"rendered":"Cuestionamientos al financiamiento conducido por los Bancos Multilaterales de Desarrollo"},"content":{"rendered":"<p><strong>Fundaci\u00f3n CAUCE particip\u00f3 en la 65\u00b0 edici\u00f3n de las Reuniones Anuales del Banco Interamericano de Desarrollo (BID) y BID Invest, realizadas en Chile | Adem\u00e1s, est\u00e1 presente por primera vez en las Reuniones de Primavera del Banco Mundial y el FMI<\/strong><\/p>\n<p>En el marco del trabajo conjunto con el Grupo Regional de Trabajo sobre el BID, Joel de Souza, coordinador del \u00c1rea de Infraestructura e Inversiones de Fundaci\u00f3n CAUCE, particip\u00f3 de la 65\u00b0 edici\u00f3n de las Reuniones Anuales del Banco Interamericano de Desarrollo (BID) y BID Invest \u2013<span style=\"font-weight: 400;\">su brazo de financiamiento para el sector privado\u2013<\/span>, realizadas del 25 al 30 de marzo en Punta Arenas y Santiago de Chile.<\/p>\n<p>En Punta Arenas, regi\u00f3n de Magallanes, se realiz\u00f3 un foro para promover inversiones en la industria del hidr\u00f3geno verde, mientras que en Santiago de Chile tuvieron lugar paneles tem\u00e1ticos y las Asambleas de Gobernadores del Banco. All\u00ed se re\u00fanen ministros de Econom\u00eda y Finanzas de los 48 pa\u00edses miembros y se definen las estrategias de financiamiento que marcar\u00e1n el rumbo econ\u00f3mico de Am\u00e9rica Latina y el Caribe en los pr\u00f3ximos a\u00f1os.<\/p>\n<p>Junto a diferentes organizaciones de la sociedad civil que promueven la vigilancia y la incidencia cr\u00edtica sobre el accionar de los Bancos Multilaterales de Desarrollo (BMD), CAUCE particip\u00f3 de reuniones bilaterales con \u00e1reas clave del BID, como las oficinas de Salvaguardas Ambientales y Sociales, Acceso a la Informaci\u00f3n, Relacionamiento con Sociedad Civil, Integridad Institucional, el Mecanismo Independiente de Consulta e Investigaci\u00f3n (MICI) y la Oficina de Evaluaci\u00f3n y Supervisi\u00f3n (OVE).<\/p>\n<p><a href=\"http:\/\/cauceecologico.org\/wp-content\/uploads\/2025\/04\/WhatsApp-Image-2025-04-22-at-12.18.42-PM.jpeg\"><img loading=\"lazy\" decoding=\"async\" class=\"aligncenter size-full wp-image-5423\" src=\"http:\/\/cauceecologico.org\/wp-content\/uploads\/2025\/04\/WhatsApp-Image-2025-04-22-at-12.18.42-PM.jpeg\" alt=\"\" width=\"4032\" height=\"2268\" \/><\/a><\/p>\n<p><span style=\"font-weight: 400;\">El discurso del BID, como de muchas otras Instituciones Multilaterales, pone de relieve que los proyectos financiados se encuentran acorde a pol\u00edticas de \u201cdesarrollo\u201d globales y de los propios Gobiernos de la regi\u00f3n, cuyos intereses muchas veces est\u00e1n alejados de las realidades que vivencian las poblaciones, priorizando lo econ\u00f3mico por sobre el cuidado de los derechos humanos y del ambiente.\u00a0 En estos espacios se plantearon, de forma directa, las preocupaciones y denuncias de comunidades afectadas por proyectos financiados por el Banco, y se insisti\u00f3 en la necesidad de una transformaci\u00f3n profunda en sus pol\u00edticas de evaluaci\u00f3n, consulta, transparencia y reparaci\u00f3n.<\/span><\/p>\n<p><span style=\"font-weight: 400;\">Que la Sociedad Civil Cr\u00edtica tengan un espacio por segundo a\u00f1o consecutivo en las Reuniones Anuales del Grupo BID (Rep\u00fablica Dominicana, 2024)<\/span>, tras m\u00e1s de una d\u00e9cada sin participaci\u00f3n, es fruto de un trabajo articulado y sostenido del <span style=\"font-weight: 400;\">Grupo Regional de Trabajo sobre el BID. L<\/span><span style=\"font-weight: 400;\">ejos de conformarse \u2013mediante cartas, posicionamientos y reuniones virtuales y presenciales con el Presidente del Banco, Ilan Goldfajn, y su administraci\u00f3n\u2013, sigue instando por un lugar m\u00e1s activo:\u00a0<\/span><\/p>\n<ul>\n<li>Participar en la definici\u00f3n de paneles y exposiciones que realmente debatan y representen a las comunidades, de cara a las pr\u00f3ximas reuniones anuales (Paraguay, 2026).<\/li>\n<li>Lograr un espacio real para brindar recomendaciones en cuanto a las Estrategias Pa\u00eds, documento donde los Gobiernos Nacionales de la regi\u00f3n acuerdan lineamientos y objetivos de base para obtener financiamientos.<\/li>\n<li>Intervenir activamente en las pol\u00edticas, actividades y financiamiento que prev\u00e9 el programa \u201cAmazon\u00eda Siempre\u201d del BID, para una regi\u00f3n (Amazonas) muy importante para el bienestar de la Pachamama y la salud de las generaciones futuras.<\/li>\n<li>Garantizar la prevenci\u00f3n, mitigaci\u00f3n y reparaci\u00f3n de da\u00f1os causados por sus inversiones, a trav\u00e9s de pol\u00edticas o marcos de remediaci\u00f3n y salida responsable.<\/li>\n<li>Promover la participaci\u00f3n efectiva de las comunidades en la toma de decisiones sobre los proyectos que las afectan.<\/li>\n<li>Exigir transparencia total y acceso a la informaci\u00f3n.<\/li>\n<li>Asegurar el cuidado y protecci\u00f3n de las personas defensoras de los derechos humanos y la naturaleza a fin de evitar represalias, y un financiamiento que se gu\u00ede y tenga base en la justicia clim\u00e1tica y los derechos de las comunidades.<\/li>\n<\/ul>\n\n\t\t<style type=\"text\/css\">\n\t\t\t#gallery-1 {\n\t\t\t\tmargin: auto;\n\t\t\t}\n\t\t\t#gallery-1 .gallery-item {\n\t\t\t\tfloat: left;\n\t\t\t\tmargin-top: 10px;\n\t\t\t\ttext-align: center;\n\t\t\t\twidth: 33%;\n\t\t\t}\n\t\t\t#gallery-1 img {\n\t\t\t\tborder: 2px solid #cfcfcf;\n\t\t\t}\n\t\t\t#gallery-1 .gallery-caption {\n\t\t\t\tmargin-left: 0;\n\t\t\t}\n\t\t\t\/* see gallery_shortcode() in wp-includes\/media.php *\/\n\t\t<\/style>\n\t\t<div id='gallery-1' class='gallery galleryid-5422 gallery-columns-3 gallery-size-medium'><dl class='gallery-item'>\n\t\t\t<dt class='gallery-icon landscape'>\n\t\t\t\t<a href='https:\/\/cauceecologico.org\/?attachment_id=5425'><img loading=\"lazy\" decoding=\"async\" width=\"300\" height=\"169\" src=\"https:\/\/cauceecologico.org\/wp-content\/uploads\/2025\/04\/WhatsApp-Image-2025-04-22-at-12.18.43-PM.jpeg\" class=\"attachment-medium size-medium\" alt=\"\" aria-describedby=\"gallery-1-5425\" \/><\/a>\n\t\t\t<\/dt>\n\t\t\t\t<dd class='wp-caption-text gallery-caption' id='gallery-1-5425'>\n\t\t\t\tReuni\u00f3n con el presidente del BID\n\t\t\t\t<\/dd><\/dl><dl class='gallery-item'>\n\t\t\t<dt class='gallery-icon landscape'>\n\t\t\t\t<a href='https:\/\/cauceecologico.org\/?attachment_id=5424'><img loading=\"lazy\" decoding=\"async\" width=\"300\" height=\"169\" src=\"https:\/\/cauceecologico.org\/wp-content\/uploads\/2025\/04\/WhatsApp-Image-2025-04-22-at-12.18.44-PM.jpeg\" class=\"attachment-medium size-medium\" alt=\"\" aria-describedby=\"gallery-1-5424\" \/><\/a>\n\t\t\t<\/dt>\n\t\t\t\t<dd class='wp-caption-text gallery-caption' id='gallery-1-5424'>\n\t\t\t\tReuni\u00f3n con OVE\n\t\t\t\t<\/dd><\/dl><dl class='gallery-item'>\n\t\t\t<dt class='gallery-icon landscape'>\n\t\t\t\t<a href='https:\/\/cauceecologico.org\/?attachment_id=5426'><img loading=\"lazy\" decoding=\"async\" width=\"300\" height=\"169\" src=\"https:\/\/cauceecologico.org\/wp-content\/uploads\/2025\/04\/WhatsApp-Image-2025-04-22-at-12.18.42-PM-1.jpeg\" class=\"attachment-medium size-medium\" alt=\"\" aria-describedby=\"gallery-1-5426\" \/><\/a>\n\t\t\t<\/dt>\n\t\t\t\t<dd class='wp-caption-text gallery-caption' id='gallery-1-5426'>\n\t\t\t\tTaller sobre acceso a la informaci\u00f3n\n\t\t\t\t<\/dd><\/dl><br style=\"clear: both\" \/>\n\t\t<\/div>\n\n<p class=\"\" data-start=\"2339\" data-end=\"2891\">Este trabajo articulado con organizaciones de la regi\u00f3n apunta a visibilizar los impactos que sufren las comunidades por decisiones tomadas sin consulta, participaci\u00f3n efectiva ni consideraci\u00f3n de los saberes locales. Energ\u00eda, miner\u00eda, infraestructura y otros sectores estrat\u00e9gicos siguen recibiendo financiamiento que pone en riesgo el presente y el futuro de los territorios. Por ello, esta incidencia apunta a que las pol\u00edticas sociales y ambientales del Grupo BID no queden solo en el papel, sino que se apliquen con responsabilidad y control efectivo sobre sus clientes (gobiernos y actores privados).<\/p>\n<p class=\"\" data-start=\"2893\" data-end=\"3246\">Adem\u00e1s, estos encuentros permiten fortalecer la articulaci\u00f3n entre organizaciones que integran el Grupo de Trabajo Regional sobre el BID. Son espacios de intercambio, planificaci\u00f3n y construcci\u00f3n colectiva de estrategias que permitan que las voces de las comunidades no solo sean escuchadas, sino tambi\u00e9n consideradas en la toma de decisiones del Banco.<\/p>\n<h2 data-start=\"3021\" data-end=\"3089\"><\/h2>\n<h2 class=\"\" data-start=\"3021\" data-end=\"3089\">Reuniones de Primavera del Banco Mundial y el FMI<\/h2>\n<p class=\"\" data-start=\"3091\" data-end=\"3328\">En este mismo camino de incidencia, Fundaci\u00f3n CAUCE est\u00e1 presente por primera vez en las Reuniones de Primavera del Banco Mundial y el Fondo Monetario Internacional (FMI), que comenzaron hoy, 22 de abril, y se desarrollar\u00e1n hasta el 26 de abril, en Washington D.C.<\/p>\n<p class=\"\" data-start=\"3330\" data-end=\"3814\">Esta participaci\u00f3n marca un nuevo hito para nuestra organizaci\u00f3n: permitir\u00e1 conocer de cerca el funcionamiento de estos organismos, participar de reuniones con sus operativos, intervenir en paneles del Foro de Sociedad Civil y colaborar en procesos clave como la revisi\u00f3n de las Normas de Desempe\u00f1o sobre Sostenibilidad Ambiental y Social de la Corporaci\u00f3n Financiera Internacional (IFC), que son adoptadas por m\u00e1s de 120 instituciones financieras y grandes empresas en todo el mundo.<\/p>\n<p class=\"\" data-start=\"3816\" data-end=\"4103\">En cada una de estas instancias, el compromiso de Fundaci\u00f3n CAUCE y de las organizaciones socioambientales presentes ser\u00e1 amplificar las voces de las comunidades afectadas, abrir caminos de participaci\u00f3n efectiva, y promover un modelo de financiamiento internacional que respete los derechos de los pueblos y de los territorios.<\/p>\n","protected":false},"excerpt":{"rendered":"<p>Fundaci\u00f3n CAUCE particip\u00f3 en la 65\u00b0 edici\u00f3n de las Reuniones Anuales del Banco Interamericano de Desarrollo (BID) y BID Invest, realizadas en Chile | Adem\u00e1s, est\u00e1 presente por primera vez en las Reuniones de Primavera del Banco Mundial y el FMI En el marco del trabajo conjunto con el Grupo Regional de Trabajo sobre el [&hellip;]<\/p>\n","protected":false},"author":5,"featured_media":5427,"comment_status":"open","ping_status":"open","sticky":false,"template":"","format":"standard","meta":{"om_disable_all_campaigns":false,"_monsterinsights_skip_tracking":false,"amp_status":"","footnotes":""},"categories":[5],"tags":[],"class_list":["post-5422","post","type-post","status-publish","format-standard","has-post-thumbnail","hentry","category-noticias"],"aioseo_notices":[],"aioseo_head":"\n\t\t<!-- All in One SEO 4.9.10 - aioseo.com -->\n\t<meta name=\"description\" content=\"Fundaci\u00f3n CAUCE particip\u00f3 en la 65\u00b0 edici\u00f3n de las Reuniones Anuales del Banco Interamericano de Desarrollo (BID) y BID Invest, realizadas en Chile | Adem\u00e1s, est\u00e1 presente por primera vez en las Reuniones de Primavera del Banco Mundial y el FMI En el marco del trabajo conjunto con el Grupo Regional de Trabajo sobre el\" \/>\n\t<meta name=\"robots\" content=\"max-image-preview:large\" \/>\n\t<meta name=\"author\" content=\"Rocio Fernadez Dobal\"\/>\n\t<link rel=\"canonical\" href=\"https:\/\/cauceecologico.org\/?p=5422\" \/>\n\t<meta name=\"generator\" content=\"All in One SEO (AIOSEO) 4.9.10\" \/>\n\t\t<meta property=\"og:locale\" content=\"es_ES\" \/>\n\t\t<meta property=\"og:site_name\" content=\"CAUCE - Cultura Ambiental - Causa Ecologista\" \/>\n\t\t<meta property=\"og:type\" content=\"article\" \/>\n\t\t<meta property=\"og:title\" content=\"Cuestionamientos al financiamiento conducido por los Bancos Multilaterales de Desarrollo - CAUCE\" \/>\n\t\t<meta property=\"og:description\" content=\"Fundaci\u00f3n CAUCE particip\u00f3 en la 65\u00b0 edici\u00f3n de las Reuniones Anuales del Banco Interamericano de Desarrollo (BID) y BID Invest, realizadas en Chile | Adem\u00e1s, est\u00e1 presente por primera vez en las Reuniones de Primavera del Banco Mundial y el FMI En el marco del trabajo conjunto con el Grupo Regional de Trabajo sobre el\" \/>\n\t\t<meta property=\"og:url\" content=\"https:\/\/cauceecologico.org\/?p=5422\" \/>\n\t\t<meta property=\"article:published_time\" content=\"2025-04-22T16:48:34+00:00\" \/>\n\t\t<meta property=\"article:modified_time\" content=\"2025-04-22T18:55:31+00:00\" \/>\n\t\t<meta name=\"twitter:card\" content=\"summary_large_image\" \/>\n\t\t<meta name=\"twitter:title\" content=\"Cuestionamientos al financiamiento conducido por los Bancos Multilaterales de Desarrollo - CAUCE\" \/>\n\t\t<meta name=\"twitter:description\" content=\"Fundaci\u00f3n CAUCE particip\u00f3 en la 65\u00b0 edici\u00f3n de las Reuniones Anuales del Banco Interamericano de Desarrollo (BID) y BID Invest, realizadas en Chile | Adem\u00e1s, est\u00e1 presente por primera vez en las Reuniones de Primavera del Banco Mundial y el FMI En el marco del trabajo conjunto con el Grupo Regional de Trabajo sobre el\" \/>\n\t\t<script type=\"application\/ld+json\" class=\"aioseo-schema\">\n\t\t\t{\"@context\":\"https:\\\/\\\/schema.org\",\"@graph\":[{\"@type\":\"BlogPosting\",\"@id\":\"https:\\\/\\\/cauceecologico.org\\\/?p=5422#blogposting\",\"name\":\"Cuestionamientos al financiamiento conducido por los Bancos Multilaterales de Desarrollo - CAUCE\",\"headline\":\"Cuestionamientos al financiamiento conducido por los Bancos Multilaterales de Desarrollo\",\"author\":{\"@id\":\"https:\\\/\\\/cauceecologico.org\\\/?author=5#author\"},\"publisher\":{\"@id\":\"https:\\\/\\\/cauceecologico.org\\\/#organization\"},\"image\":{\"@type\":\"ImageObject\",\"url\":\"https:\\\/\\\/cauceecologico.org\\\/wp-content\\\/uploads\\\/2025\\\/04\\\/WhatsApp-Image-2025-04-22-at-12.18.41-PM.jpeg\",\"width\":4032,\"height\":2268},\"datePublished\":\"2025-04-22T16:48:34+00:00\",\"dateModified\":\"2025-04-22T18:55:31+00:00\",\"inLanguage\":\"es-ES\",\"mainEntityOfPage\":{\"@id\":\"https:\\\/\\\/cauceecologico.org\\\/?p=5422#webpage\"},\"isPartOf\":{\"@id\":\"https:\\\/\\\/cauceecologico.org\\\/?p=5422#webpage\"},\"articleSection\":\"Noticias\"},{\"@type\":\"BreadcrumbList\",\"@id\":\"https:\\\/\\\/cauceecologico.org\\\/?p=5422#breadcrumblist\",\"itemListElement\":[{\"@type\":\"ListItem\",\"@id\":\"https:\\\/\\\/cauceecologico.org#listItem\",\"position\":1,\"name\":\"Home\",\"item\":\"https:\\\/\\\/cauceecologico.org\",\"nextItem\":{\"@type\":\"ListItem\",\"@id\":\"https:\\\/\\\/cauceecologico.org\\\/?cat=5#listItem\",\"name\":\"Noticias\"}},{\"@type\":\"ListItem\",\"@id\":\"https:\\\/\\\/cauceecologico.org\\\/?cat=5#listItem\",\"position\":2,\"name\":\"Noticias\",\"item\":\"https:\\\/\\\/cauceecologico.org\\\/?cat=5\",\"nextItem\":{\"@type\":\"ListItem\",\"@id\":\"https:\\\/\\\/cauceecologico.org\\\/?p=5422#listItem\",\"name\":\"Cuestionamientos al financiamiento conducido por los Bancos Multilaterales de Desarrollo\"},\"previousItem\":{\"@type\":\"ListItem\",\"@id\":\"https:\\\/\\\/cauceecologico.org#listItem\",\"name\":\"Home\"}},{\"@type\":\"ListItem\",\"@id\":\"https:\\\/\\\/cauceecologico.org\\\/?p=5422#listItem\",\"position\":3,\"name\":\"Cuestionamientos al financiamiento conducido por los Bancos Multilaterales de Desarrollo\",\"previousItem\":{\"@type\":\"ListItem\",\"@id\":\"https:\\\/\\\/cauceecologico.org\\\/?cat=5#listItem\",\"name\":\"Noticias\"}}]},{\"@type\":\"Organization\",\"@id\":\"https:\\\/\\\/cauceecologico.org\\\/#organization\",\"name\":\"CAUCE\",\"description\":\"Cultura Ambiental - Causa Ecologista\",\"url\":\"https:\\\/\\\/cauceecologico.org\\\/\"},{\"@type\":\"Person\",\"@id\":\"https:\\\/\\\/cauceecologico.org\\\/?author=5#author\",\"url\":\"https:\\\/\\\/cauceecologico.org\\\/?author=5\",\"name\":\"Rocio Fernadez Dobal\",\"image\":{\"@type\":\"ImageObject\",\"@id\":\"https:\\\/\\\/cauceecologico.org\\\/?p=5422#authorImage\",\"url\":\"https:\\\/\\\/secure.gravatar.com\\\/avatar\\\/0e12a66c907f8480df050de074b5b58070b1d7ad51f067e186cffc71e35dfa04?s=96&d=mm&r=g\",\"width\":96,\"height\":96,\"caption\":\"Rocio Fernadez Dobal\"}},{\"@type\":\"WebPage\",\"@id\":\"https:\\\/\\\/cauceecologico.org\\\/?p=5422#webpage\",\"url\":\"https:\\\/\\\/cauceecologico.org\\\/?p=5422\",\"name\":\"Cuestionamientos al financiamiento conducido por los Bancos Multilaterales de Desarrollo - CAUCE\",\"description\":\"Fundaci\\u00f3n CAUCE particip\\u00f3 en la 65\\u00b0 edici\\u00f3n de las Reuniones Anuales del Banco Interamericano de Desarrollo (BID) y BID Invest, realizadas en Chile | Adem\\u00e1s, est\\u00e1 presente por primera vez en las Reuniones de Primavera del Banco Mundial y el FMI En el marco del trabajo conjunto con el Grupo Regional de Trabajo sobre el\",\"inLanguage\":\"es-ES\",\"isPartOf\":{\"@id\":\"https:\\\/\\\/cauceecologico.org\\\/#website\"},\"breadcrumb\":{\"@id\":\"https:\\\/\\\/cauceecologico.org\\\/?p=5422#breadcrumblist\"},\"author\":{\"@id\":\"https:\\\/\\\/cauceecologico.org\\\/?author=5#author\"},\"creator\":{\"@id\":\"https:\\\/\\\/cauceecologico.org\\\/?author=5#author\"},\"image\":{\"@type\":\"ImageObject\",\"url\":\"https:\\\/\\\/cauceecologico.org\\\/wp-content\\\/uploads\\\/2025\\\/04\\\/WhatsApp-Image-2025-04-22-at-12.18.41-PM.jpeg\",\"@id\":\"https:\\\/\\\/cauceecologico.org\\\/?p=5422\\\/#mainImage\",\"width\":4032,\"height\":2268},\"primaryImageOfPage\":{\"@id\":\"https:\\\/\\\/cauceecologico.org\\\/?p=5422#mainImage\"},\"datePublished\":\"2025-04-22T16:48:34+00:00\",\"dateModified\":\"2025-04-22T18:55:31+00:00\"},{\"@type\":\"WebSite\",\"@id\":\"https:\\\/\\\/cauceecologico.org\\\/#website\",\"url\":\"https:\\\/\\\/cauceecologico.org\\\/\",\"name\":\"CAUCE\",\"description\":\"Cultura Ambiental - Causa Ecologista\",\"inLanguage\":\"es-ES\",\"publisher\":{\"@id\":\"https:\\\/\\\/cauceecologico.org\\\/#organization\"}}]}\n\t\t<\/script>\n\t\t<!-- All in One SEO -->\n\n","aioseo_head_json":{"title":"Cuestionamientos al financiamiento conducido por los Bancos Multilaterales de Desarrollo - CAUCE","description":"Fundaci\u00f3n CAUCE particip\u00f3 en la 65\u00b0 edici\u00f3n de las Reuniones Anuales del Banco Interamericano de Desarrollo (BID) y BID Invest, realizadas en Chile | Adem\u00e1s, est\u00e1 presente por primera vez en las Reuniones de Primavera del Banco Mundial y el FMI En el marco del trabajo conjunto con el Grupo Regional de Trabajo sobre el","canonical_url":"https:\/\/cauceecologico.org\/?p=5422","robots":"max-image-preview:large","keywords":"","webmasterTools":{"miscellaneous":""},"schema":{"@context":"https:\/\/schema.org","@graph":[{"@type":"BlogPosting","@id":"https:\/\/cauceecologico.org\/?p=5422#blogposting","name":"Cuestionamientos al financiamiento conducido por los Bancos Multilaterales de Desarrollo - CAUCE","headline":"Cuestionamientos al financiamiento conducido por los Bancos Multilaterales de Desarrollo","author":{"@id":"https:\/\/cauceecologico.org\/?author=5#author"},"publisher":{"@id":"https:\/\/cauceecologico.org\/#organization"},"image":{"@type":"ImageObject","url":"https:\/\/cauceecologico.org\/wp-content\/uploads\/2025\/04\/WhatsApp-Image-2025-04-22-at-12.18.41-PM.jpeg","width":4032,"height":2268},"datePublished":"2025-04-22T16:48:34+00:00","dateModified":"2025-04-22T18:55:31+00:00","inLanguage":"es-ES","mainEntityOfPage":{"@id":"https:\/\/cauceecologico.org\/?p=5422#webpage"},"isPartOf":{"@id":"https:\/\/cauceecologico.org\/?p=5422#webpage"},"articleSection":"Noticias"},{"@type":"BreadcrumbList","@id":"https:\/\/cauceecologico.org\/?p=5422#breadcrumblist","itemListElement":[{"@type":"ListItem","@id":"https:\/\/cauceecologico.org#listItem","position":1,"name":"Home","item":"https:\/\/cauceecologico.org","nextItem":{"@type":"ListItem","@id":"https:\/\/cauceecologico.org\/?cat=5#listItem","name":"Noticias"}},{"@type":"ListItem","@id":"https:\/\/cauceecologico.org\/?cat=5#listItem","position":2,"name":"Noticias","item":"https:\/\/cauceecologico.org\/?cat=5","nextItem":{"@type":"ListItem","@id":"https:\/\/cauceecologico.org\/?p=5422#listItem","name":"Cuestionamientos al financiamiento conducido por los Bancos Multilaterales de Desarrollo"},"previousItem":{"@type":"ListItem","@id":"https:\/\/cauceecologico.org#listItem","name":"Home"}},{"@type":"ListItem","@id":"https:\/\/cauceecologico.org\/?p=5422#listItem","position":3,"name":"Cuestionamientos al financiamiento conducido por los Bancos Multilaterales de Desarrollo","previousItem":{"@type":"ListItem","@id":"https:\/\/cauceecologico.org\/?cat=5#listItem","name":"Noticias"}}]},{"@type":"Organization","@id":"https:\/\/cauceecologico.org\/#organization","name":"CAUCE","description":"Cultura Ambiental - Causa Ecologista","url":"https:\/\/cauceecologico.org\/"},{"@type":"Person","@id":"https:\/\/cauceecologico.org\/?author=5#author","url":"https:\/\/cauceecologico.org\/?author=5","name":"Rocio Fernadez Dobal","image":{"@type":"ImageObject","@id":"https:\/\/cauceecologico.org\/?p=5422#authorImage","url":"https:\/\/secure.gravatar.com\/avatar\/0e12a66c907f8480df050de074b5b58070b1d7ad51f067e186cffc71e35dfa04?s=96&d=mm&r=g","width":96,"height":96,"caption":"Rocio Fernadez Dobal"}},{"@type":"WebPage","@id":"https:\/\/cauceecologico.org\/?p=5422#webpage","url":"https:\/\/cauceecologico.org\/?p=5422","name":"Cuestionamientos al financiamiento conducido por los Bancos Multilaterales de Desarrollo - CAUCE","description":"Fundaci\u00f3n CAUCE particip\u00f3 en la 65\u00b0 edici\u00f3n de las Reuniones Anuales del Banco Interamericano de Desarrollo (BID) y BID Invest, realizadas en Chile | Adem\u00e1s, est\u00e1 presente por primera vez en las Reuniones de Primavera del Banco Mundial y el FMI En el marco del trabajo conjunto con el Grupo Regional de Trabajo sobre el","inLanguage":"es-ES","isPartOf":{"@id":"https:\/\/cauceecologico.org\/#website"},"breadcrumb":{"@id":"https:\/\/cauceecologico.org\/?p=5422#breadcrumblist"},"author":{"@id":"https:\/\/cauceecologico.org\/?author=5#author"},"creator":{"@id":"https:\/\/cauceecologico.org\/?author=5#author"},"image":{"@type":"ImageObject","url":"https:\/\/cauceecologico.org\/wp-content\/uploads\/2025\/04\/WhatsApp-Image-2025-04-22-at-12.18.41-PM.jpeg","@id":"https:\/\/cauceecologico.org\/?p=5422\/#mainImage","width":4032,"height":2268},"primaryImageOfPage":{"@id":"https:\/\/cauceecologico.org\/?p=5422#mainImage"},"datePublished":"2025-04-22T16:48:34+00:00","dateModified":"2025-04-22T18:55:31+00:00"},{"@type":"WebSite","@id":"https:\/\/cauceecologico.org\/#website","url":"https:\/\/cauceecologico.org\/","name":"CAUCE","description":"Cultura Ambiental - Causa Ecologista","inLanguage":"es-ES","publisher":{"@id":"https:\/\/cauceecologico.org\/#organization"}}]},"og:locale":"es_ES","og:site_name":"CAUCE - Cultura Ambiental - Causa Ecologista","og:type":"article","og:title":"Cuestionamientos al financiamiento conducido por los Bancos Multilaterales de Desarrollo - CAUCE","og:description":"Fundaci\u00f3n CAUCE particip\u00f3 en la 65\u00b0 edici\u00f3n de las Reuniones Anuales del Banco Interamericano de Desarrollo (BID) y BID Invest, realizadas en Chile | Adem\u00e1s, est\u00e1 presente por primera vez en las Reuniones de Primavera del Banco Mundial y el FMI En el marco del trabajo conjunto con el Grupo Regional de Trabajo sobre el","og:url":"https:\/\/cauceecologico.org\/?p=5422","article:published_time":"2025-04-22T16:48:34+00:00","article:modified_time":"2025-04-22T18:55:31+00:00","twitter:card":"summary_large_image","twitter:title":"Cuestionamientos al financiamiento conducido por los Bancos Multilaterales de Desarrollo - CAUCE","twitter:description":"Fundaci\u00f3n CAUCE particip\u00f3 en la 65\u00b0 edici\u00f3n de las Reuniones Anuales del Banco Interamericano de Desarrollo (BID) y BID Invest, realizadas en Chile | Adem\u00e1s, est\u00e1 presente por primera vez en las Reuniones de Primavera del Banco Mundial y el FMI En el marco del trabajo conjunto con el Grupo Regional de Trabajo sobre el"},"aioseo_meta_data":{"post_id":"5422","title":null,"description":null,"keywords":[],"keyphrases":{"focus":{"keyphrase":"","score":0,"analysis":{"keyphraseInTitle":{"score":0,"maxScore":9,"error":1}}},"additional":[]},"primary_term":null,"canonical_url":null,"og_title":null,"og_description":null,"og_object_type":"default","og_image_type":"default","og_image_url":null,"og_image_width":null,"og_image_height":null,"og_image_custom_url":null,"og_image_custom_fields":null,"og_video":"","og_custom_url":null,"og_article_section":null,"og_article_tags":[],"twitter_use_og":false,"twitter_card":"default","twitter_image_type":"default","twitter_image_url":null,"twitter_image_custom_url":null,"twitter_image_custom_fields":null,"twitter_title":null,"twitter_description":null,"schema":{"blockGraphs":[],"customGraphs":[],"default":{"data":{"Article":[],"Course":[],"Dataset":[],"FAQPage":[],"Movie":[],"Person":[],"Product":[],"ProductReview":[],"Car":[],"Recipe":[],"Service":[],"SoftwareApplication":[],"WebPage":[]},"graphName":"","isEnabled":true},"graphs":[]},"schema_type":"default","schema_type_options":null,"pillar_content":false,"robots_default":true,"robots_noindex":false,"robots_noarchive":false,"robots_nosnippet":false,"robots_nofollow":false,"robots_noimageindex":false,"robots_noodp":false,"robots_notranslate":false,"robots_max_snippet":"-1","robots_max_videopreview":"-1","robots_max_imagepreview":"large","priority":0,"frequency":"default","local_seo":null,"limit_modified_date":false,"created":"2025-04-22 16:48:35","updated":"2026-07-28 02:22:36","ai":null,"breadcrumb_settings":null,"seo_analyzer_scan_date":null},"aioseo_breadcrumb":"<div class=\"aioseo-breadcrumbs\"><span class=\"aioseo-breadcrumb\">\n\t\t\t<a href=\"https:\/\/cauceecologico.org\" title=\"Home\">Home<\/a>\n\t\t<\/span><span class=\"aioseo-breadcrumb-separator\">&raquo;<\/span><span class=\"aioseo-breadcrumb\">\n\t\t\t<a href=\"https:\/\/cauceecologico.org\/?cat=5\" title=\"Noticias\">Noticias<\/a>\n\t\t<\/span><span class=\"aioseo-breadcrumb-separator\">&raquo;<\/span><span class=\"aioseo-breadcrumb\">\n\t\t\tCuestionamientos al financiamiento conducido por los Bancos Multilaterales de Desarrollo\n\t\t<\/span><\/div>","aioseo_breadcrumb_json":[{"label":"Home","link":"https:\/\/cauceecologico.org"},{"label":"Noticias","link":"https:\/\/cauceecologico.org\/?cat=5"},{"label":"Cuestionamientos al financiamiento conducido por los Bancos Multilaterales de Desarrollo","link":"https:\/\/cauceecologico.org\/?p=5422"}],"_links":{"self":[{"href":"https:\/\/cauceecologico.org\/index.php?rest_route=\/wp\/v2\/posts\/5422","targetHints":{"allow":["GET"]}}],"collection":[{"href":"https:\/\/cauceecologico.org\/index.php?rest_route=\/wp\/v2\/posts"}],"about":[{"href":"https:\/\/cauceecologico.org\/index.php?rest_route=\/wp\/v2\/types\/post"}],"author":[{"embeddable":true,"href":"https:\/\/cauceecologico.org\/index.php?rest_route=\/wp\/v2\/users\/5"}],"replies":[{"embeddable":true,"href":"https:\/\/cauceecologico.org\/index.php?rest_route=%2Fwp%2Fv2%2Fcomments&post=5422"}],"version-history":[{"count":8,"href":"https:\/\/cauceecologico.org\/index.php?rest_route=\/wp\/v2\/posts\/5422\/revisions"}],"predecessor-version":[{"id":5435,"href":"https:\/\/cauceecologico.org\/index.php?rest_route=\/wp\/v2\/posts\/5422\/revisions\/5435"}],"wp:featuredmedia":[{"embeddable":true,"href":"https:\/\/cauceecologico.org\/index.php?rest_route=\/wp\/v2\/media\/5427"}],"wp:attachment":[{"href":"https:\/\/cauceecologico.org\/index.php?rest_route=%2Fwp%2Fv2%2Fmedia&parent=5422"}],"wp:term":[{"taxonomy":"category","embeddable":true,"href":"https:\/\/cauceecologico.org\/index.php?rest_route=%2Fwp%2Fv2%2Fcategories&post=5422"},{"taxonomy":"post_tag","embeddable":true,"href":"https:\/\/cauceecologico.org\/index.php?rest_route=%2Fwp%2Fv2%2Ftags&post=5422"}],"curies":[{"name":"wp","href":"https:\/\/api.w.org\/{rel}","templated":true}]}}