{"id":5450,"date":"2025-04-30T20:42:58","date_gmt":"2025-04-30T20:42:58","guid":{"rendered":"https:\/\/cauceecologico.org\/?p=5450"},"modified":"2025-04-30T22:26:25","modified_gmt":"2025-04-30T22:26:25","slug":"un-giro-en-la-causa-del-desmonte","status":"publish","type":"post","link":"https:\/\/cauceecologico.org\/?p=5450","title":{"rendered":"Un giro en la causa del desmonte"},"content":{"rendered":"<p><strong>Este mi\u00e9rcoles 30 de abril hubo una inspecci\u00f3n judicial en los campos <i>La Pelusa<\/i> y <i>El Durazno<\/i>, en Villaguay. El desmonte realizado alcanza las 130 hect\u00e1reas.<\/strong><\/p>\n<p><span style=\"font-weight: 400;\">El <strong><a href=\"https:\/\/cauceecologico.org\/?p=5364\">proceso judicial<\/a><\/strong> iniciado por Fundaci\u00f3n CAUCE: Cultura Ambiental &#8211; Causa Ecologista contra el Estado provincial de Entre R\u00edos y la empresa agropecuaria <b>SALENTEIN ARGENTINA B.V,<\/b> por desmonte ilegal en el departamento Villaguay, tuvo un nuevo avance.<\/span><\/p>\n<p><span style=\"font-weight: 400;\">La firma demandada<\/span><span style=\"font-weight: 400;\">\u00a0solicit\u00f3 su exclusi\u00f3n del proceso, alegando haber vendido la propiedad en noviembre de 2024. Sin embargo, registros y testimonios recabados indican que las tareas de desmonte comenzaron a inicios de la primavera de ese mismo a\u00f1o, cuando la empresa a\u00fan figuraba como titular dominial de los lotes.<\/span><\/p>\n<p><span style=\"font-weight: 400;\">Ante esta situaci\u00f3n, fueron citados los actuales propietarios del predio: <\/span><b>Jorge Rodr\u00edguez y las firmas SYS S.A. y El Choli<\/b><span style=\"font-weight: 400;\">. Estos declararon haber tomado posesi\u00f3n en junio de 2024 y reconocieron la apertura de amplias zonas de monte \u2014denominadas \u201cabras\u201d\u2014 en el marco de un proyecto ganadero. Seg\u00fan su versi\u00f3n, las intervenciones tendr\u00edan como objetivo crear cortafuegos y controlar la caza furtiva, que afecta tanto al ganado como a la fauna silvestre.<\/span><\/p>\n<p><span style=\"font-weight: 400;\">Este mi\u00e9rcoles 30 de abril, la jueza de Paz N.\u00ba 1, Virginia Giachello, encabez\u00f3 una inspecci\u00f3n judicial en los campos actualmente llamados <\/span><i><span style=\"font-weight: 400;\">La Pelusa<\/span><\/i><span style=\"font-weight: 400;\"> y <\/span><i><span style=\"font-weight: 400;\">El Durazno<\/span><\/i><span style=\"font-weight: 400;\">, en Villaguay, con la participaci\u00f3n de todas las partes.\u00a0<\/span><\/p>\n<p><span style=\"font-weight: 400;\">Lo que est\u00e1 en juego no es s\u00f3lo una disputa legal sino tambi\u00e9n la conservaci\u00f3n de un ecosistema clave: el <\/span><b>monte nativo espinal<\/b><span style=\"font-weight: 400;\">. Este bioma, caracter\u00edstico del centro y norte de Entre R\u00edos, alberga una rica biodiversidad de flora y fauna adaptada a un entorno semi\u00e1rido. Es refugio de especies amenazadas, regula el ciclo h\u00eddrico, mitiga inundaciones, almacena carbono y protege los suelos contra la erosi\u00f3n.<\/span><\/p>\n<p><span style=\"font-weight: 400;\">El desmonte realizado de m\u00e1s de 130 ha destruy\u00f3 h\u00e1bitats naturales, favorece la desertificaci\u00f3n, aumenta el riesgo de incendios y tiene efectos negativos sobre las comunidades locales, que dependen de los servicios ambientales que este ecosistema proporciona.<\/span><\/p>\n<p><span style=\"font-weight: 400;\">La causa seguir\u00e1 con la producci\u00f3n de prueba, en un contexto donde la presi\u00f3n agropecuaria sobre los \u00faltimos relictos de monte nativo de la provincia genera creciente preocupaci\u00f3n social y ambiental.<\/span><\/p>\n<p>&nbsp;<\/p>\n<p>&#x1f517; <strong>Notas relacionadas: <a href=\"https:\/\/cauceecologico.org\/?p=5364\">Freno al desmonte ilegal en Entre R\u00edos: CAUCE interpuso un amparo colectivo<\/a><\/strong><\/p>\n","protected":false},"excerpt":{"rendered":"<p>Este mi\u00e9rcoles 30 de abril hubo una inspecci\u00f3n judicial en los campos La Pelusa y El Durazno, en Villaguay. El desmonte realizado alcanza las 130 hect\u00e1reas. El proceso judicial iniciado por Fundaci\u00f3n CAUCE: Cultura Ambiental &#8211; Causa Ecologista contra el Estado provincial de Entre R\u00edos y la empresa agropecuaria SALENTEIN ARGENTINA B.V, por desmonte ilegal [&hellip;]<\/p>\n","protected":false},"author":5,"featured_media":5452,"comment_status":"open","ping_status":"open","sticky":false,"template":"","format":"standard","meta":{"om_disable_all_campaigns":false,"_monsterinsights_skip_tracking":false,"amp_status":"","footnotes":""},"categories":[277,5],"tags":[],"class_list":["post-5450","post","type-post","status-publish","format-standard","has-post-thumbnail","hentry","category-acciones-de-monitoreo","category-noticias"],"aioseo_notices":[],"aioseo_head":"\n\t\t<!-- All in One SEO 4.9.10 - aioseo.com -->\n\t<meta name=\"description\" content=\"Este mi\u00e9rcoles 30 de abril hubo una inspecci\u00f3n judicial en los campos La Pelusa y El Durazno, en Villaguay. El desmonte realizado alcanza las 130 hect\u00e1reas. El proceso judicial iniciado por Fundaci\u00f3n CAUCE: Cultura Ambiental - Causa Ecologista contra el Estado provincial de Entre R\u00edos y la empresa agropecuaria SALENTEIN ARGENTINA B.V, por desmonte ilegal\" \/>\n\t<meta name=\"robots\" content=\"max-image-preview:large\" \/>\n\t<meta name=\"author\" content=\"Rocio Fernadez Dobal\"\/>\n\t<link rel=\"canonical\" href=\"https:\/\/cauceecologico.org\/?p=5450\" \/>\n\t<meta name=\"generator\" content=\"All in One SEO (AIOSEO) 4.9.10\" \/>\n\t\t<meta property=\"og:locale\" content=\"es_ES\" \/>\n\t\t<meta property=\"og:site_name\" content=\"CAUCE - Cultura Ambiental - Causa Ecologista\" \/>\n\t\t<meta property=\"og:type\" content=\"article\" \/>\n\t\t<meta property=\"og:title\" content=\"Un giro en la causa del desmonte - CAUCE\" \/>\n\t\t<meta property=\"og:description\" content=\"Este mi\u00e9rcoles 30 de abril hubo una inspecci\u00f3n judicial en los campos La Pelusa y El Durazno, en Villaguay. El desmonte realizado alcanza las 130 hect\u00e1reas. El proceso judicial iniciado por Fundaci\u00f3n CAUCE: Cultura Ambiental - Causa Ecologista contra el Estado provincial de Entre R\u00edos y la empresa agropecuaria SALENTEIN ARGENTINA B.V, por desmonte ilegal\" \/>\n\t\t<meta property=\"og:url\" content=\"https:\/\/cauceecologico.org\/?p=5450\" \/>\n\t\t<meta property=\"article:published_time\" content=\"2025-04-30T20:42:58+00:00\" \/>\n\t\t<meta property=\"article:modified_time\" content=\"2025-04-30T22:26:25+00:00\" \/>\n\t\t<meta name=\"twitter:card\" content=\"summary_large_image\" \/>\n\t\t<meta name=\"twitter:title\" content=\"Un giro en la causa del desmonte - CAUCE\" \/>\n\t\t<meta name=\"twitter:description\" content=\"Este mi\u00e9rcoles 30 de abril hubo una inspecci\u00f3n judicial en los campos La Pelusa y El Durazno, en Villaguay. El desmonte realizado alcanza las 130 hect\u00e1reas. El proceso judicial iniciado por Fundaci\u00f3n CAUCE: Cultura Ambiental - Causa Ecologista contra el Estado provincial de Entre R\u00edos y la empresa agropecuaria SALENTEIN ARGENTINA B.V, por desmonte ilegal\" \/>\n\t\t<script type=\"application\/ld+json\" class=\"aioseo-schema\">\n\t\t\t{\"@context\":\"https:\\\/\\\/schema.org\",\"@graph\":[{\"@type\":\"BlogPosting\",\"@id\":\"https:\\\/\\\/cauceecologico.org\\\/?p=5450#blogposting\",\"name\":\"Un giro en la causa del desmonte - CAUCE\",\"headline\":\"Un giro en la causa del desmonte\",\"author\":{\"@id\":\"https:\\\/\\\/cauceecologico.org\\\/?author=5#author\"},\"publisher\":{\"@id\":\"https:\\\/\\\/cauceecologico.org\\\/#organization\"},\"image\":{\"@type\":\"ImageObject\",\"url\":\"https:\\\/\\\/cauceecologico.org\\\/wp-content\\\/uploads\\\/2025\\\/04\\\/nueva.jpg\",\"width\":1500,\"height\":844},\"datePublished\":\"2025-04-30T20:42:58+00:00\",\"dateModified\":\"2025-04-30T22:26:25+00:00\",\"inLanguage\":\"es-ES\",\"mainEntityOfPage\":{\"@id\":\"https:\\\/\\\/cauceecologico.org\\\/?p=5450#webpage\"},\"isPartOf\":{\"@id\":\"https:\\\/\\\/cauceecologico.org\\\/?p=5450#webpage\"},\"articleSection\":\"Acciones de monitoreo, Noticias\"},{\"@type\":\"BreadcrumbList\",\"@id\":\"https:\\\/\\\/cauceecologico.org\\\/?p=5450#breadcrumblist\",\"itemListElement\":[{\"@type\":\"ListItem\",\"@id\":\"https:\\\/\\\/cauceecologico.org#listItem\",\"position\":1,\"name\":\"Home\",\"item\":\"https:\\\/\\\/cauceecologico.org\",\"nextItem\":{\"@type\":\"ListItem\",\"@id\":\"https:\\\/\\\/cauceecologico.org\\\/?cat=5#listItem\",\"name\":\"Noticias\"}},{\"@type\":\"ListItem\",\"@id\":\"https:\\\/\\\/cauceecologico.org\\\/?cat=5#listItem\",\"position\":2,\"name\":\"Noticias\",\"item\":\"https:\\\/\\\/cauceecologico.org\\\/?cat=5\",\"nextItem\":{\"@type\":\"ListItem\",\"@id\":\"https:\\\/\\\/cauceecologico.org\\\/?p=5450#listItem\",\"name\":\"Un giro en la causa del desmonte\"},\"previousItem\":{\"@type\":\"ListItem\",\"@id\":\"https:\\\/\\\/cauceecologico.org#listItem\",\"name\":\"Home\"}},{\"@type\":\"ListItem\",\"@id\":\"https:\\\/\\\/cauceecologico.org\\\/?p=5450#listItem\",\"position\":3,\"name\":\"Un giro en la causa del desmonte\",\"previousItem\":{\"@type\":\"ListItem\",\"@id\":\"https:\\\/\\\/cauceecologico.org\\\/?cat=5#listItem\",\"name\":\"Noticias\"}}]},{\"@type\":\"Organization\",\"@id\":\"https:\\\/\\\/cauceecologico.org\\\/#organization\",\"name\":\"CAUCE\",\"description\":\"Cultura Ambiental - Causa Ecologista\",\"url\":\"https:\\\/\\\/cauceecologico.org\\\/\"},{\"@type\":\"Person\",\"@id\":\"https:\\\/\\\/cauceecologico.org\\\/?author=5#author\",\"url\":\"https:\\\/\\\/cauceecologico.org\\\/?author=5\",\"name\":\"Rocio Fernadez Dobal\",\"image\":{\"@type\":\"ImageObject\",\"@id\":\"https:\\\/\\\/cauceecologico.org\\\/?p=5450#authorImage\",\"url\":\"https:\\\/\\\/secure.gravatar.com\\\/avatar\\\/0e12a66c907f8480df050de074b5b58070b1d7ad51f067e186cffc71e35dfa04?s=96&d=mm&r=g\",\"width\":96,\"height\":96,\"caption\":\"Rocio Fernadez Dobal\"}},{\"@type\":\"WebPage\",\"@id\":\"https:\\\/\\\/cauceecologico.org\\\/?p=5450#webpage\",\"url\":\"https:\\\/\\\/cauceecologico.org\\\/?p=5450\",\"name\":\"Un giro en la causa del desmonte - CAUCE\",\"description\":\"Este mi\\u00e9rcoles 30 de abril hubo una inspecci\\u00f3n judicial en los campos La Pelusa y El Durazno, en Villaguay. El desmonte realizado alcanza las 130 hect\\u00e1reas. El proceso judicial iniciado por Fundaci\\u00f3n CAUCE: Cultura Ambiental - Causa Ecologista contra el Estado provincial de Entre R\\u00edos y la empresa agropecuaria SALENTEIN ARGENTINA B.V, por desmonte ilegal\",\"inLanguage\":\"es-ES\",\"isPartOf\":{\"@id\":\"https:\\\/\\\/cauceecologico.org\\\/#website\"},\"breadcrumb\":{\"@id\":\"https:\\\/\\\/cauceecologico.org\\\/?p=5450#breadcrumblist\"},\"author\":{\"@id\":\"https:\\\/\\\/cauceecologico.org\\\/?author=5#author\"},\"creator\":{\"@id\":\"https:\\\/\\\/cauceecologico.org\\\/?author=5#author\"},\"image\":{\"@type\":\"ImageObject\",\"url\":\"https:\\\/\\\/cauceecologico.org\\\/wp-content\\\/uploads\\\/2025\\\/04\\\/nueva.jpg\",\"@id\":\"https:\\\/\\\/cauceecologico.org\\\/?p=5450\\\/#mainImage\",\"width\":1500,\"height\":844},\"primaryImageOfPage\":{\"@id\":\"https:\\\/\\\/cauceecologico.org\\\/?p=5450#mainImage\"},\"datePublished\":\"2025-04-30T20:42:58+00:00\",\"dateModified\":\"2025-04-30T22:26:25+00:00\"},{\"@type\":\"WebSite\",\"@id\":\"https:\\\/\\\/cauceecologico.org\\\/#website\",\"url\":\"https:\\\/\\\/cauceecologico.org\\\/\",\"name\":\"CAUCE\",\"description\":\"Cultura Ambiental - Causa Ecologista\",\"inLanguage\":\"es-ES\",\"publisher\":{\"@id\":\"https:\\\/\\\/cauceecologico.org\\\/#organization\"}}]}\n\t\t<\/script>\n\t\t<!-- All in One SEO -->\n\n","aioseo_head_json":{"title":"Un giro en la causa del desmonte - CAUCE","description":"Este mi\u00e9rcoles 30 de abril hubo una inspecci\u00f3n judicial en los campos La Pelusa y El Durazno, en Villaguay. El desmonte realizado alcanza las 130 hect\u00e1reas. El proceso judicial iniciado por Fundaci\u00f3n CAUCE: Cultura Ambiental - Causa Ecologista contra el Estado provincial de Entre R\u00edos y la empresa agropecuaria SALENTEIN ARGENTINA B.V, por desmonte ilegal","canonical_url":"https:\/\/cauceecologico.org\/?p=5450","robots":"max-image-preview:large","keywords":"","webmasterTools":{"miscellaneous":""},"schema":{"@context":"https:\/\/schema.org","@graph":[{"@type":"BlogPosting","@id":"https:\/\/cauceecologico.org\/?p=5450#blogposting","name":"Un giro en la causa del desmonte - CAUCE","headline":"Un giro en la causa del desmonte","author":{"@id":"https:\/\/cauceecologico.org\/?author=5#author"},"publisher":{"@id":"https:\/\/cauceecologico.org\/#organization"},"image":{"@type":"ImageObject","url":"https:\/\/cauceecologico.org\/wp-content\/uploads\/2025\/04\/nueva.jpg","width":1500,"height":844},"datePublished":"2025-04-30T20:42:58+00:00","dateModified":"2025-04-30T22:26:25+00:00","inLanguage":"es-ES","mainEntityOfPage":{"@id":"https:\/\/cauceecologico.org\/?p=5450#webpage"},"isPartOf":{"@id":"https:\/\/cauceecologico.org\/?p=5450#webpage"},"articleSection":"Acciones de monitoreo, Noticias"},{"@type":"BreadcrumbList","@id":"https:\/\/cauceecologico.org\/?p=5450#breadcrumblist","itemListElement":[{"@type":"ListItem","@id":"https:\/\/cauceecologico.org#listItem","position":1,"name":"Home","item":"https:\/\/cauceecologico.org","nextItem":{"@type":"ListItem","@id":"https:\/\/cauceecologico.org\/?cat=5#listItem","name":"Noticias"}},{"@type":"ListItem","@id":"https:\/\/cauceecologico.org\/?cat=5#listItem","position":2,"name":"Noticias","item":"https:\/\/cauceecologico.org\/?cat=5","nextItem":{"@type":"ListItem","@id":"https:\/\/cauceecologico.org\/?p=5450#listItem","name":"Un giro en la causa del desmonte"},"previousItem":{"@type":"ListItem","@id":"https:\/\/cauceecologico.org#listItem","name":"Home"}},{"@type":"ListItem","@id":"https:\/\/cauceecologico.org\/?p=5450#listItem","position":3,"name":"Un giro en la causa del desmonte","previousItem":{"@type":"ListItem","@id":"https:\/\/cauceecologico.org\/?cat=5#listItem","name":"Noticias"}}]},{"@type":"Organization","@id":"https:\/\/cauceecologico.org\/#organization","name":"CAUCE","description":"Cultura Ambiental - Causa Ecologista","url":"https:\/\/cauceecologico.org\/"},{"@type":"Person","@id":"https:\/\/cauceecologico.org\/?author=5#author","url":"https:\/\/cauceecologico.org\/?author=5","name":"Rocio Fernadez Dobal","image":{"@type":"ImageObject","@id":"https:\/\/cauceecologico.org\/?p=5450#authorImage","url":"https:\/\/secure.gravatar.com\/avatar\/0e12a66c907f8480df050de074b5b58070b1d7ad51f067e186cffc71e35dfa04?s=96&d=mm&r=g","width":96,"height":96,"caption":"Rocio Fernadez Dobal"}},{"@type":"WebPage","@id":"https:\/\/cauceecologico.org\/?p=5450#webpage","url":"https:\/\/cauceecologico.org\/?p=5450","name":"Un giro en la causa del desmonte - CAUCE","description":"Este mi\u00e9rcoles 30 de abril hubo una inspecci\u00f3n judicial en los campos La Pelusa y El Durazno, en Villaguay. El desmonte realizado alcanza las 130 hect\u00e1reas. El proceso judicial iniciado por Fundaci\u00f3n CAUCE: Cultura Ambiental - Causa Ecologista contra el Estado provincial de Entre R\u00edos y la empresa agropecuaria SALENTEIN ARGENTINA B.V, por desmonte ilegal","inLanguage":"es-ES","isPartOf":{"@id":"https:\/\/cauceecologico.org\/#website"},"breadcrumb":{"@id":"https:\/\/cauceecologico.org\/?p=5450#breadcrumblist"},"author":{"@id":"https:\/\/cauceecologico.org\/?author=5#author"},"creator":{"@id":"https:\/\/cauceecologico.org\/?author=5#author"},"image":{"@type":"ImageObject","url":"https:\/\/cauceecologico.org\/wp-content\/uploads\/2025\/04\/nueva.jpg","@id":"https:\/\/cauceecologico.org\/?p=5450\/#mainImage","width":1500,"height":844},"primaryImageOfPage":{"@id":"https:\/\/cauceecologico.org\/?p=5450#mainImage"},"datePublished":"2025-04-30T20:42:58+00:00","dateModified":"2025-04-30T22:26:25+00:00"},{"@type":"WebSite","@id":"https:\/\/cauceecologico.org\/#website","url":"https:\/\/cauceecologico.org\/","name":"CAUCE","description":"Cultura Ambiental - Causa Ecologista","inLanguage":"es-ES","publisher":{"@id":"https:\/\/cauceecologico.org\/#organization"}}]},"og:locale":"es_ES","og:site_name":"CAUCE - Cultura Ambiental - Causa Ecologista","og:type":"article","og:title":"Un giro en la causa del desmonte - CAUCE","og:description":"Este mi\u00e9rcoles 30 de abril hubo una inspecci\u00f3n judicial en los campos La Pelusa y El Durazno, en Villaguay. El desmonte realizado alcanza las 130 hect\u00e1reas. El proceso judicial iniciado por Fundaci\u00f3n CAUCE: Cultura Ambiental - Causa Ecologista contra el Estado provincial de Entre R\u00edos y la empresa agropecuaria SALENTEIN ARGENTINA B.V, por desmonte ilegal","og:url":"https:\/\/cauceecologico.org\/?p=5450","article:published_time":"2025-04-30T20:42:58+00:00","article:modified_time":"2025-04-30T22:26:25+00:00","twitter:card":"summary_large_image","twitter:title":"Un giro en la causa del desmonte - CAUCE","twitter:description":"Este mi\u00e9rcoles 30 de abril hubo una inspecci\u00f3n judicial en los campos La Pelusa y El Durazno, en Villaguay. El desmonte realizado alcanza las 130 hect\u00e1reas. El proceso judicial iniciado por Fundaci\u00f3n CAUCE: Cultura Ambiental - Causa Ecologista contra el Estado provincial de Entre R\u00edos y la empresa agropecuaria SALENTEIN ARGENTINA B.V, por desmonte ilegal"},"aioseo_meta_data":{"post_id":"5450","title":null,"description":null,"keywords":[],"keyphrases":{"focus":{"keyphrase":"","score":0,"analysis":{"keyphraseInTitle":{"score":0,"maxScore":9,"error":1}}},"additional":[]},"primary_term":null,"canonical_url":null,"og_title":null,"og_description":null,"og_object_type":"default","og_image_type":"default","og_image_url":null,"og_image_width":null,"og_image_height":null,"og_image_custom_url":null,"og_image_custom_fields":null,"og_video":"","og_custom_url":null,"og_article_section":null,"og_article_tags":[],"twitter_use_og":false,"twitter_card":"default","twitter_image_type":"default","twitter_image_url":null,"twitter_image_custom_url":null,"twitter_image_custom_fields":null,"twitter_title":null,"twitter_description":null,"schema":{"blockGraphs":[],"customGraphs":[],"default":{"data":{"Article":[],"Course":[],"Dataset":[],"FAQPage":[],"Movie":[],"Person":[],"Product":[],"ProductReview":[],"Car":[],"Recipe":[],"Service":[],"SoftwareApplication":[],"WebPage":[]},"graphName":"","isEnabled":true},"graphs":[]},"schema_type":"default","schema_type_options":null,"pillar_content":false,"robots_default":true,"robots_noindex":false,"robots_noarchive":false,"robots_nosnippet":false,"robots_nofollow":false,"robots_noimageindex":false,"robots_noodp":false,"robots_notranslate":false,"robots_max_snippet":"-1","robots_max_videopreview":"-1","robots_max_imagepreview":"large","priority":0,"frequency":"default","local_seo":null,"limit_modified_date":false,"created":"2025-04-30 20:43:00","updated":"2026-07-28 02:22:36","ai":null,"breadcrumb_settings":null,"seo_analyzer_scan_date":null},"aioseo_breadcrumb":"<div class=\"aioseo-breadcrumbs\"><span class=\"aioseo-breadcrumb\">\n\t\t\t<a href=\"https:\/\/cauceecologico.org\" title=\"Home\">Home<\/a>\n\t\t<\/span><span class=\"aioseo-breadcrumb-separator\">&raquo;<\/span><span class=\"aioseo-breadcrumb\">\n\t\t\t<a href=\"https:\/\/cauceecologico.org\/?cat=5\" title=\"Noticias\">Noticias<\/a>\n\t\t<\/span><span class=\"aioseo-breadcrumb-separator\">&raquo;<\/span><span class=\"aioseo-breadcrumb\">\n\t\t\tUn giro en la causa del desmonte\n\t\t<\/span><\/div>","aioseo_breadcrumb_json":[{"label":"Home","link":"https:\/\/cauceecologico.org"},{"label":"Noticias","link":"https:\/\/cauceecologico.org\/?cat=5"},{"label":"Un giro en la causa del desmonte","link":"https:\/\/cauceecologico.org\/?p=5450"}],"_links":{"self":[{"href":"https:\/\/cauceecologico.org\/index.php?rest_route=\/wp\/v2\/posts\/5450","targetHints":{"allow":["GET"]}}],"collection":[{"href":"https:\/\/cauceecologico.org\/index.php?rest_route=\/wp\/v2\/posts"}],"about":[{"href":"https:\/\/cauceecologico.org\/index.php?rest_route=\/wp\/v2\/types\/post"}],"author":[{"embeddable":true,"href":"https:\/\/cauceecologico.org\/index.php?rest_route=\/wp\/v2\/users\/5"}],"replies":[{"embeddable":true,"href":"https:\/\/cauceecologico.org\/index.php?rest_route=%2Fwp%2Fv2%2Fcomments&post=5450"}],"version-history":[{"count":6,"href":"https:\/\/cauceecologico.org\/index.php?rest_route=\/wp\/v2\/posts\/5450\/revisions"}],"predecessor-version":[{"id":5457,"href":"https:\/\/cauceecologico.org\/index.php?rest_route=\/wp\/v2\/posts\/5450\/revisions\/5457"}],"wp:featuredmedia":[{"embeddable":true,"href":"https:\/\/cauceecologico.org\/index.php?rest_route=\/wp\/v2\/media\/5452"}],"wp:attachment":[{"href":"https:\/\/cauceecologico.org\/index.php?rest_route=%2Fwp%2Fv2%2Fmedia&parent=5450"}],"wp:term":[{"taxonomy":"category","embeddable":true,"href":"https:\/\/cauceecologico.org\/index.php?rest_route=%2Fwp%2Fv2%2Fcategories&post=5450"},{"taxonomy":"post_tag","embeddable":true,"href":"https:\/\/cauceecologico.org\/index.php?rest_route=%2Fwp%2Fv2%2Ftags&post=5450"}],"curies":[{"name":"wp","href":"https:\/\/api.w.org\/{rel}","templated":true}]}}