{"id":5479,"date":"2025-05-28T15:33:13","date_gmt":"2025-05-28T15:33:13","guid":{"rendered":"https:\/\/cauceecologico.org\/?p=5479"},"modified":"2025-05-28T15:33:13","modified_gmt":"2025-05-28T15:33:13","slug":"taller-online-sobre-desertificacion-y-sequia-en-argentina","status":"publish","type":"post","link":"https:\/\/cauceecologico.org\/?p=5479","title":{"rendered":"Taller online sobre desertificaci\u00f3n y sequ\u00eda en Argentina"},"content":{"rendered":"<p data-start=\"261\" data-end=\"639\">El pr\u00f3ximo lunes 9 de junio se realizar\u00e1 el <strong>taller online <em>Argentina frente a la desertificaci\u00f3n y la sequ\u00eda: \u00bfd\u00f3nde estamos y hacia d\u00f3nde vamos?<\/em><\/strong>, en el marco del proceso preparatorio hacia <strong>D\u00e9sertif\u2019actions 2026<\/strong>, una iniciativa internacional orientada a la acci\u00f3n colectiva frente a los desaf\u00edos de la desertificaci\u00f3n, la degradaci\u00f3n del suelo y la sequ\u00eda.<\/p>\n<p data-start=\"833\" data-end=\"1080\"><img loading=\"lazy\" decoding=\"async\" class=\"size-medium wp-image-5480 alignleft\" src=\"http:\/\/cauceecologico.org\/wp-content\/uploads\/2025\/05\/sequia-240x300.png\" alt=\"\" width=\"240\" height=\"300\" srcset=\"https:\/\/cauceecologico.org\/wp-content\/uploads\/2025\/05\/sequia-240x300.png 240w, https:\/\/cauceecologico.org\/wp-content\/uploads\/2025\/05\/sequia-819x1024.png 819w, https:\/\/cauceecologico.org\/wp-content\/uploads\/2025\/05\/sequia-768x960.png 768w, https:\/\/cauceecologico.org\/wp-content\/uploads\/2025\/05\/sequia.png 1080w\" sizes=\"auto, (max-width: 240px) 100vw, 240px\" \/>Este encuentro tiene como objetivo principal construir colectivamente propuestas desde la sociedad civil para fortalecer la resiliencia de los territorios frente a procesos de degradaci\u00f3n ambiental que afectan a diversas regiones del pa\u00eds.<\/p>\n<p data-start=\"1082\" data-end=\"1474\">Contaremos con la participaci\u00f3n de organizaciones sociales, referentes comunitarios, acad\u00e9micos\/as y actores institucionales que trabajan por un desarrollo territorial justo y sostenible. A lo largo del taller, se buscar\u00e1 generar recomendaciones que puedan incidir en pol\u00edticas p\u00fablicas a nivel nacional e internacional, aportando desde experiencias locales y visiones integrales.<\/p>\n<p data-start=\"1476\" data-end=\"1655\">Invitamos a toda persona interesada en el cuidado de los suelos, la justicia ambiental y el desarrollo sostenible a participar de este espacio de di\u00e1logo y construcci\u00f3n colectiva.<\/p>\n<p data-start=\"1476\" data-end=\"1655\">&#x1f5d3; <strong>Lunes 9 de junio de 2025<\/strong><br data-start=\"688\" data-end=\"691\" \/><strong>&#x1f558; De 9:00 a 12:00 (hora Argentina)<\/strong><br \/>\n<strong><span style=\"color: #3366ff;\"><a style=\"color: #3366ff;\" href=\"https:\/\/us02web.zoom.us\/meeting\/register\/ivOu3Ww1RQqsDh6vmY91MQ#\/registration\">&#x1f4bb; Inscribite haciendo clic ac\u00e1.<\/a><\/span><\/strong><\/p>\n<p data-start=\"1657\" data-end=\"1825\">\u00a1Sumate y compart\u00ed! Este taller es una oportunidad para que nuestras voces sean parte activa de los procesos de toma de decisiones que afectan nuestros territorios.<\/p>\n","protected":false},"excerpt":{"rendered":"<p>El pr\u00f3ximo lunes 9 de junio se realizar\u00e1 el taller online Argentina frente a la desertificaci\u00f3n y la sequ\u00eda: \u00bfd\u00f3nde estamos y hacia d\u00f3nde vamos?, en el marco del proceso preparatorio hacia D\u00e9sertif\u2019actions 2026, una iniciativa internacional orientada a la acci\u00f3n colectiva frente a los desaf\u00edos de la desertificaci\u00f3n, la degradaci\u00f3n del suelo y la [&hellip;]<\/p>\n","protected":false},"author":2,"featured_media":5481,"comment_status":"open","ping_status":"open","sticky":false,"template":"","format":"standard","meta":{"om_disable_all_campaigns":false,"_monsterinsights_skip_tracking":false,"amp_status":"","footnotes":""},"categories":[274,5],"tags":[],"class_list":["post-5479","post","type-post","status-publish","format-standard","has-post-thumbnail","hentry","category-agroecologia","category-noticias"],"aioseo_notices":[],"aioseo_head":"\n\t\t<!-- All in One SEO 4.9.10 - aioseo.com -->\n\t<meta name=\"description\" content=\"El pr\u00f3ximo lunes 9 de junio se realizar\u00e1 el taller online Argentina frente a la desertificaci\u00f3n y la sequ\u00eda: \u00bfd\u00f3nde estamos y hacia d\u00f3nde vamos?, en el marco del proceso preparatorio hacia D\u00e9sertif\u2019actions 2026, una iniciativa internacional orientada a la acci\u00f3n colectiva frente a los desaf\u00edos de la desertificaci\u00f3n, la degradaci\u00f3n del suelo y la\" \/>\n\t<meta name=\"robots\" content=\"max-image-preview:large\" \/>\n\t<meta name=\"author\" content=\"Ana Lucia Vergara\"\/>\n\t<link rel=\"canonical\" href=\"https:\/\/cauceecologico.org\/?p=5479\" \/>\n\t<meta name=\"generator\" content=\"All in One SEO (AIOSEO) 4.9.10\" \/>\n\t\t<meta property=\"og:locale\" content=\"es_ES\" \/>\n\t\t<meta property=\"og:site_name\" content=\"CAUCE - Cultura Ambiental - Causa Ecologista\" \/>\n\t\t<meta property=\"og:type\" content=\"article\" \/>\n\t\t<meta property=\"og:title\" content=\"Taller online sobre desertificaci\u00f3n y sequ\u00eda en Argentina - CAUCE\" \/>\n\t\t<meta property=\"og:description\" content=\"El pr\u00f3ximo lunes 9 de junio se realizar\u00e1 el taller online Argentina frente a la desertificaci\u00f3n y la sequ\u00eda: \u00bfd\u00f3nde estamos y hacia d\u00f3nde vamos?, en el marco del proceso preparatorio hacia D\u00e9sertif\u2019actions 2026, una iniciativa internacional orientada a la acci\u00f3n colectiva frente a los desaf\u00edos de la desertificaci\u00f3n, la degradaci\u00f3n del suelo y la\" \/>\n\t\t<meta property=\"og:url\" content=\"https:\/\/cauceecologico.org\/?p=5479\" \/>\n\t\t<meta property=\"article:published_time\" content=\"2025-05-28T15:33:13+00:00\" \/>\n\t\t<meta property=\"article:modified_time\" content=\"2025-05-28T15:33:13+00:00\" \/>\n\t\t<meta name=\"twitter:card\" content=\"summary_large_image\" \/>\n\t\t<meta name=\"twitter:title\" content=\"Taller online sobre desertificaci\u00f3n y sequ\u00eda en Argentina - CAUCE\" \/>\n\t\t<meta name=\"twitter:description\" content=\"El pr\u00f3ximo lunes 9 de junio se realizar\u00e1 el taller online Argentina frente a la desertificaci\u00f3n y la sequ\u00eda: \u00bfd\u00f3nde estamos y hacia d\u00f3nde vamos?, en el marco del proceso preparatorio hacia D\u00e9sertif\u2019actions 2026, una iniciativa internacional orientada a la acci\u00f3n colectiva frente a los desaf\u00edos de la desertificaci\u00f3n, la degradaci\u00f3n del suelo y la\" \/>\n\t\t<script type=\"application\/ld+json\" class=\"aioseo-schema\">\n\t\t\t{\"@context\":\"https:\\\/\\\/schema.org\",\"@graph\":[{\"@type\":\"BlogPosting\",\"@id\":\"https:\\\/\\\/cauceecologico.org\\\/?p=5479#blogposting\",\"name\":\"Taller online sobre desertificaci\\u00f3n y sequ\\u00eda en Argentina - CAUCE\",\"headline\":\"Taller online sobre desertificaci\\u00f3n y sequ\\u00eda en Argentina\",\"author\":{\"@id\":\"https:\\\/\\\/cauceecologico.org\\\/?author=2#author\"},\"publisher\":{\"@id\":\"https:\\\/\\\/cauceecologico.org\\\/#organization\"},\"image\":{\"@type\":\"ImageObject\",\"url\":\"https:\\\/\\\/cauceecologico.org\\\/wp-content\\\/uploads\\\/2025\\\/05\\\/Destacados-web-2.png\",\"width\":1482,\"height\":834},\"datePublished\":\"2025-05-28T15:33:13+00:00\",\"dateModified\":\"2025-05-28T15:33:13+00:00\",\"inLanguage\":\"es-ES\",\"mainEntityOfPage\":{\"@id\":\"https:\\\/\\\/cauceecologico.org\\\/?p=5479#webpage\"},\"isPartOf\":{\"@id\":\"https:\\\/\\\/cauceecologico.org\\\/?p=5479#webpage\"},\"articleSection\":\"Agroecolog\\u00eda, Noticias\"},{\"@type\":\"BreadcrumbList\",\"@id\":\"https:\\\/\\\/cauceecologico.org\\\/?p=5479#breadcrumblist\",\"itemListElement\":[{\"@type\":\"ListItem\",\"@id\":\"https:\\\/\\\/cauceecologico.org#listItem\",\"position\":1,\"name\":\"Home\",\"item\":\"https:\\\/\\\/cauceecologico.org\",\"nextItem\":{\"@type\":\"ListItem\",\"@id\":\"https:\\\/\\\/cauceecologico.org\\\/?cat=5#listItem\",\"name\":\"Noticias\"}},{\"@type\":\"ListItem\",\"@id\":\"https:\\\/\\\/cauceecologico.org\\\/?cat=5#listItem\",\"position\":2,\"name\":\"Noticias\",\"item\":\"https:\\\/\\\/cauceecologico.org\\\/?cat=5\",\"nextItem\":{\"@type\":\"ListItem\",\"@id\":\"https:\\\/\\\/cauceecologico.org\\\/?p=5479#listItem\",\"name\":\"Taller online sobre desertificaci\\u00f3n y sequ\\u00eda en Argentina\"},\"previousItem\":{\"@type\":\"ListItem\",\"@id\":\"https:\\\/\\\/cauceecologico.org#listItem\",\"name\":\"Home\"}},{\"@type\":\"ListItem\",\"@id\":\"https:\\\/\\\/cauceecologico.org\\\/?p=5479#listItem\",\"position\":3,\"name\":\"Taller online sobre desertificaci\\u00f3n y sequ\\u00eda en Argentina\",\"previousItem\":{\"@type\":\"ListItem\",\"@id\":\"https:\\\/\\\/cauceecologico.org\\\/?cat=5#listItem\",\"name\":\"Noticias\"}}]},{\"@type\":\"Organization\",\"@id\":\"https:\\\/\\\/cauceecologico.org\\\/#organization\",\"name\":\"CAUCE\",\"description\":\"Cultura Ambiental - Causa Ecologista\",\"url\":\"https:\\\/\\\/cauceecologico.org\\\/\"},{\"@type\":\"Person\",\"@id\":\"https:\\\/\\\/cauceecologico.org\\\/?author=2#author\",\"url\":\"https:\\\/\\\/cauceecologico.org\\\/?author=2\",\"name\":\"Ana Lucia Vergara\",\"image\":{\"@type\":\"ImageObject\",\"@id\":\"https:\\\/\\\/cauceecologico.org\\\/?p=5479#authorImage\",\"url\":\"https:\\\/\\\/secure.gravatar.com\\\/avatar\\\/e8720df08f5c466573fb9f3d6cec14bcac9a305e2049123e58e6bc9c03f3a77b?s=96&d=mm&r=g\",\"width\":96,\"height\":96,\"caption\":\"Ana Lucia Vergara\"}},{\"@type\":\"WebPage\",\"@id\":\"https:\\\/\\\/cauceecologico.org\\\/?p=5479#webpage\",\"url\":\"https:\\\/\\\/cauceecologico.org\\\/?p=5479\",\"name\":\"Taller online sobre desertificaci\\u00f3n y sequ\\u00eda en Argentina - CAUCE\",\"description\":\"El pr\\u00f3ximo lunes 9 de junio se realizar\\u00e1 el taller online Argentina frente a la desertificaci\\u00f3n y la sequ\\u00eda: \\u00bfd\\u00f3nde estamos y hacia d\\u00f3nde vamos?, en el marco del proceso preparatorio hacia D\\u00e9sertif\\u2019actions 2026, una iniciativa internacional orientada a la acci\\u00f3n colectiva frente a los desaf\\u00edos de la desertificaci\\u00f3n, la degradaci\\u00f3n del suelo y la\",\"inLanguage\":\"es-ES\",\"isPartOf\":{\"@id\":\"https:\\\/\\\/cauceecologico.org\\\/#website\"},\"breadcrumb\":{\"@id\":\"https:\\\/\\\/cauceecologico.org\\\/?p=5479#breadcrumblist\"},\"author\":{\"@id\":\"https:\\\/\\\/cauceecologico.org\\\/?author=2#author\"},\"creator\":{\"@id\":\"https:\\\/\\\/cauceecologico.org\\\/?author=2#author\"},\"image\":{\"@type\":\"ImageObject\",\"url\":\"https:\\\/\\\/cauceecologico.org\\\/wp-content\\\/uploads\\\/2025\\\/05\\\/Destacados-web-2.png\",\"@id\":\"https:\\\/\\\/cauceecologico.org\\\/?p=5479\\\/#mainImage\",\"width\":1482,\"height\":834},\"primaryImageOfPage\":{\"@id\":\"https:\\\/\\\/cauceecologico.org\\\/?p=5479#mainImage\"},\"datePublished\":\"2025-05-28T15:33:13+00:00\",\"dateModified\":\"2025-05-28T15:33:13+00:00\"},{\"@type\":\"WebSite\",\"@id\":\"https:\\\/\\\/cauceecologico.org\\\/#website\",\"url\":\"https:\\\/\\\/cauceecologico.org\\\/\",\"name\":\"CAUCE\",\"description\":\"Cultura Ambiental - Causa Ecologista\",\"inLanguage\":\"es-ES\",\"publisher\":{\"@id\":\"https:\\\/\\\/cauceecologico.org\\\/#organization\"}}]}\n\t\t<\/script>\n\t\t<!-- All in One SEO -->\n\n","aioseo_head_json":{"title":"Taller online sobre desertificaci\u00f3n y sequ\u00eda en Argentina - CAUCE","description":"El pr\u00f3ximo lunes 9 de junio se realizar\u00e1 el taller online Argentina frente a la desertificaci\u00f3n y la sequ\u00eda: \u00bfd\u00f3nde estamos y hacia d\u00f3nde vamos?, en el marco del proceso preparatorio hacia D\u00e9sertif\u2019actions 2026, una iniciativa internacional orientada a la acci\u00f3n colectiva frente a los desaf\u00edos de la desertificaci\u00f3n, la degradaci\u00f3n del suelo y la","canonical_url":"https:\/\/cauceecologico.org\/?p=5479","robots":"max-image-preview:large","keywords":"","webmasterTools":{"miscellaneous":""},"schema":{"@context":"https:\/\/schema.org","@graph":[{"@type":"BlogPosting","@id":"https:\/\/cauceecologico.org\/?p=5479#blogposting","name":"Taller online sobre desertificaci\u00f3n y sequ\u00eda en Argentina - CAUCE","headline":"Taller online sobre desertificaci\u00f3n y sequ\u00eda en Argentina","author":{"@id":"https:\/\/cauceecologico.org\/?author=2#author"},"publisher":{"@id":"https:\/\/cauceecologico.org\/#organization"},"image":{"@type":"ImageObject","url":"https:\/\/cauceecologico.org\/wp-content\/uploads\/2025\/05\/Destacados-web-2.png","width":1482,"height":834},"datePublished":"2025-05-28T15:33:13+00:00","dateModified":"2025-05-28T15:33:13+00:00","inLanguage":"es-ES","mainEntityOfPage":{"@id":"https:\/\/cauceecologico.org\/?p=5479#webpage"},"isPartOf":{"@id":"https:\/\/cauceecologico.org\/?p=5479#webpage"},"articleSection":"Agroecolog\u00eda, Noticias"},{"@type":"BreadcrumbList","@id":"https:\/\/cauceecologico.org\/?p=5479#breadcrumblist","itemListElement":[{"@type":"ListItem","@id":"https:\/\/cauceecologico.org#listItem","position":1,"name":"Home","item":"https:\/\/cauceecologico.org","nextItem":{"@type":"ListItem","@id":"https:\/\/cauceecologico.org\/?cat=5#listItem","name":"Noticias"}},{"@type":"ListItem","@id":"https:\/\/cauceecologico.org\/?cat=5#listItem","position":2,"name":"Noticias","item":"https:\/\/cauceecologico.org\/?cat=5","nextItem":{"@type":"ListItem","@id":"https:\/\/cauceecologico.org\/?p=5479#listItem","name":"Taller online sobre desertificaci\u00f3n y sequ\u00eda en Argentina"},"previousItem":{"@type":"ListItem","@id":"https:\/\/cauceecologico.org#listItem","name":"Home"}},{"@type":"ListItem","@id":"https:\/\/cauceecologico.org\/?p=5479#listItem","position":3,"name":"Taller online sobre desertificaci\u00f3n y sequ\u00eda en Argentina","previousItem":{"@type":"ListItem","@id":"https:\/\/cauceecologico.org\/?cat=5#listItem","name":"Noticias"}}]},{"@type":"Organization","@id":"https:\/\/cauceecologico.org\/#organization","name":"CAUCE","description":"Cultura Ambiental - Causa Ecologista","url":"https:\/\/cauceecologico.org\/"},{"@type":"Person","@id":"https:\/\/cauceecologico.org\/?author=2#author","url":"https:\/\/cauceecologico.org\/?author=2","name":"Ana Lucia Vergara","image":{"@type":"ImageObject","@id":"https:\/\/cauceecologico.org\/?p=5479#authorImage","url":"https:\/\/secure.gravatar.com\/avatar\/e8720df08f5c466573fb9f3d6cec14bcac9a305e2049123e58e6bc9c03f3a77b?s=96&d=mm&r=g","width":96,"height":96,"caption":"Ana Lucia Vergara"}},{"@type":"WebPage","@id":"https:\/\/cauceecologico.org\/?p=5479#webpage","url":"https:\/\/cauceecologico.org\/?p=5479","name":"Taller online sobre desertificaci\u00f3n y sequ\u00eda en Argentina - CAUCE","description":"El pr\u00f3ximo lunes 9 de junio se realizar\u00e1 el taller online Argentina frente a la desertificaci\u00f3n y la sequ\u00eda: \u00bfd\u00f3nde estamos y hacia d\u00f3nde vamos?, en el marco del proceso preparatorio hacia D\u00e9sertif\u2019actions 2026, una iniciativa internacional orientada a la acci\u00f3n colectiva frente a los desaf\u00edos de la desertificaci\u00f3n, la degradaci\u00f3n del suelo y la","inLanguage":"es-ES","isPartOf":{"@id":"https:\/\/cauceecologico.org\/#website"},"breadcrumb":{"@id":"https:\/\/cauceecologico.org\/?p=5479#breadcrumblist"},"author":{"@id":"https:\/\/cauceecologico.org\/?author=2#author"},"creator":{"@id":"https:\/\/cauceecologico.org\/?author=2#author"},"image":{"@type":"ImageObject","url":"https:\/\/cauceecologico.org\/wp-content\/uploads\/2025\/05\/Destacados-web-2.png","@id":"https:\/\/cauceecologico.org\/?p=5479\/#mainImage","width":1482,"height":834},"primaryImageOfPage":{"@id":"https:\/\/cauceecologico.org\/?p=5479#mainImage"},"datePublished":"2025-05-28T15:33:13+00:00","dateModified":"2025-05-28T15:33:13+00:00"},{"@type":"WebSite","@id":"https:\/\/cauceecologico.org\/#website","url":"https:\/\/cauceecologico.org\/","name":"CAUCE","description":"Cultura Ambiental - Causa Ecologista","inLanguage":"es-ES","publisher":{"@id":"https:\/\/cauceecologico.org\/#organization"}}]},"og:locale":"es_ES","og:site_name":"CAUCE - Cultura Ambiental - Causa Ecologista","og:type":"article","og:title":"Taller online sobre desertificaci\u00f3n y sequ\u00eda en Argentina - CAUCE","og:description":"El pr\u00f3ximo lunes 9 de junio se realizar\u00e1 el taller online Argentina frente a la desertificaci\u00f3n y la sequ\u00eda: \u00bfd\u00f3nde estamos y hacia d\u00f3nde vamos?, en el marco del proceso preparatorio hacia D\u00e9sertif\u2019actions 2026, una iniciativa internacional orientada a la acci\u00f3n colectiva frente a los desaf\u00edos de la desertificaci\u00f3n, la degradaci\u00f3n del suelo y la","og:url":"https:\/\/cauceecologico.org\/?p=5479","article:published_time":"2025-05-28T15:33:13+00:00","article:modified_time":"2025-05-28T15:33:13+00:00","twitter:card":"summary_large_image","twitter:title":"Taller online sobre desertificaci\u00f3n y sequ\u00eda en Argentina - CAUCE","twitter:description":"El pr\u00f3ximo lunes 9 de junio se realizar\u00e1 el taller online Argentina frente a la desertificaci\u00f3n y la sequ\u00eda: \u00bfd\u00f3nde estamos y hacia d\u00f3nde vamos?, en el marco del proceso preparatorio hacia D\u00e9sertif\u2019actions 2026, una iniciativa internacional orientada a la acci\u00f3n colectiva frente a los desaf\u00edos de la desertificaci\u00f3n, la degradaci\u00f3n del suelo y la"},"aioseo_meta_data":{"post_id":"5479","title":null,"description":null,"keywords":[],"keyphrases":{"focus":{"keyphrase":"","score":0,"analysis":{"keyphraseInTitle":{"score":0,"maxScore":9,"error":1}}},"additional":[]},"primary_term":null,"canonical_url":null,"og_title":null,"og_description":null,"og_object_type":"default","og_image_type":"default","og_image_url":null,"og_image_width":null,"og_image_height":null,"og_image_custom_url":null,"og_image_custom_fields":null,"og_video":"","og_custom_url":null,"og_article_section":null,"og_article_tags":[],"twitter_use_og":false,"twitter_card":"default","twitter_image_type":"default","twitter_image_url":null,"twitter_image_custom_url":null,"twitter_image_custom_fields":null,"twitter_title":null,"twitter_description":null,"schema":{"blockGraphs":[],"customGraphs":[],"default":{"data":{"Article":[],"Course":[],"Dataset":[],"FAQPage":[],"Movie":[],"Person":[],"Product":[],"ProductReview":[],"Car":[],"Recipe":[],"Service":[],"SoftwareApplication":[],"WebPage":[]},"graphName":"","isEnabled":true},"graphs":[]},"schema_type":"default","schema_type_options":null,"pillar_content":false,"robots_default":true,"robots_noindex":false,"robots_noarchive":false,"robots_nosnippet":false,"robots_nofollow":false,"robots_noimageindex":false,"robots_noodp":false,"robots_notranslate":false,"robots_max_snippet":"-1","robots_max_videopreview":"-1","robots_max_imagepreview":"large","priority":0,"frequency":"default","local_seo":null,"limit_modified_date":false,"created":"2025-05-28 15:33:13","updated":"2026-07-28 02:22:36","ai":null,"breadcrumb_settings":null,"seo_analyzer_scan_date":null},"aioseo_breadcrumb":"<div class=\"aioseo-breadcrumbs\"><span class=\"aioseo-breadcrumb\">\n\t\t\t<a href=\"https:\/\/cauceecologico.org\" title=\"Home\">Home<\/a>\n\t\t<\/span><span class=\"aioseo-breadcrumb-separator\">&raquo;<\/span><span class=\"aioseo-breadcrumb\">\n\t\t\t<a href=\"https:\/\/cauceecologico.org\/?cat=5\" title=\"Noticias\">Noticias<\/a>\n\t\t<\/span><span class=\"aioseo-breadcrumb-separator\">&raquo;<\/span><span class=\"aioseo-breadcrumb\">\n\t\t\tTaller online sobre desertificaci\u00f3n y sequ\u00eda en Argentina\n\t\t<\/span><\/div>","aioseo_breadcrumb_json":[{"label":"Home","link":"https:\/\/cauceecologico.org"},{"label":"Noticias","link":"https:\/\/cauceecologico.org\/?cat=5"},{"label":"Taller online sobre desertificaci\u00f3n y sequ\u00eda en Argentina","link":"https:\/\/cauceecologico.org\/?p=5479"}],"_links":{"self":[{"href":"https:\/\/cauceecologico.org\/index.php?rest_route=\/wp\/v2\/posts\/5479","targetHints":{"allow":["GET"]}}],"collection":[{"href":"https:\/\/cauceecologico.org\/index.php?rest_route=\/wp\/v2\/posts"}],"about":[{"href":"https:\/\/cauceecologico.org\/index.php?rest_route=\/wp\/v2\/types\/post"}],"author":[{"embeddable":true,"href":"https:\/\/cauceecologico.org\/index.php?rest_route=\/wp\/v2\/users\/2"}],"replies":[{"embeddable":true,"href":"https:\/\/cauceecologico.org\/index.php?rest_route=%2Fwp%2Fv2%2Fcomments&post=5479"}],"version-history":[{"count":1,"href":"https:\/\/cauceecologico.org\/index.php?rest_route=\/wp\/v2\/posts\/5479\/revisions"}],"predecessor-version":[{"id":5482,"href":"https:\/\/cauceecologico.org\/index.php?rest_route=\/wp\/v2\/posts\/5479\/revisions\/5482"}],"wp:featuredmedia":[{"embeddable":true,"href":"https:\/\/cauceecologico.org\/index.php?rest_route=\/wp\/v2\/media\/5481"}],"wp:attachment":[{"href":"https:\/\/cauceecologico.org\/index.php?rest_route=%2Fwp%2Fv2%2Fmedia&parent=5479"}],"wp:term":[{"taxonomy":"category","embeddable":true,"href":"https:\/\/cauceecologico.org\/index.php?rest_route=%2Fwp%2Fv2%2Fcategories&post=5479"},{"taxonomy":"post_tag","embeddable":true,"href":"https:\/\/cauceecologico.org\/index.php?rest_route=%2Fwp%2Fv2%2Ftags&post=5479"}],"curies":[{"name":"wp","href":"https:\/\/api.w.org\/{rel}","templated":true}]}}