{"id":5501,"date":"2025-06-20T09:16:32","date_gmt":"2025-06-20T09:16:32","guid":{"rendered":"https:\/\/cauceecologico.org\/?p=5501"},"modified":"2025-06-20T09:16:32","modified_gmt":"2025-06-20T09:16:32","slug":"jornada-virtual-hidrovia-paraguay-parana-que-esta-pasando-en-nuestros-rios","status":"publish","type":"post","link":"https:\/\/cauceecologico.org\/?p=5501","title":{"rendered":"Jornada virtual: Hidrov\u00eda Paraguay\u2013Paran\u00e1, \u00bfqu\u00e9 est\u00e1 pasando en nuestros r\u00edos?"},"content":{"rendered":"<p data-start=\"367\" data-end=\"814\">El pr\u00f3ximo mi\u00e9rcoles 25 de junio se realizar\u00e1 la jornada virtual<em> <strong data-start=\"474\" data-end=\"541\">Hidrov\u00eda Paraguay-Paran\u00e1: \u00bfQu\u00e9 est\u00e1 pasando en nuestros r\u00edos?<\/strong><\/em>, un encuentro trinacional que reunir\u00e1 a organizaciones de Argentina, Bolivia y Brasil para reflexionar sobre los impactos del proyecto de hidrov\u00eda en nuestros territorios, y compartir alternativas para la defensa de los r\u00edos, los humedales y las comunidades ribere\u00f1as.<\/p>\n<p data-start=\"816\" data-end=\"894\">La transmisi\u00f3n ser\u00e1 en vivo por el <strong><span style=\"color: #3366ff;\"><a style=\"color: #3366ff;\" href=\"https:\/\/www.youtube.com\/live\/2EIggdF16uY?feature=shared\">canal de YouTube<\/a><\/span> <\/strong>de <strong data-start=\"874\" data-end=\"893\">Fundaci\u00f3n CAUCE a las 17 h (ARG\/BR) | 16 h (BO)<\/strong><\/p>\n<p data-start=\"896\" data-end=\"1254\">Esta jornada es impulsada por la Coalici\u00f3n Humedales Sin Fronteras, y contar\u00e1 con la participaci\u00f3n de integrantes del Grupo de Investigaci\u00f3n de Infraestructuras y Conflictos Socioterritoriales (GIICSO), el Centro de Documentaci\u00f3n e Informaci\u00f3n Bolivia (CEDIB), Fundaci\u00f3n CAUCE e Instituto GAIA, con la moderaci\u00f3n de Taller Ecologista.<\/p>\n\n\t\t<style type=\"text\/css\">\n\t\t\t#gallery-1 {\n\t\t\t\tmargin: auto;\n\t\t\t}\n\t\t\t#gallery-1 .gallery-item {\n\t\t\t\tfloat: left;\n\t\t\t\tmargin-top: 10px;\n\t\t\t\ttext-align: center;\n\t\t\t\twidth: 50%;\n\t\t\t}\n\t\t\t#gallery-1 img {\n\t\t\t\tborder: 2px solid #cfcfcf;\n\t\t\t}\n\t\t\t#gallery-1 .gallery-caption {\n\t\t\t\tmargin-left: 0;\n\t\t\t}\n\t\t\t\/* see gallery_shortcode() in wp-includes\/media.php *\/\n\t\t<\/style>\n\t\t<div id='gallery-1' class='gallery galleryid-5501 gallery-columns-2 gallery-size-large'><dl class='gallery-item'>\n\t\t\t<dt class='gallery-icon portrait'>\n\t\t\t\t<a href='https:\/\/cauceecologico.org\/?attachment_id=5503'><img loading=\"lazy\" decoding=\"async\" width=\"740\" height=\"925\" src=\"https:\/\/cauceecologico.org\/wp-content\/uploads\/2025\/06\/1-5-1-819x1024.png\" class=\"attachment-large size-large\" alt=\"\" srcset=\"https:\/\/cauceecologico.org\/wp-content\/uploads\/2025\/06\/1-5-1-819x1024.png 819w, https:\/\/cauceecologico.org\/wp-content\/uploads\/2025\/06\/1-5-1-240x300.png 240w, https:\/\/cauceecologico.org\/wp-content\/uploads\/2025\/06\/1-5-1-768x960.png 768w, https:\/\/cauceecologico.org\/wp-content\/uploads\/2025\/06\/1-5-1.png 1080w\" sizes=\"auto, (max-width: 740px) 100vw, 740px\" \/><\/a>\n\t\t\t<\/dt><\/dl><dl class='gallery-item'>\n\t\t\t<dt class='gallery-icon portrait'>\n\t\t\t\t<a href='https:\/\/cauceecologico.org\/?attachment_id=5502'><img loading=\"lazy\" decoding=\"async\" width=\"740\" height=\"925\" src=\"https:\/\/cauceecologico.org\/wp-content\/uploads\/2025\/06\/2-4-819x1024.png\" class=\"attachment-large size-large\" alt=\"\" srcset=\"https:\/\/cauceecologico.org\/wp-content\/uploads\/2025\/06\/2-4-819x1024.png 819w, https:\/\/cauceecologico.org\/wp-content\/uploads\/2025\/06\/2-4-240x300.png 240w, https:\/\/cauceecologico.org\/wp-content\/uploads\/2025\/06\/2-4-768x960.png 768w, https:\/\/cauceecologico.org\/wp-content\/uploads\/2025\/06\/2-4.png 1080w\" sizes=\"auto, (max-width: 740px) 100vw, 740px\" \/><\/a>\n\t\t\t<\/dt><\/dl><br style=\"clear: both\" \/>\n\t\t<\/div>\n\n<h3 data-start=\"1544\" data-end=\"1591\">Una agenda construida desde los territorios<\/h3>\n<p data-start=\"1593\" data-end=\"1892\">Esta jornada virtual se inscribe en un proceso colectivo de articulaci\u00f3n e incidencia que organizaciones, asambleas y colectivos vienen desarrollando desde distintos puntos de la Cuenca del Plata, ante el avance del modelo de transporte fluvial extractivista que propone la Hidrov\u00eda Paraguay\u2013Paran\u00e1.<\/p>\n<p data-start=\"1894\" data-end=\"1973\">En Argentina, se realizaron <strong data-start=\"1934\" data-end=\"1972\">tres encuentros presenciales clave<\/strong>:<\/p>\n<p data-start=\"1975\" data-end=\"2230\">&#x1f4cd; <strong data-start=\"1978\" data-end=\"2006\">Rosario\u00a0<\/strong><br data-start=\"2006\" data-end=\"2009\" \/>Organizado por Taller Ecologista y Fundaci\u00f3n CAUCE, fue una instancia para analizar el estado actual del proyecto, compartir estudios y discutir alternativas al modelo de transporte centrado en el comercio de commodities.<\/p>\n<p data-start=\"2232\" data-end=\"2532\">&#x1f4cd; <strong data-start=\"2235\" data-end=\"2263\">Paran\u00e1\u00a0<\/strong><br data-start=\"2263\" data-end=\"2266\" \/>Con participaci\u00f3n de asambleas y organizaciones territoriales, se abordaron problem\u00e1ticas vinculadas al dragado, la expansi\u00f3n portuaria, el impacto en las barrancas y la falta de informaci\u00f3n p\u00fablica y participaci\u00f3n ciudadana en los procesos vinculados a la hidrov\u00eda.<\/p>\n<p data-start=\"2534\" data-end=\"3181\">&#x1f4cd; <strong data-start=\"2537\" data-end=\"2562\">Victoria<\/strong><br data-start=\"2562\" data-end=\"2565\" \/>Las <strong data-start=\"2569\" data-end=\"2633\">III Jornadas de Actualidad sobre la Hidrov\u00eda Paraguay\u2013Paran\u00e1<\/strong> reunieron a m\u00e1s de 40 personas entre activistas, docentes, funcionariado y habitantes afectados por el dragado. El encuentro fue coordinado por Fundaci\u00f3n CAUCE, Taller Ecologista y organizaciones que integran la <strong data-start=\"2846\" data-end=\"2881\">Reserva de Usos M\u00faltiples (RUM)<\/strong> de Victoria. Se debati\u00f3 sobre el impacto del dragado en la toma de agua, la desconexi\u00f3n de arroyos interiores, la propagaci\u00f3n de incendios en los humedales, y el riesgo que representa el acuerdo entre el gobierno argentino y el Cuerpo de Ingenieros del Ej\u00e9rcito de EE.UU. para el futuro de los r\u00edos.<\/p>\n<p data-start=\"3183\" data-end=\"3249\">En palabras de <strong data-start=\"3198\" data-end=\"3215\">Joel de Souza<\/strong>, integrante de Fundaci\u00f3n CAUCE:<\/p>\n<blockquote data-start=\"3250\" data-end=\"3525\">\n<p data-start=\"3252\" data-end=\"3525\">\u201cEste es un megaproyecto que lleva casi 30 a\u00f1os sin estudios continuos e independientes. El privado que realiza las obras se ha controlado a s\u00ed mismo durante d\u00e9cadas. Necesitamos conocer qu\u00e9 est\u00e1 pasando realmente en los territorios y articularnos para defender el Paran\u00e1\u201d.<\/p>\n<\/blockquote>\n<h3 data-start=\"3527\" data-end=\"3562\">Un llamado a la acci\u00f3n regional<\/h3>\n<p data-start=\"3564\" data-end=\"3925\">Desde una perspectiva trinacional, el encuentro del 25 de junio busca fortalecer los lazos entre organizaciones de <strong data-start=\"3679\" data-end=\"3710\">Argentina, Bolivia y Brasil<\/strong>, visibilizar lo que ocurre en distintos tramos de la cuenca y construir estrategias conjuntas ante un modelo de infraestructura que pone en riesgo la salud de los ecosistemas fluviales y la vida de las comunidades.<\/p>\n<p data-start=\"3927\" data-end=\"4023\">Te esperamos para ser parte de esta jornada de an\u00e1lisis colectivo y defensa de nuestros r\u00edos.<\/p>\n<p data-start=\"3927\" data-end=\"4023\">Activ\u00e1 el recordatorio <span class=\"x19la9d6 x1fc57z9 x6ikm8r x10wlt62 x19co3pv x1g5zs5t xfibh0p xiy17q3 x1xsqp64 x1lkfr7t xexx8yu xyri2b x18d9i69 x1c1uobl\"><span class=\"xrtxmta x1bhl96m\">&#x1f447;<\/span><\/span><\/p>\n<p data-start=\"3927\" data-end=\"4023\"><iframe loading=\"lazy\" title=\"YouTube video player\" src=\"https:\/\/www.youtube.com\/embed\/2EIggdF16uY?si=K1SVgi9_PlmGY-Xj\" width=\"560\" height=\"315\" frameborder=\"0\" allowfullscreen=\"allowfullscreen\"><\/iframe><\/p>\n<p data-start=\"4025\" data-end=\"4138\">\n<p><strong>Material relacionado:<\/strong><\/p>\n<p><span style=\"color: #3366ff;\"><a style=\"color: #3366ff;\" href=\"https:\/\/cauceecologico.org\/?p=4607\"><span class=\"x19la9d6 x1fc57z9 x6ikm8r x10wlt62 x19co3pv x1g5zs5t xfibh0p xiy17q3 x1xsqp64 x1lkfr7t xexx8yu x4uap5 x18d9i69 xkhd6sd\"><span class=\"xrtxmta x1bhl96m\"><img decoding=\"async\" class=\"emoji\" role=\"img\" draggable=\"false\" src=\"https:\/\/s.w.org\/images\/core\/emoji\/15.0.3\/svg\/1f517.svg\" alt=\"&#x1f517;\" \/>\u00a0<\/span><\/span><strong>II Jornadas sobre la actualidad de la Hidrov\u00eda Paraguay-Paran\u00e1<\/strong><\/a><\/span><\/p>\n<p><span style=\"color: #3366ff;\"><strong><a style=\"color: #3366ff;\" href=\"https:\/\/cauceecologico.org\/wp-content\/uploads\/2020\/07\/CauceHPP-2.pdf\" target=\"_blank\" rel=\"noopener\"><img decoding=\"async\" class=\"emoji\" role=\"img\" draggable=\"false\" src=\"https:\/\/s.w.org\/images\/core\/emoji\/14.0.0\/svg\/1f517.svg\" alt=\"&#x1f517;\" \/><\/a>\u00a0<a style=\"color: #3366ff;\" href=\"https:\/\/cauceecologico.org\/?p=4389\">Posiciones e intereses de actores p\u00fablicos y privados sobre la Hidrov\u00eda<\/a><\/strong><\/span><\/p>\n<p><span style=\"color: #3366ff;\"><strong><a style=\"color: #3366ff;\" href=\"https:\/\/cauceecologico.org\/wp-content\/uploads\/2020\/07\/CauceHPP-2.pdf\" target=\"_blank\" rel=\"noopener\"><img decoding=\"async\" class=\"emoji\" role=\"img\" draggable=\"false\" src=\"https:\/\/s.w.org\/images\/core\/emoji\/14.0.0\/svg\/1f517.svg\" alt=\"&#x1f517;\" \/><\/a>\u00a0<a style=\"color: #3366ff;\" href=\"https:\/\/cauceecologico.org\/?p=4028\">Nuevos materiales sobre Hidrov\u00eda Paraguay \u2013 Paran\u00e1<\/a><\/strong><\/span><\/p>\n<p><span style=\"color: #3366ff;\"><strong><a style=\"color: #3366ff;\" href=\"https:\/\/cauceecologico.org\/wp-content\/uploads\/2020\/07\/CauceHPP-2.pdf\" target=\"_blank\" rel=\"noopener\"><img decoding=\"async\" class=\"emoji\" role=\"img\" draggable=\"false\" src=\"https:\/\/s.w.org\/images\/core\/emoji\/14.0.0\/svg\/1f517.svg\" alt=\"&#x1f517;\" \/><\/a><a style=\"color: #3366ff;\" href=\"https:\/\/cauceecologico.org\/?p=3480\">\u00a1Alerta Hidrov\u00eda! Campa\u00f1a y materiales sobre sus impactos en nuestros r\u00edos y territorios\u00a0<\/a><\/strong><\/span><\/p>\n","protected":false},"excerpt":{"rendered":"<p>El pr\u00f3ximo mi\u00e9rcoles 25 de junio se realizar\u00e1 la jornada virtual Hidrov\u00eda Paraguay-Paran\u00e1: \u00bfQu\u00e9 est\u00e1 pasando en nuestros r\u00edos?, un encuentro trinacional que reunir\u00e1 a organizaciones de Argentina, Bolivia y Brasil para reflexionar sobre los impactos del proyecto de hidrov\u00eda en nuestros territorios, y compartir alternativas para la defensa de los r\u00edos, los humedales y [&hellip;]<\/p>\n","protected":false},"author":2,"featured_media":5504,"comment_status":"open","ping_status":"open","sticky":false,"template":"","format":"standard","meta":{"om_disable_all_campaigns":false,"_monsterinsights_skip_tracking":false,"amp_status":"","footnotes":""},"categories":[275,5,112],"tags":[],"class_list":["post-5501","post","type-post","status-publish","format-standard","has-post-thumbnail","hentry","category-hidrovia-parana-paraguay-hpp","category-noticias","category-rios-libres"],"aioseo_notices":[],"aioseo_head":"\n\t\t<!-- All in One SEO 4.9.10 - aioseo.com -->\n\t<meta name=\"description\" content=\"El pr\u00f3ximo mi\u00e9rcoles 25 de junio se realizar\u00e1 la jornada virtual Hidrov\u00eda Paraguay-Paran\u00e1: \u00bfQu\u00e9 est\u00e1 pasando en nuestros r\u00edos?, un encuentro trinacional que reunir\u00e1 a organizaciones de Argentina, Bolivia y Brasil para reflexionar sobre los impactos del proyecto de hidrov\u00eda en nuestros territorios, y compartir alternativas para la defensa de los r\u00edos, los humedales y\" \/>\n\t<meta name=\"robots\" content=\"max-image-preview:large\" \/>\n\t<meta name=\"author\" content=\"Ana Lucia Vergara\"\/>\n\t<link rel=\"canonical\" href=\"https:\/\/cauceecologico.org\/?p=5501\" \/>\n\t<meta name=\"generator\" content=\"All in One SEO (AIOSEO) 4.9.10\" \/>\n\t\t<meta property=\"og:locale\" content=\"es_ES\" \/>\n\t\t<meta property=\"og:site_name\" content=\"CAUCE - Cultura Ambiental - Causa Ecologista\" \/>\n\t\t<meta property=\"og:type\" content=\"article\" \/>\n\t\t<meta property=\"og:title\" content=\"Jornada virtual: Hidrov\u00eda Paraguay\u2013Paran\u00e1, \u00bfqu\u00e9 est\u00e1 pasando en nuestros r\u00edos? - CAUCE\" \/>\n\t\t<meta property=\"og:description\" content=\"El pr\u00f3ximo mi\u00e9rcoles 25 de junio se realizar\u00e1 la jornada virtual Hidrov\u00eda Paraguay-Paran\u00e1: \u00bfQu\u00e9 est\u00e1 pasando en nuestros r\u00edos?, un encuentro trinacional que reunir\u00e1 a organizaciones de Argentina, Bolivia y Brasil para reflexionar sobre los impactos del proyecto de hidrov\u00eda en nuestros territorios, y compartir alternativas para la defensa de los r\u00edos, los humedales y\" \/>\n\t\t<meta property=\"og:url\" content=\"https:\/\/cauceecologico.org\/?p=5501\" \/>\n\t\t<meta property=\"article:published_time\" content=\"2025-06-20T09:16:32+00:00\" \/>\n\t\t<meta property=\"article:modified_time\" content=\"2025-06-20T09:16:32+00:00\" \/>\n\t\t<meta name=\"twitter:card\" content=\"summary_large_image\" \/>\n\t\t<meta name=\"twitter:title\" content=\"Jornada virtual: Hidrov\u00eda Paraguay\u2013Paran\u00e1, \u00bfqu\u00e9 est\u00e1 pasando en nuestros r\u00edos? - CAUCE\" \/>\n\t\t<meta name=\"twitter:description\" content=\"El pr\u00f3ximo mi\u00e9rcoles 25 de junio se realizar\u00e1 la jornada virtual Hidrov\u00eda Paraguay-Paran\u00e1: \u00bfQu\u00e9 est\u00e1 pasando en nuestros r\u00edos?, un encuentro trinacional que reunir\u00e1 a organizaciones de Argentina, Bolivia y Brasil para reflexionar sobre los impactos del proyecto de hidrov\u00eda en nuestros territorios, y compartir alternativas para la defensa de los r\u00edos, los humedales y\" \/>\n\t\t<script type=\"application\/ld+json\" class=\"aioseo-schema\">\n\t\t\t{\"@context\":\"https:\\\/\\\/schema.org\",\"@graph\":[{\"@type\":\"BlogPosting\",\"@id\":\"https:\\\/\\\/cauceecologico.org\\\/?p=5501#blogposting\",\"name\":\"Jornada virtual: Hidrov\\u00eda Paraguay\\u2013Paran\\u00e1, \\u00bfqu\\u00e9 est\\u00e1 pasando en nuestros r\\u00edos? - CAUCE\",\"headline\":\"Jornada virtual: Hidrov\\u00eda Paraguay\\u2013Paran\\u00e1, \\u00bfqu\\u00e9 est\\u00e1 pasando en nuestros r\\u00edos?\",\"author\":{\"@id\":\"https:\\\/\\\/cauceecologico.org\\\/?author=2#author\"},\"publisher\":{\"@id\":\"https:\\\/\\\/cauceecologico.org\\\/#organization\"},\"image\":{\"@type\":\"ImageObject\",\"url\":\"https:\\\/\\\/cauceecologico.org\\\/wp-content\\\/uploads\\\/2025\\\/06\\\/Destacados-web.jpg\",\"width\":1482,\"height\":834},\"datePublished\":\"2025-06-20T09:16:32+00:00\",\"dateModified\":\"2025-06-20T09:16:32+00:00\",\"inLanguage\":\"es-ES\",\"mainEntityOfPage\":{\"@id\":\"https:\\\/\\\/cauceecologico.org\\\/?p=5501#webpage\"},\"isPartOf\":{\"@id\":\"https:\\\/\\\/cauceecologico.org\\\/?p=5501#webpage\"},\"articleSection\":\"Hidrov\\u00eda Paran\\u00e1-Paraguay (HPP), Noticias, R\\u00edos libres\"},{\"@type\":\"BreadcrumbList\",\"@id\":\"https:\\\/\\\/cauceecologico.org\\\/?p=5501#breadcrumblist\",\"itemListElement\":[{\"@type\":\"ListItem\",\"@id\":\"https:\\\/\\\/cauceecologico.org#listItem\",\"position\":1,\"name\":\"Home\",\"item\":\"https:\\\/\\\/cauceecologico.org\",\"nextItem\":{\"@type\":\"ListItem\",\"@id\":\"https:\\\/\\\/cauceecologico.org\\\/?cat=5#listItem\",\"name\":\"Noticias\"}},{\"@type\":\"ListItem\",\"@id\":\"https:\\\/\\\/cauceecologico.org\\\/?cat=5#listItem\",\"position\":2,\"name\":\"Noticias\",\"item\":\"https:\\\/\\\/cauceecologico.org\\\/?cat=5\",\"nextItem\":{\"@type\":\"ListItem\",\"@id\":\"https:\\\/\\\/cauceecologico.org\\\/?p=5501#listItem\",\"name\":\"Jornada virtual: Hidrov\\u00eda Paraguay\\u2013Paran\\u00e1, \\u00bfqu\\u00e9 est\\u00e1 pasando en nuestros r\\u00edos?\"},\"previousItem\":{\"@type\":\"ListItem\",\"@id\":\"https:\\\/\\\/cauceecologico.org#listItem\",\"name\":\"Home\"}},{\"@type\":\"ListItem\",\"@id\":\"https:\\\/\\\/cauceecologico.org\\\/?p=5501#listItem\",\"position\":3,\"name\":\"Jornada virtual: Hidrov\\u00eda Paraguay\\u2013Paran\\u00e1, \\u00bfqu\\u00e9 est\\u00e1 pasando en nuestros r\\u00edos?\",\"previousItem\":{\"@type\":\"ListItem\",\"@id\":\"https:\\\/\\\/cauceecologico.org\\\/?cat=5#listItem\",\"name\":\"Noticias\"}}]},{\"@type\":\"Organization\",\"@id\":\"https:\\\/\\\/cauceecologico.org\\\/#organization\",\"name\":\"CAUCE\",\"description\":\"Cultura Ambiental - Causa Ecologista\",\"url\":\"https:\\\/\\\/cauceecologico.org\\\/\"},{\"@type\":\"Person\",\"@id\":\"https:\\\/\\\/cauceecologico.org\\\/?author=2#author\",\"url\":\"https:\\\/\\\/cauceecologico.org\\\/?author=2\",\"name\":\"Ana Lucia Vergara\",\"image\":{\"@type\":\"ImageObject\",\"@id\":\"https:\\\/\\\/cauceecologico.org\\\/?p=5501#authorImage\",\"url\":\"https:\\\/\\\/secure.gravatar.com\\\/avatar\\\/e8720df08f5c466573fb9f3d6cec14bcac9a305e2049123e58e6bc9c03f3a77b?s=96&d=mm&r=g\",\"width\":96,\"height\":96,\"caption\":\"Ana Lucia Vergara\"}},{\"@type\":\"WebPage\",\"@id\":\"https:\\\/\\\/cauceecologico.org\\\/?p=5501#webpage\",\"url\":\"https:\\\/\\\/cauceecologico.org\\\/?p=5501\",\"name\":\"Jornada virtual: Hidrov\\u00eda Paraguay\\u2013Paran\\u00e1, \\u00bfqu\\u00e9 est\\u00e1 pasando en nuestros r\\u00edos? - CAUCE\",\"description\":\"El pr\\u00f3ximo mi\\u00e9rcoles 25 de junio se realizar\\u00e1 la jornada virtual Hidrov\\u00eda Paraguay-Paran\\u00e1: \\u00bfQu\\u00e9 est\\u00e1 pasando en nuestros r\\u00edos?, un encuentro trinacional que reunir\\u00e1 a organizaciones de Argentina, Bolivia y Brasil para reflexionar sobre los impactos del proyecto de hidrov\\u00eda en nuestros territorios, y compartir alternativas para la defensa de los r\\u00edos, los humedales y\",\"inLanguage\":\"es-ES\",\"isPartOf\":{\"@id\":\"https:\\\/\\\/cauceecologico.org\\\/#website\"},\"breadcrumb\":{\"@id\":\"https:\\\/\\\/cauceecologico.org\\\/?p=5501#breadcrumblist\"},\"author\":{\"@id\":\"https:\\\/\\\/cauceecologico.org\\\/?author=2#author\"},\"creator\":{\"@id\":\"https:\\\/\\\/cauceecologico.org\\\/?author=2#author\"},\"image\":{\"@type\":\"ImageObject\",\"url\":\"https:\\\/\\\/cauceecologico.org\\\/wp-content\\\/uploads\\\/2025\\\/06\\\/Destacados-web.jpg\",\"@id\":\"https:\\\/\\\/cauceecologico.org\\\/?p=5501\\\/#mainImage\",\"width\":1482,\"height\":834},\"primaryImageOfPage\":{\"@id\":\"https:\\\/\\\/cauceecologico.org\\\/?p=5501#mainImage\"},\"datePublished\":\"2025-06-20T09:16:32+00:00\",\"dateModified\":\"2025-06-20T09:16:32+00:00\"},{\"@type\":\"WebSite\",\"@id\":\"https:\\\/\\\/cauceecologico.org\\\/#website\",\"url\":\"https:\\\/\\\/cauceecologico.org\\\/\",\"name\":\"CAUCE\",\"description\":\"Cultura Ambiental - Causa Ecologista\",\"inLanguage\":\"es-ES\",\"publisher\":{\"@id\":\"https:\\\/\\\/cauceecologico.org\\\/#organization\"}}]}\n\t\t<\/script>\n\t\t<!-- All in One SEO -->\n\n","aioseo_head_json":{"title":"Jornada virtual: Hidrov\u00eda Paraguay\u2013Paran\u00e1, \u00bfqu\u00e9 est\u00e1 pasando en nuestros r\u00edos? - CAUCE","description":"El pr\u00f3ximo mi\u00e9rcoles 25 de junio se realizar\u00e1 la jornada virtual Hidrov\u00eda Paraguay-Paran\u00e1: \u00bfQu\u00e9 est\u00e1 pasando en nuestros r\u00edos?, un encuentro trinacional que reunir\u00e1 a organizaciones de Argentina, Bolivia y Brasil para reflexionar sobre los impactos del proyecto de hidrov\u00eda en nuestros territorios, y compartir alternativas para la defensa de los r\u00edos, los humedales y","canonical_url":"https:\/\/cauceecologico.org\/?p=5501","robots":"max-image-preview:large","keywords":"","webmasterTools":{"miscellaneous":""},"schema":{"@context":"https:\/\/schema.org","@graph":[{"@type":"BlogPosting","@id":"https:\/\/cauceecologico.org\/?p=5501#blogposting","name":"Jornada virtual: Hidrov\u00eda Paraguay\u2013Paran\u00e1, \u00bfqu\u00e9 est\u00e1 pasando en nuestros r\u00edos? - CAUCE","headline":"Jornada virtual: Hidrov\u00eda Paraguay\u2013Paran\u00e1, \u00bfqu\u00e9 est\u00e1 pasando en nuestros r\u00edos?","author":{"@id":"https:\/\/cauceecologico.org\/?author=2#author"},"publisher":{"@id":"https:\/\/cauceecologico.org\/#organization"},"image":{"@type":"ImageObject","url":"https:\/\/cauceecologico.org\/wp-content\/uploads\/2025\/06\/Destacados-web.jpg","width":1482,"height":834},"datePublished":"2025-06-20T09:16:32+00:00","dateModified":"2025-06-20T09:16:32+00:00","inLanguage":"es-ES","mainEntityOfPage":{"@id":"https:\/\/cauceecologico.org\/?p=5501#webpage"},"isPartOf":{"@id":"https:\/\/cauceecologico.org\/?p=5501#webpage"},"articleSection":"Hidrov\u00eda Paran\u00e1-Paraguay (HPP), Noticias, R\u00edos libres"},{"@type":"BreadcrumbList","@id":"https:\/\/cauceecologico.org\/?p=5501#breadcrumblist","itemListElement":[{"@type":"ListItem","@id":"https:\/\/cauceecologico.org#listItem","position":1,"name":"Home","item":"https:\/\/cauceecologico.org","nextItem":{"@type":"ListItem","@id":"https:\/\/cauceecologico.org\/?cat=5#listItem","name":"Noticias"}},{"@type":"ListItem","@id":"https:\/\/cauceecologico.org\/?cat=5#listItem","position":2,"name":"Noticias","item":"https:\/\/cauceecologico.org\/?cat=5","nextItem":{"@type":"ListItem","@id":"https:\/\/cauceecologico.org\/?p=5501#listItem","name":"Jornada virtual: Hidrov\u00eda Paraguay\u2013Paran\u00e1, \u00bfqu\u00e9 est\u00e1 pasando en nuestros r\u00edos?"},"previousItem":{"@type":"ListItem","@id":"https:\/\/cauceecologico.org#listItem","name":"Home"}},{"@type":"ListItem","@id":"https:\/\/cauceecologico.org\/?p=5501#listItem","position":3,"name":"Jornada virtual: Hidrov\u00eda Paraguay\u2013Paran\u00e1, \u00bfqu\u00e9 est\u00e1 pasando en nuestros r\u00edos?","previousItem":{"@type":"ListItem","@id":"https:\/\/cauceecologico.org\/?cat=5#listItem","name":"Noticias"}}]},{"@type":"Organization","@id":"https:\/\/cauceecologico.org\/#organization","name":"CAUCE","description":"Cultura Ambiental - Causa Ecologista","url":"https:\/\/cauceecologico.org\/"},{"@type":"Person","@id":"https:\/\/cauceecologico.org\/?author=2#author","url":"https:\/\/cauceecologico.org\/?author=2","name":"Ana Lucia Vergara","image":{"@type":"ImageObject","@id":"https:\/\/cauceecologico.org\/?p=5501#authorImage","url":"https:\/\/secure.gravatar.com\/avatar\/e8720df08f5c466573fb9f3d6cec14bcac9a305e2049123e58e6bc9c03f3a77b?s=96&d=mm&r=g","width":96,"height":96,"caption":"Ana Lucia Vergara"}},{"@type":"WebPage","@id":"https:\/\/cauceecologico.org\/?p=5501#webpage","url":"https:\/\/cauceecologico.org\/?p=5501","name":"Jornada virtual: Hidrov\u00eda Paraguay\u2013Paran\u00e1, \u00bfqu\u00e9 est\u00e1 pasando en nuestros r\u00edos? - CAUCE","description":"El pr\u00f3ximo mi\u00e9rcoles 25 de junio se realizar\u00e1 la jornada virtual Hidrov\u00eda Paraguay-Paran\u00e1: \u00bfQu\u00e9 est\u00e1 pasando en nuestros r\u00edos?, un encuentro trinacional que reunir\u00e1 a organizaciones de Argentina, Bolivia y Brasil para reflexionar sobre los impactos del proyecto de hidrov\u00eda en nuestros territorios, y compartir alternativas para la defensa de los r\u00edos, los humedales y","inLanguage":"es-ES","isPartOf":{"@id":"https:\/\/cauceecologico.org\/#website"},"breadcrumb":{"@id":"https:\/\/cauceecologico.org\/?p=5501#breadcrumblist"},"author":{"@id":"https:\/\/cauceecologico.org\/?author=2#author"},"creator":{"@id":"https:\/\/cauceecologico.org\/?author=2#author"},"image":{"@type":"ImageObject","url":"https:\/\/cauceecologico.org\/wp-content\/uploads\/2025\/06\/Destacados-web.jpg","@id":"https:\/\/cauceecologico.org\/?p=5501\/#mainImage","width":1482,"height":834},"primaryImageOfPage":{"@id":"https:\/\/cauceecologico.org\/?p=5501#mainImage"},"datePublished":"2025-06-20T09:16:32+00:00","dateModified":"2025-06-20T09:16:32+00:00"},{"@type":"WebSite","@id":"https:\/\/cauceecologico.org\/#website","url":"https:\/\/cauceecologico.org\/","name":"CAUCE","description":"Cultura Ambiental - Causa Ecologista","inLanguage":"es-ES","publisher":{"@id":"https:\/\/cauceecologico.org\/#organization"}}]},"og:locale":"es_ES","og:site_name":"CAUCE - Cultura Ambiental - Causa Ecologista","og:type":"article","og:title":"Jornada virtual: Hidrov\u00eda Paraguay\u2013Paran\u00e1, \u00bfqu\u00e9 est\u00e1 pasando en nuestros r\u00edos? - CAUCE","og:description":"El pr\u00f3ximo mi\u00e9rcoles 25 de junio se realizar\u00e1 la jornada virtual Hidrov\u00eda Paraguay-Paran\u00e1: \u00bfQu\u00e9 est\u00e1 pasando en nuestros r\u00edos?, un encuentro trinacional que reunir\u00e1 a organizaciones de Argentina, Bolivia y Brasil para reflexionar sobre los impactos del proyecto de hidrov\u00eda en nuestros territorios, y compartir alternativas para la defensa de los r\u00edos, los humedales y","og:url":"https:\/\/cauceecologico.org\/?p=5501","article:published_time":"2025-06-20T09:16:32+00:00","article:modified_time":"2025-06-20T09:16:32+00:00","twitter:card":"summary_large_image","twitter:title":"Jornada virtual: Hidrov\u00eda Paraguay\u2013Paran\u00e1, \u00bfqu\u00e9 est\u00e1 pasando en nuestros r\u00edos? - CAUCE","twitter:description":"El pr\u00f3ximo mi\u00e9rcoles 25 de junio se realizar\u00e1 la jornada virtual Hidrov\u00eda Paraguay-Paran\u00e1: \u00bfQu\u00e9 est\u00e1 pasando en nuestros r\u00edos?, un encuentro trinacional que reunir\u00e1 a organizaciones de Argentina, Bolivia y Brasil para reflexionar sobre los impactos del proyecto de hidrov\u00eda en nuestros territorios, y compartir alternativas para la defensa de los r\u00edos, los humedales y"},"aioseo_meta_data":{"post_id":"5501","title":null,"description":null,"keywords":[],"keyphrases":{"focus":{"keyphrase":"","score":0,"analysis":{"keyphraseInTitle":{"score":0,"maxScore":9,"error":1}}},"additional":[]},"primary_term":null,"canonical_url":null,"og_title":null,"og_description":null,"og_object_type":"default","og_image_type":"default","og_image_url":null,"og_image_width":null,"og_image_height":null,"og_image_custom_url":null,"og_image_custom_fields":null,"og_video":"","og_custom_url":null,"og_article_section":null,"og_article_tags":[],"twitter_use_og":false,"twitter_card":"default","twitter_image_type":"default","twitter_image_url":null,"twitter_image_custom_url":null,"twitter_image_custom_fields":null,"twitter_title":null,"twitter_description":null,"schema":{"blockGraphs":[],"customGraphs":[],"default":{"data":{"Article":[],"Course":[],"Dataset":[],"FAQPage":[],"Movie":[],"Person":[],"Product":[],"ProductReview":[],"Car":[],"Recipe":[],"Service":[],"SoftwareApplication":[],"WebPage":[]},"graphName":"","isEnabled":true},"graphs":[]},"schema_type":"default","schema_type_options":null,"pillar_content":false,"robots_default":true,"robots_noindex":false,"robots_noarchive":false,"robots_nosnippet":false,"robots_nofollow":false,"robots_noimageindex":false,"robots_noodp":false,"robots_notranslate":false,"robots_max_snippet":"-1","robots_max_videopreview":"-1","robots_max_imagepreview":"large","priority":0,"frequency":"default","local_seo":null,"limit_modified_date":false,"created":"2025-06-20 09:16:32","updated":"2026-07-28 02:23:43","ai":null,"breadcrumb_settings":null,"seo_analyzer_scan_date":null},"aioseo_breadcrumb":"<div class=\"aioseo-breadcrumbs\"><span class=\"aioseo-breadcrumb\">\n\t\t\t<a href=\"https:\/\/cauceecologico.org\" title=\"Home\">Home<\/a>\n\t\t<\/span><span class=\"aioseo-breadcrumb-separator\">&raquo;<\/span><span class=\"aioseo-breadcrumb\">\n\t\t\t<a href=\"https:\/\/cauceecologico.org\/?cat=5\" title=\"Noticias\">Noticias<\/a>\n\t\t<\/span><span class=\"aioseo-breadcrumb-separator\">&raquo;<\/span><span class=\"aioseo-breadcrumb\">\n\t\t\tJornada virtual: Hidrov\u00eda Paraguay\u2013Paran\u00e1, \u00bfqu\u00e9 est\u00e1 pasando en nuestros r\u00edos?\n\t\t<\/span><\/div>","aioseo_breadcrumb_json":[{"label":"Home","link":"https:\/\/cauceecologico.org"},{"label":"Noticias","link":"https:\/\/cauceecologico.org\/?cat=5"},{"label":"Jornada virtual: Hidrov\u00eda Paraguay\u2013Paran\u00e1, \u00bfqu\u00e9 est\u00e1 pasando en nuestros r\u00edos?","link":"https:\/\/cauceecologico.org\/?p=5501"}],"_links":{"self":[{"href":"https:\/\/cauceecologico.org\/index.php?rest_route=\/wp\/v2\/posts\/5501","targetHints":{"allow":["GET"]}}],"collection":[{"href":"https:\/\/cauceecologico.org\/index.php?rest_route=\/wp\/v2\/posts"}],"about":[{"href":"https:\/\/cauceecologico.org\/index.php?rest_route=\/wp\/v2\/types\/post"}],"author":[{"embeddable":true,"href":"https:\/\/cauceecologico.org\/index.php?rest_route=\/wp\/v2\/users\/2"}],"replies":[{"embeddable":true,"href":"https:\/\/cauceecologico.org\/index.php?rest_route=%2Fwp%2Fv2%2Fcomments&post=5501"}],"version-history":[{"count":1,"href":"https:\/\/cauceecologico.org\/index.php?rest_route=\/wp\/v2\/posts\/5501\/revisions"}],"predecessor-version":[{"id":5505,"href":"https:\/\/cauceecologico.org\/index.php?rest_route=\/wp\/v2\/posts\/5501\/revisions\/5505"}],"wp:featuredmedia":[{"embeddable":true,"href":"https:\/\/cauceecologico.org\/index.php?rest_route=\/wp\/v2\/media\/5504"}],"wp:attachment":[{"href":"https:\/\/cauceecologico.org\/index.php?rest_route=%2Fwp%2Fv2%2Fmedia&parent=5501"}],"wp:term":[{"taxonomy":"category","embeddable":true,"href":"https:\/\/cauceecologico.org\/index.php?rest_route=%2Fwp%2Fv2%2Fcategories&post=5501"},{"taxonomy":"post_tag","embeddable":true,"href":"https:\/\/cauceecologico.org\/index.php?rest_route=%2Fwp%2Fv2%2Ftags&post=5501"}],"curies":[{"name":"wp","href":"https:\/\/api.w.org\/{rel}","templated":true}]}}