{"id":5526,"date":"2025-07-07T08:56:42","date_gmt":"2025-07-07T08:56:42","guid":{"rendered":"https:\/\/cauceecologico.org\/?p=5526"},"modified":"2025-07-07T09:01:41","modified_gmt":"2025-07-07T09:01:41","slug":"cauce-participa-del-proceso-de-revision-del-marco-de-sostenibilidad-ambiental-y-social-de-la-corporacion-financiera-internacional-ifc-del-banco-mundial","status":"publish","type":"post","link":"https:\/\/cauceecologico.org\/?p=5526","title":{"rendered":"Carta de organizaciones en el marco del proceso de revisi\u00f3n de la Corporaci\u00f3n Financiera Internacional (IFC) del Banco Mundial"},"content":{"rendered":"<p data-start=\"321\" data-end=\"708\">Desde Fundaci\u00f3n CAUCE, como parte de una coalici\u00f3n de organizaciones de Am\u00e9rica Latina, participamos en el env\u00edo de una carta con comentarios y recomendaciones en el marco del proceso de revisi\u00f3n del Marco de Sostenibilidad Ambiental y Social (MSAS), la Pol\u00edtica de Acceso a la Informaci\u00f3n y otras normas de la Corporaci\u00f3n Financiera Internacional (IFC), brazo privado del Banco Mundial.<\/p>\n<p data-start=\"710\" data-end=\"943\">Este proceso, que comenz\u00f3 durante las Reuniones de Primavera, se estima tendr\u00e1 una duraci\u00f3n de tres a\u00f1os y aborda cuestiones clave relacionadas con los est\u00e1ndares ambientales y sociales aplicados a las inversiones del sector privado.<\/p>\n<p data-start=\"945\" data-end=\"1263\">En este contexto, estamos participando en reuniones de articulaci\u00f3n con otras organizaciones, con el objetivo de coordinar esfuerzos y aportar a esta revisi\u00f3n, teniendo en cuenta la complejidad y la cantidad de normativas involucradas. Desde Fundaci\u00f3n CAUCE, nos enfocaremos especialmente en los siguientes documentos:<\/p>\n<ul data-start=\"1264\" data-end=\"1562\">\n<li data-start=\"1264\" data-end=\"1364\">\n<p data-start=\"1266\" data-end=\"1364\">Norma de Desempe\u00f1o N\u00b01: Evaluaci\u00f3n y Gesti\u00f3n de los Riesgos e Impactos Ambientales y Sociales.<\/p>\n<\/li>\n<li data-start=\"1365\" data-end=\"1481\">\n<p data-start=\"1367\" data-end=\"1481\">Norma de Desempe\u00f1o N\u00b06: Conservaci\u00f3n de la Biodiversidad y Gesti\u00f3n Sostenible de los Recursos Naturales Vivos.<\/p>\n<\/li>\n<li data-start=\"1482\" data-end=\"1562\">\n<p data-start=\"1484\" data-end=\"1562\">Pol\u00edtica de Acceso a la Informaci\u00f3n y participaci\u00f3n de partes interesadas.<\/p>\n<\/li>\n<\/ul>\n<p data-start=\"1564\" data-end=\"1718\">Asimismo, daremos seguimiento a todo el proceso general de revisi\u00f3n, poniendo atenci\u00f3n en los plazos, metodolog\u00edas de consulta y continuidad en el tiempo.<\/p>\n<p data-start=\"1720\" data-end=\"1804\"><strong data-start=\"1720\" data-end=\"1804\">Entre los puntos principales planteados en la carta enviada a la IFC destacamos:<\/strong><\/p>\n<ol data-start=\"1805\" data-end=\"2866\">\n<li data-start=\"1805\" data-end=\"1976\">\n<p data-start=\"1808\" data-end=\"1976\"><strong data-start=\"1808\" data-end=\"1844\">Un solo Grupo del Banco Mundial:<\/strong> Se solicita una mayor supervisi\u00f3n en la implementaci\u00f3n del MSAS y la alineaci\u00f3n con los est\u00e1ndares m\u00e1s altos a nivel internacional.<\/p>\n<\/li>\n<li data-start=\"1977\" data-end=\"2159\">\n<p data-start=\"1980\" data-end=\"2159\"><strong data-start=\"1980\" data-end=\"2024\">Armonizaci\u00f3n con normas internacionales:<\/strong> Se propone integrar referencias clave como el Acuerdo de Escaz\u00fa y los Principios Rectores de la ONU sobre Empresas y Derechos Humanos.<\/p>\n<\/li>\n<li data-start=\"2160\" data-end=\"2263\">\n<p data-start=\"2163\" data-end=\"2263\"><strong data-start=\"2163\" data-end=\"2193\">Principio de no regresi\u00f3n:<\/strong> Los est\u00e1ndares ya alcanzados no deben debilitarse, sino fortalecerse.<\/p>\n<\/li>\n<li data-start=\"2264\" data-end=\"2423\">\n<p data-start=\"2267\" data-end=\"2423\"><strong data-start=\"2267\" data-end=\"2298\">Intermediarios financieros:<\/strong> Se insta a aplicar los mismos est\u00e1ndares ambientales y sociales a las operaciones indirectas que a las inversiones directas.<\/p>\n<\/li>\n<li data-start=\"2424\" data-end=\"2581\">\n<p data-start=\"2427\" data-end=\"2581\"><strong data-start=\"2427\" data-end=\"2456\">Marco de confianza mutua:<\/strong> Se advierte sobre los riesgos de una confianza autom\u00e1tica entre los bancos de desarrollo que pueda debilitar los est\u00e1ndares.<\/p>\n<\/li>\n<li data-start=\"2582\" data-end=\"2707\">\n<p data-start=\"2585\" data-end=\"2707\"><strong data-start=\"2585\" data-end=\"2622\">Remediaci\u00f3n y salida responsable:<\/strong> Se propone incluir medidas de reparaci\u00f3n y salida responsable en el marco normativo.<\/p>\n<\/li>\n<li data-start=\"2708\" data-end=\"2866\">\n<p data-start=\"2711\" data-end=\"2866\"><strong data-start=\"2711\" data-end=\"2754\">Transparencia y participaci\u00f3n efectiva:<\/strong> Se exige un plazo m\u00ednimo de 90 d\u00edas para consultas p\u00fablicas y la inclusi\u00f3n activa de las comunidades afectadas.<\/p>\n<\/li>\n<\/ol>\n<p data-start=\"2868\" data-end=\"3200\">Pod\u00e9s acceder a la <strong><span style=\"color: #3366ff;\"><a style=\"color: #3366ff;\" href=\"http:\/\/cauceecologico.org\/wp-content\/uploads\/2025\/07\/CSO-letter-on-Sustainability-Framework-review-June-2025.pdf\">carta completa<\/a><\/span><\/strong> (en ingl\u00e9s) y a m\u00e1s informaci\u00f3n sobre el proceso en el siguiente enlace:<br data-start=\"2974\" data-end=\"2977\" \/>&#x1f517; <strong><span style=\"color: #3366ff;\"><a class=\"\" style=\"color: #3366ff;\" href=\"https:\/\/www.ifc.org\/en\/what-we-do\/sector-expertise\/sustainability\/policies-and-standards\/update-of-ifc-s-sustainability-framework#tabs-a1648b5292-item-13757db463-tab\" target=\"_new\" rel=\"noopener\" data-start=\"2980\" data-end=\"3200\">Actualizaci\u00f3n del Marco de Sostenibilidad de la IFC<\/a><br \/>\n<\/span><\/strong><\/p>\n<p data-start=\"2868\" data-end=\"3200\"><em><strong>Relacionadas:<\/strong><\/em><br \/>\n<span style=\"color: #3366ff;\"><a style=\"color: #3366ff;\" href=\"https:\/\/cauceecologico.org\/?p=5462\">CAUCE en las Reuniones de Primavera del Banco Mundial y el FMI<\/a><\/span><\/p>\n<p data-start=\"2868\" data-end=\"3200\">\n","protected":false},"excerpt":{"rendered":"<p>Desde Fundaci\u00f3n CAUCE, como parte de una coalici\u00f3n de organizaciones de Am\u00e9rica Latina, participamos en el env\u00edo de una carta con comentarios y recomendaciones en el marco del proceso de revisi\u00f3n del Marco de Sostenibilidad Ambiental y Social (MSAS), la Pol\u00edtica de Acceso a la Informaci\u00f3n y otras normas de la Corporaci\u00f3n Financiera Internacional (IFC), [&hellip;]<\/p>\n","protected":false},"author":2,"featured_media":5531,"comment_status":"open","ping_status":"open","sticky":false,"template":"","format":"standard","meta":{"om_disable_all_campaigns":false,"_monsterinsights_skip_tracking":false,"amp_status":"","footnotes":""},"categories":[111,5],"tags":[],"class_list":["post-5526","post","type-post","status-publish","format-standard","has-post-thumbnail","hentry","category-info-publica","category-noticias"],"aioseo_notices":[],"aioseo_head":"\n\t\t<!-- All in One SEO 4.9.10 - aioseo.com -->\n\t<meta name=\"description\" content=\"Desde Fundaci\u00f3n CAUCE, como parte de una coalici\u00f3n de organizaciones de Am\u00e9rica Latina, participamos en el env\u00edo de una carta con comentarios y recomendaciones en el marco del proceso de revisi\u00f3n del Marco de Sostenibilidad Ambiental y Social (MSAS), la Pol\u00edtica de Acceso a la Informaci\u00f3n y otras normas de la Corporaci\u00f3n Financiera Internacional (IFC),\" \/>\n\t<meta name=\"robots\" content=\"max-image-preview:large\" \/>\n\t<meta name=\"author\" content=\"Ana Lucia Vergara\"\/>\n\t<link rel=\"canonical\" href=\"https:\/\/cauceecologico.org\/?p=5526\" \/>\n\t<meta name=\"generator\" content=\"All in One SEO (AIOSEO) 4.9.10\" \/>\n\t\t<meta property=\"og:locale\" content=\"es_ES\" \/>\n\t\t<meta property=\"og:site_name\" content=\"CAUCE - Cultura Ambiental - Causa Ecologista\" \/>\n\t\t<meta property=\"og:type\" content=\"article\" \/>\n\t\t<meta property=\"og:title\" content=\"Carta de organizaciones en el marco del proceso de revisi\u00f3n de la Corporaci\u00f3n Financiera Internacional (IFC) del Banco Mundial - CAUCE\" \/>\n\t\t<meta property=\"og:description\" content=\"Desde Fundaci\u00f3n CAUCE, como parte de una coalici\u00f3n de organizaciones de Am\u00e9rica Latina, participamos en el env\u00edo de una carta con comentarios y recomendaciones en el marco del proceso de revisi\u00f3n del Marco de Sostenibilidad Ambiental y Social (MSAS), la Pol\u00edtica de Acceso a la Informaci\u00f3n y otras normas de la Corporaci\u00f3n Financiera Internacional (IFC),\" \/>\n\t\t<meta property=\"og:url\" content=\"https:\/\/cauceecologico.org\/?p=5526\" \/>\n\t\t<meta property=\"article:published_time\" content=\"2025-07-07T08:56:42+00:00\" \/>\n\t\t<meta property=\"article:modified_time\" content=\"2025-07-07T09:01:41+00:00\" \/>\n\t\t<meta name=\"twitter:card\" content=\"summary_large_image\" \/>\n\t\t<meta name=\"twitter:title\" content=\"Carta de organizaciones en el marco del proceso de revisi\u00f3n de la Corporaci\u00f3n Financiera Internacional (IFC) del Banco Mundial - CAUCE\" \/>\n\t\t<meta name=\"twitter:description\" content=\"Desde Fundaci\u00f3n CAUCE, como parte de una coalici\u00f3n de organizaciones de Am\u00e9rica Latina, participamos en el env\u00edo de una carta con comentarios y recomendaciones en el marco del proceso de revisi\u00f3n del Marco de Sostenibilidad Ambiental y Social (MSAS), la Pol\u00edtica de Acceso a la Informaci\u00f3n y otras normas de la Corporaci\u00f3n Financiera Internacional (IFC),\" \/>\n\t\t<script type=\"application\/ld+json\" class=\"aioseo-schema\">\n\t\t\t{\"@context\":\"https:\\\/\\\/schema.org\",\"@graph\":[{\"@type\":\"BlogPosting\",\"@id\":\"https:\\\/\\\/cauceecologico.org\\\/?p=5526#blogposting\",\"name\":\"Carta de organizaciones en el marco del proceso de revisi\\u00f3n de la Corporaci\\u00f3n Financiera Internacional (IFC) del Banco Mundial - CAUCE\",\"headline\":\"Carta de organizaciones en el marco del proceso de revisi\\u00f3n de la Corporaci\\u00f3n Financiera Internacional (IFC) del Banco Mundial\",\"author\":{\"@id\":\"https:\\\/\\\/cauceecologico.org\\\/?author=2#author\"},\"publisher\":{\"@id\":\"https:\\\/\\\/cauceecologico.org\\\/#organization\"},\"image\":{\"@type\":\"ImageObject\",\"url\":\"https:\\\/\\\/cauceecologico.org\\\/wp-content\\\/uploads\\\/2025\\\/07\\\/Destacados-web-2.jpg\",\"width\":1482,\"height\":834},\"datePublished\":\"2025-07-07T08:56:42+00:00\",\"dateModified\":\"2025-07-07T09:01:41+00:00\",\"inLanguage\":\"es-ES\",\"mainEntityOfPage\":{\"@id\":\"https:\\\/\\\/cauceecologico.org\\\/?p=5526#webpage\"},\"isPartOf\":{\"@id\":\"https:\\\/\\\/cauceecologico.org\\\/?p=5526#webpage\"},\"articleSection\":\"informaci\\u00f3n p\\u00fablica, Noticias\"},{\"@type\":\"BreadcrumbList\",\"@id\":\"https:\\\/\\\/cauceecologico.org\\\/?p=5526#breadcrumblist\",\"itemListElement\":[{\"@type\":\"ListItem\",\"@id\":\"https:\\\/\\\/cauceecologico.org#listItem\",\"position\":1,\"name\":\"Home\",\"item\":\"https:\\\/\\\/cauceecologico.org\",\"nextItem\":{\"@type\":\"ListItem\",\"@id\":\"https:\\\/\\\/cauceecologico.org\\\/?cat=5#listItem\",\"name\":\"Noticias\"}},{\"@type\":\"ListItem\",\"@id\":\"https:\\\/\\\/cauceecologico.org\\\/?cat=5#listItem\",\"position\":2,\"name\":\"Noticias\",\"item\":\"https:\\\/\\\/cauceecologico.org\\\/?cat=5\",\"nextItem\":{\"@type\":\"ListItem\",\"@id\":\"https:\\\/\\\/cauceecologico.org\\\/?p=5526#listItem\",\"name\":\"Carta de organizaciones en el marco del proceso de revisi\\u00f3n de la Corporaci\\u00f3n Financiera Internacional (IFC) del Banco Mundial\"},\"previousItem\":{\"@type\":\"ListItem\",\"@id\":\"https:\\\/\\\/cauceecologico.org#listItem\",\"name\":\"Home\"}},{\"@type\":\"ListItem\",\"@id\":\"https:\\\/\\\/cauceecologico.org\\\/?p=5526#listItem\",\"position\":3,\"name\":\"Carta de organizaciones en el marco del proceso de revisi\\u00f3n de la Corporaci\\u00f3n Financiera Internacional (IFC) del Banco Mundial\",\"previousItem\":{\"@type\":\"ListItem\",\"@id\":\"https:\\\/\\\/cauceecologico.org\\\/?cat=5#listItem\",\"name\":\"Noticias\"}}]},{\"@type\":\"Organization\",\"@id\":\"https:\\\/\\\/cauceecologico.org\\\/#organization\",\"name\":\"CAUCE\",\"description\":\"Cultura Ambiental - Causa Ecologista\",\"url\":\"https:\\\/\\\/cauceecologico.org\\\/\"},{\"@type\":\"Person\",\"@id\":\"https:\\\/\\\/cauceecologico.org\\\/?author=2#author\",\"url\":\"https:\\\/\\\/cauceecologico.org\\\/?author=2\",\"name\":\"Ana Lucia Vergara\",\"image\":{\"@type\":\"ImageObject\",\"@id\":\"https:\\\/\\\/cauceecologico.org\\\/?p=5526#authorImage\",\"url\":\"https:\\\/\\\/secure.gravatar.com\\\/avatar\\\/e8720df08f5c466573fb9f3d6cec14bcac9a305e2049123e58e6bc9c03f3a77b?s=96&d=mm&r=g\",\"width\":96,\"height\":96,\"caption\":\"Ana Lucia Vergara\"}},{\"@type\":\"WebPage\",\"@id\":\"https:\\\/\\\/cauceecologico.org\\\/?p=5526#webpage\",\"url\":\"https:\\\/\\\/cauceecologico.org\\\/?p=5526\",\"name\":\"Carta de organizaciones en el marco del proceso de revisi\\u00f3n de la Corporaci\\u00f3n Financiera Internacional (IFC) del Banco Mundial - CAUCE\",\"description\":\"Desde Fundaci\\u00f3n CAUCE, como parte de una coalici\\u00f3n de organizaciones de Am\\u00e9rica Latina, participamos en el env\\u00edo de una carta con comentarios y recomendaciones en el marco del proceso de revisi\\u00f3n del Marco de Sostenibilidad Ambiental y Social (MSAS), la Pol\\u00edtica de Acceso a la Informaci\\u00f3n y otras normas de la Corporaci\\u00f3n Financiera Internacional (IFC),\",\"inLanguage\":\"es-ES\",\"isPartOf\":{\"@id\":\"https:\\\/\\\/cauceecologico.org\\\/#website\"},\"breadcrumb\":{\"@id\":\"https:\\\/\\\/cauceecologico.org\\\/?p=5526#breadcrumblist\"},\"author\":{\"@id\":\"https:\\\/\\\/cauceecologico.org\\\/?author=2#author\"},\"creator\":{\"@id\":\"https:\\\/\\\/cauceecologico.org\\\/?author=2#author\"},\"image\":{\"@type\":\"ImageObject\",\"url\":\"https:\\\/\\\/cauceecologico.org\\\/wp-content\\\/uploads\\\/2025\\\/07\\\/Destacados-web-2.jpg\",\"@id\":\"https:\\\/\\\/cauceecologico.org\\\/?p=5526\\\/#mainImage\",\"width\":1482,\"height\":834},\"primaryImageOfPage\":{\"@id\":\"https:\\\/\\\/cauceecologico.org\\\/?p=5526#mainImage\"},\"datePublished\":\"2025-07-07T08:56:42+00:00\",\"dateModified\":\"2025-07-07T09:01:41+00:00\"},{\"@type\":\"WebSite\",\"@id\":\"https:\\\/\\\/cauceecologico.org\\\/#website\",\"url\":\"https:\\\/\\\/cauceecologico.org\\\/\",\"name\":\"CAUCE\",\"description\":\"Cultura Ambiental - Causa Ecologista\",\"inLanguage\":\"es-ES\",\"publisher\":{\"@id\":\"https:\\\/\\\/cauceecologico.org\\\/#organization\"}}]}\n\t\t<\/script>\n\t\t<!-- All in One SEO -->\n\n","aioseo_head_json":{"title":"Carta de organizaciones en el marco del proceso de revisi\u00f3n de la Corporaci\u00f3n Financiera Internacional (IFC) del Banco Mundial - CAUCE","description":"Desde Fundaci\u00f3n CAUCE, como parte de una coalici\u00f3n de organizaciones de Am\u00e9rica Latina, participamos en el env\u00edo de una carta con comentarios y recomendaciones en el marco del proceso de revisi\u00f3n del Marco de Sostenibilidad Ambiental y Social (MSAS), la Pol\u00edtica de Acceso a la Informaci\u00f3n y otras normas de la Corporaci\u00f3n Financiera Internacional (IFC),","canonical_url":"https:\/\/cauceecologico.org\/?p=5526","robots":"max-image-preview:large","keywords":"","webmasterTools":{"miscellaneous":""},"schema":{"@context":"https:\/\/schema.org","@graph":[{"@type":"BlogPosting","@id":"https:\/\/cauceecologico.org\/?p=5526#blogposting","name":"Carta de organizaciones en el marco del proceso de revisi\u00f3n de la Corporaci\u00f3n Financiera Internacional (IFC) del Banco Mundial - CAUCE","headline":"Carta de organizaciones en el marco del proceso de revisi\u00f3n de la Corporaci\u00f3n Financiera Internacional (IFC) del Banco Mundial","author":{"@id":"https:\/\/cauceecologico.org\/?author=2#author"},"publisher":{"@id":"https:\/\/cauceecologico.org\/#organization"},"image":{"@type":"ImageObject","url":"https:\/\/cauceecologico.org\/wp-content\/uploads\/2025\/07\/Destacados-web-2.jpg","width":1482,"height":834},"datePublished":"2025-07-07T08:56:42+00:00","dateModified":"2025-07-07T09:01:41+00:00","inLanguage":"es-ES","mainEntityOfPage":{"@id":"https:\/\/cauceecologico.org\/?p=5526#webpage"},"isPartOf":{"@id":"https:\/\/cauceecologico.org\/?p=5526#webpage"},"articleSection":"informaci\u00f3n p\u00fablica, Noticias"},{"@type":"BreadcrumbList","@id":"https:\/\/cauceecologico.org\/?p=5526#breadcrumblist","itemListElement":[{"@type":"ListItem","@id":"https:\/\/cauceecologico.org#listItem","position":1,"name":"Home","item":"https:\/\/cauceecologico.org","nextItem":{"@type":"ListItem","@id":"https:\/\/cauceecologico.org\/?cat=5#listItem","name":"Noticias"}},{"@type":"ListItem","@id":"https:\/\/cauceecologico.org\/?cat=5#listItem","position":2,"name":"Noticias","item":"https:\/\/cauceecologico.org\/?cat=5","nextItem":{"@type":"ListItem","@id":"https:\/\/cauceecologico.org\/?p=5526#listItem","name":"Carta de organizaciones en el marco del proceso de revisi\u00f3n de la Corporaci\u00f3n Financiera Internacional (IFC) del Banco Mundial"},"previousItem":{"@type":"ListItem","@id":"https:\/\/cauceecologico.org#listItem","name":"Home"}},{"@type":"ListItem","@id":"https:\/\/cauceecologico.org\/?p=5526#listItem","position":3,"name":"Carta de organizaciones en el marco del proceso de revisi\u00f3n de la Corporaci\u00f3n Financiera Internacional (IFC) del Banco Mundial","previousItem":{"@type":"ListItem","@id":"https:\/\/cauceecologico.org\/?cat=5#listItem","name":"Noticias"}}]},{"@type":"Organization","@id":"https:\/\/cauceecologico.org\/#organization","name":"CAUCE","description":"Cultura Ambiental - Causa Ecologista","url":"https:\/\/cauceecologico.org\/"},{"@type":"Person","@id":"https:\/\/cauceecologico.org\/?author=2#author","url":"https:\/\/cauceecologico.org\/?author=2","name":"Ana Lucia Vergara","image":{"@type":"ImageObject","@id":"https:\/\/cauceecologico.org\/?p=5526#authorImage","url":"https:\/\/secure.gravatar.com\/avatar\/e8720df08f5c466573fb9f3d6cec14bcac9a305e2049123e58e6bc9c03f3a77b?s=96&d=mm&r=g","width":96,"height":96,"caption":"Ana Lucia Vergara"}},{"@type":"WebPage","@id":"https:\/\/cauceecologico.org\/?p=5526#webpage","url":"https:\/\/cauceecologico.org\/?p=5526","name":"Carta de organizaciones en el marco del proceso de revisi\u00f3n de la Corporaci\u00f3n Financiera Internacional (IFC) del Banco Mundial - CAUCE","description":"Desde Fundaci\u00f3n CAUCE, como parte de una coalici\u00f3n de organizaciones de Am\u00e9rica Latina, participamos en el env\u00edo de una carta con comentarios y recomendaciones en el marco del proceso de revisi\u00f3n del Marco de Sostenibilidad Ambiental y Social (MSAS), la Pol\u00edtica de Acceso a la Informaci\u00f3n y otras normas de la Corporaci\u00f3n Financiera Internacional (IFC),","inLanguage":"es-ES","isPartOf":{"@id":"https:\/\/cauceecologico.org\/#website"},"breadcrumb":{"@id":"https:\/\/cauceecologico.org\/?p=5526#breadcrumblist"},"author":{"@id":"https:\/\/cauceecologico.org\/?author=2#author"},"creator":{"@id":"https:\/\/cauceecologico.org\/?author=2#author"},"image":{"@type":"ImageObject","url":"https:\/\/cauceecologico.org\/wp-content\/uploads\/2025\/07\/Destacados-web-2.jpg","@id":"https:\/\/cauceecologico.org\/?p=5526\/#mainImage","width":1482,"height":834},"primaryImageOfPage":{"@id":"https:\/\/cauceecologico.org\/?p=5526#mainImage"},"datePublished":"2025-07-07T08:56:42+00:00","dateModified":"2025-07-07T09:01:41+00:00"},{"@type":"WebSite","@id":"https:\/\/cauceecologico.org\/#website","url":"https:\/\/cauceecologico.org\/","name":"CAUCE","description":"Cultura Ambiental - Causa Ecologista","inLanguage":"es-ES","publisher":{"@id":"https:\/\/cauceecologico.org\/#organization"}}]},"og:locale":"es_ES","og:site_name":"CAUCE - Cultura Ambiental - Causa Ecologista","og:type":"article","og:title":"Carta de organizaciones en el marco del proceso de revisi\u00f3n de la Corporaci\u00f3n Financiera Internacional (IFC) del Banco Mundial - CAUCE","og:description":"Desde Fundaci\u00f3n CAUCE, como parte de una coalici\u00f3n de organizaciones de Am\u00e9rica Latina, participamos en el env\u00edo de una carta con comentarios y recomendaciones en el marco del proceso de revisi\u00f3n del Marco de Sostenibilidad Ambiental y Social (MSAS), la Pol\u00edtica de Acceso a la Informaci\u00f3n y otras normas de la Corporaci\u00f3n Financiera Internacional (IFC),","og:url":"https:\/\/cauceecologico.org\/?p=5526","article:published_time":"2025-07-07T08:56:42+00:00","article:modified_time":"2025-07-07T09:01:41+00:00","twitter:card":"summary_large_image","twitter:title":"Carta de organizaciones en el marco del proceso de revisi\u00f3n de la Corporaci\u00f3n Financiera Internacional (IFC) del Banco Mundial - CAUCE","twitter:description":"Desde Fundaci\u00f3n CAUCE, como parte de una coalici\u00f3n de organizaciones de Am\u00e9rica Latina, participamos en el env\u00edo de una carta con comentarios y recomendaciones en el marco del proceso de revisi\u00f3n del Marco de Sostenibilidad Ambiental y Social (MSAS), la Pol\u00edtica de Acceso a la Informaci\u00f3n y otras normas de la Corporaci\u00f3n Financiera Internacional (IFC),"},"aioseo_meta_data":{"post_id":"5526","title":null,"description":null,"keywords":[],"keyphrases":{"focus":{"keyphrase":"","score":0,"analysis":{"keyphraseInTitle":{"score":0,"maxScore":9,"error":1}}},"additional":[]},"primary_term":null,"canonical_url":null,"og_title":null,"og_description":null,"og_object_type":"default","og_image_type":"default","og_image_url":null,"og_image_width":null,"og_image_height":null,"og_image_custom_url":null,"og_image_custom_fields":null,"og_video":"","og_custom_url":null,"og_article_section":null,"og_article_tags":[],"twitter_use_og":false,"twitter_card":"default","twitter_image_type":"default","twitter_image_url":null,"twitter_image_custom_url":null,"twitter_image_custom_fields":null,"twitter_title":null,"twitter_description":null,"schema":{"blockGraphs":[],"customGraphs":[],"default":{"data":{"Article":[],"Course":[],"Dataset":[],"FAQPage":[],"Movie":[],"Person":[],"Product":[],"ProductReview":[],"Car":[],"Recipe":[],"Service":[],"SoftwareApplication":[],"WebPage":[]},"graphName":"","isEnabled":true},"graphs":[]},"schema_type":"default","schema_type_options":null,"pillar_content":false,"robots_default":true,"robots_noindex":false,"robots_noarchive":false,"robots_nosnippet":false,"robots_nofollow":false,"robots_noimageindex":false,"robots_noodp":false,"robots_notranslate":false,"robots_max_snippet":"-1","robots_max_videopreview":"-1","robots_max_imagepreview":"large","priority":0,"frequency":"default","local_seo":null,"limit_modified_date":false,"created":"2025-07-07 08:56:42","updated":"2026-07-28 02:23:43","ai":null,"breadcrumb_settings":null,"seo_analyzer_scan_date":null},"aioseo_breadcrumb":"<div class=\"aioseo-breadcrumbs\"><span class=\"aioseo-breadcrumb\">\n\t\t\t<a href=\"https:\/\/cauceecologico.org\" title=\"Home\">Home<\/a>\n\t\t<\/span><span class=\"aioseo-breadcrumb-separator\">&raquo;<\/span><span class=\"aioseo-breadcrumb\">\n\t\t\t<a href=\"https:\/\/cauceecologico.org\/?cat=5\" title=\"Noticias\">Noticias<\/a>\n\t\t<\/span><span class=\"aioseo-breadcrumb-separator\">&raquo;<\/span><span class=\"aioseo-breadcrumb\">\n\t\t\tCarta de organizaciones en el marco del proceso de revisi\u00f3n de la Corporaci\u00f3n Financiera Internacional (IFC) del Banco Mundial\n\t\t<\/span><\/div>","aioseo_breadcrumb_json":[{"label":"Home","link":"https:\/\/cauceecologico.org"},{"label":"Noticias","link":"https:\/\/cauceecologico.org\/?cat=5"},{"label":"Carta de organizaciones en el marco del proceso de revisi\u00f3n de la Corporaci\u00f3n Financiera Internacional (IFC) del Banco Mundial","link":"https:\/\/cauceecologico.org\/?p=5526"}],"_links":{"self":[{"href":"https:\/\/cauceecologico.org\/index.php?rest_route=\/wp\/v2\/posts\/5526","targetHints":{"allow":["GET"]}}],"collection":[{"href":"https:\/\/cauceecologico.org\/index.php?rest_route=\/wp\/v2\/posts"}],"about":[{"href":"https:\/\/cauceecologico.org\/index.php?rest_route=\/wp\/v2\/types\/post"}],"author":[{"embeddable":true,"href":"https:\/\/cauceecologico.org\/index.php?rest_route=\/wp\/v2\/users\/2"}],"replies":[{"embeddable":true,"href":"https:\/\/cauceecologico.org\/index.php?rest_route=%2Fwp%2Fv2%2Fcomments&post=5526"}],"version-history":[{"count":3,"href":"https:\/\/cauceecologico.org\/index.php?rest_route=\/wp\/v2\/posts\/5526\/revisions"}],"predecessor-version":[{"id":5532,"href":"https:\/\/cauceecologico.org\/index.php?rest_route=\/wp\/v2\/posts\/5526\/revisions\/5532"}],"wp:featuredmedia":[{"embeddable":true,"href":"https:\/\/cauceecologico.org\/index.php?rest_route=\/wp\/v2\/media\/5531"}],"wp:attachment":[{"href":"https:\/\/cauceecologico.org\/index.php?rest_route=%2Fwp%2Fv2%2Fmedia&parent=5526"}],"wp:term":[{"taxonomy":"category","embeddable":true,"href":"https:\/\/cauceecologico.org\/index.php?rest_route=%2Fwp%2Fv2%2Fcategories&post=5526"},{"taxonomy":"post_tag","embeddable":true,"href":"https:\/\/cauceecologico.org\/index.php?rest_route=%2Fwp%2Fv2%2Ftags&post=5526"}],"curies":[{"name":"wp","href":"https:\/\/api.w.org\/{rel}","templated":true}]}}