{"id":5591,"date":"2025-10-22T21:59:42","date_gmt":"2025-10-22T21:59:42","guid":{"rendered":"https:\/\/cauceecologico.org\/?p=5591"},"modified":"2025-11-05T13:33:20","modified_gmt":"2025-11-05T13:33:20","slug":"amparo-colectivo-por-las-irregularidades-en-la-convocatoria-a-la-audiencia-publica-de-la-hidrovia","status":"publish","type":"post","link":"https:\/\/cauceecologico.org\/?p=5591","title":{"rendered":"Amparo colectivo por las irregularidades en la convocatoria a la Audiencia P\u00fablica de la Hidrov\u00eda"},"content":{"rendered":"<p><i><span style=\"font-weight: 400;\">La demanda busca la nulidad de la convocatoria realizada por la Agencia Nacional de Puertos y Navegaci\u00f3n (ANPYN), que vulnera el derecho a la informaci\u00f3n y a la participaci\u00f3n p\u00fablica establecidos en el Acuerdo de Escaz\u00fa, la Ley General del Ambiente y la Constituci\u00f3n Nacional.<\/span><\/i><\/p>\n<p><span style=\"font-weight: 400;\">El Observatorio del Derecho a la Ciudad, Fundaci\u00f3n CAUCE y la Asociaci\u00f3n Civil Sin Fines de Lucro Para todos porque es para todos presentaron un <\/span><b>amparo colectivo ambiental<\/b><span style=\"font-weight: 400;\"> solicitando la <\/span><b>nulidad de la convocatoria a la Audiencia P\u00fablica<\/b><span style=\"font-weight: 400;\"> sobre el \u201cInforme de Gesti\u00f3n y Evaluaci\u00f3n Ambiental\u201d de la Hidrov\u00eda Paran\u00e1\u2013Paraguay.<\/span><\/p>\n<p><span style=\"font-weight: 400;\">El reclamo se\u00f1ala que el proceso impulsado por la ANPYN viola las normas que garantizan la <\/span><b>transparencia, accesibilidad y participaci\u00f3n ciudadana efectiva<\/b><span style=\"font-weight: 400;\"> y tiene graves deficiencias:<\/span><\/p>\n<ul>\n<li style=\"font-weight: 400;\" aria-level=\"1\"><b>La informaci\u00f3n clave del informe es inaccesible:<\/b><span style=\"font-weight: 400;\"> Se trata de 25 documentos PDF con 9.187 P\u00c1GINAS en total, sin una gu\u00eda para su comprensi\u00f3n y un resumen no t\u00e9cnico, con multiplicidad de datos complejos para que la ciudadan\u00eda pueda comprender cabalmente esa informaci\u00f3n\u00a0<\/span><\/li>\n<li style=\"font-weight: 400;\" aria-level=\"1\"><b>El objeto de la audiencia es enga\u00f1oso:<\/b><span style=\"font-weight: 400;\"> La Agencia Nacional de Puertos y Navegaci\u00f3n (ANPYN) reconoce que el \u201cobjeto piramidal\u201d de la audiencia p\u00fablica es aprobar la documentaci\u00f3n licitatoria con vistas a adjudicar la concesi\u00f3n de la V\u00eda Navegable Troncal a largo plazo a operadores privados, \u201csin aval del Estado\u201d. Esa formulaci\u00f3n expl\u00edcita convierte a la audiencia en un tr\u00e1mite legitimador de la decisi\u00f3n de avanzar en la licitaci\u00f3n, desplazando su finalidad participativa.\u00a0<\/span><\/li>\n<li style=\"font-weight: 400;\" aria-level=\"1\"><b>La base documental es obsoleta, inentendible y sin trazabilidad verificable:<\/b><span style=\"font-weight: 400;\"> el informe que la ANPYN toma como insumo central reconoce expresamente que se trata de una recopilaci\u00f3n de estudios ambientales preexistentes \u2014no de una evaluaci\u00f3n actualizada-. Ninguno responde al nuevo escenario proyectado \u2014la profundizaci\u00f3n a 40 pies\u2014 ni contempla las alteraciones hidrol\u00f3gicas y sedimentol\u00f3gicas derivadas de la bajante extraordinaria del Paran\u00e1 o de los efectos acumulativos de dos d\u00e9cadas de dragado intensivo.<\/span><\/li>\n<li style=\"font-weight: 400;\" aria-level=\"1\"><b>No se cumplieron<\/b><span style=\"font-weight: 400;\"> los requisitos formales de publicidad exigidos por el Decreto 1172\/2003: la convocatoria no fue publicada en dos diarios de circulaci\u00f3n nacional ni en medios locales de las provincias afectadas.<\/span><\/li>\n<\/ul>\n<p><span style=\"font-weight: 400;\">El amparo advierte que esta irregular convocatoria vulnera los derechos constitucionales a la <\/span><b>informaci\u00f3n y participaci\u00f3n p\u00fablica ambiental<\/b><span style=\"font-weight: 400;\">, adem\u00e1s del principio de prevenci\u00f3n y precauci\u00f3n. Por ello, solicita<\/span><b>, mediante una medida cautelar, <\/b><span style=\"font-weight: 400;\">\u00a0<\/span><b>la suspensi\u00f3n de la audiencia del 3 de noviembre<\/b><span style=\"font-weight: 400;\"> hasta que se garanticen condiciones reales de acceso y deliberaci\u00f3n ciudadana.<\/span><\/p>\n<p><span style=\"font-weight: 400;\">\u201cNo se puede reemplazar la deliberaci\u00f3n por una ratificaci\u00f3n. La audiencia debe anteceder y nutrir la decisi\u00f3n, no justificarla despu\u00e9s\u201d, se\u00f1ala la presentaci\u00f3n.<\/span><\/p>\n<p><span style=\"font-weight: 400;\">Aun as\u00ed, la audiencia sigue en pie. Desde las organizaciones invitamos a la ciudadan\u00eda a <\/span><a href=\"https:\/\/www.argentina.gob.ar\/economia\/agencia-nacional-de-puertos-y-navegacion\/audiencia-publica-sobre-el-informe-de-gestion-y-evaluacion-ambiental-de-la-navegable-troncal\"><b>inscribirse y participar siguiendo este enlace<\/b><\/a><span style=\"font-weight: 400;\">, para exigir:<\/span><span style=\"font-weight: 400;\"><br \/>\n<\/span><span style=\"font-weight: 400;\"> 1&#xfe0f;&#x20e3; El respeto al derecho humano al agua.<\/span><span style=\"font-weight: 400;\"><br \/>\n<\/span><span style=\"font-weight: 400;\"> 2&#xfe0f;&#x20e3; Acceso a informaci\u00f3n completa y comprensible.<\/span><span style=\"font-weight: 400;\"><br \/>\n<\/span><span style=\"font-weight: 400;\"> 3&#xfe0f;&#x20e3; Procesos transparentes que prioricen la vida y el ambiente.<\/span><\/p>\n<p><span style=\"font-weight: 400;\">&#x1f5d3;&#xfe0f; <\/span><b>Fecha:<\/b><span style=\"font-weight: 400;\"> 3 de noviembre de 2025 \u2013 9:00 h \u2013 modalidad virtual.<\/span><\/p>\n<p>&nbsp;<\/p>\n<h4><b>Lo que est\u00e1 en juego<\/b><\/h4>\n<p><strong>Consecuencias ambientales de fondo\u00a0<\/strong><\/p>\n<p><span style=\"font-weight: 400;\">El amparo afirma que el plan de obras implica una \u00abinsostenibilidad ambiental\u00bb y un \u00abagravamiento\u00bb de los impactos existentes. Entre los puntos clave se mencionan:\u00a0\u00a0<\/span><\/p>\n<ul>\n<li style=\"font-weight: 400;\" aria-level=\"1\"><span style=\"font-weight: 400;\">Contaminaci\u00f3n por dragado: La remoci\u00f3n de sedimentos liberar\u00eda sustancias contaminantes, destacando la presencia de altos niveles de Glifosato y su metabolito AMPA en el r\u00edo Paran\u00e1.\u00a0<\/span><\/li>\n<li style=\"font-weight: 400;\" aria-level=\"1\"><span style=\"font-weight: 400;\">P\u00e9rdida de biodiversidad: Destrucci\u00f3n y degradaci\u00f3n de humedales y h\u00e1bitats ribere\u00f1os, afectando ecosistemas esenciales, especies de peces y organismos bent\u00f3nicos.\u00a0<\/span><\/li>\n<li style=\"font-weight: 400;\" aria-level=\"1\"><span style=\"font-weight: 400;\">Erosi\u00f3n: Derrumbes de barrancas y erosi\u00f3n retrocedente causada por el oleaje artificial del tr\u00e1fico fluvial de gran calado.\u00a0\u00a0<\/span><\/li>\n<\/ul>\n<p><strong>\u00a0Consecuencias sociales y de DDHH\u00a0<\/strong><\/p>\n<p><span style=\"font-weight: 400;\">Los r\u00edos Paran\u00e1 y de la Plata son la fuente de agua dulce para aproximadamente 20 millones de personas. Esto vincula directamente el proyecto con el derecho humano fundamental al acceso al agua potable y saneamiento. Por eso, la falta de informaci\u00f3n y participaci\u00f3n adecuada priva a la ciudadan\u00eda del control social sobre un proyecto que tiene \u00abimpactos transgeneracionales\u00bb.\u00a0<\/span><\/p>\n<p>&nbsp;<\/p>\n","protected":false},"excerpt":{"rendered":"<p>La demanda busca la nulidad de la convocatoria realizada por la Agencia Nacional de Puertos y Navegaci\u00f3n (ANPYN), que vulnera el derecho a la informaci\u00f3n y a la participaci\u00f3n p\u00fablica establecidos en el Acuerdo de Escaz\u00fa, la Ley General del Ambiente y la Constituci\u00f3n Nacional. El Observatorio del Derecho a la Ciudad, Fundaci\u00f3n CAUCE y [&hellip;]<\/p>\n","protected":false},"author":2,"featured_media":2170,"comment_status":"open","ping_status":"open","sticky":false,"template":"","format":"standard","meta":{"om_disable_all_campaigns":false,"_monsterinsights_skip_tracking":false,"amp_status":"","footnotes":""},"categories":[275,111,5,1],"tags":[],"class_list":["post-5591","post","type-post","status-publish","format-standard","has-post-thumbnail","hentry","category-hidrovia-parana-paraguay-hpp","category-info-publica","category-noticias","category-uncategorized"],"aioseo_notices":[],"aioseo_head":"\n\t\t<!-- All in One SEO 4.9.10 - aioseo.com -->\n\t<meta name=\"description\" content=\"La demanda busca la nulidad de la convocatoria realizada por la Agencia Nacional de Puertos y Navegaci\u00f3n (ANPYN), que vulnera el derecho a la informaci\u00f3n y a la participaci\u00f3n p\u00fablica establecidos en el Acuerdo de Escaz\u00fa, la Ley General del Ambiente y la Constituci\u00f3n Nacional. El Observatorio del Derecho a la Ciudad, Fundaci\u00f3n CAUCE y\" \/>\n\t<meta name=\"robots\" content=\"max-image-preview:large\" \/>\n\t<meta name=\"author\" content=\"Ana Lucia Vergara\"\/>\n\t<link rel=\"canonical\" href=\"https:\/\/cauceecologico.org\/?p=5591\" \/>\n\t<meta name=\"generator\" content=\"All in One SEO (AIOSEO) 4.9.10\" \/>\n\t\t<meta property=\"og:locale\" content=\"es_ES\" \/>\n\t\t<meta property=\"og:site_name\" content=\"CAUCE - Cultura Ambiental - Causa Ecologista\" \/>\n\t\t<meta property=\"og:type\" content=\"article\" \/>\n\t\t<meta property=\"og:title\" content=\"Amparo colectivo por las irregularidades en la convocatoria a la Audiencia P\u00fablica de la Hidrov\u00eda - CAUCE\" \/>\n\t\t<meta property=\"og:description\" content=\"La demanda busca la nulidad de la convocatoria realizada por la Agencia Nacional de Puertos y Navegaci\u00f3n (ANPYN), que vulnera el derecho a la informaci\u00f3n y a la participaci\u00f3n p\u00fablica establecidos en el Acuerdo de Escaz\u00fa, la Ley General del Ambiente y la Constituci\u00f3n Nacional. El Observatorio del Derecho a la Ciudad, Fundaci\u00f3n CAUCE y\" \/>\n\t\t<meta property=\"og:url\" content=\"https:\/\/cauceecologico.org\/?p=5591\" \/>\n\t\t<meta property=\"article:published_time\" content=\"2025-10-22T21:59:42+00:00\" \/>\n\t\t<meta property=\"article:modified_time\" content=\"2025-11-05T13:33:20+00:00\" \/>\n\t\t<meta name=\"twitter:card\" content=\"summary_large_image\" \/>\n\t\t<meta name=\"twitter:title\" content=\"Amparo colectivo por las irregularidades en la convocatoria a la Audiencia P\u00fablica de la Hidrov\u00eda - CAUCE\" \/>\n\t\t<meta name=\"twitter:description\" content=\"La demanda busca la nulidad de la convocatoria realizada por la Agencia Nacional de Puertos y Navegaci\u00f3n (ANPYN), que vulnera el derecho a la informaci\u00f3n y a la participaci\u00f3n p\u00fablica establecidos en el Acuerdo de Escaz\u00fa, la Ley General del Ambiente y la Constituci\u00f3n Nacional. El Observatorio del Derecho a la Ciudad, Fundaci\u00f3n CAUCE y\" \/>\n\t\t<script type=\"application\/ld+json\" class=\"aioseo-schema\">\n\t\t\t{\"@context\":\"https:\\\/\\\/schema.org\",\"@graph\":[{\"@type\":\"BlogPosting\",\"@id\":\"https:\\\/\\\/cauceecologico.org\\\/?p=5591#blogposting\",\"name\":\"Amparo colectivo por las irregularidades en la convocatoria a la Audiencia P\\u00fablica de la Hidrov\\u00eda - CAUCE\",\"headline\":\"Amparo colectivo por las irregularidades en la convocatoria a la Audiencia P\\u00fablica de la Hidrov\\u00eda\",\"author\":{\"@id\":\"https:\\\/\\\/cauceecologico.org\\\/?author=2#author\"},\"publisher\":{\"@id\":\"https:\\\/\\\/cauceecologico.org\\\/#organization\"},\"image\":{\"@type\":\"ImageObject\",\"url\":\"https:\\\/\\\/cauceecologico.org\\\/wp-content\\\/uploads\\\/2020\\\/08\\\/hidrov\\u00eda-portada.jpeg\",\"width\":845,\"height\":563},\"datePublished\":\"2025-10-22T21:59:42+00:00\",\"dateModified\":\"2025-11-05T13:33:20+00:00\",\"inLanguage\":\"es-ES\",\"mainEntityOfPage\":{\"@id\":\"https:\\\/\\\/cauceecologico.org\\\/?p=5591#webpage\"},\"isPartOf\":{\"@id\":\"https:\\\/\\\/cauceecologico.org\\\/?p=5591#webpage\"},\"articleSection\":\"Hidrov\\u00eda Paran\\u00e1-Paraguay (HPP), informaci\\u00f3n p\\u00fablica, Noticias, Uncategorized\"},{\"@type\":\"BreadcrumbList\",\"@id\":\"https:\\\/\\\/cauceecologico.org\\\/?p=5591#breadcrumblist\",\"itemListElement\":[{\"@type\":\"ListItem\",\"@id\":\"https:\\\/\\\/cauceecologico.org#listItem\",\"position\":1,\"name\":\"Home\",\"item\":\"https:\\\/\\\/cauceecologico.org\",\"nextItem\":{\"@type\":\"ListItem\",\"@id\":\"https:\\\/\\\/cauceecologico.org\\\/?cat=1#listItem\",\"name\":\"Uncategorized\"}},{\"@type\":\"ListItem\",\"@id\":\"https:\\\/\\\/cauceecologico.org\\\/?cat=1#listItem\",\"position\":2,\"name\":\"Uncategorized\",\"item\":\"https:\\\/\\\/cauceecologico.org\\\/?cat=1\",\"nextItem\":{\"@type\":\"ListItem\",\"@id\":\"https:\\\/\\\/cauceecologico.org\\\/?p=5591#listItem\",\"name\":\"Amparo colectivo por las irregularidades en la convocatoria a la Audiencia P\\u00fablica de la Hidrov\\u00eda\"},\"previousItem\":{\"@type\":\"ListItem\",\"@id\":\"https:\\\/\\\/cauceecologico.org#listItem\",\"name\":\"Home\"}},{\"@type\":\"ListItem\",\"@id\":\"https:\\\/\\\/cauceecologico.org\\\/?p=5591#listItem\",\"position\":3,\"name\":\"Amparo colectivo por las irregularidades en la convocatoria a la Audiencia P\\u00fablica de la Hidrov\\u00eda\",\"previousItem\":{\"@type\":\"ListItem\",\"@id\":\"https:\\\/\\\/cauceecologico.org\\\/?cat=1#listItem\",\"name\":\"Uncategorized\"}}]},{\"@type\":\"Organization\",\"@id\":\"https:\\\/\\\/cauceecologico.org\\\/#organization\",\"name\":\"CAUCE\",\"description\":\"Cultura Ambiental - Causa Ecologista\",\"url\":\"https:\\\/\\\/cauceecologico.org\\\/\"},{\"@type\":\"Person\",\"@id\":\"https:\\\/\\\/cauceecologico.org\\\/?author=2#author\",\"url\":\"https:\\\/\\\/cauceecologico.org\\\/?author=2\",\"name\":\"Ana Lucia Vergara\",\"image\":{\"@type\":\"ImageObject\",\"@id\":\"https:\\\/\\\/cauceecologico.org\\\/?p=5591#authorImage\",\"url\":\"https:\\\/\\\/secure.gravatar.com\\\/avatar\\\/e8720df08f5c466573fb9f3d6cec14bcac9a305e2049123e58e6bc9c03f3a77b?s=96&d=mm&r=g\",\"width\":96,\"height\":96,\"caption\":\"Ana Lucia Vergara\"}},{\"@type\":\"WebPage\",\"@id\":\"https:\\\/\\\/cauceecologico.org\\\/?p=5591#webpage\",\"url\":\"https:\\\/\\\/cauceecologico.org\\\/?p=5591\",\"name\":\"Amparo colectivo por las irregularidades en la convocatoria a la Audiencia P\\u00fablica de la Hidrov\\u00eda - CAUCE\",\"description\":\"La demanda busca la nulidad de la convocatoria realizada por la Agencia Nacional de Puertos y Navegaci\\u00f3n (ANPYN), que vulnera el derecho a la informaci\\u00f3n y a la participaci\\u00f3n p\\u00fablica establecidos en el Acuerdo de Escaz\\u00fa, la Ley General del Ambiente y la Constituci\\u00f3n Nacional. El Observatorio del Derecho a la Ciudad, Fundaci\\u00f3n CAUCE y\",\"inLanguage\":\"es-ES\",\"isPartOf\":{\"@id\":\"https:\\\/\\\/cauceecologico.org\\\/#website\"},\"breadcrumb\":{\"@id\":\"https:\\\/\\\/cauceecologico.org\\\/?p=5591#breadcrumblist\"},\"author\":{\"@id\":\"https:\\\/\\\/cauceecologico.org\\\/?author=2#author\"},\"creator\":{\"@id\":\"https:\\\/\\\/cauceecologico.org\\\/?author=2#author\"},\"image\":{\"@type\":\"ImageObject\",\"url\":\"https:\\\/\\\/cauceecologico.org\\\/wp-content\\\/uploads\\\/2020\\\/08\\\/hidrov\\u00eda-portada.jpeg\",\"@id\":\"https:\\\/\\\/cauceecologico.org\\\/?p=5591\\\/#mainImage\",\"width\":845,\"height\":563},\"primaryImageOfPage\":{\"@id\":\"https:\\\/\\\/cauceecologico.org\\\/?p=5591#mainImage\"},\"datePublished\":\"2025-10-22T21:59:42+00:00\",\"dateModified\":\"2025-11-05T13:33:20+00:00\"},{\"@type\":\"WebSite\",\"@id\":\"https:\\\/\\\/cauceecologico.org\\\/#website\",\"url\":\"https:\\\/\\\/cauceecologico.org\\\/\",\"name\":\"CAUCE\",\"description\":\"Cultura Ambiental - Causa Ecologista\",\"inLanguage\":\"es-ES\",\"publisher\":{\"@id\":\"https:\\\/\\\/cauceecologico.org\\\/#organization\"}}]}\n\t\t<\/script>\n\t\t<!-- All in One SEO -->\n\n","aioseo_head_json":{"title":"Amparo colectivo por las irregularidades en la convocatoria a la Audiencia P\u00fablica de la Hidrov\u00eda - CAUCE","description":"La demanda busca la nulidad de la convocatoria realizada por la Agencia Nacional de Puertos y Navegaci\u00f3n (ANPYN), que vulnera el derecho a la informaci\u00f3n y a la participaci\u00f3n p\u00fablica establecidos en el Acuerdo de Escaz\u00fa, la Ley General del Ambiente y la Constituci\u00f3n Nacional. El Observatorio del Derecho a la Ciudad, Fundaci\u00f3n CAUCE y","canonical_url":"https:\/\/cauceecologico.org\/?p=5591","robots":"max-image-preview:large","keywords":"","webmasterTools":{"miscellaneous":""},"schema":{"@context":"https:\/\/schema.org","@graph":[{"@type":"BlogPosting","@id":"https:\/\/cauceecologico.org\/?p=5591#blogposting","name":"Amparo colectivo por las irregularidades en la convocatoria a la Audiencia P\u00fablica de la Hidrov\u00eda - CAUCE","headline":"Amparo colectivo por las irregularidades en la convocatoria a la Audiencia P\u00fablica de la Hidrov\u00eda","author":{"@id":"https:\/\/cauceecologico.org\/?author=2#author"},"publisher":{"@id":"https:\/\/cauceecologico.org\/#organization"},"image":{"@type":"ImageObject","url":"https:\/\/cauceecologico.org\/wp-content\/uploads\/2020\/08\/hidrov\u00eda-portada.jpeg","width":845,"height":563},"datePublished":"2025-10-22T21:59:42+00:00","dateModified":"2025-11-05T13:33:20+00:00","inLanguage":"es-ES","mainEntityOfPage":{"@id":"https:\/\/cauceecologico.org\/?p=5591#webpage"},"isPartOf":{"@id":"https:\/\/cauceecologico.org\/?p=5591#webpage"},"articleSection":"Hidrov\u00eda Paran\u00e1-Paraguay (HPP), informaci\u00f3n p\u00fablica, Noticias, Uncategorized"},{"@type":"BreadcrumbList","@id":"https:\/\/cauceecologico.org\/?p=5591#breadcrumblist","itemListElement":[{"@type":"ListItem","@id":"https:\/\/cauceecologico.org#listItem","position":1,"name":"Home","item":"https:\/\/cauceecologico.org","nextItem":{"@type":"ListItem","@id":"https:\/\/cauceecologico.org\/?cat=1#listItem","name":"Uncategorized"}},{"@type":"ListItem","@id":"https:\/\/cauceecologico.org\/?cat=1#listItem","position":2,"name":"Uncategorized","item":"https:\/\/cauceecologico.org\/?cat=1","nextItem":{"@type":"ListItem","@id":"https:\/\/cauceecologico.org\/?p=5591#listItem","name":"Amparo colectivo por las irregularidades en la convocatoria a la Audiencia P\u00fablica de la Hidrov\u00eda"},"previousItem":{"@type":"ListItem","@id":"https:\/\/cauceecologico.org#listItem","name":"Home"}},{"@type":"ListItem","@id":"https:\/\/cauceecologico.org\/?p=5591#listItem","position":3,"name":"Amparo colectivo por las irregularidades en la convocatoria a la Audiencia P\u00fablica de la Hidrov\u00eda","previousItem":{"@type":"ListItem","@id":"https:\/\/cauceecologico.org\/?cat=1#listItem","name":"Uncategorized"}}]},{"@type":"Organization","@id":"https:\/\/cauceecologico.org\/#organization","name":"CAUCE","description":"Cultura Ambiental - Causa Ecologista","url":"https:\/\/cauceecologico.org\/"},{"@type":"Person","@id":"https:\/\/cauceecologico.org\/?author=2#author","url":"https:\/\/cauceecologico.org\/?author=2","name":"Ana Lucia Vergara","image":{"@type":"ImageObject","@id":"https:\/\/cauceecologico.org\/?p=5591#authorImage","url":"https:\/\/secure.gravatar.com\/avatar\/e8720df08f5c466573fb9f3d6cec14bcac9a305e2049123e58e6bc9c03f3a77b?s=96&d=mm&r=g","width":96,"height":96,"caption":"Ana Lucia Vergara"}},{"@type":"WebPage","@id":"https:\/\/cauceecologico.org\/?p=5591#webpage","url":"https:\/\/cauceecologico.org\/?p=5591","name":"Amparo colectivo por las irregularidades en la convocatoria a la Audiencia P\u00fablica de la Hidrov\u00eda - CAUCE","description":"La demanda busca la nulidad de la convocatoria realizada por la Agencia Nacional de Puertos y Navegaci\u00f3n (ANPYN), que vulnera el derecho a la informaci\u00f3n y a la participaci\u00f3n p\u00fablica establecidos en el Acuerdo de Escaz\u00fa, la Ley General del Ambiente y la Constituci\u00f3n Nacional. El Observatorio del Derecho a la Ciudad, Fundaci\u00f3n CAUCE y","inLanguage":"es-ES","isPartOf":{"@id":"https:\/\/cauceecologico.org\/#website"},"breadcrumb":{"@id":"https:\/\/cauceecologico.org\/?p=5591#breadcrumblist"},"author":{"@id":"https:\/\/cauceecologico.org\/?author=2#author"},"creator":{"@id":"https:\/\/cauceecologico.org\/?author=2#author"},"image":{"@type":"ImageObject","url":"https:\/\/cauceecologico.org\/wp-content\/uploads\/2020\/08\/hidrov\u00eda-portada.jpeg","@id":"https:\/\/cauceecologico.org\/?p=5591\/#mainImage","width":845,"height":563},"primaryImageOfPage":{"@id":"https:\/\/cauceecologico.org\/?p=5591#mainImage"},"datePublished":"2025-10-22T21:59:42+00:00","dateModified":"2025-11-05T13:33:20+00:00"},{"@type":"WebSite","@id":"https:\/\/cauceecologico.org\/#website","url":"https:\/\/cauceecologico.org\/","name":"CAUCE","description":"Cultura Ambiental - Causa Ecologista","inLanguage":"es-ES","publisher":{"@id":"https:\/\/cauceecologico.org\/#organization"}}]},"og:locale":"es_ES","og:site_name":"CAUCE - Cultura Ambiental - Causa Ecologista","og:type":"article","og:title":"Amparo colectivo por las irregularidades en la convocatoria a la Audiencia P\u00fablica de la Hidrov\u00eda - CAUCE","og:description":"La demanda busca la nulidad de la convocatoria realizada por la Agencia Nacional de Puertos y Navegaci\u00f3n (ANPYN), que vulnera el derecho a la informaci\u00f3n y a la participaci\u00f3n p\u00fablica establecidos en el Acuerdo de Escaz\u00fa, la Ley General del Ambiente y la Constituci\u00f3n Nacional. El Observatorio del Derecho a la Ciudad, Fundaci\u00f3n CAUCE y","og:url":"https:\/\/cauceecologico.org\/?p=5591","article:published_time":"2025-10-22T21:59:42+00:00","article:modified_time":"2025-11-05T13:33:20+00:00","twitter:card":"summary_large_image","twitter:title":"Amparo colectivo por las irregularidades en la convocatoria a la Audiencia P\u00fablica de la Hidrov\u00eda - CAUCE","twitter:description":"La demanda busca la nulidad de la convocatoria realizada por la Agencia Nacional de Puertos y Navegaci\u00f3n (ANPYN), que vulnera el derecho a la informaci\u00f3n y a la participaci\u00f3n p\u00fablica establecidos en el Acuerdo de Escaz\u00fa, la Ley General del Ambiente y la Constituci\u00f3n Nacional. El Observatorio del Derecho a la Ciudad, Fundaci\u00f3n CAUCE y"},"aioseo_meta_data":{"post_id":"5591","title":null,"description":null,"keywords":[],"keyphrases":{"focus":{"keyphrase":"","score":0,"analysis":{"keyphraseInTitle":{"score":0,"maxScore":9,"error":1}}},"additional":[]},"primary_term":null,"canonical_url":null,"og_title":null,"og_description":null,"og_object_type":"default","og_image_type":"default","og_image_url":null,"og_image_width":null,"og_image_height":null,"og_image_custom_url":null,"og_image_custom_fields":null,"og_video":"","og_custom_url":null,"og_article_section":null,"og_article_tags":[],"twitter_use_og":false,"twitter_card":"default","twitter_image_type":"default","twitter_image_url":null,"twitter_image_custom_url":null,"twitter_image_custom_fields":null,"twitter_title":null,"twitter_description":null,"schema":{"blockGraphs":[],"customGraphs":[],"default":{"data":{"Article":[],"Course":[],"Dataset":[],"FAQPage":[],"Movie":[],"Person":[],"Product":[],"ProductReview":[],"Car":[],"Recipe":[],"Service":[],"SoftwareApplication":[],"WebPage":[]},"graphName":"","isEnabled":true},"graphs":[]},"schema_type":"default","schema_type_options":null,"pillar_content":false,"robots_default":true,"robots_noindex":false,"robots_noarchive":false,"robots_nosnippet":false,"robots_nofollow":false,"robots_noimageindex":false,"robots_noodp":false,"robots_notranslate":false,"robots_max_snippet":"-1","robots_max_videopreview":"-1","robots_max_imagepreview":"large","priority":0,"frequency":"default","local_seo":null,"limit_modified_date":false,"created":"2025-10-22 17:26:27","updated":"2026-07-28 02:26:57","ai":null,"breadcrumb_settings":null,"seo_analyzer_scan_date":null},"aioseo_breadcrumb":"<div class=\"aioseo-breadcrumbs\"><span class=\"aioseo-breadcrumb\">\n\t\t\t<a href=\"https:\/\/cauceecologico.org\" title=\"Home\">Home<\/a>\n\t\t<\/span><span class=\"aioseo-breadcrumb-separator\">&raquo;<\/span><span class=\"aioseo-breadcrumb\">\n\t\t\t<a href=\"https:\/\/cauceecologico.org\/?cat=1\" title=\"Uncategorized\">Uncategorized<\/a>\n\t\t<\/span><span class=\"aioseo-breadcrumb-separator\">&raquo;<\/span><span class=\"aioseo-breadcrumb\">\n\t\t\tAmparo colectivo por las irregularidades en la convocatoria a la Audiencia P\u00fablica de la Hidrov\u00eda\n\t\t<\/span><\/div>","aioseo_breadcrumb_json":[{"label":"Home","link":"https:\/\/cauceecologico.org"},{"label":"Uncategorized","link":"https:\/\/cauceecologico.org\/?cat=1"},{"label":"Amparo colectivo por las irregularidades en la convocatoria a la Audiencia P\u00fablica de la Hidrov\u00eda","link":"https:\/\/cauceecologico.org\/?p=5591"}],"_links":{"self":[{"href":"https:\/\/cauceecologico.org\/index.php?rest_route=\/wp\/v2\/posts\/5591","targetHints":{"allow":["GET"]}}],"collection":[{"href":"https:\/\/cauceecologico.org\/index.php?rest_route=\/wp\/v2\/posts"}],"about":[{"href":"https:\/\/cauceecologico.org\/index.php?rest_route=\/wp\/v2\/types\/post"}],"author":[{"embeddable":true,"href":"https:\/\/cauceecologico.org\/index.php?rest_route=\/wp\/v2\/users\/2"}],"replies":[{"embeddable":true,"href":"https:\/\/cauceecologico.org\/index.php?rest_route=%2Fwp%2Fv2%2Fcomments&post=5591"}],"version-history":[{"count":3,"href":"https:\/\/cauceecologico.org\/index.php?rest_route=\/wp\/v2\/posts\/5591\/revisions"}],"predecessor-version":[{"id":5598,"href":"https:\/\/cauceecologico.org\/index.php?rest_route=\/wp\/v2\/posts\/5591\/revisions\/5598"}],"wp:featuredmedia":[{"embeddable":true,"href":"https:\/\/cauceecologico.org\/index.php?rest_route=\/wp\/v2\/media\/2170"}],"wp:attachment":[{"href":"https:\/\/cauceecologico.org\/index.php?rest_route=%2Fwp%2Fv2%2Fmedia&parent=5591"}],"wp:term":[{"taxonomy":"category","embeddable":true,"href":"https:\/\/cauceecologico.org\/index.php?rest_route=%2Fwp%2Fv2%2Fcategories&post=5591"},{"taxonomy":"post_tag","embeddable":true,"href":"https:\/\/cauceecologico.org\/index.php?rest_route=%2Fwp%2Fv2%2Ftags&post=5591"}],"curies":[{"name":"wp","href":"https:\/\/api.w.org\/{rel}","templated":true}]}}