{"id":5712,"date":"2026-02-18T14:29:06","date_gmt":"2026-02-18T14:29:06","guid":{"rendered":"https:\/\/cauceecologico.org\/?p=5712"},"modified":"2026-02-18T14:29:41","modified_gmt":"2026-02-18T14:29:41","slug":"busquedas-laborales-activas-en-cauce","status":"publish","type":"post","link":"https:\/\/cauceecologico.org\/?p=5712","title":{"rendered":"B\u00fasquedas laborales activas en CAUCE"},"content":{"rendered":"<p>Fundaci\u00f3n CAUCE abre convocatoria para incorporar <strong>dos perfiles profesionales<\/strong> a las \u00e1reas de Comunicaci\u00f3n, Educaci\u00f3n y Cultura y de Incidencia, Derechos Humanos y Democracia Ambiental.<\/p>\n<p>En el primer caso, se busca una persona con formaci\u00f3n en Comunicaci\u00f3n, Educaci\u00f3n, Ciencias Sociales, Gesti\u00f3n Cultural o carreras afines, con un perfil creativo, organizado y con iniciativa, que pueda <strong>articular estrategias de comunicaci\u00f3n institucional con propuestas educativas y culturales<\/strong> vinculadas a la justicia ambiental, los derechos humanos y la participaci\u00f3n ciudadana.<\/p>\n<p>Para el \u00c1rea de Incidencia, se busca un <strong>abogado\/a con inter\u00e9s en el derecho ambiental y la justicia socioecol\u00f3gica<\/strong>, con capacidad de an\u00e1lisis, redacci\u00f3n y trabajo en equipo interdisciplinario.<\/p>\n<p>En ambos casos, la modalidad de trabajo es <strong>presencial <\/strong>(Paran\u00e1, Entre R\u00edos) con <strong>dedicaci\u00f3n horaria a convenir<\/strong>.<\/p>\n<p>&nbsp;<\/p>\n<h5><strong>C\u00f3mo postularse<\/strong><\/h5>\n<p>&#x1f517; Para conocer <strong>responsabilidades principales, requisitos<\/strong>\u00a0<strong>y c\u00f3mo postular<\/strong> para el puesto para el \u00c1rea de Comunicaci\u00f3n, Educaci\u00f3n y Cultura <strong><a href=\"http:\/\/cauceecologico.org\/wp-content\/uploads\/2026\/02\/Busqueda-laboral-Comunicacion.pdf\">segu\u00ed este enlace<\/a><\/strong><\/p>\n<p>&#x1f517; Para conocer <strong>responsabilidades principales, requisitos y c\u00f3mo postular<\/strong> para el puesto en el \u00c1rea de Incidencia, Derechos Humanos y Democracia Ambiental <strong><a href=\"http:\/\/cauceecologico.org\/wp-content\/uploads\/2026\/02\/busqueda-laboral-Abogacia.pdf\">segu\u00ed este enlace<\/a><\/strong><\/p>\n<p>&nbsp;<\/p>\n<p>&nbsp;<\/p>\n","protected":false},"excerpt":{"rendered":"<p>Fundaci\u00f3n CAUCE abre convocatoria para incorporar dos perfiles profesionales a las \u00e1reas de Comunicaci\u00f3n, Educaci\u00f3n y Cultura y de Incidencia, Derechos Humanos y Democracia Ambiental. En el primer caso, se busca una persona con formaci\u00f3n en Comunicaci\u00f3n, Educaci\u00f3n, Ciencias Sociales, Gesti\u00f3n Cultural o carreras afines, con un perfil creativo, organizado y con iniciativa, que pueda [&hellip;]<\/p>\n","protected":false},"author":5,"featured_media":5716,"comment_status":"open","ping_status":"open","sticky":false,"template":"","format":"standard","meta":{"om_disable_all_campaigns":false,"_monsterinsights_skip_tracking":false,"amp_status":"","footnotes":""},"categories":[5,1],"tags":[],"class_list":["post-5712","post","type-post","status-publish","format-standard","has-post-thumbnail","hentry","category-noticias","category-uncategorized"],"aioseo_notices":[],"aioseo_head":"\n\t\t<!-- All in One SEO 4.9.10 - aioseo.com -->\n\t<meta name=\"description\" content=\"Fundaci\u00f3n CAUCE abre convocatoria para incorporar dos perfiles profesionales a las \u00e1reas de Comunicaci\u00f3n, Educaci\u00f3n y Cultura y de Incidencia, Derechos Humanos y Democracia Ambiental. En el primer caso, se busca una persona con formaci\u00f3n en Comunicaci\u00f3n, Educaci\u00f3n, Ciencias Sociales, Gesti\u00f3n Cultural o carreras afines, con un perfil creativo, organizado y con iniciativa, que pueda\" \/>\n\t<meta name=\"robots\" content=\"max-image-preview:large\" \/>\n\t<meta name=\"author\" content=\"Rocio Fernadez Dobal\"\/>\n\t<link rel=\"canonical\" href=\"https:\/\/cauceecologico.org\/?p=5712\" \/>\n\t<meta name=\"generator\" content=\"All in One SEO (AIOSEO) 4.9.10\" \/>\n\t\t<meta property=\"og:locale\" content=\"es_ES\" \/>\n\t\t<meta property=\"og:site_name\" content=\"CAUCE - Cultura Ambiental - Causa Ecologista\" \/>\n\t\t<meta property=\"og:type\" content=\"article\" \/>\n\t\t<meta property=\"og:title\" content=\"B\u00fasquedas laborales activas en CAUCE - CAUCE\" \/>\n\t\t<meta property=\"og:description\" content=\"Fundaci\u00f3n CAUCE abre convocatoria para incorporar dos perfiles profesionales a las \u00e1reas de Comunicaci\u00f3n, Educaci\u00f3n y Cultura y de Incidencia, Derechos Humanos y Democracia Ambiental. En el primer caso, se busca una persona con formaci\u00f3n en Comunicaci\u00f3n, Educaci\u00f3n, Ciencias Sociales, Gesti\u00f3n Cultural o carreras afines, con un perfil creativo, organizado y con iniciativa, que pueda\" \/>\n\t\t<meta property=\"og:url\" content=\"https:\/\/cauceecologico.org\/?p=5712\" \/>\n\t\t<meta property=\"article:published_time\" content=\"2026-02-18T14:29:06+00:00\" \/>\n\t\t<meta property=\"article:modified_time\" content=\"2026-02-18T14:29:41+00:00\" \/>\n\t\t<meta name=\"twitter:card\" content=\"summary_large_image\" \/>\n\t\t<meta name=\"twitter:title\" content=\"B\u00fasquedas laborales activas en CAUCE - CAUCE\" \/>\n\t\t<meta name=\"twitter:description\" content=\"Fundaci\u00f3n CAUCE abre convocatoria para incorporar dos perfiles profesionales a las \u00e1reas de Comunicaci\u00f3n, Educaci\u00f3n y Cultura y de Incidencia, Derechos Humanos y Democracia Ambiental. En el primer caso, se busca una persona con formaci\u00f3n en Comunicaci\u00f3n, Educaci\u00f3n, Ciencias Sociales, Gesti\u00f3n Cultural o carreras afines, con un perfil creativo, organizado y con iniciativa, que pueda\" \/>\n\t\t<script type=\"application\/ld+json\" class=\"aioseo-schema\">\n\t\t\t{\"@context\":\"https:\\\/\\\/schema.org\",\"@graph\":[{\"@type\":\"BlogPosting\",\"@id\":\"https:\\\/\\\/cauceecologico.org\\\/?p=5712#blogposting\",\"name\":\"B\\u00fasquedas laborales activas en CAUCE - CAUCE\",\"headline\":\"B\\u00fasquedas laborales activas en CAUCE\",\"author\":{\"@id\":\"https:\\\/\\\/cauceecologico.org\\\/?author=5#author\"},\"publisher\":{\"@id\":\"https:\\\/\\\/cauceecologico.org\\\/#organization\"},\"image\":{\"@type\":\"ImageObject\",\"url\":\"https:\\\/\\\/cauceecologico.org\\\/wp-content\\\/uploads\\\/2026\\\/02\\\/laboralMesa-de-trabajo-5.png\",\"width\":1280,\"height\":717},\"datePublished\":\"2026-02-18T14:29:06+00:00\",\"dateModified\":\"2026-02-18T14:29:41+00:00\",\"inLanguage\":\"es-ES\",\"mainEntityOfPage\":{\"@id\":\"https:\\\/\\\/cauceecologico.org\\\/?p=5712#webpage\"},\"isPartOf\":{\"@id\":\"https:\\\/\\\/cauceecologico.org\\\/?p=5712#webpage\"},\"articleSection\":\"Noticias, Uncategorized\"},{\"@type\":\"BreadcrumbList\",\"@id\":\"https:\\\/\\\/cauceecologico.org\\\/?p=5712#breadcrumblist\",\"itemListElement\":[{\"@type\":\"ListItem\",\"@id\":\"https:\\\/\\\/cauceecologico.org#listItem\",\"position\":1,\"name\":\"Home\",\"item\":\"https:\\\/\\\/cauceecologico.org\",\"nextItem\":{\"@type\":\"ListItem\",\"@id\":\"https:\\\/\\\/cauceecologico.org\\\/?cat=1#listItem\",\"name\":\"Uncategorized\"}},{\"@type\":\"ListItem\",\"@id\":\"https:\\\/\\\/cauceecologico.org\\\/?cat=1#listItem\",\"position\":2,\"name\":\"Uncategorized\",\"item\":\"https:\\\/\\\/cauceecologico.org\\\/?cat=1\",\"nextItem\":{\"@type\":\"ListItem\",\"@id\":\"https:\\\/\\\/cauceecologico.org\\\/?p=5712#listItem\",\"name\":\"B\\u00fasquedas laborales activas en CAUCE\"},\"previousItem\":{\"@type\":\"ListItem\",\"@id\":\"https:\\\/\\\/cauceecologico.org#listItem\",\"name\":\"Home\"}},{\"@type\":\"ListItem\",\"@id\":\"https:\\\/\\\/cauceecologico.org\\\/?p=5712#listItem\",\"position\":3,\"name\":\"B\\u00fasquedas laborales activas en CAUCE\",\"previousItem\":{\"@type\":\"ListItem\",\"@id\":\"https:\\\/\\\/cauceecologico.org\\\/?cat=1#listItem\",\"name\":\"Uncategorized\"}}]},{\"@type\":\"Organization\",\"@id\":\"https:\\\/\\\/cauceecologico.org\\\/#organization\",\"name\":\"CAUCE\",\"description\":\"Cultura Ambiental - Causa Ecologista\",\"url\":\"https:\\\/\\\/cauceecologico.org\\\/\"},{\"@type\":\"Person\",\"@id\":\"https:\\\/\\\/cauceecologico.org\\\/?author=5#author\",\"url\":\"https:\\\/\\\/cauceecologico.org\\\/?author=5\",\"name\":\"Rocio Fernadez Dobal\",\"image\":{\"@type\":\"ImageObject\",\"@id\":\"https:\\\/\\\/cauceecologico.org\\\/?p=5712#authorImage\",\"url\":\"https:\\\/\\\/secure.gravatar.com\\\/avatar\\\/0e12a66c907f8480df050de074b5b58070b1d7ad51f067e186cffc71e35dfa04?s=96&d=mm&r=g\",\"width\":96,\"height\":96,\"caption\":\"Rocio Fernadez Dobal\"}},{\"@type\":\"WebPage\",\"@id\":\"https:\\\/\\\/cauceecologico.org\\\/?p=5712#webpage\",\"url\":\"https:\\\/\\\/cauceecologico.org\\\/?p=5712\",\"name\":\"B\\u00fasquedas laborales activas en CAUCE - CAUCE\",\"description\":\"Fundaci\\u00f3n CAUCE abre convocatoria para incorporar dos perfiles profesionales a las \\u00e1reas de Comunicaci\\u00f3n, Educaci\\u00f3n y Cultura y de Incidencia, Derechos Humanos y Democracia Ambiental. En el primer caso, se busca una persona con formaci\\u00f3n en Comunicaci\\u00f3n, Educaci\\u00f3n, Ciencias Sociales, Gesti\\u00f3n Cultural o carreras afines, con un perfil creativo, organizado y con iniciativa, que pueda\",\"inLanguage\":\"es-ES\",\"isPartOf\":{\"@id\":\"https:\\\/\\\/cauceecologico.org\\\/#website\"},\"breadcrumb\":{\"@id\":\"https:\\\/\\\/cauceecologico.org\\\/?p=5712#breadcrumblist\"},\"author\":{\"@id\":\"https:\\\/\\\/cauceecologico.org\\\/?author=5#author\"},\"creator\":{\"@id\":\"https:\\\/\\\/cauceecologico.org\\\/?author=5#author\"},\"image\":{\"@type\":\"ImageObject\",\"url\":\"https:\\\/\\\/cauceecologico.org\\\/wp-content\\\/uploads\\\/2026\\\/02\\\/laboralMesa-de-trabajo-5.png\",\"@id\":\"https:\\\/\\\/cauceecologico.org\\\/?p=5712\\\/#mainImage\",\"width\":1280,\"height\":717},\"primaryImageOfPage\":{\"@id\":\"https:\\\/\\\/cauceecologico.org\\\/?p=5712#mainImage\"},\"datePublished\":\"2026-02-18T14:29:06+00:00\",\"dateModified\":\"2026-02-18T14:29:41+00:00\"},{\"@type\":\"WebSite\",\"@id\":\"https:\\\/\\\/cauceecologico.org\\\/#website\",\"url\":\"https:\\\/\\\/cauceecologico.org\\\/\",\"name\":\"CAUCE\",\"description\":\"Cultura Ambiental - Causa Ecologista\",\"inLanguage\":\"es-ES\",\"publisher\":{\"@id\":\"https:\\\/\\\/cauceecologico.org\\\/#organization\"}}]}\n\t\t<\/script>\n\t\t<!-- All in One SEO -->\n\n","aioseo_head_json":{"title":"B\u00fasquedas laborales activas en CAUCE - CAUCE","description":"Fundaci\u00f3n CAUCE abre convocatoria para incorporar dos perfiles profesionales a las \u00e1reas de Comunicaci\u00f3n, Educaci\u00f3n y Cultura y de Incidencia, Derechos Humanos y Democracia Ambiental. En el primer caso, se busca una persona con formaci\u00f3n en Comunicaci\u00f3n, Educaci\u00f3n, Ciencias Sociales, Gesti\u00f3n Cultural o carreras afines, con un perfil creativo, organizado y con iniciativa, que pueda","canonical_url":"https:\/\/cauceecologico.org\/?p=5712","robots":"max-image-preview:large","keywords":"","webmasterTools":{"miscellaneous":""},"schema":{"@context":"https:\/\/schema.org","@graph":[{"@type":"BlogPosting","@id":"https:\/\/cauceecologico.org\/?p=5712#blogposting","name":"B\u00fasquedas laborales activas en CAUCE - CAUCE","headline":"B\u00fasquedas laborales activas en CAUCE","author":{"@id":"https:\/\/cauceecologico.org\/?author=5#author"},"publisher":{"@id":"https:\/\/cauceecologico.org\/#organization"},"image":{"@type":"ImageObject","url":"https:\/\/cauceecologico.org\/wp-content\/uploads\/2026\/02\/laboralMesa-de-trabajo-5.png","width":1280,"height":717},"datePublished":"2026-02-18T14:29:06+00:00","dateModified":"2026-02-18T14:29:41+00:00","inLanguage":"es-ES","mainEntityOfPage":{"@id":"https:\/\/cauceecologico.org\/?p=5712#webpage"},"isPartOf":{"@id":"https:\/\/cauceecologico.org\/?p=5712#webpage"},"articleSection":"Noticias, Uncategorized"},{"@type":"BreadcrumbList","@id":"https:\/\/cauceecologico.org\/?p=5712#breadcrumblist","itemListElement":[{"@type":"ListItem","@id":"https:\/\/cauceecologico.org#listItem","position":1,"name":"Home","item":"https:\/\/cauceecologico.org","nextItem":{"@type":"ListItem","@id":"https:\/\/cauceecologico.org\/?cat=1#listItem","name":"Uncategorized"}},{"@type":"ListItem","@id":"https:\/\/cauceecologico.org\/?cat=1#listItem","position":2,"name":"Uncategorized","item":"https:\/\/cauceecologico.org\/?cat=1","nextItem":{"@type":"ListItem","@id":"https:\/\/cauceecologico.org\/?p=5712#listItem","name":"B\u00fasquedas laborales activas en CAUCE"},"previousItem":{"@type":"ListItem","@id":"https:\/\/cauceecologico.org#listItem","name":"Home"}},{"@type":"ListItem","@id":"https:\/\/cauceecologico.org\/?p=5712#listItem","position":3,"name":"B\u00fasquedas laborales activas en CAUCE","previousItem":{"@type":"ListItem","@id":"https:\/\/cauceecologico.org\/?cat=1#listItem","name":"Uncategorized"}}]},{"@type":"Organization","@id":"https:\/\/cauceecologico.org\/#organization","name":"CAUCE","description":"Cultura Ambiental - Causa Ecologista","url":"https:\/\/cauceecologico.org\/"},{"@type":"Person","@id":"https:\/\/cauceecologico.org\/?author=5#author","url":"https:\/\/cauceecologico.org\/?author=5","name":"Rocio Fernadez Dobal","image":{"@type":"ImageObject","@id":"https:\/\/cauceecologico.org\/?p=5712#authorImage","url":"https:\/\/secure.gravatar.com\/avatar\/0e12a66c907f8480df050de074b5b58070b1d7ad51f067e186cffc71e35dfa04?s=96&d=mm&r=g","width":96,"height":96,"caption":"Rocio Fernadez Dobal"}},{"@type":"WebPage","@id":"https:\/\/cauceecologico.org\/?p=5712#webpage","url":"https:\/\/cauceecologico.org\/?p=5712","name":"B\u00fasquedas laborales activas en CAUCE - CAUCE","description":"Fundaci\u00f3n CAUCE abre convocatoria para incorporar dos perfiles profesionales a las \u00e1reas de Comunicaci\u00f3n, Educaci\u00f3n y Cultura y de Incidencia, Derechos Humanos y Democracia Ambiental. En el primer caso, se busca una persona con formaci\u00f3n en Comunicaci\u00f3n, Educaci\u00f3n, Ciencias Sociales, Gesti\u00f3n Cultural o carreras afines, con un perfil creativo, organizado y con iniciativa, que pueda","inLanguage":"es-ES","isPartOf":{"@id":"https:\/\/cauceecologico.org\/#website"},"breadcrumb":{"@id":"https:\/\/cauceecologico.org\/?p=5712#breadcrumblist"},"author":{"@id":"https:\/\/cauceecologico.org\/?author=5#author"},"creator":{"@id":"https:\/\/cauceecologico.org\/?author=5#author"},"image":{"@type":"ImageObject","url":"https:\/\/cauceecologico.org\/wp-content\/uploads\/2026\/02\/laboralMesa-de-trabajo-5.png","@id":"https:\/\/cauceecologico.org\/?p=5712\/#mainImage","width":1280,"height":717},"primaryImageOfPage":{"@id":"https:\/\/cauceecologico.org\/?p=5712#mainImage"},"datePublished":"2026-02-18T14:29:06+00:00","dateModified":"2026-02-18T14:29:41+00:00"},{"@type":"WebSite","@id":"https:\/\/cauceecologico.org\/#website","url":"https:\/\/cauceecologico.org\/","name":"CAUCE","description":"Cultura Ambiental - Causa Ecologista","inLanguage":"es-ES","publisher":{"@id":"https:\/\/cauceecologico.org\/#organization"}}]},"og:locale":"es_ES","og:site_name":"CAUCE - Cultura Ambiental - Causa Ecologista","og:type":"article","og:title":"B\u00fasquedas laborales activas en CAUCE - CAUCE","og:description":"Fundaci\u00f3n CAUCE abre convocatoria para incorporar dos perfiles profesionales a las \u00e1reas de Comunicaci\u00f3n, Educaci\u00f3n y Cultura y de Incidencia, Derechos Humanos y Democracia Ambiental. En el primer caso, se busca una persona con formaci\u00f3n en Comunicaci\u00f3n, Educaci\u00f3n, Ciencias Sociales, Gesti\u00f3n Cultural o carreras afines, con un perfil creativo, organizado y con iniciativa, que pueda","og:url":"https:\/\/cauceecologico.org\/?p=5712","article:published_time":"2026-02-18T14:29:06+00:00","article:modified_time":"2026-02-18T14:29:41+00:00","twitter:card":"summary_large_image","twitter:title":"B\u00fasquedas laborales activas en CAUCE - CAUCE","twitter:description":"Fundaci\u00f3n CAUCE abre convocatoria para incorporar dos perfiles profesionales a las \u00e1reas de Comunicaci\u00f3n, Educaci\u00f3n y Cultura y de Incidencia, Derechos Humanos y Democracia Ambiental. En el primer caso, se busca una persona con formaci\u00f3n en Comunicaci\u00f3n, Educaci\u00f3n, Ciencias Sociales, Gesti\u00f3n Cultural o carreras afines, con un perfil creativo, organizado y con iniciativa, que pueda"},"aioseo_meta_data":{"post_id":"5712","title":null,"description":null,"keywords":[],"keyphrases":{"focus":{"keyphrase":"","score":0,"analysis":{"keyphraseInTitle":{"score":0,"maxScore":9,"error":1}}},"additional":[]},"primary_term":null,"canonical_url":null,"og_title":null,"og_description":null,"og_object_type":"default","og_image_type":"default","og_image_url":null,"og_image_width":null,"og_image_height":null,"og_image_custom_url":null,"og_image_custom_fields":null,"og_video":"","og_custom_url":null,"og_article_section":null,"og_article_tags":[],"twitter_use_og":false,"twitter_card":"default","twitter_image_type":"default","twitter_image_url":null,"twitter_image_custom_url":null,"twitter_image_custom_fields":null,"twitter_title":null,"twitter_description":null,"schema":{"blockGraphs":[],"customGraphs":[],"default":{"data":{"Article":[],"Course":[],"Dataset":[],"FAQPage":[],"Movie":[],"Person":[],"Product":[],"ProductReview":[],"Car":[],"Recipe":[],"Service":[],"SoftwareApplication":[],"WebPage":[]},"graphName":"","isEnabled":true},"graphs":[]},"schema_type":"default","schema_type_options":null,"pillar_content":false,"robots_default":true,"robots_noindex":false,"robots_noarchive":false,"robots_nosnippet":false,"robots_nofollow":false,"robots_noimageindex":false,"robots_noodp":false,"robots_notranslate":false,"robots_max_snippet":"-1","robots_max_videopreview":"-1","robots_max_imagepreview":"large","priority":0,"frequency":"default","local_seo":null,"limit_modified_date":false,"created":"2026-02-18 11:38:46","updated":"2026-07-28 02:29:00","ai":null,"breadcrumb_settings":null,"seo_analyzer_scan_date":null},"aioseo_breadcrumb":"<div class=\"aioseo-breadcrumbs\"><span class=\"aioseo-breadcrumb\">\n\t\t\t<a href=\"https:\/\/cauceecologico.org\" title=\"Home\">Home<\/a>\n\t\t<\/span><span class=\"aioseo-breadcrumb-separator\">&raquo;<\/span><span class=\"aioseo-breadcrumb\">\n\t\t\t<a href=\"https:\/\/cauceecologico.org\/?cat=1\" title=\"Uncategorized\">Uncategorized<\/a>\n\t\t<\/span><span class=\"aioseo-breadcrumb-separator\">&raquo;<\/span><span class=\"aioseo-breadcrumb\">\n\t\t\tB\u00fasquedas laborales activas en CAUCE\n\t\t<\/span><\/div>","aioseo_breadcrumb_json":[{"label":"Home","link":"https:\/\/cauceecologico.org"},{"label":"Uncategorized","link":"https:\/\/cauceecologico.org\/?cat=1"},{"label":"B\u00fasquedas laborales activas en CAUCE","link":"https:\/\/cauceecologico.org\/?p=5712"}],"_links":{"self":[{"href":"https:\/\/cauceecologico.org\/index.php?rest_route=\/wp\/v2\/posts\/5712","targetHints":{"allow":["GET"]}}],"collection":[{"href":"https:\/\/cauceecologico.org\/index.php?rest_route=\/wp\/v2\/posts"}],"about":[{"href":"https:\/\/cauceecologico.org\/index.php?rest_route=\/wp\/v2\/types\/post"}],"author":[{"embeddable":true,"href":"https:\/\/cauceecologico.org\/index.php?rest_route=\/wp\/v2\/users\/5"}],"replies":[{"embeddable":true,"href":"https:\/\/cauceecologico.org\/index.php?rest_route=%2Fwp%2Fv2%2Fcomments&post=5712"}],"version-history":[{"count":1,"href":"https:\/\/cauceecologico.org\/index.php?rest_route=\/wp\/v2\/posts\/5712\/revisions"}],"predecessor-version":[{"id":5715,"href":"https:\/\/cauceecologico.org\/index.php?rest_route=\/wp\/v2\/posts\/5712\/revisions\/5715"}],"wp:featuredmedia":[{"embeddable":true,"href":"https:\/\/cauceecologico.org\/index.php?rest_route=\/wp\/v2\/media\/5716"}],"wp:attachment":[{"href":"https:\/\/cauceecologico.org\/index.php?rest_route=%2Fwp%2Fv2%2Fmedia&parent=5712"}],"wp:term":[{"taxonomy":"category","embeddable":true,"href":"https:\/\/cauceecologico.org\/index.php?rest_route=%2Fwp%2Fv2%2Fcategories&post=5712"},{"taxonomy":"post_tag","embeddable":true,"href":"https:\/\/cauceecologico.org\/index.php?rest_route=%2Fwp%2Fv2%2Ftags&post=5712"}],"curies":[{"name":"wp","href":"https:\/\/api.w.org\/{rel}","templated":true}]}}