{"id":5732,"date":"2026-03-16T15:19:16","date_gmt":"2026-03-16T15:19:16","guid":{"rendered":"https:\/\/cauceecologico.org\/?p=5732"},"modified":"2026-04-25T14:05:01","modified_gmt":"2026-04-25T14:05:01","slug":"solicitamos-informacion-ambiental-sobre-el-proyecto-de-combustibles-sinteticos-en-paysandu","status":"publish","type":"post","link":"https:\/\/cauceecologico.org\/?p=5732","title":{"rendered":"Solicitamos informaci\u00f3n ambiental a Uruguay sobre el proyecto de combustibles sint\u00e9ticos en Paysand\u00fa"},"content":{"rendered":"<p><strong>Ante la posible instalaci\u00f3n de una planta de combustibles sint\u00e9ticos en Paysand\u00fa, solicitamos al Ministerio de Ambiente de Uruguay acceso a informaci\u00f3n p\u00fablica ambiental para conocer los estudios, permisos y evaluaciones del proyecto impulsado por HIF Global.<\/strong><\/p>\n<p><span class=\"hover:entity-accent entity-underline inline cursor-pointer align-baseline\"><span class=\"whitespace-normal\">Desde<\/span><\/span><strong data-start=\"438\" data-end=\"479\"><span class=\"hover:entity-accent entity-underline inline cursor-pointer align-baseline\"><span class=\"whitespace-normal\"> Fundaci\u00f3n CAUCE: Cultura Ambiental &#8211; Causa Ecologista <\/span><\/span><\/strong><span class=\"hover:entity-accent entity-underline inline cursor-pointer align-baseline\"><span class=\"whitespace-normal\">presentamos<\/span><\/span> junto a ciudadanos y organizaciones de la sociedad civil de la regi\u00f3n del R\u00edo Uruguay un <strong data-start=\"555\" data-end=\"606\">pedido de acceso a informaci\u00f3n p\u00fablica ambiental<\/strong> ante el Ministerio de Ambiente de <span class=\"hover:entity-accent entity-underline inline cursor-pointer align-baseline\"><span class=\"whitespace-normal\">Uruguay<\/span><\/span> sobre el proyecto de planta de combustibles sint\u00e9ticos que la empresa <span class=\"hover:entity-accent entity-underline inline cursor-pointer align-baseline\"><span class=\"whitespace-normal\">HIF Global<\/span><\/span> impulsa en el departamento de <span class=\"hover:entity-accent entity-underline inline cursor-pointer align-baseline\"><span class=\"whitespace-normal\">Paysand\u00fa<\/span><\/span>.<\/p>\n<p>Las organizaciones firmantes se\u00f1alamos que el proyecto industrial podr\u00eda generar impactos ambientales potenciales en la cuenca compartida del r\u00edo Uruguay, lo que vuelve especialmente relevante el acceso a informaci\u00f3n p\u00fablica que permita evaluar sus posibles efectos para las comunidades de ambos pa\u00edses.<\/p>\n<p data-start=\"1523\" data-end=\"1683\">En este sentido, el pedido de informaci\u00f3n solicita al Ministerio de Ambiente uruguayo que brinde acceso a documentaci\u00f3n clave vinculada al proyecto, a saber:<\/p>\n<ul data-start=\"1685\" data-end=\"2296\">\n<li data-section-id=\"16aamav\" data-start=\"1685\" data-end=\"1727\">\n<p data-start=\"1687\" data-end=\"1727\">el expediente administrativo completo<\/p>\n<\/li>\n<li data-section-id=\"1xkxg9x\" data-start=\"1728\" data-end=\"1796\">\n<p data-start=\"1730\" data-end=\"1796\">estudios de prefactibilidad y evaluaciones de impacto ambiental<\/p>\n<\/li>\n<li data-section-id=\"8a11wq\" data-start=\"1797\" data-end=\"1854\">\n<p data-start=\"1799\" data-end=\"1854\">informes t\u00e9cnicos elaborados por organismos p\u00fablicos<\/p>\n<\/li>\n<li data-section-id=\"1yokn6o\" data-start=\"1855\" data-end=\"1899\">\n<p data-start=\"1857\" data-end=\"1899\">resoluciones o autorizaciones otorgadas<\/p>\n<\/li>\n<li data-section-id=\"s1du7q\" data-start=\"1900\" data-end=\"1967\">\n<p data-start=\"1902\" data-end=\"1967\">informaci\u00f3n sobre uso de agua, emisiones, efluentes y residuos<\/p>\n<\/li>\n<li data-section-id=\"jv0xn4\" data-start=\"1968\" data-end=\"2032\">\n<p data-start=\"1970\" data-end=\"2032\">evaluaciones de impactos ambientales, sociales y sanitarios<\/p>\n<\/li>\n<li data-section-id=\"1mvgfnr\" data-start=\"2033\" data-end=\"2088\">\n<p data-start=\"2035\" data-end=\"2088\">an\u00e1lisis de posibles impactos transfronterizos<\/p>\n<\/li>\n<li data-section-id=\"xueann\" data-start=\"2089\" data-end=\"2152\">\n<p data-start=\"2091\" data-end=\"2152\">instancias de participaci\u00f3n p\u00fablica realizadas o previstas<\/p>\n<\/li>\n<li data-section-id=\"1to8fh5\" data-start=\"2153\" data-end=\"2205\">\n<p data-start=\"2155\" data-end=\"2205\">convenios entre el Estado uruguayo y la empresa<\/p>\n<\/li>\n<li data-section-id=\"isbk5q\" data-start=\"2206\" data-end=\"2296\">\n<p data-start=\"2208\" data-end=\"2296\">comunicaciones con el Estado argentino o con la <span class=\"hover:entity-accent entity-underline inline cursor-pointer align-baseline\"><span class=\"whitespace-normal\">Comisi\u00f3n Administradora del R\u00edo Uruguay<\/span><\/span><\/p>\n<\/li>\n<\/ul>\n<p data-start=\"2298\" data-end=\"2546\">Tambi\u00e9n se solicita informaci\u00f3n sobre decisiones vinculadas a la localizaci\u00f3n del proyecto en relaci\u00f3n con el \u00e1rea natural protegida <strong data-start=\"2431\" data-end=\"2472\"><span class=\"hover:entity-accent entity-underline inline cursor-pointer align-baseline\"><span class=\"whitespace-normal\">Islas del Queguay<\/span><\/span><\/strong>, incorporada al Sistema Nacional de \u00c1reas Protegidas de Uruguay en 2025.<\/p>\n<p data-start=\"2548\" data-end=\"2839\">Destacamos que <strong data-start=\"2588\" data-end=\"2720\">el acceso a esta informaci\u00f3n es fundamental para garantizar el control democr\u00e1tico y la participaci\u00f3n informada de la ciudadan\u00eda<\/strong>, derechos reconocidos por el <strong><span class=\"hover:entity-accent entity-underline inline cursor-pointer align-baseline\"><span class=\"whitespace-normal\">Acuerdo de Escaz\u00fa<\/span><\/span><\/strong>, especialmente cuando se trata de proyectos industriales con posibles impactos ambientales en ecosistemas compartidos.<\/p>\n<p data-start=\"2841\" data-end=\"3116\">La solicitud tambi\u00e9n recuerda que el derecho de acceso a la informaci\u00f3n p\u00fablica ha sido reconocido como un derecho humano por la jurisprudencia del sistema interamericano, y que los Estados tienen la obligaci\u00f3n de prevenir da\u00f1os ambientales que puedan afectar a otros pa\u00edses.<\/p>\n<p data-start=\"2841\" data-end=\"3116\">Foto de portada: La Rep\u00fablica Medios<\/p>\n<p style=\"text-align: right;\" data-start=\"2841\" data-end=\"3116\">Fecha: 16\/3\/26<\/p>\n<p data-start=\"2841\" data-end=\"3116\">\n","protected":false},"excerpt":{"rendered":"<p>Ante la posible instalaci\u00f3n de una planta de combustibles sint\u00e9ticos en Paysand\u00fa, solicitamos al Ministerio de Ambiente de Uruguay acceso a informaci\u00f3n p\u00fablica ambiental para conocer los estudios, permisos y evaluaciones del proyecto impulsado por HIF Global. Desde Fundaci\u00f3n CAUCE: Cultura Ambiental &#8211; Causa Ecologista presentamos junto a ciudadanos y organizaciones de la sociedad civil [&hellip;]<\/p>\n","protected":false},"author":5,"featured_media":5735,"comment_status":"open","ping_status":"open","sticky":false,"template":"","format":"standard","meta":{"om_disable_all_campaigns":false,"_monsterinsights_skip_tracking":false,"_monsterinsights_sitenote_active":false,"_monsterinsights_sitenote_note":"","_monsterinsights_sitenote_category":0,"amp_status":"","footnotes":""},"categories":[277,111,112],"tags":[],"class_list":["post-5732","post","type-post","status-publish","format-standard","has-post-thumbnail","hentry","category-acciones-de-monitoreo","category-info-publica","category-rios-libres"],"aioseo_notices":[],"_links":{"self":[{"href":"https:\/\/cauceecologico.org\/index.php?rest_route=\/wp\/v2\/posts\/5732","targetHints":{"allow":["GET"]}}],"collection":[{"href":"https:\/\/cauceecologico.org\/index.php?rest_route=\/wp\/v2\/posts"}],"about":[{"href":"https:\/\/cauceecologico.org\/index.php?rest_route=\/wp\/v2\/types\/post"}],"author":[{"embeddable":true,"href":"https:\/\/cauceecologico.org\/index.php?rest_route=\/wp\/v2\/users\/5"}],"replies":[{"embeddable":true,"href":"https:\/\/cauceecologico.org\/index.php?rest_route=%2Fwp%2Fv2%2Fcomments&post=5732"}],"version-history":[{"count":4,"href":"https:\/\/cauceecologico.org\/index.php?rest_route=\/wp\/v2\/posts\/5732\/revisions"}],"predecessor-version":[{"id":5737,"href":"https:\/\/cauceecologico.org\/index.php?rest_route=\/wp\/v2\/posts\/5732\/revisions\/5737"}],"wp:featuredmedia":[{"embeddable":true,"href":"https:\/\/cauceecologico.org\/index.php?rest_route=\/wp\/v2\/media\/5735"}],"wp:attachment":[{"href":"https:\/\/cauceecologico.org\/index.php?rest_route=%2Fwp%2Fv2%2Fmedia&parent=5732"}],"wp:term":[{"taxonomy":"category","embeddable":true,"href":"https:\/\/cauceecologico.org\/index.php?rest_route=%2Fwp%2Fv2%2Fcategories&post=5732"},{"taxonomy":"post_tag","embeddable":true,"href":"https:\/\/cauceecologico.org\/index.php?rest_route=%2Fwp%2Fv2%2Ftags&post=5732"}],"curies":[{"name":"wp","href":"https:\/\/api.w.org\/{rel}","templated":true}]}}