{"id":5768,"date":"2026-04-30T19:06:15","date_gmt":"2026-04-30T19:06:15","guid":{"rendered":"https:\/\/cauceecologico.org\/?p=5768"},"modified":"2026-04-30T19:06:15","modified_gmt":"2026-04-30T19:06:15","slug":"transicion-mas-alla-de-los-combustibles-fosiles-cauce-en-la-cumbre-de-los-pueblos-y-la-conferencia-internacional","status":"publish","type":"post","link":"https:\/\/cauceecologico.org\/?p=5768","title":{"rendered":"Transici\u00f3n m\u00e1s all\u00e1 de los Combustibles F\u00f3siles: CAUCE en la Cumbre de los Pueblos y la Conferencia Internacional"},"content":{"rendered":"<p><span style=\"font-weight: 400;\">Entre el 24 y el 29 de abril de 2026, la ciudad de Santa Marta (Colombia) fue sede de la <\/span><b>Primera Conferencia Internacional para la Transici\u00f3n m\u00e1s all\u00e1 de los Combustibles F\u00f3siles<\/b><span style=\"font-weight: 400;\">, un proceso global que reuni\u00f3 a gobiernos, academia, pueblos ind\u00edgenas, organismos internacionales y sociedad civil para debatir el futuro energ\u00e9tico y clim\u00e1tico a nivel mundial.<\/span><\/p>\n<p><span style=\"font-weight: 400;\">Fundaci\u00f3n CAUCE: Cultura Ambiental \u2013 Causa Ecologista particip\u00f3 de este proceso a trav\u00e9s de su directora ejecutiva, Valeria Enderle, siendo la \u00fanica organizaci\u00f3n de Entre R\u00edos presente en estos espacios.<\/span><\/p>\n<p><span style=\"font-weight: 400;\">La participaci\u00f3n incluy\u00f3 tanto instancias oficiales como espacios de articulaci\u00f3n de la sociedad civil, que ofrecieron miradas y propuestas diferenciadas sobre los caminos hacia una transici\u00f3n energ\u00e9tica.<\/span><\/p>\n<h4><span style=\"color: #000080;\"><b>La Conferencia oficial: implementaci\u00f3n, tensiones y desaf\u00edos estructurales<\/b><\/span><\/h4>\n<p><span style=\"font-weight: 400;\">El segmento de alto nivel (28 y 29 de abril) puso el foco en un punto clave: <\/span><b>ya no se trata de discutir nuevas metas, sino de c\u00f3mo implementar la transici\u00f3n energ\u00e9tica<\/b><span style=\"font-weight: 400;\">.<\/span><\/p>\n<p><span style=\"font-weight: 400;\">Uno de los consensos m\u00e1s fuertes fue que la transici\u00f3n ya est\u00e1 en marcha y es, en t\u00e9rminos generales, irreversible. El crecimiento acelerado de las energ\u00edas renovables \u2014que hoy explican gran parte de la nueva demanda energ\u00e9tica global\u2014 fue presentado como una se\u00f1al positiva. Sin embargo, desde la sociedad civil advertimos que esta aceleraci\u00f3n no es neutra: <\/span><b>el modo en que se implementa puede reproducir las mismas l\u00f3gicas extractivas<\/b><span style=\"font-weight: 400;\">, como ocurre con proyectos de hidr\u00f3geno verde o la expansi\u00f3n de la miner\u00eda de minerales cr\u00edticos.<\/span><\/p>\n<p><span style=\"font-weight: 400;\">Otro de los ejes centrales fue reconocer que <\/span><b>la problem\u00e1tica no es \u00fanicamente energ\u00e9tica, sino estructural<\/b><span style=\"font-weight: 400;\">. La dependencia de los combustibles f\u00f3siles est\u00e1 profundamente arraigada en las econom\u00edas:<\/span><\/p>\n<ul>\n<li style=\"font-weight: 400;\" aria-level=\"1\"><span style=\"font-weight: 400;\">a nivel fiscal, por los ingresos que generan para los Estados<\/span><\/li>\n<li style=\"font-weight: 400;\" aria-level=\"1\"><span style=\"font-weight: 400;\">a nivel financiero, por la deuda y la arquitectura econ\u00f3mica global<\/span><\/li>\n<li style=\"font-weight: 400;\" aria-level=\"1\"><span style=\"font-weight: 400;\">a nivel productivo, porque muchas econom\u00edas dependen de actividades extractivas<\/span><\/li>\n<\/ul>\n<p><span style=\"font-weight: 400;\">En este sentido, la transici\u00f3n implica <\/span><b>transformaciones profundas de los modelos de desarrollo<\/b><span style=\"font-weight: 400;\">, no solo un cambio de matriz energ\u00e9tica.<\/span><\/p>\n<p><span style=\"font-weight: 400;\">Los debates se organizaron en torno a tres grandes ejes:<\/span><\/p>\n<ul>\n<li style=\"font-weight: 400;\" aria-level=\"1\"><span style=\"font-weight: 400;\">la reducci\u00f3n de la dependencia econ\u00f3mica de los combustibles f\u00f3siles<\/span><\/li>\n<li style=\"font-weight: 400;\" aria-level=\"1\"><span style=\"font-weight: 400;\">la transformaci\u00f3n de la oferta y la demanda energ\u00e9tica<\/span><\/li>\n<li style=\"font-weight: 400;\" aria-level=\"1\"><span style=\"font-weight: 400;\">el fortalecimiento de la cooperaci\u00f3n internacional<\/span><\/li>\n<\/ul>\n<p><span style=\"font-weight: 400;\">En todos ellos apareci\u00f3 como condici\u00f3n central el concepto de <\/span><b>transici\u00f3n justa<\/b><span style=\"font-weight: 400;\">: no alcanza con descarbonizar, sino que el proceso debe incorporar a trabajadores, comunidades y territorios, con enfoque de derechos y equidad.<\/span><\/p>\n<h4><span style=\"color: #000080;\"><b>Tensiones clave: deuda, extractivismo y desigualdades globales<\/b><\/span><\/h4>\n<p><span style=\"font-weight: 400;\">Durante la conferencia quedaron expuestas una serie de tensiones estructurales que condicionan las posibilidades reales de una transici\u00f3n energ\u00e9tica justa.<\/span><\/p>\n<p><span style=\"font-weight: 400;\">Por un lado, se evidenci\u00f3 la <\/span><b>fuerte dependencia fiscal de los Estados respecto de los combustibles f\u00f3siles<\/b><span style=\"font-weight: 400;\">, que contin\u00faan siendo una fuente central de ingresos p\u00fablicos en muchos pa\u00edses. A esto se suma el <\/span><b>peso de la deuda externa<\/b><span style=\"font-weight: 400;\">, que limita los m\u00e1rgenes de decisi\u00f3n y, en muchos casos, presiona a los pa\u00edses del Sur Global a profundizar modelos extractivos para sostener sus econom\u00edas y cumplir con sus compromisos financieros.<\/span><\/p>\n<p><span style=\"font-weight: 400;\">En este contexto, los <\/span><b>subsidios a los combustibles f\u00f3siles<\/b><span style=\"font-weight: 400;\"> siguen siendo un elemento cr\u00edtico. En Argentina, por ejemplo, los <\/span><strong><span style=\"color: #3366ff;\"><a style=\"color: #3366ff;\" href=\"https:\/\/farn.org.ar\/documentos\/presupuesto-ambiental-argentina-resultados-2025-proyecciones-2026\/\">subsidios destinados a empresas hidrocarbur\u00edferas<\/a><\/span><\/strong><span style=\"font-weight: 400;\"> alcanzaron los $377.824 millones en 2025, lo que representa <\/span><b>41,5 veces m\u00e1s que lo destinado al fomento de energ\u00edas renovables y eficiencia energ\u00e9tica<\/b><span style=\"font-weight: 400;\">. Este tipo de pol\u00edticas refuerza la dependencia del modelo f\u00f3sil y dificulta una transici\u00f3n efectiva.<\/span><\/p>\n<p><span style=\"font-weight: 400;\">Finalmente, se destac\u00f3 con fuerza el <\/span><b>riesgo de nuevas formas de extractivismo asociadas a la transici\u00f3n energ\u00e9tica<\/b><span style=\"font-weight: 400;\">, especialmente en relaci\u00f3n con proyectos de <\/span><a href=\"https:\/\/cauceecologico.org\/?p=5752\"><span style=\"font-weight: 400;\"><span style=\"color: #3366ff;\"><strong>hidr\u00f3geno verde<\/strong><\/span><\/span><\/a><span style=\"font-weight: 400;\"> y la explotaci\u00f3n de minerales cr\u00edticos. Estos procesos, impulsados muchas veces bajo la l\u00f3gica de la \u201ceconom\u00eda verde\u201d, pueden reproducir desigualdades territoriales y socioambientales si no se desarrollan con criterios de justicia, participaci\u00f3n y respeto por los derechos de las comunidades.<\/span><\/p>\n<p><span style=\"font-weight: 400;\">Tambi\u00e9n se anunci\u00f3 la creaci\u00f3n de un panel cient\u00edfico espec\u00edfico sobre transici\u00f3n energ\u00e9tica, aunque fue fuertemente cuestionado por su falta de equidad de g\u00e9nero y por una mirada excesivamente tecnocr\u00e1tica y centrada en el Norte Global.<\/span><\/p>\n<p><span style=\"font-weight: 400;\">Como resultados concretos, se establecieron:<\/span><\/p>\n<ul>\n<li style=\"font-weight: 400;\" aria-level=\"1\"><span style=\"font-weight: 400;\">la realizaci\u00f3n de una pr\u00f3xima conferencia en 2027<\/span><\/li>\n<li style=\"font-weight: 400;\" aria-level=\"1\"><span style=\"font-weight: 400;\">la creaci\u00f3n de un grupo de coordinaci\u00f3n internacional<\/span><\/li>\n<li style=\"font-weight: 400;\" aria-level=\"1\"><span style=\"font-weight: 400;\">tres l\u00edneas de trabajo prioritarias: hojas de ruta nacionales, reforma financiera y articulaci\u00f3n entre pa\u00edses productores y consumidores<\/span><\/li>\n<\/ul>\n\n\t\t<style type=\"text\/css\">\n\t\t\t#gallery-1 {\n\t\t\t\tmargin: auto;\n\t\t\t}\n\t\t\t#gallery-1 .gallery-item {\n\t\t\t\tfloat: left;\n\t\t\t\tmargin-top: 10px;\n\t\t\t\ttext-align: center;\n\t\t\t\twidth: 25%;\n\t\t\t}\n\t\t\t#gallery-1 img {\n\t\t\t\tborder: 2px solid #cfcfcf;\n\t\t\t}\n\t\t\t#gallery-1 .gallery-caption {\n\t\t\t\tmargin-left: 0;\n\t\t\t}\n\t\t\t\/* see gallery_shortcode() in wp-includes\/media.php *\/\n\t\t<\/style>\n\t\t<div id='gallery-1' class='gallery galleryid-5768 gallery-columns-4 gallery-size-large'><dl class='gallery-item'>\n\t\t\t<dt class='gallery-icon portrait'>\n\t\t\t\t<a href='https:\/\/cauceecologico.org\/?attachment_id=5774'><img loading=\"lazy\" decoding=\"async\" width=\"473\" height=\"1024\" src=\"https:\/\/cauceecologico.org\/wp-content\/uploads\/2026\/04\/WhatsApp-Image-2026-04-28-at-4.16.39-PM.jpeg\" class=\"attachment-large size-large\" alt=\"\" \/><\/a>\n\t\t\t<\/dt><\/dl><dl class='gallery-item'>\n\t\t\t<dt class='gallery-icon portrait'>\n\t\t\t\t<a href='https:\/\/cauceecologico.org\/?attachment_id=5775'><img loading=\"lazy\" decoding=\"async\" width=\"473\" height=\"1024\" src=\"https:\/\/cauceecologico.org\/wp-content\/uploads\/2026\/04\/WhatsApp-Image-2026-04-28-at-4.16.40-PM-1.jpeg\" class=\"attachment-large size-large\" alt=\"\" \/><\/a>\n\t\t\t<\/dt><\/dl><dl class='gallery-item'>\n\t\t\t<dt class='gallery-icon portrait'>\n\t\t\t\t<a href='https:\/\/cauceecologico.org\/?attachment_id=5776'><img loading=\"lazy\" decoding=\"async\" width=\"473\" height=\"1024\" src=\"https:\/\/cauceecologico.org\/wp-content\/uploads\/2026\/04\/WhatsApp-Image-2026-04-28-at-4.16.40-PM.jpeg\" class=\"attachment-large size-large\" alt=\"\" \/><\/a>\n\t\t\t<\/dt><\/dl><dl class='gallery-item'>\n\t\t\t<dt class='gallery-icon portrait'>\n\t\t\t\t<a href='https:\/\/cauceecologico.org\/?attachment_id=5778'><img loading=\"lazy\" decoding=\"async\" width=\"473\" height=\"1024\" src=\"https:\/\/cauceecologico.org\/wp-content\/uploads\/2026\/04\/WhatsApp-Image-2026-04-28-at-4.16.41-PM-2.jpeg\" class=\"attachment-large size-large\" alt=\"\" \/><\/a>\n\t\t\t<\/dt><\/dl><br style=\"clear: both\" \/>\n\t\t<\/div>\n\n<h4><span style=\"color: #000080;\"><b>La Cumbre de los Pueblos: una mirada desde la justicia clim\u00e1tica<\/b><\/span><\/h4>\n<p><span style=\"font-weight: 400;\">En paralelo, entre el 24 y el 26 de abril se desarroll\u00f3 la <\/span><b>Cumbre de los Pueblos por un Futuro Libre de Combustibles F\u00f3siles<\/b><span style=\"font-weight: 400;\">, espacio de articulaci\u00f3n de m\u00e1s de 900 organizaciones y redes a nivel global.<\/span><\/p>\n<p><span style=\"font-weight: 400;\">Este espacio parti\u00f3 de una lectura pol\u00edtica m\u00e1s profunda: <\/span><b>la crisis clim\u00e1tica est\u00e1 directamente vinculada con el colonialismo, el capitalismo y los distintos modelos de extractivismo<\/b><span style=\"font-weight: 400;\">.<\/span><\/p>\n<p><span style=\"font-weight: 400;\">Desde esta perspectiva, se plantearon cr\u00edticas contundentes a las llamadas \u201cfalsas soluciones\u201d, como:<\/span><\/p>\n<ul>\n<li style=\"font-weight: 400;\" aria-level=\"1\"><span style=\"font-weight: 400;\">los mercados de carbono<\/span><\/li>\n<li style=\"font-weight: 400;\" aria-level=\"1\"><span style=\"font-weight: 400;\">el gas como energ\u00eda de transici\u00f3n<\/span><\/li>\n<li style=\"font-weight: 400;\" aria-level=\"1\"><span style=\"font-weight: 400;\">la energ\u00eda nuclear<\/span><\/li>\n<li style=\"font-weight: 400;\" aria-level=\"1\"><span style=\"font-weight: 400;\">el hidr\u00f3geno verde en clave extractiva<\/span><\/li>\n<\/ul>\n<p><span style=\"font-weight: 400;\">Asimismo, se puso en el centro:<\/span><\/p>\n<ul>\n<li style=\"font-weight: 400;\" aria-level=\"1\"><span style=\"font-weight: 400;\">la deuda clim\u00e1tica del Norte Global<\/span><\/li>\n<li style=\"font-weight: 400;\" aria-level=\"1\"><span style=\"font-weight: 400;\">la energ\u00eda como un derecho y no como mercanc\u00eda<\/span><\/li>\n<li style=\"font-weight: 400;\" aria-level=\"1\"><span style=\"font-weight: 400;\">la necesidad de una transici\u00f3n con justicia social y territorial<\/span><\/li>\n<\/ul>\n<p><span style=\"font-weight: 400;\">Las discusiones destacaron el rol central de pueblos ind\u00edgenas, comunidades afectadas, trabajadores, mujeres y juventudes, en un contexto geopol\u00edtico atravesado por conflictos que siguen teniendo a los combustibles f\u00f3siles como motor. Las posiciones consensuadas se incorporaron al proceso oficial a trav\u00e9s de la Asamblea de los Pueblos (27 de abril), un espacio formal convocado por el Gobierno colombiano para facilitar el di\u00e1logo directo entre los representantes de la sociedad civil y los delegados del Estado.\u00a0<\/span><\/p>\n<p><strong><span style=\"color: #3366ff;\">\u2192<a style=\"color: #3366ff;\" href=\"http:\/\/cauceecologico.org\/wp-content\/uploads\/2026\/04\/Spanish_Final-Peoples-Summit-Declaration-April-26.pdf\">Ver documento.<\/a><\/span><\/strong><\/p>\n<h4><span style=\"color: #000080;\"><b>Conferencia por Territorios Libres de Combustibles F\u00f3siles: una respuesta desde los pueblos<\/b><\/span><\/h4>\n<p><span style=\"font-weight: 400;\">En paralelo se desarroll\u00f3 la Conferencia por Territorios Libres de Combustibles F\u00f3siles, un espacio de articulaci\u00f3n impulsado por organizaciones, redes y comunidades que enfrentan directamente los impactos del extractivismo en sus territorios.<\/span><\/p>\n<p><span style=\"font-weight: 400;\">El punto de partida fue una lectura clara del contexto global: la crisis clim\u00e1tica no puede entenderse por fuera de un sistema marcado por el capitalismo, el colonialismo y la disputa geopol\u00edtica por los bienes naturales. En este escenario, las guerras no son solo las que ocupan titulares internacionales, sino tambi\u00e9n aquellas que se libran cotidianamente en los territorios: en la contaminaci\u00f3n de r\u00edos y suelos, en el avance de proyectos extractivos, en la criminalizaci\u00f3n de defensores y en la violencia que recae especialmente sobre mujeres y comunidades.<\/span><\/p>\n<p><span style=\"font-weight: 400;\">Desde esta perspectiva, se cuestion\u00f3 con fuerza el modelo de transici\u00f3n energ\u00e9tica corporativa, se\u00f1alando que lejos de reducir la presi\u00f3n sobre los territorios, est\u00e1 profundizando la demanda de energ\u00eda y de minerales \u2014incluidos los llamados \u201ccr\u00edticos\u201d\u2014, reproduciendo as\u00ed nuevas formas de extractivismo bajo una narrativa verde.<\/span><\/p>\n<p><span style=\"font-weight: 400;\">Frente a este escenario, las organizaciones participantes reafirmamos que no solo resisten, sino que tambi\u00e9n construyen alternativas. La propuesta de Territorios Libres de Combustibles F\u00f3siles surge como una estrategia concreta para frenar la expansi\u00f3n extractiva y abrir caminos hacia modelos basados en la justicia social, la autonom\u00eda y el equilibrio con la naturaleza.<\/span><\/p>\n<p><span style=\"font-weight: 400;\">Durante la conferencia se compartieron y fortalecieron diversas l\u00edneas de acci\u00f3n:<\/span><\/p>\n<p><span style=\"font-weight: 400;\">* la incidencia legal<\/span><\/p>\n<p><span style=\"font-weight: 400;\">* el monitoreo comunitario que articula saberes cient\u00edficos y ancestrales<\/span><\/p>\n<p><span style=\"font-weight: 400;\">* los procesos de formaci\u00f3n territorial<\/span><\/p>\n<p><span style=\"font-weight: 400;\">* la defensa del tejido comunitario<\/span><\/p>\n<p><span style=\"font-weight: 400;\">* la comunicaci\u00f3n como herramienta de visibilizaci\u00f3n<\/span><\/p>\n<p><span style=\"font-weight: 400;\">* la movilizaci\u00f3n social y la construcci\u00f3n de alianzas<\/span><\/p>\n<p><span style=\"font-weight: 400;\">Asimismo, se destac\u00f3 el rol de herramientas como las consultas previas, libres e informadas, las consultas populares y los protocolos comunitarios, que han permitido a los pueblos ejercer su derecho a decidir sobre sus territorios.<\/span><\/p>\n<p><b>Principios y demandas desde los territorios<\/b><\/p>\n<p><span style=\"font-weight: 400;\">Como s\u00edntesis pol\u00edtica, el espacio dej\u00f3 una serie de definiciones clave:<\/span><\/p>\n<p><span style=\"font-weight: 400;\">* No puede haber territorios libres de combustibles f\u00f3siles sin territorios de paz, ni paz sin justicia, verdad y reparaci\u00f3n.<\/span><\/p>\n<p><span style=\"font-weight: 400;\">* La defensa del territorio es una acci\u00f3n fundamental para proteger la vida y requiere garantizar la protecci\u00f3n de quienes la sostienen.<\/span><\/p>\n<p><span style=\"font-weight: 400;\">* Una transici\u00f3n energ\u00e9tica justa implica preguntarse energ\u00eda para qu\u00e9 y para qui\u00e9n.<\/span><\/p>\n<p><span style=\"font-weight: 400;\">* Es urgente detener el financiamiento del extractivismo y exigir responsabilidad a empresas, bancos e inversionistas.<\/span><\/p>\n<p><span style=\"font-weight: 400;\">* Es necesario avanzar hacia un multilateralismo de los pueblos, que reconozca los derechos de la naturaleza.<\/span><\/p>\n<p><span style=\"font-weight: 400;\">* Ecosistemas clave como la Amazon\u00eda, los mares, los glaciares y los p\u00e1ramos deben consolidarse como territorios libres de nuevas actividades extractivas.<\/span><\/p>\n<p><span style=\"font-weight: 400;\">En este marco, se reafirm\u00f3 el derecho de los pueblos a la autodeterminaci\u00f3n, a decir no a proyectos que afectan sus territorios y a construir alternativas basadas en la soberan\u00eda alimentaria y energ\u00e9tica.<\/span><\/p>\n<h4><span style=\"color: #000080;\"><b>El rol de Fundaci\u00f3n CAUCE: incidencia desde los territorios<\/b><\/span><\/h4>\n<p><span style=\"font-weight: 400;\">La participaci\u00f3n de Fundaci\u00f3n CAUCE en estos espacios se enmarca en una agenda de trabajo sostenida en la regi\u00f3n, que busca visibilizar y cuestionar las formas que adopta el extractivismo en nombre de la transici\u00f3n energ\u00e9tica.<\/span><\/p>\n<p><span style=\"font-weight: 400;\">Entre las l\u00edneas de trabajo actuales se destacan:<\/span><\/p>\n<ul>\n<li style=\"font-weight: 400;\" aria-level=\"1\"><span style=\"font-weight: 400;\">el <\/span><strong><span style=\"color: #3366ff;\"><a style=\"color: #3366ff;\" href=\"https:\/\/cauceecologico.org\/?p=5447\">monitoreo de la extracci\u00f3n de arenas sil\u00edceas para fracking<\/a><\/span><\/strong><span style=\"font-weight: 400;\"><strong><span style=\"color: #3366ff;\">,<\/span> <\/strong>en el marco del debate sobre el gas como \u201cenerg\u00eda puente\u201d<\/span><\/li>\n<li style=\"font-weight: 400;\" aria-level=\"1\"><span style=\"font-weight: 400;\">el seguimiento e incidencia en torno a la planta de hidr\u00f3geno verde impulsada por HIF en Paysand\u00fa, que plantea interrogantes sobre los impactos territoriales de este tipo de proyectos<\/span><\/li>\n<li style=\"font-weight: 400;\" aria-level=\"1\"><span style=\"font-weight: 400;\">la incidencia en el sistema financiero, incluyendo el trabajo articulado en torno a informes sobre <\/span><span style=\"color: #3366ff;\"><a style=\"color: #3366ff;\" href=\"https:\/\/rightsindevelopment.org\/wp-content\/uploads\/securepdfs\/JET-Policy-Paper-SP.pdf\"><span style=\"font-weight: 400;\"><strong>el rol de los bancos en el financiamiento de proyectos que afectan derechos humanos<\/strong><\/span><\/a><\/span><\/li>\n<\/ul>\n<p><span style=\"font-weight: 400;\">Estas acciones buscan aportar evidencia y fortalecer la participaci\u00f3n p\u00fablica en decisiones que afectan directamente a los territorios.<\/span><\/p>\n<h4><span style=\"color: #000080;\">Una transici\u00f3n en disputa<\/span><\/h4>\n<p><span style=\"font-weight: 400;\">La Conferencia de Santa Marta dej\u00f3 en claro que la transici\u00f3n energ\u00e9tica ya no es una hip\u00f3tesis futura, sino un proceso en marcha. Sin embargo, tambi\u00e9n evidenci\u00f3 que <\/span><b>existen profundas disputas sobre c\u00f3mo se implementa, qui\u00e9nes se benefician y qui\u00e9nes asumen los costos<\/b><span style=\"font-weight: 400;\">.<\/span><\/p>\n<p><span style=\"font-weight: 400;\">Para Fundaci\u00f3n CAUCE, el desaf\u00edo es claro: <\/span><b>trabajar por una transici\u00f3n que no reproduzca las desigualdades del modelo actual, sino que ponga en el centro la justicia ambiental, social y territorial<\/b><span style=\"font-weight: 400;\">.<\/span><\/p>\n<p><b>Relacionadas:<\/b><\/p>\n<ul>\n<li style=\"font-weight: 400;\" aria-level=\"1\"><strong><span style=\"color: #3366ff;\"><a style=\"color: #3366ff;\" href=\"https:\/\/cauceecologico.org\/?p=5752\">CAUCE se presenta como querellante en la causa por el proyecto de combustibles sint\u00e9ticos en Paysand\u00fa<\/a><\/span><\/strong><\/li>\n<li style=\"font-weight: 400;\" aria-level=\"1\"><strong><span style=\"color: #3366ff;\"><a style=\"color: #3366ff;\" href=\"https:\/\/cauceecologico.org\/?p=5732\">Solicitamos informaci\u00f3n ambiental a Uruguay sobre el proyecto de combustibles sint\u00e9ticos en Paysand\u00fa<\/a><\/span><\/strong><\/li>\n<li style=\"font-weight: 400;\" aria-level=\"1\"><strong><span style=\"color: #3366ff;\"><a style=\"color: #3366ff;\" href=\"https:\/\/cauceecologico.org\/?p=5447\">La Justicia orden\u00f3 al Gobierno de Entre R\u00edos entregar informaci\u00f3n sobre la extracci\u00f3n de arenas sil\u00edceas<\/a><\/span><\/strong><\/li>\n<li style=\"font-weight: 400;\" aria-level=\"1\"><strong><span style=\"color: #3366ff;\"><a style=\"color: #3366ff;\" href=\"https:\/\/cauceecologico.org\/?p=5738\">Participaci\u00f3n cercada: alertan sobre retrocesos en el derecho a la participaci\u00f3n en Am\u00e9rica Latina<\/a><\/span><\/strong><\/li>\n<li style=\"font-weight: 400;\" aria-level=\"1\"><strong><span style=\"color: #3366ff;\"><a style=\"color: #3366ff;\" href=\"https:\/\/rightsindevelopment.org\/wp-content\/uploads\/securepdfs\/JET-Policy-Paper-SP.pdf\">Demandas colectivas a los bancos p\u00fablicos de desarrollo sobre el desarrollo liderado por las comunidades en el marco de la transici\u00f3n energ\u00e9tica justa<\/a><\/span><\/strong><\/li>\n<\/ul>\n<p style=\"text-align: right;\">30\/04\/2026<\/p>\n","protected":false},"excerpt":{"rendered":"<p>Entre el 24 y el 29 de abril de 2026, la ciudad de Santa Marta (Colombia) fue sede de la Primera Conferencia Internacional para la Transici\u00f3n m\u00e1s all\u00e1 de los Combustibles F\u00f3siles, un proceso global que reuni\u00f3 a gobiernos, academia, pueblos ind\u00edgenas, organismos internacionales y sociedad civil para debatir el futuro energ\u00e9tico y clim\u00e1tico a [&hellip;]<\/p>\n","protected":false},"author":2,"featured_media":5782,"comment_status":"open","ping_status":"open","sticky":false,"template":"","format":"standard","meta":{"om_disable_all_campaigns":false,"_monsterinsights_skip_tracking":false,"_monsterinsights_sitenote_active":false,"_monsterinsights_sitenote_note":"","_monsterinsights_sitenote_category":0,"amp_status":"","footnotes":""},"categories":[277,111,5],"tags":[],"class_list":["post-5768","post","type-post","status-publish","format-standard","has-post-thumbnail","hentry","category-acciones-de-monitoreo","category-info-publica","category-noticias"],"aioseo_notices":[],"_links":{"self":[{"href":"https:\/\/cauceecologico.org\/index.php?rest_route=\/wp\/v2\/posts\/5768","targetHints":{"allow":["GET"]}}],"collection":[{"href":"https:\/\/cauceecologico.org\/index.php?rest_route=\/wp\/v2\/posts"}],"about":[{"href":"https:\/\/cauceecologico.org\/index.php?rest_route=\/wp\/v2\/types\/post"}],"author":[{"embeddable":true,"href":"https:\/\/cauceecologico.org\/index.php?rest_route=\/wp\/v2\/users\/2"}],"replies":[{"embeddable":true,"href":"https:\/\/cauceecologico.org\/index.php?rest_route=%2Fwp%2Fv2%2Fcomments&post=5768"}],"version-history":[{"count":3,"href":"https:\/\/cauceecologico.org\/index.php?rest_route=\/wp\/v2\/posts\/5768\/revisions"}],"predecessor-version":[{"id":5783,"href":"https:\/\/cauceecologico.org\/index.php?rest_route=\/wp\/v2\/posts\/5768\/revisions\/5783"}],"wp:featuredmedia":[{"embeddable":true,"href":"https:\/\/cauceecologico.org\/index.php?rest_route=\/wp\/v2\/media\/5782"}],"wp:attachment":[{"href":"https:\/\/cauceecologico.org\/index.php?rest_route=%2Fwp%2Fv2%2Fmedia&parent=5768"}],"wp:term":[{"taxonomy":"category","embeddable":true,"href":"https:\/\/cauceecologico.org\/index.php?rest_route=%2Fwp%2Fv2%2Fcategories&post=5768"},{"taxonomy":"post_tag","embeddable":true,"href":"https:\/\/cauceecologico.org\/index.php?rest_route=%2Fwp%2Fv2%2Ftags&post=5768"}],"curies":[{"name":"wp","href":"https:\/\/api.w.org\/{rel}","templated":true}]}}