{"id":992,"date":"2018-05-14T13:26:49","date_gmt":"2018-05-14T13:26:49","guid":{"rendered":"http:\/\/cauceecologico.org\/?p=992"},"modified":"2018-05-14T13:26:49","modified_gmt":"2018-05-14T13:26:49","slug":"manifiesto-por-la-vida","status":"publish","type":"post","link":"https:\/\/cauceecologico.org\/?p=992","title":{"rendered":"Manifiesto por la vida"},"content":{"rendered":"<p>Este Manifiesto fue elaborado por las siguientes personas que participaron en el Simposio sobre \u00c9tica y Desarrollo Sustentable, celebrado en Bogot\u00e1, Colombia, los d\u00edas 2-4 de mayo de 2002: Carlos Galano (Argentina); Marianella Curi (Bolivia); Oscar Motomura, Carlos Walter Porto Gon\u00e7alves, Marina Silva (Brasil); Augusto \u00c1ngel, Felipe \u00c1ngel, Jos\u00e9 Mar\u00eda Borrero, Julio Carrizosa, Hern\u00e1n Cort\u00e9s, Margarita Fl\u00f3rez, Alicia Lozano, Alfonso Llano, Juana Mari\u00f1o, Juan Mayr, Klaus Sch\u00fctze y Luis Carlos Valenzuela (Colombia); Eduardo Mora (Costa Rica); Ismael Clark (Cuba); Antonio Elizalde y Sara Larra\u00edn (Chile); Mar\u00eda Fernanda Espinosa y Sebasti\u00e1n Haji Manchineri (Ecuador); Luis Alberto Franco (Guatemala); Luis Manuel Guerra, Beatriz Paredes y Gabriel Quadri (M\u00e9xico); Guillermo Castro (Panam\u00e1); Eloisa Tr\u00e9llez (Per\u00fa); Juan Carlos Ram\u00edrez (CEPAL); Lorena San Rom\u00e1n y Mirian Vilela (Consejo de la Tierra); Fernando Calder\u00f3n (PNUD); Ricardo S\u00e1nchez y Enrique Leff (PNUMA).<\/p>\n<p><a href=\"http:\/\/cauceecologico.org\/wp-content\/uploads\/2018\/05\/Manifiesto-por-la-Vida.pdf\" target=\"_blank\" rel=\"noopener\">Manifiesto por la vida<\/a><\/p>\n<p>&nbsp;<\/p>\n<p>&nbsp;<\/p>\n","protected":false},"excerpt":{"rendered":"<p>Este Manifiesto fue elaborado por las siguientes personas que participaron en el Simposio sobre \u00c9tica y Desarrollo Sustentable, celebrado en Bogot\u00e1, Colombia, los d\u00edas 2-4 de mayo de 2002: Carlos Galano (Argentina); Marianella Curi (Bolivia); Oscar Motomura, Carlos Walter Porto Gon\u00e7alves, Marina Silva (Brasil); Augusto \u00c1ngel, Felipe \u00c1ngel, Jos\u00e9 Mar\u00eda Borrero, Julio Carrizosa, Hern\u00e1n Cort\u00e9s, [&hellip;]<\/p>\n","protected":false},"author":1,"featured_media":993,"comment_status":"open","ping_status":"open","sticky":false,"template":"","format":"standard","meta":{"om_disable_all_campaigns":false,"_monsterinsights_skip_tracking":false,"amp_status":"","footnotes":""},"categories":[3],"tags":[],"class_list":["post-992","post","type-post","status-publish","format-standard","has-post-thumbnail","hentry","category-documentos"],"aioseo_notices":[],"aioseo_head":"\n\t\t<!-- All in One SEO 4.9.10 - aioseo.com -->\n\t<meta name=\"description\" content=\"Este Manifiesto fue elaborado por las siguientes personas que participaron en el Simposio sobre \u00c9tica y Desarrollo Sustentable, celebrado en Bogot\u00e1, Colombia, los d\u00edas 2-4 de mayo de 2002: Carlos Galano (Argentina); Marianella Curi (Bolivia); Oscar Motomura, Carlos Walter Porto Gon\u00e7alves, Marina Silva (Brasil); Augusto \u00c1ngel, Felipe \u00c1ngel, Jos\u00e9 Mar\u00eda Borrero, Julio Carrizosa, Hern\u00e1n Cort\u00e9s,\" \/>\n\t<meta name=\"robots\" content=\"max-image-preview:large\" \/>\n\t<meta name=\"author\" content=\"cauceeocologico\"\/>\n\t<link rel=\"canonical\" href=\"https:\/\/cauceecologico.org\/?p=992\" \/>\n\t<meta name=\"generator\" content=\"All in One SEO (AIOSEO) 4.9.10\" \/>\n\t\t<meta property=\"og:locale\" content=\"es_ES\" \/>\n\t\t<meta property=\"og:site_name\" content=\"CAUCE - Cultura Ambiental - Causa Ecologista\" \/>\n\t\t<meta property=\"og:type\" content=\"article\" \/>\n\t\t<meta property=\"og:title\" content=\"Manifiesto por la vida - CAUCE\" \/>\n\t\t<meta property=\"og:description\" content=\"Este Manifiesto fue elaborado por las siguientes personas que participaron en el Simposio sobre \u00c9tica y Desarrollo Sustentable, celebrado en Bogot\u00e1, Colombia, los d\u00edas 2-4 de mayo de 2002: Carlos Galano (Argentina); Marianella Curi (Bolivia); Oscar Motomura, Carlos Walter Porto Gon\u00e7alves, Marina Silva (Brasil); Augusto \u00c1ngel, Felipe \u00c1ngel, Jos\u00e9 Mar\u00eda Borrero, Julio Carrizosa, Hern\u00e1n Cort\u00e9s,\" \/>\n\t\t<meta property=\"og:url\" content=\"https:\/\/cauceecologico.org\/?p=992\" \/>\n\t\t<meta property=\"article:published_time\" content=\"2018-05-14T13:26:49+00:00\" \/>\n\t\t<meta property=\"article:modified_time\" content=\"2018-05-14T13:26:49+00:00\" \/>\n\t\t<meta name=\"twitter:card\" content=\"summary_large_image\" \/>\n\t\t<meta name=\"twitter:title\" content=\"Manifiesto por la vida - CAUCE\" \/>\n\t\t<meta name=\"twitter:description\" content=\"Este Manifiesto fue elaborado por las siguientes personas que participaron en el Simposio sobre \u00c9tica y Desarrollo Sustentable, celebrado en Bogot\u00e1, Colombia, los d\u00edas 2-4 de mayo de 2002: Carlos Galano (Argentina); Marianella Curi (Bolivia); Oscar Motomura, Carlos Walter Porto Gon\u00e7alves, Marina Silva (Brasil); Augusto \u00c1ngel, Felipe \u00c1ngel, Jos\u00e9 Mar\u00eda Borrero, Julio Carrizosa, Hern\u00e1n Cort\u00e9s,\" \/>\n\t\t<script type=\"application\/ld+json\" class=\"aioseo-schema\">\n\t\t\t{\"@context\":\"https:\\\/\\\/schema.org\",\"@graph\":[{\"@type\":\"BlogPosting\",\"@id\":\"https:\\\/\\\/cauceecologico.org\\\/?p=992#blogposting\",\"name\":\"Manifiesto por la vida - CAUCE\",\"headline\":\"Manifiesto por la vida\",\"author\":{\"@id\":\"https:\\\/\\\/cauceecologico.org\\\/?author=1#author\"},\"publisher\":{\"@id\":\"https:\\\/\\\/cauceecologico.org\\\/#organization\"},\"image\":{\"@type\":\"ImageObject\",\"url\":\"https:\\\/\\\/cauceecologico.org\\\/wp-content\\\/uploads\\\/2018\\\/05\\\/rio-1.jpg\",\"width\":2048,\"height\":1536},\"datePublished\":\"2018-05-14T13:26:49+00:00\",\"dateModified\":\"2018-05-14T13:26:49+00:00\",\"inLanguage\":\"es-ES\",\"mainEntityOfPage\":{\"@id\":\"https:\\\/\\\/cauceecologico.org\\\/?p=992#webpage\"},\"isPartOf\":{\"@id\":\"https:\\\/\\\/cauceecologico.org\\\/?p=992#webpage\"},\"articleSection\":\"Documentos\"},{\"@type\":\"BreadcrumbList\",\"@id\":\"https:\\\/\\\/cauceecologico.org\\\/?p=992#breadcrumblist\",\"itemListElement\":[{\"@type\":\"ListItem\",\"@id\":\"https:\\\/\\\/cauceecologico.org#listItem\",\"position\":1,\"name\":\"Home\",\"item\":\"https:\\\/\\\/cauceecologico.org\",\"nextItem\":{\"@type\":\"ListItem\",\"@id\":\"https:\\\/\\\/cauceecologico.org\\\/?cat=3#listItem\",\"name\":\"Documentos\"}},{\"@type\":\"ListItem\",\"@id\":\"https:\\\/\\\/cauceecologico.org\\\/?cat=3#listItem\",\"position\":2,\"name\":\"Documentos\",\"item\":\"https:\\\/\\\/cauceecologico.org\\\/?cat=3\",\"nextItem\":{\"@type\":\"ListItem\",\"@id\":\"https:\\\/\\\/cauceecologico.org\\\/?p=992#listItem\",\"name\":\"Manifiesto por la vida\"},\"previousItem\":{\"@type\":\"ListItem\",\"@id\":\"https:\\\/\\\/cauceecologico.org#listItem\",\"name\":\"Home\"}},{\"@type\":\"ListItem\",\"@id\":\"https:\\\/\\\/cauceecologico.org\\\/?p=992#listItem\",\"position\":3,\"name\":\"Manifiesto por la vida\",\"previousItem\":{\"@type\":\"ListItem\",\"@id\":\"https:\\\/\\\/cauceecologico.org\\\/?cat=3#listItem\",\"name\":\"Documentos\"}}]},{\"@type\":\"Organization\",\"@id\":\"https:\\\/\\\/cauceecologico.org\\\/#organization\",\"name\":\"CAUCE\",\"description\":\"Cultura Ambiental - Causa Ecologista\",\"url\":\"https:\\\/\\\/cauceecologico.org\\\/\"},{\"@type\":\"Person\",\"@id\":\"https:\\\/\\\/cauceecologico.org\\\/?author=1#author\",\"url\":\"https:\\\/\\\/cauceecologico.org\\\/?author=1\",\"name\":\"cauceeocologico\",\"image\":{\"@type\":\"ImageObject\",\"@id\":\"https:\\\/\\\/cauceecologico.org\\\/?p=992#authorImage\",\"url\":\"https:\\\/\\\/secure.gravatar.com\\\/avatar\\\/d0be34204ab9efc02d886ce6b78f47072ff93360b704d3705db84f1385e4e7ce?s=96&d=mm&r=g\",\"width\":96,\"height\":96,\"caption\":\"cauceeocologico\"}},{\"@type\":\"WebPage\",\"@id\":\"https:\\\/\\\/cauceecologico.org\\\/?p=992#webpage\",\"url\":\"https:\\\/\\\/cauceecologico.org\\\/?p=992\",\"name\":\"Manifiesto por la vida - CAUCE\",\"description\":\"Este Manifiesto fue elaborado por las siguientes personas que participaron en el Simposio sobre \\u00c9tica y Desarrollo Sustentable, celebrado en Bogot\\u00e1, Colombia, los d\\u00edas 2-4 de mayo de 2002: Carlos Galano (Argentina); Marianella Curi (Bolivia); Oscar Motomura, Carlos Walter Porto Gon\\u00e7alves, Marina Silva (Brasil); Augusto \\u00c1ngel, Felipe \\u00c1ngel, Jos\\u00e9 Mar\\u00eda Borrero, Julio Carrizosa, Hern\\u00e1n Cort\\u00e9s,\",\"inLanguage\":\"es-ES\",\"isPartOf\":{\"@id\":\"https:\\\/\\\/cauceecologico.org\\\/#website\"},\"breadcrumb\":{\"@id\":\"https:\\\/\\\/cauceecologico.org\\\/?p=992#breadcrumblist\"},\"author\":{\"@id\":\"https:\\\/\\\/cauceecologico.org\\\/?author=1#author\"},\"creator\":{\"@id\":\"https:\\\/\\\/cauceecologico.org\\\/?author=1#author\"},\"image\":{\"@type\":\"ImageObject\",\"url\":\"https:\\\/\\\/cauceecologico.org\\\/wp-content\\\/uploads\\\/2018\\\/05\\\/rio-1.jpg\",\"@id\":\"https:\\\/\\\/cauceecologico.org\\\/?p=992\\\/#mainImage\",\"width\":2048,\"height\":1536},\"primaryImageOfPage\":{\"@id\":\"https:\\\/\\\/cauceecologico.org\\\/?p=992#mainImage\"},\"datePublished\":\"2018-05-14T13:26:49+00:00\",\"dateModified\":\"2018-05-14T13:26:49+00:00\"},{\"@type\":\"WebSite\",\"@id\":\"https:\\\/\\\/cauceecologico.org\\\/#website\",\"url\":\"https:\\\/\\\/cauceecologico.org\\\/\",\"name\":\"CAUCE\",\"description\":\"Cultura Ambiental - Causa Ecologista\",\"inLanguage\":\"es-ES\",\"publisher\":{\"@id\":\"https:\\\/\\\/cauceecologico.org\\\/#organization\"}}]}\n\t\t<\/script>\n\t\t<!-- All in One SEO -->\n\n","aioseo_head_json":{"title":"Manifiesto por la vida - CAUCE","description":"Este Manifiesto fue elaborado por las siguientes personas que participaron en el Simposio sobre \u00c9tica y Desarrollo Sustentable, celebrado en Bogot\u00e1, Colombia, los d\u00edas 2-4 de mayo de 2002: Carlos Galano (Argentina); Marianella Curi (Bolivia); Oscar Motomura, Carlos Walter Porto Gon\u00e7alves, Marina Silva (Brasil); Augusto \u00c1ngel, Felipe \u00c1ngel, Jos\u00e9 Mar\u00eda Borrero, Julio Carrizosa, Hern\u00e1n Cort\u00e9s,","canonical_url":"https:\/\/cauceecologico.org\/?p=992","robots":"max-image-preview:large","keywords":"","webmasterTools":{"miscellaneous":""},"schema":{"@context":"https:\/\/schema.org","@graph":[{"@type":"BlogPosting","@id":"https:\/\/cauceecologico.org\/?p=992#blogposting","name":"Manifiesto por la vida - CAUCE","headline":"Manifiesto por la vida","author":{"@id":"https:\/\/cauceecologico.org\/?author=1#author"},"publisher":{"@id":"https:\/\/cauceecologico.org\/#organization"},"image":{"@type":"ImageObject","url":"https:\/\/cauceecologico.org\/wp-content\/uploads\/2018\/05\/rio-1.jpg","width":2048,"height":1536},"datePublished":"2018-05-14T13:26:49+00:00","dateModified":"2018-05-14T13:26:49+00:00","inLanguage":"es-ES","mainEntityOfPage":{"@id":"https:\/\/cauceecologico.org\/?p=992#webpage"},"isPartOf":{"@id":"https:\/\/cauceecologico.org\/?p=992#webpage"},"articleSection":"Documentos"},{"@type":"BreadcrumbList","@id":"https:\/\/cauceecologico.org\/?p=992#breadcrumblist","itemListElement":[{"@type":"ListItem","@id":"https:\/\/cauceecologico.org#listItem","position":1,"name":"Home","item":"https:\/\/cauceecologico.org","nextItem":{"@type":"ListItem","@id":"https:\/\/cauceecologico.org\/?cat=3#listItem","name":"Documentos"}},{"@type":"ListItem","@id":"https:\/\/cauceecologico.org\/?cat=3#listItem","position":2,"name":"Documentos","item":"https:\/\/cauceecologico.org\/?cat=3","nextItem":{"@type":"ListItem","@id":"https:\/\/cauceecologico.org\/?p=992#listItem","name":"Manifiesto por la vida"},"previousItem":{"@type":"ListItem","@id":"https:\/\/cauceecologico.org#listItem","name":"Home"}},{"@type":"ListItem","@id":"https:\/\/cauceecologico.org\/?p=992#listItem","position":3,"name":"Manifiesto por la vida","previousItem":{"@type":"ListItem","@id":"https:\/\/cauceecologico.org\/?cat=3#listItem","name":"Documentos"}}]},{"@type":"Organization","@id":"https:\/\/cauceecologico.org\/#organization","name":"CAUCE","description":"Cultura Ambiental - Causa Ecologista","url":"https:\/\/cauceecologico.org\/"},{"@type":"Person","@id":"https:\/\/cauceecologico.org\/?author=1#author","url":"https:\/\/cauceecologico.org\/?author=1","name":"cauceeocologico","image":{"@type":"ImageObject","@id":"https:\/\/cauceecologico.org\/?p=992#authorImage","url":"https:\/\/secure.gravatar.com\/avatar\/d0be34204ab9efc02d886ce6b78f47072ff93360b704d3705db84f1385e4e7ce?s=96&d=mm&r=g","width":96,"height":96,"caption":"cauceeocologico"}},{"@type":"WebPage","@id":"https:\/\/cauceecologico.org\/?p=992#webpage","url":"https:\/\/cauceecologico.org\/?p=992","name":"Manifiesto por la vida - CAUCE","description":"Este Manifiesto fue elaborado por las siguientes personas que participaron en el Simposio sobre \u00c9tica y Desarrollo Sustentable, celebrado en Bogot\u00e1, Colombia, los d\u00edas 2-4 de mayo de 2002: Carlos Galano (Argentina); Marianella Curi (Bolivia); Oscar Motomura, Carlos Walter Porto Gon\u00e7alves, Marina Silva (Brasil); Augusto \u00c1ngel, Felipe \u00c1ngel, Jos\u00e9 Mar\u00eda Borrero, Julio Carrizosa, Hern\u00e1n Cort\u00e9s,","inLanguage":"es-ES","isPartOf":{"@id":"https:\/\/cauceecologico.org\/#website"},"breadcrumb":{"@id":"https:\/\/cauceecologico.org\/?p=992#breadcrumblist"},"author":{"@id":"https:\/\/cauceecologico.org\/?author=1#author"},"creator":{"@id":"https:\/\/cauceecologico.org\/?author=1#author"},"image":{"@type":"ImageObject","url":"https:\/\/cauceecologico.org\/wp-content\/uploads\/2018\/05\/rio-1.jpg","@id":"https:\/\/cauceecologico.org\/?p=992\/#mainImage","width":2048,"height":1536},"primaryImageOfPage":{"@id":"https:\/\/cauceecologico.org\/?p=992#mainImage"},"datePublished":"2018-05-14T13:26:49+00:00","dateModified":"2018-05-14T13:26:49+00:00"},{"@type":"WebSite","@id":"https:\/\/cauceecologico.org\/#website","url":"https:\/\/cauceecologico.org\/","name":"CAUCE","description":"Cultura Ambiental - Causa Ecologista","inLanguage":"es-ES","publisher":{"@id":"https:\/\/cauceecologico.org\/#organization"}}]},"og:locale":"es_ES","og:site_name":"CAUCE - Cultura Ambiental - Causa Ecologista","og:type":"article","og:title":"Manifiesto por la vida - CAUCE","og:description":"Este Manifiesto fue elaborado por las siguientes personas que participaron en el Simposio sobre \u00c9tica y Desarrollo Sustentable, celebrado en Bogot\u00e1, Colombia, los d\u00edas 2-4 de mayo de 2002: Carlos Galano (Argentina); Marianella Curi (Bolivia); Oscar Motomura, Carlos Walter Porto Gon\u00e7alves, Marina Silva (Brasil); Augusto \u00c1ngel, Felipe \u00c1ngel, Jos\u00e9 Mar\u00eda Borrero, Julio Carrizosa, Hern\u00e1n Cort\u00e9s,","og:url":"https:\/\/cauceecologico.org\/?p=992","article:published_time":"2018-05-14T13:26:49+00:00","article:modified_time":"2018-05-14T13:26:49+00:00","twitter:card":"summary_large_image","twitter:title":"Manifiesto por la vida - CAUCE","twitter:description":"Este Manifiesto fue elaborado por las siguientes personas que participaron en el Simposio sobre \u00c9tica y Desarrollo Sustentable, celebrado en Bogot\u00e1, Colombia, los d\u00edas 2-4 de mayo de 2002: Carlos Galano (Argentina); Marianella Curi (Bolivia); Oscar Motomura, Carlos Walter Porto Gon\u00e7alves, Marina Silva (Brasil); Augusto \u00c1ngel, Felipe \u00c1ngel, Jos\u00e9 Mar\u00eda Borrero, Julio Carrizosa, Hern\u00e1n Cort\u00e9s,"},"aioseo_meta_data":{"post_id":"992","title":null,"description":null,"keywords":null,"keyphrases":null,"primary_term":null,"canonical_url":null,"og_title":null,"og_description":null,"og_object_type":"default","og_image_type":"default","og_image_url":null,"og_image_width":null,"og_image_height":null,"og_image_custom_url":null,"og_image_custom_fields":null,"og_video":null,"og_custom_url":null,"og_article_section":null,"og_article_tags":null,"twitter_use_og":false,"twitter_card":"default","twitter_image_type":"default","twitter_image_url":null,"twitter_image_custom_url":null,"twitter_image_custom_fields":null,"twitter_title":null,"twitter_description":null,"schema":{"blockGraphs":[],"customGraphs":[],"default":{"data":{"Article":[],"Course":[],"Dataset":[],"FAQPage":[],"Movie":[],"Person":[],"Product":[],"ProductReview":[],"Car":[],"Recipe":[],"Service":[],"SoftwareApplication":[],"WebPage":[]},"graphName":"","isEnabled":true},"graphs":[]},"schema_type":"default","schema_type_options":null,"pillar_content":false,"robots_default":true,"robots_noindex":false,"robots_noarchive":false,"robots_nosnippet":false,"robots_nofollow":false,"robots_noimageindex":false,"robots_noodp":false,"robots_notranslate":false,"robots_max_snippet":null,"robots_max_videopreview":null,"robots_max_imagepreview":"large","priority":null,"frequency":null,"local_seo":null,"limit_modified_date":false,"created":"2023-03-16 20:10:24","updated":"2026-07-28 00:28:29","ai":null,"breadcrumb_settings":null,"seo_analyzer_scan_date":null},"aioseo_breadcrumb":"<div class=\"aioseo-breadcrumbs\"><span class=\"aioseo-breadcrumb\">\n\t\t\t<a href=\"https:\/\/cauceecologico.org\" title=\"Home\">Home<\/a>\n\t\t<\/span><span class=\"aioseo-breadcrumb-separator\">&raquo;<\/span><span class=\"aioseo-breadcrumb\">\n\t\t\t<a href=\"https:\/\/cauceecologico.org\/?cat=3\" title=\"Documentos\">Documentos<\/a>\n\t\t<\/span><span class=\"aioseo-breadcrumb-separator\">&raquo;<\/span><span class=\"aioseo-breadcrumb\">\n\t\t\tManifiesto por la vida\n\t\t<\/span><\/div>","aioseo_breadcrumb_json":[{"label":"Home","link":"https:\/\/cauceecologico.org"},{"label":"Documentos","link":"https:\/\/cauceecologico.org\/?cat=3"},{"label":"Manifiesto por la vida","link":"https:\/\/cauceecologico.org\/?p=992"}],"_links":{"self":[{"href":"https:\/\/cauceecologico.org\/index.php?rest_route=\/wp\/v2\/posts\/992","targetHints":{"allow":["GET"]}}],"collection":[{"href":"https:\/\/cauceecologico.org\/index.php?rest_route=\/wp\/v2\/posts"}],"about":[{"href":"https:\/\/cauceecologico.org\/index.php?rest_route=\/wp\/v2\/types\/post"}],"author":[{"embeddable":true,"href":"https:\/\/cauceecologico.org\/index.php?rest_route=\/wp\/v2\/users\/1"}],"replies":[{"embeddable":true,"href":"https:\/\/cauceecologico.org\/index.php?rest_route=%2Fwp%2Fv2%2Fcomments&post=992"}],"version-history":[{"count":1,"href":"https:\/\/cauceecologico.org\/index.php?rest_route=\/wp\/v2\/posts\/992\/revisions"}],"predecessor-version":[{"id":994,"href":"https:\/\/cauceecologico.org\/index.php?rest_route=\/wp\/v2\/posts\/992\/revisions\/994"}],"wp:featuredmedia":[{"embeddable":true,"href":"https:\/\/cauceecologico.org\/index.php?rest_route=\/wp\/v2\/media\/993"}],"wp:attachment":[{"href":"https:\/\/cauceecologico.org\/index.php?rest_route=%2Fwp%2Fv2%2Fmedia&parent=992"}],"wp:term":[{"taxonomy":"category","embeddable":true,"href":"https:\/\/cauceecologico.org\/index.php?rest_route=%2Fwp%2Fv2%2Fcategories&post=992"},{"taxonomy":"post_tag","embeddable":true,"href":"https:\/\/cauceecologico.org\/index.php?rest_route=%2Fwp%2Fv2%2Ftags&post=992"}],"curies":[{"name":"wp","href":"https:\/\/api.w.org\/{rel}","templated":true}]}}